{"id":4087,"date":"2013-08-13T13:36:09","date_gmt":"2013-08-13T11:36:09","guid":{"rendered":"http:\/\/www.altercampagne.net\/?p=4087"},"modified":"2024-08-27T17:23:57","modified_gmt":"2024-08-27T15:23:57","slug":"laltertour-fait-etape-a-lons-le-saunier","status":"publish","type":"post","link":"https:\/\/www.altercampagne.net\/?p=4087","title":{"rendered":"L&rsquo;AlterTour fait \u00e9tape \u00e0 Lons-le-Saunier"},"content":{"rendered":"<p class=\"Style271 Style138 Style152 Style142\">\u00ab\u00a0Les petits projets grandement utiles\u00a0\u00bb<\/p>\n<p class=\"Style271 Style138 Style152 Style142\" align=\"justify\">Telle est la devise des 60 cyclistes qui ont fait \u00e9tape hier 12 ao\u00fbt 2013 \u00e0 Lons-le-Saunier , au Parc des bains.<br \/>\nCoach\u00e9s par Mathieu Fromont, coordinateur national de l\u2019AlterTour et Julien Da Rocha coordinateur pour le Jura, ces cyclistes veulent sensibiliser le public sur les diff\u00e9rentes alternatives : bio-\u00e9colo, social, \u00e9co-construction, auto-construction.<\/p>\n<p class=\"Style271 Style138 Style152 Style142\" align=\"justify\">Ce joyeux peloton part au devant du public fran\u00e7ais afin de d\u00e9battre de sujets de soci\u00e9t\u00e9 bien actuels. Ce week-end, ils sensibilisaient le public au lac Bezin pour r\u00e9agir \u00e0 l\u2019implantation d\u2019un 3\u00e8me centre commercial \u00e0 Champagnole.<br \/>\nCe lundi midi, ils d\u00e9jeunaient au restaurant municipal de Lons-le-Saunier, restaurant qui justement respecte le d\u00e9veloppement du Bio. Mardi, ils feront \u00e9tape \u00e0 Saint-Maur \u00e0 Bio lopin.<br \/>\nCes alternatives n\u2019oublient pas d\u2019\u00e9voquer leurs amis, qui continuent \u00e0 se battre contre l\u2019a\u00e9roport Notre-Dame-des-Landes.<\/p>\n<p class=\"Style271 Style138 Style152 Style142\" align=\"justify\">L\u2019a\u00e9roport Dole\/Tavaux fait partie \u00e9galement de leurs nombreux d\u00e9bats ; pourquoi d\u00e9velopper des lignes a\u00e9riennes tourn\u00e9es vers le tourisme, plut\u00f4t que de d\u00e9velopper les transports en commun (lignes ferroviaires et bus ) ?<br \/>\nToute cette s\u00e9rieuse et joyeuse \u00e9quipe fera \u00e9tape ce lundi soir \u00e0 la salle des f\u00eates de Savagna. Les 60 participants reprendront la route demain afin de continuer \u00e0 sensibiliser le public sur les diff\u00e9rentes alternatives.<br \/>\nMais pas de maillot jaune, tous les participants sont gagnants.<\/p>\n<p class=\"Style271 Style138 Style152 Style142\" align=\"right\">Martine Saillard<\/p>\n<p class=\"Style271 Style138 Style152 Style142\" style=\"text-align: left;\" align=\"right\">Source : <a href=\"http:\/\/www.lesechos.fr\/\" target=\"_blank\" rel=\"noopener\">http:\/\/www.lesechos.fr\/<\/a><\/p>\n","protected":false},"excerpt":{"rendered":"<p>\u00ab\u00a0Les petits projets grandement utiles\u00a0\u00bb Telle est la devise des 60 cyclistes qui ont fait \u00e9tape hier 12 ao\u00fbt 2013 \u00e0 Lons-le-Saunier , au Parc des bains. Coach\u00e9s par Mathieu Fromont, coordinateur national de l\u2019AlterTour et Julien Da Rocha coordinateur pour le Jura, ces cyclistes veulent sensibiliser le public sur &#8230; <\/p>\n<div><a href=\"https:\/\/www.altercampagne.net\/?p=4087\" class=\"more-link\">Read More<\/a><\/div>\n","protected":false},"author":214,"featured_media":0,"comment_status":"closed","ping_status":"closed","sticky":false,"template":"","format":"standard","meta":{"footnotes":""},"categories":[239],"tags":[39,598,1018,1656,1732,1733],"class_list":["post-4087","post","type-post","status-publish","format-standard","hentry","category-revue-de-presse","tag-lons-le-saunier","tag-jura","tag-franche-comte","tag-1656","tag-lons","tag-bio-lopin","no-post-thumbnail"],"yoast_head":"<!-- This site is optimized with the Yoast SEO plugin v27.3 - https:\/\/yoast.com\/product\/yoast-seo-wordpress\/ -->\n<title>L&#039;AlterTour fait \u00e9tape \u00e0 Lons-le-Saunier - AlterTour<\/title>\n<meta name=\"robots\" content=\"index, follow, max-snippet:-1, max-image-preview:large, max-video-preview:-1\" \/>\n<link rel=\"canonical\" href=\"https:\/\/www.altercampagne.net\/?p=4087\" \/>\n<meta property=\"og:locale\" content=\"fr_FR\" \/>\n<meta property=\"og:type\" content=\"article\" \/>\n<meta property=\"og:title\" content=\"L&#039;AlterTour fait \u00e9tape \u00e0 Lons-le-Saunier - AlterTour\" \/>\n<meta property=\"og:description\" content=\"\u00ab\u00a0Les petits projets grandement utiles\u00a0\u00bb Telle est la devise des 60 cyclistes qui ont fait \u00e9tape hier 12 ao\u00fbt 2013 \u00e0 Lons-le-Saunier , au Parc des bains. Coach\u00e9s par Mathieu Fromont, coordinateur national de l\u2019AlterTour et Julien Da Rocha coordinateur pour le Jura, ces cyclistes veulent sensibiliser le public sur ... Read More\" \/>\n<meta property=\"og:url\" content=\"https:\/\/www.altercampagne.net\/?p=4087\" \/>\n<meta property=\"og:site_name\" content=\"AlterTour\" \/>\n<meta property=\"article:published_time\" content=\"2013-08-13T11:36:09+00:00\" \/>\n<meta property=\"article:modified_time\" content=\"2024-08-27T15:23:57+00:00\" \/>\n<meta name=\"author\" content=\"Mathieu\" \/>\n<meta name=\"twitter:card\" content=\"summary_large_image\" \/>\n<meta name=\"twitter:label1\" content=\"\u00c9crit par\" \/>\n\t<meta name=\"twitter:data1\" content=\"Mathieu\" \/>\n\t<meta name=\"twitter:label2\" content=\"Dur\u00e9e de lecture estim\u00e9e\" \/>\n\t<meta name=\"twitter:data2\" content=\"2 minutes\" \/>\n<script type=\"application\/ld+json\" class=\"yoast-schema-graph\">{\"@context\":\"https:\\\/\\\/schema.org\",\"@graph\":[{\"@type\":\"Article\",\"@id\":\"https:\\\/\\\/www.altercampagne.net\\\/?p=4087#article\",\"isPartOf\":{\"@id\":\"https:\\\/\\\/www.altercampagne.net\\\/?p=4087\"},\"author\":{\"name\":\"Mathieu\",\"@id\":\"https:\\\/\\\/www.altercampagne.net\\\/#\\\/schema\\\/person\\\/0f261460c09e430caa0f9bcffa319109\"},\"headline\":\"L&rsquo;AlterTour fait \u00e9tape \u00e0 Lons-le-Saunier\",\"datePublished\":\"2013-08-13T11:36:09+00:00\",\"dateModified\":\"2024-08-27T15:23:57+00:00\",\"mainEntityOfPage\":{\"@id\":\"https:\\\/\\\/www.altercampagne.net\\\/?p=4087\"},\"wordCount\":240,\"keywords\":[\"Lons-le-Saunier\",\"jura\",\"Franche-Comt\u00e9\",\"2013\",\"Lons\",\"Bio lopin\"],\"articleSection\":[\"Revue de presse\"],\"inLanguage\":\"fr-FR\"},{\"@type\":\"WebPage\",\"@id\":\"https:\\\/\\\/www.altercampagne.net\\\/?p=4087\",\"url\":\"https:\\\/\\\/www.altercampagne.net\\\/?p=4087\",\"name\":\"L'AlterTour fait \u00e9tape \u00e0 Lons-le-Saunier - AlterTour\",\"isPartOf\":{\"@id\":\"https:\\\/\\\/www.altercampagne.net\\\/#website\"},\"datePublished\":\"2013-08-13T11:36:09+00:00\",\"dateModified\":\"2024-08-27T15:23:57+00:00\",\"author\":{\"@id\":\"https:\\\/\\\/www.altercampagne.net\\\/#\\\/schema\\\/person\\\/0f261460c09e430caa0f9bcffa319109\"},\"breadcrumb\":{\"@id\":\"https:\\\/\\\/www.altercampagne.net\\\/?p=4087#breadcrumb\"},\"inLanguage\":\"fr-FR\",\"potentialAction\":[{\"@type\":\"ReadAction\",\"target\":[\"https:\\\/\\\/www.altercampagne.net\\\/?p=4087\"]}]},{\"@type\":\"BreadcrumbList\",\"@id\":\"https:\\\/\\\/www.altercampagne.net\\\/?p=4087#breadcrumb\",\"itemListElement\":[{\"@type\":\"ListItem\",\"position\":1,\"name\":\"Accueil\",\"item\":\"https:\\\/\\\/www.altercampagne.net\\\/\"},{\"@type\":\"ListItem\",\"position\":2,\"name\":\"L&rsquo;AlterTour fait \u00e9tape \u00e0 Lons-le-Saunier\"}]},{\"@type\":\"WebSite\",\"@id\":\"https:\\\/\\\/www.altercampagne.net\\\/#website\",\"url\":\"https:\\\/\\\/www.altercampagne.net\\\/\",\"name\":\"AlterTour\",\"description\":\"Reliez les Alternatives \u00e0 v\u00e9lo\",\"potentialAction\":[{\"@type\":\"SearchAction\",\"target\":{\"@type\":\"EntryPoint\",\"urlTemplate\":\"https:\\\/\\\/www.altercampagne.net\\\/?s={search_term_string}\"},\"query-input\":{\"@type\":\"PropertyValueSpecification\",\"valueRequired\":true,\"valueName\":\"search_term_string\"}}],\"inLanguage\":\"fr-FR\"},{\"@type\":\"Person\",\"@id\":\"https:\\\/\\\/www.altercampagne.net\\\/#\\\/schema\\\/person\\\/0f261460c09e430caa0f9bcffa319109\",\"name\":\"Mathieu\",\"image\":{\"@type\":\"ImageObject\",\"inLanguage\":\"fr-FR\",\"@id\":\"https:\\\/\\\/secure.gravatar.com\\\/avatar\\\/aa9d3d24c83f2141e5e2709d0f63d09a99f6be6bb7a50abc4915838d9f54501a?s=96&d=mm&r=g\",\"url\":\"https:\\\/\\\/secure.gravatar.com\\\/avatar\\\/aa9d3d24c83f2141e5e2709d0f63d09a99f6be6bb7a50abc4915838d9f54501a?s=96&d=mm&r=g\",\"contentUrl\":\"https:\\\/\\\/secure.gravatar.com\\\/avatar\\\/aa9d3d24c83f2141e5e2709d0f63d09a99f6be6bb7a50abc4915838d9f54501a?s=96&d=mm&r=g\",\"caption\":\"Mathieu\"},\"url\":\"https:\\\/\\\/www.altercampagne.net\\\/?author=214\"}]}<\/script>\n<!-- \/ Yoast SEO plugin. -->","yoast_head_json":{"title":"L'AlterTour fait \u00e9tape \u00e0 Lons-le-Saunier - AlterTour","robots":{"index":"index","follow":"follow","max-snippet":"max-snippet:-1","max-image-preview":"max-image-preview:large","max-video-preview":"max-video-preview:-1"},"canonical":"https:\/\/www.altercampagne.net\/?p=4087","og_locale":"fr_FR","og_type":"article","og_title":"L'AlterTour fait \u00e9tape \u00e0 Lons-le-Saunier - AlterTour","og_description":"\u00ab\u00a0Les petits projets grandement utiles\u00a0\u00bb Telle est la devise des 60 cyclistes qui ont fait \u00e9tape hier 12 ao\u00fbt 2013 \u00e0 Lons-le-Saunier , au Parc des bains. Coach\u00e9s par Mathieu Fromont, coordinateur national de l\u2019AlterTour et Julien Da Rocha coordinateur pour le Jura, ces cyclistes veulent sensibiliser le public sur ... Read More","og_url":"https:\/\/www.altercampagne.net\/?p=4087","og_site_name":"AlterTour","article_published_time":"2013-08-13T11:36:09+00:00","article_modified_time":"2024-08-27T15:23:57+00:00","author":"Mathieu","twitter_card":"summary_large_image","twitter_misc":{"\u00c9crit par":"Mathieu","Dur\u00e9e de lecture estim\u00e9e":"2 minutes"},"schema":{"@context":"https:\/\/schema.org","@graph":[{"@type":"Article","@id":"https:\/\/www.altercampagne.net\/?p=4087#article","isPartOf":{"@id":"https:\/\/www.altercampagne.net\/?p=4087"},"author":{"name":"Mathieu","@id":"https:\/\/www.altercampagne.net\/#\/schema\/person\/0f261460c09e430caa0f9bcffa319109"},"headline":"L&rsquo;AlterTour fait \u00e9tape \u00e0 Lons-le-Saunier","datePublished":"2013-08-13T11:36:09+00:00","dateModified":"2024-08-27T15:23:57+00:00","mainEntityOfPage":{"@id":"https:\/\/www.altercampagne.net\/?p=4087"},"wordCount":240,"keywords":["Lons-le-Saunier","jura","Franche-Comt\u00e9","2013","Lons","Bio lopin"],"articleSection":["Revue de presse"],"inLanguage":"fr-FR"},{"@type":"WebPage","@id":"https:\/\/www.altercampagne.net\/?p=4087","url":"https:\/\/www.altercampagne.net\/?p=4087","name":"L'AlterTour fait \u00e9tape \u00e0 Lons-le-Saunier - AlterTour","isPartOf":{"@id":"https:\/\/www.altercampagne.net\/#website"},"datePublished":"2013-08-13T11:36:09+00:00","dateModified":"2024-08-27T15:23:57+00:00","author":{"@id":"https:\/\/www.altercampagne.net\/#\/schema\/person\/0f261460c09e430caa0f9bcffa319109"},"breadcrumb":{"@id":"https:\/\/www.altercampagne.net\/?p=4087#breadcrumb"},"inLanguage":"fr-FR","potentialAction":[{"@type":"ReadAction","target":["https:\/\/www.altercampagne.net\/?p=4087"]}]},{"@type":"BreadcrumbList","@id":"https:\/\/www.altercampagne.net\/?p=4087#breadcrumb","itemListElement":[{"@type":"ListItem","position":1,"name":"Accueil","item":"https:\/\/www.altercampagne.net\/"},{"@type":"ListItem","position":2,"name":"L&rsquo;AlterTour fait \u00e9tape \u00e0 Lons-le-Saunier"}]},{"@type":"WebSite","@id":"https:\/\/www.altercampagne.net\/#website","url":"https:\/\/www.altercampagne.net\/","name":"AlterTour","description":"Reliez les Alternatives \u00e0 v\u00e9lo","potentialAction":[{"@type":"SearchAction","target":{"@type":"EntryPoint","urlTemplate":"https:\/\/www.altercampagne.net\/?s={search_term_string}"},"query-input":{"@type":"PropertyValueSpecification","valueRequired":true,"valueName":"search_term_string"}}],"inLanguage":"fr-FR"},{"@type":"Person","@id":"https:\/\/www.altercampagne.net\/#\/schema\/person\/0f261460c09e430caa0f9bcffa319109","name":"Mathieu","image":{"@type":"ImageObject","inLanguage":"fr-FR","@id":"https:\/\/secure.gravatar.com\/avatar\/aa9d3d24c83f2141e5e2709d0f63d09a99f6be6bb7a50abc4915838d9f54501a?s=96&d=mm&r=g","url":"https:\/\/secure.gravatar.com\/avatar\/aa9d3d24c83f2141e5e2709d0f63d09a99f6be6bb7a50abc4915838d9f54501a?s=96&d=mm&r=g","contentUrl":"https:\/\/secure.gravatar.com\/avatar\/aa9d3d24c83f2141e5e2709d0f63d09a99f6be6bb7a50abc4915838d9f54501a?s=96&d=mm&r=g","caption":"Mathieu"},"url":"https:\/\/www.altercampagne.net\/?author=214"}]}},"_links":{"self":[{"href":"https:\/\/www.altercampagne.net\/index.php?rest_route=\/wp\/v2\/posts\/4087","targetHints":{"allow":["GET"]}}],"collection":[{"href":"https:\/\/www.altercampagne.net\/index.php?rest_route=\/wp\/v2\/posts"}],"about":[{"href":"https:\/\/www.altercampagne.net\/index.php?rest_route=\/wp\/v2\/types\/post"}],"author":[{"embeddable":true,"href":"https:\/\/www.altercampagne.net\/index.php?rest_route=\/wp\/v2\/users\/214"}],"replies":[{"embeddable":true,"href":"https:\/\/www.altercampagne.net\/index.php?rest_route=%2Fwp%2Fv2%2Fcomments&post=4087"}],"version-history":[{"count":1,"href":"https:\/\/www.altercampagne.net\/index.php?rest_route=\/wp\/v2\/posts\/4087\/revisions"}],"predecessor-version":[{"id":28657,"href":"https:\/\/www.altercampagne.net\/index.php?rest_route=\/wp\/v2\/posts\/4087\/revisions\/28657"}],"wp:attachment":[{"href":"https:\/\/www.altercampagne.net\/index.php?rest_route=%2Fwp%2Fv2%2Fmedia&parent=4087"}],"wp:term":[{"taxonomy":"category","embeddable":true,"href":"https:\/\/www.altercampagne.net\/index.php?rest_route=%2Fwp%2Fv2%2Fcategories&post=4087"},{"taxonomy":"post_tag","embeddable":true,"href":"https:\/\/www.altercampagne.net\/index.php?rest_route=%2Fwp%2Fv2%2Ftags&post=4087"}],"curies":[{"name":"wp","href":"https:\/\/api.w.org\/{rel}","templated":true}]}}