{"id":4089,"date":"2013-08-10T13:42:13","date_gmt":"2013-08-10T11:42:13","guid":{"rendered":"http:\/\/www.altercampagne.net\/?p=4089"},"modified":"2024-10-22T14:47:40","modified_gmt":"2024-10-22T12:47:40","slug":"un-tour-de-france-alternatif-facon-bio-et-apero","status":"publish","type":"post","link":"https:\/\/www.altercampagne.net\/?p=4089","title":{"rendered":"Un \u00ab Tour de France \u00bb alternatif, fa\u00e7on bio et ap\u00e9ro"},"content":{"rendered":"<p class=\"Style271 Style138 Style152 Style142\" align=\"justify\">L\u2019\u00e9dition 2013 de l\u2019AlterTour est entr\u00e9e en Franche-Comt\u00e9 mercredi dernier. \u00c9tape finale le 20 ao\u00fbt.<\/p>\n<p class=\"Style271 Style138 Style152 Style142\" align=\"justify\">Depuis six ann\u00e9es, le Tour de France a sa variante alternative, avec l\u2019AlterTour, qui rassemble, pour cette \u00e9dition, 205 participants, entre 4 et 88 ans. Au menu : des \u00e9tapes quotidiennes \u00e0 v\u00e9lo, le matin \u00e0 la fra\u00eeche, sans comp\u00e9tition ni esprit de performance.<br \/>\n\u00ab Les apr\u00e8s-midi sont consacr\u00e9s \u00e0 la rencontre avec les gens qui nous accueillent et qui sont investis dans les domaines du bio et du durable \u00bb, explique Mathieu Fromont, coordinateur de l\u2019AlterTour. \u00ab Il y a un temps de visite, d\u2019\u00e9changes. Aucune \u00e9tape ne se ressemble puisque des d\u00e9bats, des projections de films ou des concerts sont organis\u00e9s. Et, bien entendu, ces moments sont ouverts au public. \u00bb<br \/>\nSous le signe des rencontres<\/p>\n<p class=\"Style271 Style138 Style152 Style142\" align=\"justify\">Apr\u00e8s le sud-ouest et le sud-est, l\u2019AlterTour a choisi la Bourgogne et la Franche-Comt\u00e9 pour son \u00e9dition 2013. La boucle a d\u00e9but\u00e9 le 18 juillet \u00e0 Autry-le-Ch\u00e2tel, dans le Loiret. Et elle est entr\u00e9e en Franche-Comt\u00e9 lundi dernier, avec une premi\u00e8re \u00e9tape jurassienne \u00e0 Cramans. Sur place, les participants ont \u00e9t\u00e9 les h\u00f4tes du domaine de vin bio des Cavarodes. Le lendemain, cap a \u00e9t\u00e9 mis vers la Ferme des Nouvelles, \u00e0 Arbois : \u00ab Nous sommes re\u00e7us par le comit\u00e9 franc-comtois d\u2019Accueil Paysan. \u00bb<br \/>\n\u00c0 chaque \u00e9tape, ses surprises. \u00c0 Besain, les Altercyclistes ont particip\u00e9 au festival Resistives qui lutte contre l\u2019implantation d\u2019un nouveau centre commercial \u00e0 Champagnole. Puis, tous sont partis vers Lons-le-Saunier, pour un repas au restaurant municipal, qui travaille les produits bio et issus de fili\u00e8res courtes, avant un ap\u00e9ro citoyen en guinguette\u2026<br \/>\nVisite de maison auto-construite ou \u00e9co-construite, petit tour au \u00e9co-hameau du Bio Lopin \u00e0 Saint-Maur, concert conte en world-bricolage, rencontre avec un paysan boulanger sont \u00e9galement au menu. Avant une arriv\u00e9e, le 20 ao\u00fbt \u00e0 la ferme de la Batailleuse \u00e0 Rochejean. \u00ab Nous y resterons une semaine pour suivre l\u2019AG et les rendez-vous propos\u00e9s dans le cadre d\u2019AlterVillage. \u00bb<\/p>\n<p class=\"Style271 Style138 Style152 Style142\" align=\"justify\">Du v\u00e9lo, des rencontres. Ann\u00e9e apr\u00e8s ann\u00e9e, le programme de l\u2019AlterTour s\u00e9duit. Et ce, \u00e0 juste prix. Car pour participer, il suffit de d\u00e9bourser un forfait journalier. Celui-ci s\u2019adapte en fonction des revenus de chacun. \u00ab Le prix moyen est de 30 \u20ac pour un adulte. Mais la fourchette oscille entre 18 et 38 \u20ac. \u00bb \u00c0 ce prix, les participants b\u00e9n\u00e9ficient du pr\u00eat de v\u00e9lo, de l\u2019h\u00e9bergement, des repas bio et locaux, des animations, du transport des bagages. Et m\u00eame d\u2019une place dans le bus en cas de coup de mou. Et surtout, chacun passe une partie de son \u00e9t\u00e9 sous le signe des rencontres. Des rencontres avec ceux qui ont choisi un autre mod\u00e8le. Et cela n\u2019a pas de prix.<\/p>\n<p class=\"Style271 Style138 Style152 Style142\" align=\"justify\">Source : <a href=\"http:\/\/c.estrepublicain.fr\/doubs\/2013\/08\/10\/l-autre-tour-de-france\" target=\"_blank\" rel=\"noopener\">http:\/\/c.estrepublicain.fr\/doubs\/2013\/08\/10\/l-autre-tour-de-france<\/a><\/p>\n","protected":false},"excerpt":{"rendered":"<p>L\u2019\u00e9dition 2013 de l\u2019AlterTour est entr\u00e9e en Franche-Comt\u00e9 mercredi dernier. \u00c9tape finale le 20 ao\u00fbt. Depuis six ann\u00e9es, le Tour de France a sa variante alternative, avec l\u2019AlterTour, qui rassemble, pour cette \u00e9dition, 205 participants, entre 4 et 88 ans. Au menu : des \u00e9tapes quotidiennes \u00e0 v\u00e9lo, le matin &#8230; <\/p>\n<div><a href=\"https:\/\/www.altercampagne.net\/?p=4089\" class=\"more-link\">Read More<\/a><\/div>\n","protected":false},"author":215,"featured_media":0,"comment_status":"closed","ping_status":"closed","sticky":false,"template":"","format":"standard","meta":{"footnotes":""},"categories":[239],"tags":[1008,1737,1736,1735,1734,1733,1656,1062,1018,39,1007,995,941,915,904,694,612,598],"class_list":["post-4089","post","type-post","status-publish","format-standard","hentry","category-revue-de-presse","tag-attac","tag-saint-maur","tag-besain","tag-ferme-des-nouvelles","tag-cavarodes","tag-bio-lopin","tag-1656","tag-altervillage","tag-franche-comte","tag-lons-le-saunier","tag-batailleuse","tag-resistives","tag-arbois","tag-restaurant-municipal","tag-rochejean","tag-altertour-2013","tag-cramans","tag-jura","no-post-thumbnail"],"yoast_head":"<!-- This site is optimized with the Yoast SEO plugin v27.3 - https:\/\/yoast.com\/product\/yoast-seo-wordpress\/ -->\n<title>Un \u00ab Tour de France \u00bb alternatif, fa\u00e7on bio et ap\u00e9ro - AlterTour<\/title>\n<meta name=\"robots\" content=\"index, follow, max-snippet:-1, max-image-preview:large, max-video-preview:-1\" \/>\n<link rel=\"canonical\" href=\"https:\/\/www.altercampagne.net\/?p=4089\" \/>\n<meta property=\"og:locale\" content=\"fr_FR\" \/>\n<meta property=\"og:type\" content=\"article\" \/>\n<meta property=\"og:title\" content=\"Un \u00ab Tour de France \u00bb alternatif, fa\u00e7on bio et ap\u00e9ro - AlterTour\" \/>\n<meta property=\"og:description\" content=\"L\u2019\u00e9dition 2013 de l\u2019AlterTour est entr\u00e9e en Franche-Comt\u00e9 mercredi dernier. \u00c9tape finale le 20 ao\u00fbt. Depuis six ann\u00e9es, le Tour de France a sa variante alternative, avec l\u2019AlterTour, qui rassemble, pour cette \u00e9dition, 205 participants, entre 4 et 88 ans. Au menu : des \u00e9tapes quotidiennes \u00e0 v\u00e9lo, le matin ... Read More\" \/>\n<meta property=\"og:url\" content=\"https:\/\/www.altercampagne.net\/?p=4089\" \/>\n<meta property=\"og:site_name\" content=\"AlterTour\" \/>\n<meta property=\"article:published_time\" content=\"2013-08-10T11:42:13+00:00\" \/>\n<meta property=\"article:modified_time\" content=\"2024-10-22T12:47:40+00:00\" \/>\n<meta name=\"author\" content=\"AlterTour\" \/>\n<meta name=\"twitter:card\" content=\"summary_large_image\" \/>\n<meta name=\"twitter:label1\" content=\"\u00c9crit par\" \/>\n\t<meta name=\"twitter:data1\" content=\"AlterTour\" \/>\n\t<meta name=\"twitter:label2\" content=\"Dur\u00e9e de lecture estim\u00e9e\" \/>\n\t<meta name=\"twitter:data2\" content=\"3 minutes\" \/>\n<script type=\"application\/ld+json\" class=\"yoast-schema-graph\">{\"@context\":\"https:\\\/\\\/schema.org\",\"@graph\":[{\"@type\":\"Article\",\"@id\":\"https:\\\/\\\/www.altercampagne.net\\\/?p=4089#article\",\"isPartOf\":{\"@id\":\"https:\\\/\\\/www.altercampagne.net\\\/?p=4089\"},\"author\":{\"name\":\"AlterTour\",\"@id\":\"https:\\\/\\\/www.altercampagne.net\\\/#\\\/schema\\\/person\\\/e5b68c803196f649c2152249d262d94a\"},\"headline\":\"Un \u00ab Tour de France \u00bb alternatif, fa\u00e7on bio et ap\u00e9ro\",\"datePublished\":\"2013-08-10T11:42:13+00:00\",\"dateModified\":\"2024-10-22T12:47:40+00:00\",\"mainEntityOfPage\":{\"@id\":\"https:\\\/\\\/www.altercampagne.net\\\/?p=4089\"},\"wordCount\":482,\"keywords\":[\"Attac\",\"Saint-Maur\",\"Besain\",\"Ferme des Nouvelles\",\"Cavarodes\",\"Bio lopin\",\"2013\",\"AlterVillage\",\"Franche-Comt\u00e9\",\"Lons-le-Saunier\",\"Batailleuse\",\"R\u00e9SiSTiVeS\",\"Arbois\",\"restaurant municipal\",\"rochejean\",\"AlterTour 2013\",\"Cramans\",\"jura\"],\"articleSection\":[\"Revue de presse\"],\"inLanguage\":\"fr-FR\"},{\"@type\":\"WebPage\",\"@id\":\"https:\\\/\\\/www.altercampagne.net\\\/?p=4089\",\"url\":\"https:\\\/\\\/www.altercampagne.net\\\/?p=4089\",\"name\":\"Un \u00ab Tour de France \u00bb alternatif, fa\u00e7on bio et ap\u00e9ro - AlterTour\",\"isPartOf\":{\"@id\":\"https:\\\/\\\/www.altercampagne.net\\\/#website\"},\"datePublished\":\"2013-08-10T11:42:13+00:00\",\"dateModified\":\"2024-10-22T12:47:40+00:00\",\"author\":{\"@id\":\"https:\\\/\\\/www.altercampagne.net\\\/#\\\/schema\\\/person\\\/e5b68c803196f649c2152249d262d94a\"},\"breadcrumb\":{\"@id\":\"https:\\\/\\\/www.altercampagne.net\\\/?p=4089#breadcrumb\"},\"inLanguage\":\"fr-FR\",\"potentialAction\":[{\"@type\":\"ReadAction\",\"target\":[\"https:\\\/\\\/www.altercampagne.net\\\/?p=4089\"]}]},{\"@type\":\"BreadcrumbList\",\"@id\":\"https:\\\/\\\/www.altercampagne.net\\\/?p=4089#breadcrumb\",\"itemListElement\":[{\"@type\":\"ListItem\",\"position\":1,\"name\":\"Accueil\",\"item\":\"https:\\\/\\\/www.altercampagne.net\\\/\"},{\"@type\":\"ListItem\",\"position\":2,\"name\":\"Un \u00ab Tour de France \u00bb alternatif, fa\u00e7on bio et ap\u00e9ro\"}]},{\"@type\":\"WebSite\",\"@id\":\"https:\\\/\\\/www.altercampagne.net\\\/#website\",\"url\":\"https:\\\/\\\/www.altercampagne.net\\\/\",\"name\":\"AlterTour\",\"description\":\"Reliez les Alternatives \u00e0 v\u00e9lo\",\"potentialAction\":[{\"@type\":\"SearchAction\",\"target\":{\"@type\":\"EntryPoint\",\"urlTemplate\":\"https:\\\/\\\/www.altercampagne.net\\\/?s={search_term_string}\"},\"query-input\":{\"@type\":\"PropertyValueSpecification\",\"valueRequired\":true,\"valueName\":\"search_term_string\"}}],\"inLanguage\":\"fr-FR\"},{\"@type\":\"Person\",\"@id\":\"https:\\\/\\\/www.altercampagne.net\\\/#\\\/schema\\\/person\\\/e5b68c803196f649c2152249d262d94a\",\"name\":\"AlterTour\",\"image\":{\"@type\":\"ImageObject\",\"inLanguage\":\"fr-FR\",\"@id\":\"https:\\\/\\\/secure.gravatar.com\\\/avatar\\\/3f2ed77f8506b8ea264ad5938bb0114bfa10f35b64086a66dfbb6e9f58ad9693?s=96&d=mm&r=g\",\"url\":\"https:\\\/\\\/secure.gravatar.com\\\/avatar\\\/3f2ed77f8506b8ea264ad5938bb0114bfa10f35b64086a66dfbb6e9f58ad9693?s=96&d=mm&r=g\",\"contentUrl\":\"https:\\\/\\\/secure.gravatar.com\\\/avatar\\\/3f2ed77f8506b8ea264ad5938bb0114bfa10f35b64086a66dfbb6e9f58ad9693?s=96&d=mm&r=g\",\"caption\":\"AlterTour\"},\"url\":\"https:\\\/\\\/www.altercampagne.net\\\/?author=215\"}]}<\/script>\n<!-- \/ Yoast SEO plugin. -->","yoast_head_json":{"title":"Un \u00ab Tour de France \u00bb alternatif, fa\u00e7on bio et ap\u00e9ro - AlterTour","robots":{"index":"index","follow":"follow","max-snippet":"max-snippet:-1","max-image-preview":"max-image-preview:large","max-video-preview":"max-video-preview:-1"},"canonical":"https:\/\/www.altercampagne.net\/?p=4089","og_locale":"fr_FR","og_type":"article","og_title":"Un \u00ab Tour de France \u00bb alternatif, fa\u00e7on bio et ap\u00e9ro - AlterTour","og_description":"L\u2019\u00e9dition 2013 de l\u2019AlterTour est entr\u00e9e en Franche-Comt\u00e9 mercredi dernier. \u00c9tape finale le 20 ao\u00fbt. Depuis six ann\u00e9es, le Tour de France a sa variante alternative, avec l\u2019AlterTour, qui rassemble, pour cette \u00e9dition, 205 participants, entre 4 et 88 ans. Au menu : des \u00e9tapes quotidiennes \u00e0 v\u00e9lo, le matin ... Read More","og_url":"https:\/\/www.altercampagne.net\/?p=4089","og_site_name":"AlterTour","article_published_time":"2013-08-10T11:42:13+00:00","article_modified_time":"2024-10-22T12:47:40+00:00","author":"AlterTour","twitter_card":"summary_large_image","twitter_misc":{"\u00c9crit par":"AlterTour","Dur\u00e9e de lecture estim\u00e9e":"3 minutes"},"schema":{"@context":"https:\/\/schema.org","@graph":[{"@type":"Article","@id":"https:\/\/www.altercampagne.net\/?p=4089#article","isPartOf":{"@id":"https:\/\/www.altercampagne.net\/?p=4089"},"author":{"name":"AlterTour","@id":"https:\/\/www.altercampagne.net\/#\/schema\/person\/e5b68c803196f649c2152249d262d94a"},"headline":"Un \u00ab Tour de France \u00bb alternatif, fa\u00e7on bio et ap\u00e9ro","datePublished":"2013-08-10T11:42:13+00:00","dateModified":"2024-10-22T12:47:40+00:00","mainEntityOfPage":{"@id":"https:\/\/www.altercampagne.net\/?p=4089"},"wordCount":482,"keywords":["Attac","Saint-Maur","Besain","Ferme des Nouvelles","Cavarodes","Bio lopin","2013","AlterVillage","Franche-Comt\u00e9","Lons-le-Saunier","Batailleuse","R\u00e9SiSTiVeS","Arbois","restaurant municipal","rochejean","AlterTour 2013","Cramans","jura"],"articleSection":["Revue de presse"],"inLanguage":"fr-FR"},{"@type":"WebPage","@id":"https:\/\/www.altercampagne.net\/?p=4089","url":"https:\/\/www.altercampagne.net\/?p=4089","name":"Un \u00ab Tour de France \u00bb alternatif, fa\u00e7on bio et ap\u00e9ro - AlterTour","isPartOf":{"@id":"https:\/\/www.altercampagne.net\/#website"},"datePublished":"2013-08-10T11:42:13+00:00","dateModified":"2024-10-22T12:47:40+00:00","author":{"@id":"https:\/\/www.altercampagne.net\/#\/schema\/person\/e5b68c803196f649c2152249d262d94a"},"breadcrumb":{"@id":"https:\/\/www.altercampagne.net\/?p=4089#breadcrumb"},"inLanguage":"fr-FR","potentialAction":[{"@type":"ReadAction","target":["https:\/\/www.altercampagne.net\/?p=4089"]}]},{"@type":"BreadcrumbList","@id":"https:\/\/www.altercampagne.net\/?p=4089#breadcrumb","itemListElement":[{"@type":"ListItem","position":1,"name":"Accueil","item":"https:\/\/www.altercampagne.net\/"},{"@type":"ListItem","position":2,"name":"Un \u00ab Tour de France \u00bb alternatif, fa\u00e7on bio et ap\u00e9ro"}]},{"@type":"WebSite","@id":"https:\/\/www.altercampagne.net\/#website","url":"https:\/\/www.altercampagne.net\/","name":"AlterTour","description":"Reliez les Alternatives \u00e0 v\u00e9lo","potentialAction":[{"@type":"SearchAction","target":{"@type":"EntryPoint","urlTemplate":"https:\/\/www.altercampagne.net\/?s={search_term_string}"},"query-input":{"@type":"PropertyValueSpecification","valueRequired":true,"valueName":"search_term_string"}}],"inLanguage":"fr-FR"},{"@type":"Person","@id":"https:\/\/www.altercampagne.net\/#\/schema\/person\/e5b68c803196f649c2152249d262d94a","name":"AlterTour","image":{"@type":"ImageObject","inLanguage":"fr-FR","@id":"https:\/\/secure.gravatar.com\/avatar\/3f2ed77f8506b8ea264ad5938bb0114bfa10f35b64086a66dfbb6e9f58ad9693?s=96&d=mm&r=g","url":"https:\/\/secure.gravatar.com\/avatar\/3f2ed77f8506b8ea264ad5938bb0114bfa10f35b64086a66dfbb6e9f58ad9693?s=96&d=mm&r=g","contentUrl":"https:\/\/secure.gravatar.com\/avatar\/3f2ed77f8506b8ea264ad5938bb0114bfa10f35b64086a66dfbb6e9f58ad9693?s=96&d=mm&r=g","caption":"AlterTour"},"url":"https:\/\/www.altercampagne.net\/?author=215"}]}},"_links":{"self":[{"href":"https:\/\/www.altercampagne.net\/index.php?rest_route=\/wp\/v2\/posts\/4089","targetHints":{"allow":["GET"]}}],"collection":[{"href":"https:\/\/www.altercampagne.net\/index.php?rest_route=\/wp\/v2\/posts"}],"about":[{"href":"https:\/\/www.altercampagne.net\/index.php?rest_route=\/wp\/v2\/types\/post"}],"author":[{"embeddable":true,"href":"https:\/\/www.altercampagne.net\/index.php?rest_route=\/wp\/v2\/users\/215"}],"replies":[{"embeddable":true,"href":"https:\/\/www.altercampagne.net\/index.php?rest_route=%2Fwp%2Fv2%2Fcomments&post=4089"}],"version-history":[{"count":1,"href":"https:\/\/www.altercampagne.net\/index.php?rest_route=\/wp\/v2\/posts\/4089\/revisions"}],"predecessor-version":[{"id":28789,"href":"https:\/\/www.altercampagne.net\/index.php?rest_route=\/wp\/v2\/posts\/4089\/revisions\/28789"}],"wp:attachment":[{"href":"https:\/\/www.altercampagne.net\/index.php?rest_route=%2Fwp%2Fv2%2Fmedia&parent=4089"}],"wp:term":[{"taxonomy":"category","embeddable":true,"href":"https:\/\/www.altercampagne.net\/index.php?rest_route=%2Fwp%2Fv2%2Fcategories&post=4089"},{"taxonomy":"post_tag","embeddable":true,"href":"https:\/\/www.altercampagne.net\/index.php?rest_route=%2Fwp%2Fv2%2Ftags&post=4089"}],"curies":[{"name":"wp","href":"https:\/\/api.w.org\/{rel}","templated":true}]}}