{"id":4093,"date":"2013-08-08T13:52:26","date_gmt":"2013-08-08T11:52:26","guid":{"rendered":"http:\/\/www.altercampagne.net\/?p=4093"},"modified":"2019-09-16T14:18:12","modified_gmt":"2019-09-16T12:18:12","slug":"bard-le-regulier-laltertour-sarrete-a-la-tuilerie","status":"publish","type":"post","link":"https:\/\/www.altercampagne.net\/?p=4093","title":{"rendered":"Bard-le-R\u00e9gulier : l\u2019AlterTour s\u2019arr\u00eate \u00e0 la Tuilerie"},"content":{"rendered":"<p class=\"Style271 Style138 Style152 Style142\" align=\"justify\">La sixi\u00e8me \u00e9dition de l\u2019AlterTour, relais solidaire \u00e0 v\u00e9lo autog\u00e9r\u00e9, itin\u00e9rant, militant et festif qui va \u00e0 la rencontre d\u2019alternatives de la soci\u00e9t\u00e9, est pass\u00e9e par la Tuilerie et s\u2019est arr\u00eat\u00e9e chez Nathalie Frilley au centre d\u2019\u00e9quith\u00e9rapie A cheval sur soi.<\/p>\n<p class=\"Style271 Style138 Style152 Style142\" align=\"justify\">L\u2019AlterTour, c\u2019est une cinquantaine de personnes de 7 \u00e0 77 ans qui parcourent la Bourgogne et la Franche-Comt\u00e9 \u00e0 la d\u00e9couverte d\u2019alternatives \u00e9conomiques ou environnementales jusqu\u2019au 20 ao\u00fbt. Chaque ann\u00e9e ce sont pr\u00e8s de 200 personnes qui choisissent de partir \u00e0 la d\u00e9couverte des \u201calternatives au dopage de la soci\u00e9t\u00e9\u201d. Cette \u00e9pop\u00e9e se terminera cette ann\u00e9e dans le Jura.<\/p>\n<p class=\"Style271 Style138 Style152 Style142\" align=\"justify\">Les participants \u00e0 l\u2019AlterTour d\u00e9noncent les partenariats public-priv\u00e9 et notamment \u00ab les grands projets inutiles et impos\u00e9s alors que parall\u00e8lement \u00e0 ces gros chantiers, se multiplient les aternatives concr\u00e8tes en vue d\u2019une soci\u00e9t\u00e9 \u00e9cologiquement et socialement durable, une soci\u00e9t\u00e9 solidaire de coop\u00e9ration \u00bb.<\/p>\n<p class=\"Style271 Style138 Style152 Style142\" align=\"justify\">Ce sont ces petits projets utiles et sans dopage que l\u2019AlterTour valorise d\u2019ann\u00e9e en ann\u00e9e en leur rendant visite. Un des participants explique d\u2019ailleurs : \u00ab Ce qui est extraordinaire pour ces \u201cpetits projets\u201d, c\u2019est leur efficacit\u00e9 : avec souvent tr\u00e8s peu d\u2019argent, mais beaucoup de motivation et d\u2019entraide, on obtient le plus souvent des r\u00e9sultats remarquables \u00bb.<\/p>\n<p class=\"Style271 Style138 Style152 Style142\" align=\"justify\">Source : <a href=\"http:\/\/www.bienpublic.com\/haute-cote-d-or\/2013\/08\/08\/l-altertour-s-arrete-a-la-tuilerie\" target=\"_blank\" rel=\"noopener noreferrer\">http:\/\/www.bienpublic.com\/haute-cote-d-or\/2013\/08\/08\/l-altertour-s-arrete-a-la-tuilerie<\/a><\/p>\n","protected":false},"excerpt":{"rendered":"<p>La sixi\u00e8me \u00e9dition de l\u2019AlterTour, relais solidaire \u00e0 v\u00e9lo autog\u00e9r\u00e9, itin\u00e9rant, militant et festif qui va \u00e0 la rencontre d\u2019alternatives de la soci\u00e9t\u00e9, est pass\u00e9e par la Tuilerie et s\u2019est arr\u00eat\u00e9e chez Nathalie Frilley au centre d\u2019\u00e9quith\u00e9rapie A cheval sur soi. L\u2019AlterTour, c\u2019est une cinquantaine de personnes de 7 \u00e0 &#8230; <\/p>\n<div><a href=\"https:\/\/www.altercampagne.net\/?p=4093\" class=\"more-link\">Read More<\/a><\/div>\n","protected":false},"author":214,"featured_media":15721,"comment_status":"closed","ping_status":"closed","sticky":false,"template":"","format":"standard","meta":{"footnotes":""},"categories":[239],"tags":[694,1017,1038,1656,1743,1744,1745,1746,1747,1748],"class_list":["post-4093","post","type-post","status-publish","format-standard","has-post-thumbnail","hentry","category-revue-de-presse","tag-altertour-2013","tag-bourgogne","tag-cote-dor","tag-1656","tag-tuilerie","tag-nathalie-frilley","tag-equitherapie","tag-a-cheval-sur-soi","tag-bard-le-regulier","tag-morvan"],"yoast_head":"<!-- This site is optimized with the Yoast SEO plugin v27.3 - https:\/\/yoast.com\/product\/yoast-seo-wordpress\/ -->\n<title>Bard-le-R\u00e9gulier : l\u2019AlterTour s\u2019arr\u00eate \u00e0 la Tuilerie - AlterTour<\/title>\n<meta name=\"robots\" content=\"index, follow, max-snippet:-1, max-image-preview:large, max-video-preview:-1\" \/>\n<link rel=\"canonical\" href=\"https:\/\/www.altercampagne.net\/?p=4093\" \/>\n<meta property=\"og:locale\" content=\"fr_FR\" \/>\n<meta property=\"og:type\" content=\"article\" \/>\n<meta property=\"og:title\" content=\"Bard-le-R\u00e9gulier : l\u2019AlterTour s\u2019arr\u00eate \u00e0 la Tuilerie - AlterTour\" \/>\n<meta property=\"og:description\" content=\"La sixi\u00e8me \u00e9dition de l\u2019AlterTour, relais solidaire \u00e0 v\u00e9lo autog\u00e9r\u00e9, itin\u00e9rant, militant et festif qui va \u00e0 la rencontre d\u2019alternatives de la soci\u00e9t\u00e9, est pass\u00e9e par la Tuilerie et s\u2019est arr\u00eat\u00e9e chez Nathalie Frilley au centre d\u2019\u00e9quith\u00e9rapie A cheval sur soi. L\u2019AlterTour, c\u2019est une cinquantaine de personnes de 7 \u00e0 ... Read More\" \/>\n<meta property=\"og:url\" content=\"https:\/\/www.altercampagne.net\/?p=4093\" \/>\n<meta property=\"og:site_name\" content=\"AlterTour\" \/>\n<meta property=\"article:published_time\" content=\"2013-08-08T11:52:26+00:00\" \/>\n<meta property=\"article:modified_time\" content=\"2019-09-16T12:18:12+00:00\" \/>\n<meta property=\"og:image\" content=\"https:\/\/www.altercampagne.net\/wp-content\/uploads\/2013\/08\/AT2013-la-Tuilerie1.jpg\" \/>\n\t<meta property=\"og:image:width\" content=\"540\" \/>\n\t<meta property=\"og:image:height\" content=\"236\" \/>\n\t<meta property=\"og:image:type\" content=\"image\/jpeg\" \/>\n<meta name=\"author\" content=\"Mathieu\" \/>\n<meta name=\"twitter:card\" content=\"summary_large_image\" \/>\n<meta name=\"twitter:label1\" content=\"\u00c9crit par\" \/>\n\t<meta name=\"twitter:data1\" content=\"Mathieu\" \/>\n\t<meta name=\"twitter:label2\" content=\"Dur\u00e9e de lecture estim\u00e9e\" \/>\n\t<meta name=\"twitter:data2\" content=\"1 minute\" \/>\n<script type=\"application\/ld+json\" class=\"yoast-schema-graph\">{\"@context\":\"https:\\\/\\\/schema.org\",\"@graph\":[{\"@type\":\"Article\",\"@id\":\"https:\\\/\\\/www.altercampagne.net\\\/?p=4093#article\",\"isPartOf\":{\"@id\":\"https:\\\/\\\/www.altercampagne.net\\\/?p=4093\"},\"author\":{\"name\":\"Mathieu\",\"@id\":\"https:\\\/\\\/www.altercampagne.net\\\/#\\\/schema\\\/person\\\/0f261460c09e430caa0f9bcffa319109\"},\"headline\":\"Bard-le-R\u00e9gulier : l\u2019AlterTour s\u2019arr\u00eate \u00e0 la Tuilerie\",\"datePublished\":\"2013-08-08T11:52:26+00:00\",\"dateModified\":\"2019-09-16T12:18:12+00:00\",\"mainEntityOfPage\":{\"@id\":\"https:\\\/\\\/www.altercampagne.net\\\/?p=4093\"},\"wordCount\":244,\"image\":{\"@id\":\"https:\\\/\\\/www.altercampagne.net\\\/?p=4093#primaryimage\"},\"thumbnailUrl\":\"https:\\\/\\\/www.altercampagne.net\\\/wp-content\\\/uploads\\\/2013\\\/08\\\/AT2013-la-Tuilerie1.jpg\",\"keywords\":[\"AlterTour 2013\",\"Bourgogne\",\"c\u00f4te-d'or\",\"2013\",\"Tuilerie\",\"Nathalie Frilley\",\"\u00e9quith\u00e9rapie\",\"A cheval sur soi\",\"Bard-le-R\u00e9gulier\",\"Morvan\"],\"articleSection\":[\"Revue de presse\"],\"inLanguage\":\"fr-FR\"},{\"@type\":\"WebPage\",\"@id\":\"https:\\\/\\\/www.altercampagne.net\\\/?p=4093\",\"url\":\"https:\\\/\\\/www.altercampagne.net\\\/?p=4093\",\"name\":\"Bard-le-R\u00e9gulier : l\u2019AlterTour s\u2019arr\u00eate \u00e0 la Tuilerie - AlterTour\",\"isPartOf\":{\"@id\":\"https:\\\/\\\/www.altercampagne.net\\\/#website\"},\"primaryImageOfPage\":{\"@id\":\"https:\\\/\\\/www.altercampagne.net\\\/?p=4093#primaryimage\"},\"image\":{\"@id\":\"https:\\\/\\\/www.altercampagne.net\\\/?p=4093#primaryimage\"},\"thumbnailUrl\":\"https:\\\/\\\/www.altercampagne.net\\\/wp-content\\\/uploads\\\/2013\\\/08\\\/AT2013-la-Tuilerie1.jpg\",\"datePublished\":\"2013-08-08T11:52:26+00:00\",\"dateModified\":\"2019-09-16T12:18:12+00:00\",\"author\":{\"@id\":\"https:\\\/\\\/www.altercampagne.net\\\/#\\\/schema\\\/person\\\/0f261460c09e430caa0f9bcffa319109\"},\"breadcrumb\":{\"@id\":\"https:\\\/\\\/www.altercampagne.net\\\/?p=4093#breadcrumb\"},\"inLanguage\":\"fr-FR\",\"potentialAction\":[{\"@type\":\"ReadAction\",\"target\":[\"https:\\\/\\\/www.altercampagne.net\\\/?p=4093\"]}]},{\"@type\":\"ImageObject\",\"inLanguage\":\"fr-FR\",\"@id\":\"https:\\\/\\\/www.altercampagne.net\\\/?p=4093#primaryimage\",\"url\":\"https:\\\/\\\/www.altercampagne.net\\\/wp-content\\\/uploads\\\/2013\\\/08\\\/AT2013-la-Tuilerie1.jpg\",\"contentUrl\":\"https:\\\/\\\/www.altercampagne.net\\\/wp-content\\\/uploads\\\/2013\\\/08\\\/AT2013-la-Tuilerie1.jpg\",\"width\":540,\"height\":236},{\"@type\":\"BreadcrumbList\",\"@id\":\"https:\\\/\\\/www.altercampagne.net\\\/?p=4093#breadcrumb\",\"itemListElement\":[{\"@type\":\"ListItem\",\"position\":1,\"name\":\"Accueil\",\"item\":\"https:\\\/\\\/www.altercampagne.net\\\/\"},{\"@type\":\"ListItem\",\"position\":2,\"name\":\"Bard-le-R\u00e9gulier : l\u2019AlterTour s\u2019arr\u00eate \u00e0 la Tuilerie\"}]},{\"@type\":\"WebSite\",\"@id\":\"https:\\\/\\\/www.altercampagne.net\\\/#website\",\"url\":\"https:\\\/\\\/www.altercampagne.net\\\/\",\"name\":\"AlterTour\",\"description\":\"Reliez les Alternatives \u00e0 v\u00e9lo\",\"potentialAction\":[{\"@type\":\"SearchAction\",\"target\":{\"@type\":\"EntryPoint\",\"urlTemplate\":\"https:\\\/\\\/www.altercampagne.net\\\/?s={search_term_string}\"},\"query-input\":{\"@type\":\"PropertyValueSpecification\",\"valueRequired\":true,\"valueName\":\"search_term_string\"}}],\"inLanguage\":\"fr-FR\"},{\"@type\":\"Person\",\"@id\":\"https:\\\/\\\/www.altercampagne.net\\\/#\\\/schema\\\/person\\\/0f261460c09e430caa0f9bcffa319109\",\"name\":\"Mathieu\",\"image\":{\"@type\":\"ImageObject\",\"inLanguage\":\"fr-FR\",\"@id\":\"https:\\\/\\\/secure.gravatar.com\\\/avatar\\\/aa9d3d24c83f2141e5e2709d0f63d09a99f6be6bb7a50abc4915838d9f54501a?s=96&d=mm&r=g\",\"url\":\"https:\\\/\\\/secure.gravatar.com\\\/avatar\\\/aa9d3d24c83f2141e5e2709d0f63d09a99f6be6bb7a50abc4915838d9f54501a?s=96&d=mm&r=g\",\"contentUrl\":\"https:\\\/\\\/secure.gravatar.com\\\/avatar\\\/aa9d3d24c83f2141e5e2709d0f63d09a99f6be6bb7a50abc4915838d9f54501a?s=96&d=mm&r=g\",\"caption\":\"Mathieu\"},\"url\":\"https:\\\/\\\/www.altercampagne.net\\\/?author=214\"}]}<\/script>\n<!-- \/ Yoast SEO plugin. -->","yoast_head_json":{"title":"Bard-le-R\u00e9gulier : l\u2019AlterTour s\u2019arr\u00eate \u00e0 la Tuilerie - AlterTour","robots":{"index":"index","follow":"follow","max-snippet":"max-snippet:-1","max-image-preview":"max-image-preview:large","max-video-preview":"max-video-preview:-1"},"canonical":"https:\/\/www.altercampagne.net\/?p=4093","og_locale":"fr_FR","og_type":"article","og_title":"Bard-le-R\u00e9gulier : l\u2019AlterTour s\u2019arr\u00eate \u00e0 la Tuilerie - AlterTour","og_description":"La sixi\u00e8me \u00e9dition de l\u2019AlterTour, relais solidaire \u00e0 v\u00e9lo autog\u00e9r\u00e9, itin\u00e9rant, militant et festif qui va \u00e0 la rencontre d\u2019alternatives de la soci\u00e9t\u00e9, est pass\u00e9e par la Tuilerie et s\u2019est arr\u00eat\u00e9e chez Nathalie Frilley au centre d\u2019\u00e9quith\u00e9rapie A cheval sur soi. L\u2019AlterTour, c\u2019est une cinquantaine de personnes de 7 \u00e0 ... Read More","og_url":"https:\/\/www.altercampagne.net\/?p=4093","og_site_name":"AlterTour","article_published_time":"2013-08-08T11:52:26+00:00","article_modified_time":"2019-09-16T12:18:12+00:00","og_image":[{"width":540,"height":236,"url":"https:\/\/www.altercampagne.net\/wp-content\/uploads\/2013\/08\/AT2013-la-Tuilerie1.jpg","type":"image\/jpeg"}],"author":"Mathieu","twitter_card":"summary_large_image","twitter_misc":{"\u00c9crit par":"Mathieu","Dur\u00e9e de lecture estim\u00e9e":"1 minute"},"schema":{"@context":"https:\/\/schema.org","@graph":[{"@type":"Article","@id":"https:\/\/www.altercampagne.net\/?p=4093#article","isPartOf":{"@id":"https:\/\/www.altercampagne.net\/?p=4093"},"author":{"name":"Mathieu","@id":"https:\/\/www.altercampagne.net\/#\/schema\/person\/0f261460c09e430caa0f9bcffa319109"},"headline":"Bard-le-R\u00e9gulier : l\u2019AlterTour s\u2019arr\u00eate \u00e0 la Tuilerie","datePublished":"2013-08-08T11:52:26+00:00","dateModified":"2019-09-16T12:18:12+00:00","mainEntityOfPage":{"@id":"https:\/\/www.altercampagne.net\/?p=4093"},"wordCount":244,"image":{"@id":"https:\/\/www.altercampagne.net\/?p=4093#primaryimage"},"thumbnailUrl":"https:\/\/www.altercampagne.net\/wp-content\/uploads\/2013\/08\/AT2013-la-Tuilerie1.jpg","keywords":["AlterTour 2013","Bourgogne","c\u00f4te-d'or","2013","Tuilerie","Nathalie Frilley","\u00e9quith\u00e9rapie","A cheval sur soi","Bard-le-R\u00e9gulier","Morvan"],"articleSection":["Revue de presse"],"inLanguage":"fr-FR"},{"@type":"WebPage","@id":"https:\/\/www.altercampagne.net\/?p=4093","url":"https:\/\/www.altercampagne.net\/?p=4093","name":"Bard-le-R\u00e9gulier : l\u2019AlterTour s\u2019arr\u00eate \u00e0 la Tuilerie - AlterTour","isPartOf":{"@id":"https:\/\/www.altercampagne.net\/#website"},"primaryImageOfPage":{"@id":"https:\/\/www.altercampagne.net\/?p=4093#primaryimage"},"image":{"@id":"https:\/\/www.altercampagne.net\/?p=4093#primaryimage"},"thumbnailUrl":"https:\/\/www.altercampagne.net\/wp-content\/uploads\/2013\/08\/AT2013-la-Tuilerie1.jpg","datePublished":"2013-08-08T11:52:26+00:00","dateModified":"2019-09-16T12:18:12+00:00","author":{"@id":"https:\/\/www.altercampagne.net\/#\/schema\/person\/0f261460c09e430caa0f9bcffa319109"},"breadcrumb":{"@id":"https:\/\/www.altercampagne.net\/?p=4093#breadcrumb"},"inLanguage":"fr-FR","potentialAction":[{"@type":"ReadAction","target":["https:\/\/www.altercampagne.net\/?p=4093"]}]},{"@type":"ImageObject","inLanguage":"fr-FR","@id":"https:\/\/www.altercampagne.net\/?p=4093#primaryimage","url":"https:\/\/www.altercampagne.net\/wp-content\/uploads\/2013\/08\/AT2013-la-Tuilerie1.jpg","contentUrl":"https:\/\/www.altercampagne.net\/wp-content\/uploads\/2013\/08\/AT2013-la-Tuilerie1.jpg","width":540,"height":236},{"@type":"BreadcrumbList","@id":"https:\/\/www.altercampagne.net\/?p=4093#breadcrumb","itemListElement":[{"@type":"ListItem","position":1,"name":"Accueil","item":"https:\/\/www.altercampagne.net\/"},{"@type":"ListItem","position":2,"name":"Bard-le-R\u00e9gulier : l\u2019AlterTour s\u2019arr\u00eate \u00e0 la Tuilerie"}]},{"@type":"WebSite","@id":"https:\/\/www.altercampagne.net\/#website","url":"https:\/\/www.altercampagne.net\/","name":"AlterTour","description":"Reliez les Alternatives \u00e0 v\u00e9lo","potentialAction":[{"@type":"SearchAction","target":{"@type":"EntryPoint","urlTemplate":"https:\/\/www.altercampagne.net\/?s={search_term_string}"},"query-input":{"@type":"PropertyValueSpecification","valueRequired":true,"valueName":"search_term_string"}}],"inLanguage":"fr-FR"},{"@type":"Person","@id":"https:\/\/www.altercampagne.net\/#\/schema\/person\/0f261460c09e430caa0f9bcffa319109","name":"Mathieu","image":{"@type":"ImageObject","inLanguage":"fr-FR","@id":"https:\/\/secure.gravatar.com\/avatar\/aa9d3d24c83f2141e5e2709d0f63d09a99f6be6bb7a50abc4915838d9f54501a?s=96&d=mm&r=g","url":"https:\/\/secure.gravatar.com\/avatar\/aa9d3d24c83f2141e5e2709d0f63d09a99f6be6bb7a50abc4915838d9f54501a?s=96&d=mm&r=g","contentUrl":"https:\/\/secure.gravatar.com\/avatar\/aa9d3d24c83f2141e5e2709d0f63d09a99f6be6bb7a50abc4915838d9f54501a?s=96&d=mm&r=g","caption":"Mathieu"},"url":"https:\/\/www.altercampagne.net\/?author=214"}]}},"_links":{"self":[{"href":"https:\/\/www.altercampagne.net\/index.php?rest_route=\/wp\/v2\/posts\/4093","targetHints":{"allow":["GET"]}}],"collection":[{"href":"https:\/\/www.altercampagne.net\/index.php?rest_route=\/wp\/v2\/posts"}],"about":[{"href":"https:\/\/www.altercampagne.net\/index.php?rest_route=\/wp\/v2\/types\/post"}],"author":[{"embeddable":true,"href":"https:\/\/www.altercampagne.net\/index.php?rest_route=\/wp\/v2\/users\/214"}],"replies":[{"embeddable":true,"href":"https:\/\/www.altercampagne.net\/index.php?rest_route=%2Fwp%2Fv2%2Fcomments&post=4093"}],"version-history":[{"count":0,"href":"https:\/\/www.altercampagne.net\/index.php?rest_route=\/wp\/v2\/posts\/4093\/revisions"}],"wp:featuredmedia":[{"embeddable":true,"href":"https:\/\/www.altercampagne.net\/index.php?rest_route=\/wp\/v2\/media\/15721"}],"wp:attachment":[{"href":"https:\/\/www.altercampagne.net\/index.php?rest_route=%2Fwp%2Fv2%2Fmedia&parent=4093"}],"wp:term":[{"taxonomy":"category","embeddable":true,"href":"https:\/\/www.altercampagne.net\/index.php?rest_route=%2Fwp%2Fv2%2Fcategories&post=4093"},{"taxonomy":"post_tag","embeddable":true,"href":"https:\/\/www.altercampagne.net\/index.php?rest_route=%2Fwp%2Fv2%2Ftags&post=4093"}],"curies":[{"name":"wp","href":"https:\/\/api.w.org\/{rel}","templated":true}]}}