{"id":4097,"date":"2013-08-05T14:02:12","date_gmt":"2013-08-05T12:02:12","guid":{"rendered":"http:\/\/www.altercampagne.net\/?p=4097"},"modified":"2019-09-16T14:40:31","modified_gmt":"2019-09-16T12:40:31","slug":"200-militants-daltertour-reunis","status":"publish","type":"post","link":"https:\/\/www.altercampagne.net\/?p=4097","title":{"rendered":"200 militants d\u2019AlterTour r\u00e9unis"},"content":{"rendered":"<p>L\u2019AlterTour a fait \u00e9tape \u00e0 Culles-les-Roches, chez Corinne Richier. D\u00e9bats et repas ont anim\u00e9 la journ\u00e9e entre militants.<\/p>\n<p class=\"Style271 Style138 Style152 Style142\" align=\"justify\">Quelque 200 militants \u00e9taient r\u00e9unis, ce samedi, sur les hauteurs de Culles-les-Roches pour une escale de l\u2019AlterTour. Partis de Gien, dans le Loiret, le 18 juillet et apr\u00e8s le week-end des 20 et 21 juillet principalement ax\u00e9 sur le mouvement des faucheurs volontaires, qui c\u00e9l\u00e9braient leur 10e ann\u00e9e d\u2019existence par des expos\u00e9s et des conf\u00e9rences sur les OGM, ces participants parcourent la France \u00e0 v\u00e9lo, pour prouver que d\u2019autres modes de vie et de relations sont possibles afin de construire une soci\u00e9t\u00e9 plus solidaire \u00e9cologiquement et socialement durable.<\/p>\n<p class=\"Style271 Style138 Style152 Style142\" align=\"justify\">Re\u00e7us chez Corinne Richier, ils ont d\u00e9couvert son activit\u00e9 avec visite guid\u00e9e de son jardin de plantes aromatiques et m\u00e9dicinales, et relier les alternatives de soci\u00e9t\u00e9, agricoles, \u00e9ducatives, \u00e9conomiques et de sant\u00e9, les d\u00e9bats se sont succ\u00e9d\u00e9 avec divers intervenants.<\/p>\n<p class=\"Style271 Style138 Style152 Style142\" align=\"justify\">\u00c9taient notamment pr\u00e9sent : l\u2019ASR qui lutte contre les pesticides et les \u00e9pandages h\u00e9lico\u00efdes, le SEL, syst\u00e8me d\u2019\u00e9change local qui propose un march\u00e9 gratuit, Jean Pierre Lepri l\u2019\u00e9ducation autrement\u2026<\/p>\n<p class=\"Style271 Style138 Style152 Style142\" align=\"justify\">Les sujets de discussion n\u2019ont pas manqu\u00e9 au cours de la soir\u00e9e autour d\u2019une soupe au pistou et d\u2019un repas apport\u00e9 et partag\u00e9 par chacun.<\/p>\n<p class=\"Style271 Style138 Style152 Style142\" align=\"justify\">Source : <a href=\"http:\/\/www.lejsl.com\/edition-de-chalon\/2013\/08\/05\/200-militants-d-alter-tour-reunis\" target=\"_blank\" rel=\"noopener noreferrer\">http:\/\/www.lejsl.com\/edition-de-chalon\/2013\/08\/05\/200-militants-d-alter-tour-reunis<\/a><\/p>\n","protected":false},"excerpt":{"rendered":"<p>L\u2019AlterTour a fait \u00e9tape \u00e0 Culles-les-Roches, chez Corinne Richier. D\u00e9bats et repas ont anim\u00e9 la journ\u00e9e entre militants. Quelque 200 militants \u00e9taient r\u00e9unis, ce samedi, sur les hauteurs de Culles-les-Roches pour une escale de l\u2019AlterTour. Partis de Gien, dans le Loiret, le 18 juillet et apr\u00e8s le week-end des 20 &#8230; <\/p>\n<div><a href=\"https:\/\/www.altercampagne.net\/?p=4097\" class=\"more-link\">Read More<\/a><\/div>\n","protected":false},"author":214,"featured_media":15730,"comment_status":"closed","ping_status":"closed","sticky":false,"template":"","format":"standard","meta":{"footnotes":""},"categories":[3495,239,3462],"tags":[38,694,1017,1058,1656,1751,1752,1753,1754,1755,1756,1757,1758],"class_list":["post-4097","post","type-post","status-publish","format-standard","has-post-thumbnail","hentry","category-bourgogne-franche-comte","category-revue-de-presse","category-edition-2013","tag-sel","tag-altertour-2013","tag-bourgogne","tag-saone-et-loire","tag-1656","tag-culles-les-roches","tag-corinne-richier","tag-plantes","tag-aromatiques","tag-medicinales","tag-asr","tag-jean-pierre-lepri","tag-education-autrement"],"yoast_head":"<!-- This site is optimized with the Yoast SEO plugin v27.3 - https:\/\/yoast.com\/product\/yoast-seo-wordpress\/ -->\n<title>200 militants d\u2019AlterTour r\u00e9unis - AlterTour<\/title>\n<meta name=\"robots\" content=\"index, follow, max-snippet:-1, max-image-preview:large, max-video-preview:-1\" \/>\n<link rel=\"canonical\" href=\"https:\/\/www.altercampagne.net\/?p=4097\" \/>\n<meta property=\"og:locale\" content=\"fr_FR\" \/>\n<meta property=\"og:type\" content=\"article\" \/>\n<meta property=\"og:title\" content=\"200 militants d\u2019AlterTour r\u00e9unis - AlterTour\" \/>\n<meta property=\"og:description\" content=\"L\u2019AlterTour a fait \u00e9tape \u00e0 Culles-les-Roches, chez Corinne Richier. D\u00e9bats et repas ont anim\u00e9 la journ\u00e9e entre militants. Quelque 200 militants \u00e9taient r\u00e9unis, ce samedi, sur les hauteurs de Culles-les-Roches pour une escale de l\u2019AlterTour. Partis de Gien, dans le Loiret, le 18 juillet et apr\u00e8s le week-end des 20 ... Read More\" \/>\n<meta property=\"og:url\" content=\"https:\/\/www.altercampagne.net\/?p=4097\" \/>\n<meta property=\"og:site_name\" content=\"AlterTour\" \/>\n<meta property=\"article:published_time\" content=\"2013-08-05T12:02:12+00:00\" \/>\n<meta property=\"article:modified_time\" content=\"2019-09-16T12:40:31+00:00\" \/>\n<meta property=\"og:image\" content=\"https:\/\/www.altercampagne.net\/wp-content\/uploads\/2013\/08\/AT2013-culles-les-roches1.jpg\" \/>\n\t<meta property=\"og:image:width\" content=\"540\" \/>\n\t<meta property=\"og:image:height\" content=\"262\" \/>\n\t<meta property=\"og:image:type\" content=\"image\/jpeg\" \/>\n<meta name=\"author\" content=\"Mathieu\" \/>\n<meta name=\"twitter:card\" content=\"summary_large_image\" \/>\n<meta name=\"twitter:label1\" content=\"\u00c9crit par\" \/>\n\t<meta name=\"twitter:data1\" content=\"Mathieu\" \/>\n\t<meta name=\"twitter:label2\" content=\"Dur\u00e9e de lecture estim\u00e9e\" \/>\n\t<meta name=\"twitter:data2\" content=\"1 minute\" \/>\n<script type=\"application\/ld+json\" class=\"yoast-schema-graph\">{\"@context\":\"https:\\\/\\\/schema.org\",\"@graph\":[{\"@type\":\"Article\",\"@id\":\"https:\\\/\\\/www.altercampagne.net\\\/?p=4097#article\",\"isPartOf\":{\"@id\":\"https:\\\/\\\/www.altercampagne.net\\\/?p=4097\"},\"author\":{\"name\":\"Mathieu\",\"@id\":\"https:\\\/\\\/www.altercampagne.net\\\/#\\\/schema\\\/person\\\/0f261460c09e430caa0f9bcffa319109\"},\"headline\":\"200 militants d\u2019AlterTour r\u00e9unis\",\"datePublished\":\"2013-08-05T12:02:12+00:00\",\"dateModified\":\"2019-09-16T12:40:31+00:00\",\"mainEntityOfPage\":{\"@id\":\"https:\\\/\\\/www.altercampagne.net\\\/?p=4097\"},\"wordCount\":238,\"image\":{\"@id\":\"https:\\\/\\\/www.altercampagne.net\\\/?p=4097#primaryimage\"},\"thumbnailUrl\":\"https:\\\/\\\/www.altercampagne.net\\\/wp-content\\\/uploads\\\/2013\\\/08\\\/AT2013-culles-les-roches1.jpg\",\"keywords\":[\"SEL\",\"AlterTour 2013\",\"Bourgogne\",\"sa\u00f4ne et loire\",\"2013\",\"Culles-les-Roches\",\"Corinne Richier\",\"plantes\",\"aromatiques\",\"m\u00e9dicinales\",\"ASR\",\"Jean-Pierre Lepri\",\"\u00e9ducation autrement\"],\"articleSection\":[\"Bourgogne-Franche-Comt\u00e9\",\"Revue de presse\",\"\u00c9dition 2013\"],\"inLanguage\":\"fr-FR\"},{\"@type\":\"WebPage\",\"@id\":\"https:\\\/\\\/www.altercampagne.net\\\/?p=4097\",\"url\":\"https:\\\/\\\/www.altercampagne.net\\\/?p=4097\",\"name\":\"200 militants d\u2019AlterTour r\u00e9unis - AlterTour\",\"isPartOf\":{\"@id\":\"https:\\\/\\\/www.altercampagne.net\\\/#website\"},\"primaryImageOfPage\":{\"@id\":\"https:\\\/\\\/www.altercampagne.net\\\/?p=4097#primaryimage\"},\"image\":{\"@id\":\"https:\\\/\\\/www.altercampagne.net\\\/?p=4097#primaryimage\"},\"thumbnailUrl\":\"https:\\\/\\\/www.altercampagne.net\\\/wp-content\\\/uploads\\\/2013\\\/08\\\/AT2013-culles-les-roches1.jpg\",\"datePublished\":\"2013-08-05T12:02:12+00:00\",\"dateModified\":\"2019-09-16T12:40:31+00:00\",\"author\":{\"@id\":\"https:\\\/\\\/www.altercampagne.net\\\/#\\\/schema\\\/person\\\/0f261460c09e430caa0f9bcffa319109\"},\"breadcrumb\":{\"@id\":\"https:\\\/\\\/www.altercampagne.net\\\/?p=4097#breadcrumb\"},\"inLanguage\":\"fr-FR\",\"potentialAction\":[{\"@type\":\"ReadAction\",\"target\":[\"https:\\\/\\\/www.altercampagne.net\\\/?p=4097\"]}]},{\"@type\":\"ImageObject\",\"inLanguage\":\"fr-FR\",\"@id\":\"https:\\\/\\\/www.altercampagne.net\\\/?p=4097#primaryimage\",\"url\":\"https:\\\/\\\/www.altercampagne.net\\\/wp-content\\\/uploads\\\/2013\\\/08\\\/AT2013-culles-les-roches1.jpg\",\"contentUrl\":\"https:\\\/\\\/www.altercampagne.net\\\/wp-content\\\/uploads\\\/2013\\\/08\\\/AT2013-culles-les-roches1.jpg\",\"width\":540,\"height\":262},{\"@type\":\"BreadcrumbList\",\"@id\":\"https:\\\/\\\/www.altercampagne.net\\\/?p=4097#breadcrumb\",\"itemListElement\":[{\"@type\":\"ListItem\",\"position\":1,\"name\":\"Accueil\",\"item\":\"https:\\\/\\\/www.altercampagne.net\\\/\"},{\"@type\":\"ListItem\",\"position\":2,\"name\":\"200 militants d\u2019AlterTour r\u00e9unis\"}]},{\"@type\":\"WebSite\",\"@id\":\"https:\\\/\\\/www.altercampagne.net\\\/#website\",\"url\":\"https:\\\/\\\/www.altercampagne.net\\\/\",\"name\":\"AlterTour\",\"description\":\"Reliez les Alternatives \u00e0 v\u00e9lo\",\"potentialAction\":[{\"@type\":\"SearchAction\",\"target\":{\"@type\":\"EntryPoint\",\"urlTemplate\":\"https:\\\/\\\/www.altercampagne.net\\\/?s={search_term_string}\"},\"query-input\":{\"@type\":\"PropertyValueSpecification\",\"valueRequired\":true,\"valueName\":\"search_term_string\"}}],\"inLanguage\":\"fr-FR\"},{\"@type\":\"Person\",\"@id\":\"https:\\\/\\\/www.altercampagne.net\\\/#\\\/schema\\\/person\\\/0f261460c09e430caa0f9bcffa319109\",\"name\":\"Mathieu\",\"image\":{\"@type\":\"ImageObject\",\"inLanguage\":\"fr-FR\",\"@id\":\"https:\\\/\\\/secure.gravatar.com\\\/avatar\\\/aa9d3d24c83f2141e5e2709d0f63d09a99f6be6bb7a50abc4915838d9f54501a?s=96&d=mm&r=g\",\"url\":\"https:\\\/\\\/secure.gravatar.com\\\/avatar\\\/aa9d3d24c83f2141e5e2709d0f63d09a99f6be6bb7a50abc4915838d9f54501a?s=96&d=mm&r=g\",\"contentUrl\":\"https:\\\/\\\/secure.gravatar.com\\\/avatar\\\/aa9d3d24c83f2141e5e2709d0f63d09a99f6be6bb7a50abc4915838d9f54501a?s=96&d=mm&r=g\",\"caption\":\"Mathieu\"},\"url\":\"https:\\\/\\\/www.altercampagne.net\\\/?author=214\"}]}<\/script>\n<!-- \/ Yoast SEO plugin. -->","yoast_head_json":{"title":"200 militants d\u2019AlterTour r\u00e9unis - AlterTour","robots":{"index":"index","follow":"follow","max-snippet":"max-snippet:-1","max-image-preview":"max-image-preview:large","max-video-preview":"max-video-preview:-1"},"canonical":"https:\/\/www.altercampagne.net\/?p=4097","og_locale":"fr_FR","og_type":"article","og_title":"200 militants d\u2019AlterTour r\u00e9unis - AlterTour","og_description":"L\u2019AlterTour a fait \u00e9tape \u00e0 Culles-les-Roches, chez Corinne Richier. D\u00e9bats et repas ont anim\u00e9 la journ\u00e9e entre militants. Quelque 200 militants \u00e9taient r\u00e9unis, ce samedi, sur les hauteurs de Culles-les-Roches pour une escale de l\u2019AlterTour. Partis de Gien, dans le Loiret, le 18 juillet et apr\u00e8s le week-end des 20 ... Read More","og_url":"https:\/\/www.altercampagne.net\/?p=4097","og_site_name":"AlterTour","article_published_time":"2013-08-05T12:02:12+00:00","article_modified_time":"2019-09-16T12:40:31+00:00","og_image":[{"width":540,"height":262,"url":"https:\/\/www.altercampagne.net\/wp-content\/uploads\/2013\/08\/AT2013-culles-les-roches1.jpg","type":"image\/jpeg"}],"author":"Mathieu","twitter_card":"summary_large_image","twitter_misc":{"\u00c9crit par":"Mathieu","Dur\u00e9e de lecture estim\u00e9e":"1 minute"},"schema":{"@context":"https:\/\/schema.org","@graph":[{"@type":"Article","@id":"https:\/\/www.altercampagne.net\/?p=4097#article","isPartOf":{"@id":"https:\/\/www.altercampagne.net\/?p=4097"},"author":{"name":"Mathieu","@id":"https:\/\/www.altercampagne.net\/#\/schema\/person\/0f261460c09e430caa0f9bcffa319109"},"headline":"200 militants d\u2019AlterTour r\u00e9unis","datePublished":"2013-08-05T12:02:12+00:00","dateModified":"2019-09-16T12:40:31+00:00","mainEntityOfPage":{"@id":"https:\/\/www.altercampagne.net\/?p=4097"},"wordCount":238,"image":{"@id":"https:\/\/www.altercampagne.net\/?p=4097#primaryimage"},"thumbnailUrl":"https:\/\/www.altercampagne.net\/wp-content\/uploads\/2013\/08\/AT2013-culles-les-roches1.jpg","keywords":["SEL","AlterTour 2013","Bourgogne","sa\u00f4ne et loire","2013","Culles-les-Roches","Corinne Richier","plantes","aromatiques","m\u00e9dicinales","ASR","Jean-Pierre Lepri","\u00e9ducation autrement"],"articleSection":["Bourgogne-Franche-Comt\u00e9","Revue de presse","\u00c9dition 2013"],"inLanguage":"fr-FR"},{"@type":"WebPage","@id":"https:\/\/www.altercampagne.net\/?p=4097","url":"https:\/\/www.altercampagne.net\/?p=4097","name":"200 militants d\u2019AlterTour r\u00e9unis - AlterTour","isPartOf":{"@id":"https:\/\/www.altercampagne.net\/#website"},"primaryImageOfPage":{"@id":"https:\/\/www.altercampagne.net\/?p=4097#primaryimage"},"image":{"@id":"https:\/\/www.altercampagne.net\/?p=4097#primaryimage"},"thumbnailUrl":"https:\/\/www.altercampagne.net\/wp-content\/uploads\/2013\/08\/AT2013-culles-les-roches1.jpg","datePublished":"2013-08-05T12:02:12+00:00","dateModified":"2019-09-16T12:40:31+00:00","author":{"@id":"https:\/\/www.altercampagne.net\/#\/schema\/person\/0f261460c09e430caa0f9bcffa319109"},"breadcrumb":{"@id":"https:\/\/www.altercampagne.net\/?p=4097#breadcrumb"},"inLanguage":"fr-FR","potentialAction":[{"@type":"ReadAction","target":["https:\/\/www.altercampagne.net\/?p=4097"]}]},{"@type":"ImageObject","inLanguage":"fr-FR","@id":"https:\/\/www.altercampagne.net\/?p=4097#primaryimage","url":"https:\/\/www.altercampagne.net\/wp-content\/uploads\/2013\/08\/AT2013-culles-les-roches1.jpg","contentUrl":"https:\/\/www.altercampagne.net\/wp-content\/uploads\/2013\/08\/AT2013-culles-les-roches1.jpg","width":540,"height":262},{"@type":"BreadcrumbList","@id":"https:\/\/www.altercampagne.net\/?p=4097#breadcrumb","itemListElement":[{"@type":"ListItem","position":1,"name":"Accueil","item":"https:\/\/www.altercampagne.net\/"},{"@type":"ListItem","position":2,"name":"200 militants d\u2019AlterTour r\u00e9unis"}]},{"@type":"WebSite","@id":"https:\/\/www.altercampagne.net\/#website","url":"https:\/\/www.altercampagne.net\/","name":"AlterTour","description":"Reliez les Alternatives \u00e0 v\u00e9lo","potentialAction":[{"@type":"SearchAction","target":{"@type":"EntryPoint","urlTemplate":"https:\/\/www.altercampagne.net\/?s={search_term_string}"},"query-input":{"@type":"PropertyValueSpecification","valueRequired":true,"valueName":"search_term_string"}}],"inLanguage":"fr-FR"},{"@type":"Person","@id":"https:\/\/www.altercampagne.net\/#\/schema\/person\/0f261460c09e430caa0f9bcffa319109","name":"Mathieu","image":{"@type":"ImageObject","inLanguage":"fr-FR","@id":"https:\/\/secure.gravatar.com\/avatar\/aa9d3d24c83f2141e5e2709d0f63d09a99f6be6bb7a50abc4915838d9f54501a?s=96&d=mm&r=g","url":"https:\/\/secure.gravatar.com\/avatar\/aa9d3d24c83f2141e5e2709d0f63d09a99f6be6bb7a50abc4915838d9f54501a?s=96&d=mm&r=g","contentUrl":"https:\/\/secure.gravatar.com\/avatar\/aa9d3d24c83f2141e5e2709d0f63d09a99f6be6bb7a50abc4915838d9f54501a?s=96&d=mm&r=g","caption":"Mathieu"},"url":"https:\/\/www.altercampagne.net\/?author=214"}]}},"_links":{"self":[{"href":"https:\/\/www.altercampagne.net\/index.php?rest_route=\/wp\/v2\/posts\/4097","targetHints":{"allow":["GET"]}}],"collection":[{"href":"https:\/\/www.altercampagne.net\/index.php?rest_route=\/wp\/v2\/posts"}],"about":[{"href":"https:\/\/www.altercampagne.net\/index.php?rest_route=\/wp\/v2\/types\/post"}],"author":[{"embeddable":true,"href":"https:\/\/www.altercampagne.net\/index.php?rest_route=\/wp\/v2\/users\/214"}],"replies":[{"embeddable":true,"href":"https:\/\/www.altercampagne.net\/index.php?rest_route=%2Fwp%2Fv2%2Fcomments&post=4097"}],"version-history":[{"count":0,"href":"https:\/\/www.altercampagne.net\/index.php?rest_route=\/wp\/v2\/posts\/4097\/revisions"}],"wp:featuredmedia":[{"embeddable":true,"href":"https:\/\/www.altercampagne.net\/index.php?rest_route=\/wp\/v2\/media\/15730"}],"wp:attachment":[{"href":"https:\/\/www.altercampagne.net\/index.php?rest_route=%2Fwp%2Fv2%2Fmedia&parent=4097"}],"wp:term":[{"taxonomy":"category","embeddable":true,"href":"https:\/\/www.altercampagne.net\/index.php?rest_route=%2Fwp%2Fv2%2Fcategories&post=4097"},{"taxonomy":"post_tag","embeddable":true,"href":"https:\/\/www.altercampagne.net\/index.php?rest_route=%2Fwp%2Fv2%2Ftags&post=4097"}],"curies":[{"name":"wp","href":"https:\/\/api.w.org\/{rel}","templated":true}]}}