{"id":4102,"date":"2013-08-05T14:13:00","date_gmt":"2013-08-05T12:13:00","guid":{"rendered":"http:\/\/www.altercampagne.net\/?p=4102"},"modified":"2016-04-13T14:16:42","modified_gmt":"2016-04-13T12:16:42","slug":"altertour-la-tournee-des-initiatives-alternatives-a-fait-etape-a-chalon-sur-saone","status":"publish","type":"post","link":"https:\/\/www.altercampagne.net\/?p=4102","title":{"rendered":"AlterTour &#8211; La tourn\u00e9e des initiatives alternatives a fait \u00e9tape \u00e0 Chalon-sur-Sa\u00f4ne"},"content":{"rendered":"<p class=\"Style271 Style138 Style152 Style142\" align=\"justify\"><img loading=\"lazy\" decoding=\"async\" class=\" alignleft\" src=\"http:\/\/altercampagne.free.fr\/pages\/2008\/AlterTour\/pic\/AT2013-Chalon.jpg\" alt=\"\" width=\"400\" height=\"324\" \/>Hier apr\u00e8s-midi, la caravane de l\u2019AlterTour a fait \u00e9tape au port de plaisance. Depuis six ans, \u00ab nous allons \u00e0 la rencontre des alternatives, et cette ann\u00e9e particuli\u00e8rement des petits projets utiles \u00bb, confie Genevi\u00e8ve Cribier. Sur cette halte, c\u2019est l\u2019Association chalonnaise de transition \u00e9nerg\u00e9tique (ACTE) qui s\u2019est charg\u00e9e d\u2019organiser l\u2019accueil de cette caravane de 55 personnes.<\/p>\n<p class=\"Style271 Style138 Style152 Style142\" align=\"justify\">Tout au long de l\u2019apr\u00e8s-midi, des porteurs de projet locaux ont pr\u00e9sent\u00e9 leurs initiatives et \u00e9chang\u00e9 au cours d\u2019un moment de d\u00e9bat. Au rang des initiatives pr\u00e9sent\u00e9es on pouvait trouver V\u00e9lo sur Sa\u00f4ne, structure ambassadrice de la mobilit\u00e9 douce. Les \u00e9nergies renouvelables \u00e9taient \u00e9galement \u00e0 l\u2019honneur avec la d\u00e9monstration d\u2019un tracker solaire (panneau solaire tournant pour suivre la course du soleil) et l\u2019information sur le fournisseur d\u2019\u00e9nergie renouvelable Enercoop, encore confidentiel.<\/p>\n<p class=\"Style271 Style138 Style152 Style142\" align=\"justify\">Source : <a href=\"http:\/\/www.lejsl.com\/edition-de-chalon\/2013\/08\/05\/la-tournee-des-initiatives-alternatives-a-fait-etape#jimage=1F2A0799-A7F6-4698-841B-66FA8EAB75A3\" target=\"_blank\">http:\/\/www.lejsl.com\/edition-de-chalon\/2013\/08\/05\/la-tournee-des-initiatives-alternatives-a-fait-etape#jimage=1F2A0799-A7F6-4698-841B-66FA8EAB75A3<\/a><\/p>\n","protected":false},"excerpt":{"rendered":"<p>Hier apr\u00e8s-midi, la caravane de l\u2019AlterTour a fait \u00e9tape au port de plaisance. Depuis six ans, \u00ab nous allons \u00e0 la rencontre des alternatives, et cette ann\u00e9e particuli\u00e8rement des petits projets utiles \u00bb, confie Genevi\u00e8ve Cribier. Sur cette halte, c\u2019est l\u2019Association chalonnaise de transition \u00e9nerg\u00e9tique (ACTE) qui s\u2019est charg\u00e9e d\u2019organiser &#8230; <\/p>\n<div><a href=\"https:\/\/www.altercampagne.net\/?p=4102\" class=\"more-link\">Read More<\/a><\/div>\n","protected":false},"author":214,"featured_media":0,"comment_status":"closed","ping_status":"closed","sticky":false,"template":"","format":"standard","meta":{"footnotes":""},"categories":[239],"tags":[694,750,871,872,955,1017,1058,1656,1765,1766],"class_list":["post-4102","post","type-post","status-publish","format-standard","hentry","category-revue-de-presse","tag-altertour-2013","tag-genevieve-cribier","tag-acte","tag-enercoop","tag-chalon-sur-saone","tag-bourgogne","tag-saone-et-loire","tag-1656","tag-association-chalonnaise-de-transition-energetique","tag-velo-sur-saone","no-post-thumbnail"],"yoast_head":"<!-- This site is optimized with the Yoast SEO plugin v27.3 - https:\/\/yoast.com\/product\/yoast-seo-wordpress\/ -->\n<title>AlterTour - La tourn\u00e9e des initiatives alternatives a fait \u00e9tape \u00e0 Chalon-sur-Sa\u00f4ne - AlterTour<\/title>\n<meta name=\"robots\" content=\"index, follow, max-snippet:-1, max-image-preview:large, max-video-preview:-1\" \/>\n<link rel=\"canonical\" href=\"https:\/\/www.altercampagne.net\/?p=4102\" \/>\n<meta property=\"og:locale\" content=\"fr_FR\" \/>\n<meta property=\"og:type\" content=\"article\" \/>\n<meta property=\"og:title\" content=\"AlterTour - La tourn\u00e9e des initiatives alternatives a fait \u00e9tape \u00e0 Chalon-sur-Sa\u00f4ne - AlterTour\" \/>\n<meta property=\"og:description\" content=\"Hier apr\u00e8s-midi, la caravane de l\u2019AlterTour a fait \u00e9tape au port de plaisance. Depuis six ans, \u00ab nous allons \u00e0 la rencontre des alternatives, et cette ann\u00e9e particuli\u00e8rement des petits projets utiles \u00bb, confie Genevi\u00e8ve Cribier. Sur cette halte, c\u2019est l\u2019Association chalonnaise de transition \u00e9nerg\u00e9tique (ACTE) qui s\u2019est charg\u00e9e d\u2019organiser ... Read More\" \/>\n<meta property=\"og:url\" content=\"https:\/\/www.altercampagne.net\/?p=4102\" \/>\n<meta property=\"og:site_name\" content=\"AlterTour\" \/>\n<meta property=\"article:published_time\" content=\"2013-08-05T12:13:00+00:00\" \/>\n<meta property=\"article:modified_time\" content=\"2016-04-13T12:16:42+00:00\" \/>\n<meta property=\"og:image\" content=\"http:\/\/altercampagne.free.fr\/pages\/2008\/AlterTour\/pic\/AT2013-Chalon.jpg\" \/>\n<meta name=\"author\" content=\"Mathieu\" \/>\n<meta name=\"twitter:card\" content=\"summary_large_image\" \/>\n<meta name=\"twitter:label1\" content=\"\u00c9crit par\" \/>\n\t<meta name=\"twitter:data1\" content=\"Mathieu\" \/>\n\t<meta name=\"twitter:label2\" content=\"Dur\u00e9e de lecture estim\u00e9e\" \/>\n\t<meta name=\"twitter:data2\" content=\"1 minute\" \/>\n<script type=\"application\/ld+json\" class=\"yoast-schema-graph\">{\"@context\":\"https:\\\/\\\/schema.org\",\"@graph\":[{\"@type\":\"Article\",\"@id\":\"https:\\\/\\\/www.altercampagne.net\\\/?p=4102#article\",\"isPartOf\":{\"@id\":\"https:\\\/\\\/www.altercampagne.net\\\/?p=4102\"},\"author\":{\"name\":\"Mathieu\",\"@id\":\"https:\\\/\\\/www.altercampagne.net\\\/#\\\/schema\\\/person\\\/0f261460c09e430caa0f9bcffa319109\"},\"headline\":\"AlterTour &#8211; La tourn\u00e9e des initiatives alternatives a fait \u00e9tape \u00e0 Chalon-sur-Sa\u00f4ne\",\"datePublished\":\"2013-08-05T12:13:00+00:00\",\"dateModified\":\"2016-04-13T12:16:42+00:00\",\"mainEntityOfPage\":{\"@id\":\"https:\\\/\\\/www.altercampagne.net\\\/?p=4102\"},\"wordCount\":180,\"image\":{\"@id\":\"https:\\\/\\\/www.altercampagne.net\\\/?p=4102#primaryimage\"},\"thumbnailUrl\":\"http:\\\/\\\/altercampagne.free.fr\\\/pages\\\/2008\\\/AlterTour\\\/pic\\\/AT2013-Chalon.jpg\",\"keywords\":[\"AlterTour 2013\",\"genevi\u00e8ve cribier\",\"ACTE\",\"Enercoop\",\"Chalon-sur-Sa\u00f4ne\",\"Bourgogne\",\"sa\u00f4ne et loire\",\"2013\",\"Association chalonnaise de transition \u00e9nerg\u00e9tique\",\"V\u00e9lo sur Sa\u00f4ne\"],\"articleSection\":[\"Revue de presse\"],\"inLanguage\":\"fr-FR\"},{\"@type\":\"WebPage\",\"@id\":\"https:\\\/\\\/www.altercampagne.net\\\/?p=4102\",\"url\":\"https:\\\/\\\/www.altercampagne.net\\\/?p=4102\",\"name\":\"AlterTour - La tourn\u00e9e des initiatives alternatives a fait \u00e9tape \u00e0 Chalon-sur-Sa\u00f4ne - AlterTour\",\"isPartOf\":{\"@id\":\"https:\\\/\\\/www.altercampagne.net\\\/#website\"},\"primaryImageOfPage\":{\"@id\":\"https:\\\/\\\/www.altercampagne.net\\\/?p=4102#primaryimage\"},\"image\":{\"@id\":\"https:\\\/\\\/www.altercampagne.net\\\/?p=4102#primaryimage\"},\"thumbnailUrl\":\"http:\\\/\\\/altercampagne.free.fr\\\/pages\\\/2008\\\/AlterTour\\\/pic\\\/AT2013-Chalon.jpg\",\"datePublished\":\"2013-08-05T12:13:00+00:00\",\"dateModified\":\"2016-04-13T12:16:42+00:00\",\"author\":{\"@id\":\"https:\\\/\\\/www.altercampagne.net\\\/#\\\/schema\\\/person\\\/0f261460c09e430caa0f9bcffa319109\"},\"breadcrumb\":{\"@id\":\"https:\\\/\\\/www.altercampagne.net\\\/?p=4102#breadcrumb\"},\"inLanguage\":\"fr-FR\",\"potentialAction\":[{\"@type\":\"ReadAction\",\"target\":[\"https:\\\/\\\/www.altercampagne.net\\\/?p=4102\"]}]},{\"@type\":\"ImageObject\",\"inLanguage\":\"fr-FR\",\"@id\":\"https:\\\/\\\/www.altercampagne.net\\\/?p=4102#primaryimage\",\"url\":\"http:\\\/\\\/altercampagne.free.fr\\\/pages\\\/2008\\\/AlterTour\\\/pic\\\/AT2013-Chalon.jpg\",\"contentUrl\":\"http:\\\/\\\/altercampagne.free.fr\\\/pages\\\/2008\\\/AlterTour\\\/pic\\\/AT2013-Chalon.jpg\"},{\"@type\":\"BreadcrumbList\",\"@id\":\"https:\\\/\\\/www.altercampagne.net\\\/?p=4102#breadcrumb\",\"itemListElement\":[{\"@type\":\"ListItem\",\"position\":1,\"name\":\"Accueil\",\"item\":\"https:\\\/\\\/www.altercampagne.net\\\/\"},{\"@type\":\"ListItem\",\"position\":2,\"name\":\"AlterTour &#8211; La tourn\u00e9e des initiatives alternatives a fait \u00e9tape \u00e0 Chalon-sur-Sa\u00f4ne\"}]},{\"@type\":\"WebSite\",\"@id\":\"https:\\\/\\\/www.altercampagne.net\\\/#website\",\"url\":\"https:\\\/\\\/www.altercampagne.net\\\/\",\"name\":\"AlterTour\",\"description\":\"Reliez les Alternatives \u00e0 v\u00e9lo\",\"potentialAction\":[{\"@type\":\"SearchAction\",\"target\":{\"@type\":\"EntryPoint\",\"urlTemplate\":\"https:\\\/\\\/www.altercampagne.net\\\/?s={search_term_string}\"},\"query-input\":{\"@type\":\"PropertyValueSpecification\",\"valueRequired\":true,\"valueName\":\"search_term_string\"}}],\"inLanguage\":\"fr-FR\"},{\"@type\":\"Person\",\"@id\":\"https:\\\/\\\/www.altercampagne.net\\\/#\\\/schema\\\/person\\\/0f261460c09e430caa0f9bcffa319109\",\"name\":\"Mathieu\",\"image\":{\"@type\":\"ImageObject\",\"inLanguage\":\"fr-FR\",\"@id\":\"https:\\\/\\\/secure.gravatar.com\\\/avatar\\\/aa9d3d24c83f2141e5e2709d0f63d09a99f6be6bb7a50abc4915838d9f54501a?s=96&d=mm&r=g\",\"url\":\"https:\\\/\\\/secure.gravatar.com\\\/avatar\\\/aa9d3d24c83f2141e5e2709d0f63d09a99f6be6bb7a50abc4915838d9f54501a?s=96&d=mm&r=g\",\"contentUrl\":\"https:\\\/\\\/secure.gravatar.com\\\/avatar\\\/aa9d3d24c83f2141e5e2709d0f63d09a99f6be6bb7a50abc4915838d9f54501a?s=96&d=mm&r=g\",\"caption\":\"Mathieu\"},\"url\":\"https:\\\/\\\/www.altercampagne.net\\\/?author=214\"}]}<\/script>\n<!-- \/ Yoast SEO plugin. -->","yoast_head_json":{"title":"AlterTour - La tourn\u00e9e des initiatives alternatives a fait \u00e9tape \u00e0 Chalon-sur-Sa\u00f4ne - AlterTour","robots":{"index":"index","follow":"follow","max-snippet":"max-snippet:-1","max-image-preview":"max-image-preview:large","max-video-preview":"max-video-preview:-1"},"canonical":"https:\/\/www.altercampagne.net\/?p=4102","og_locale":"fr_FR","og_type":"article","og_title":"AlterTour - La tourn\u00e9e des initiatives alternatives a fait \u00e9tape \u00e0 Chalon-sur-Sa\u00f4ne - AlterTour","og_description":"Hier apr\u00e8s-midi, la caravane de l\u2019AlterTour a fait \u00e9tape au port de plaisance. Depuis six ans, \u00ab nous allons \u00e0 la rencontre des alternatives, et cette ann\u00e9e particuli\u00e8rement des petits projets utiles \u00bb, confie Genevi\u00e8ve Cribier. Sur cette halte, c\u2019est l\u2019Association chalonnaise de transition \u00e9nerg\u00e9tique (ACTE) qui s\u2019est charg\u00e9e d\u2019organiser ... Read More","og_url":"https:\/\/www.altercampagne.net\/?p=4102","og_site_name":"AlterTour","article_published_time":"2013-08-05T12:13:00+00:00","article_modified_time":"2016-04-13T12:16:42+00:00","og_image":[{"url":"http:\/\/altercampagne.free.fr\/pages\/2008\/AlterTour\/pic\/AT2013-Chalon.jpg","type":"","width":"","height":""}],"author":"Mathieu","twitter_card":"summary_large_image","twitter_misc":{"\u00c9crit par":"Mathieu","Dur\u00e9e de lecture estim\u00e9e":"1 minute"},"schema":{"@context":"https:\/\/schema.org","@graph":[{"@type":"Article","@id":"https:\/\/www.altercampagne.net\/?p=4102#article","isPartOf":{"@id":"https:\/\/www.altercampagne.net\/?p=4102"},"author":{"name":"Mathieu","@id":"https:\/\/www.altercampagne.net\/#\/schema\/person\/0f261460c09e430caa0f9bcffa319109"},"headline":"AlterTour &#8211; La tourn\u00e9e des initiatives alternatives a fait \u00e9tape \u00e0 Chalon-sur-Sa\u00f4ne","datePublished":"2013-08-05T12:13:00+00:00","dateModified":"2016-04-13T12:16:42+00:00","mainEntityOfPage":{"@id":"https:\/\/www.altercampagne.net\/?p=4102"},"wordCount":180,"image":{"@id":"https:\/\/www.altercampagne.net\/?p=4102#primaryimage"},"thumbnailUrl":"http:\/\/altercampagne.free.fr\/pages\/2008\/AlterTour\/pic\/AT2013-Chalon.jpg","keywords":["AlterTour 2013","genevi\u00e8ve cribier","ACTE","Enercoop","Chalon-sur-Sa\u00f4ne","Bourgogne","sa\u00f4ne et loire","2013","Association chalonnaise de transition \u00e9nerg\u00e9tique","V\u00e9lo sur Sa\u00f4ne"],"articleSection":["Revue de presse"],"inLanguage":"fr-FR"},{"@type":"WebPage","@id":"https:\/\/www.altercampagne.net\/?p=4102","url":"https:\/\/www.altercampagne.net\/?p=4102","name":"AlterTour - La tourn\u00e9e des initiatives alternatives a fait \u00e9tape \u00e0 Chalon-sur-Sa\u00f4ne - AlterTour","isPartOf":{"@id":"https:\/\/www.altercampagne.net\/#website"},"primaryImageOfPage":{"@id":"https:\/\/www.altercampagne.net\/?p=4102#primaryimage"},"image":{"@id":"https:\/\/www.altercampagne.net\/?p=4102#primaryimage"},"thumbnailUrl":"http:\/\/altercampagne.free.fr\/pages\/2008\/AlterTour\/pic\/AT2013-Chalon.jpg","datePublished":"2013-08-05T12:13:00+00:00","dateModified":"2016-04-13T12:16:42+00:00","author":{"@id":"https:\/\/www.altercampagne.net\/#\/schema\/person\/0f261460c09e430caa0f9bcffa319109"},"breadcrumb":{"@id":"https:\/\/www.altercampagne.net\/?p=4102#breadcrumb"},"inLanguage":"fr-FR","potentialAction":[{"@type":"ReadAction","target":["https:\/\/www.altercampagne.net\/?p=4102"]}]},{"@type":"ImageObject","inLanguage":"fr-FR","@id":"https:\/\/www.altercampagne.net\/?p=4102#primaryimage","url":"http:\/\/altercampagne.free.fr\/pages\/2008\/AlterTour\/pic\/AT2013-Chalon.jpg","contentUrl":"http:\/\/altercampagne.free.fr\/pages\/2008\/AlterTour\/pic\/AT2013-Chalon.jpg"},{"@type":"BreadcrumbList","@id":"https:\/\/www.altercampagne.net\/?p=4102#breadcrumb","itemListElement":[{"@type":"ListItem","position":1,"name":"Accueil","item":"https:\/\/www.altercampagne.net\/"},{"@type":"ListItem","position":2,"name":"AlterTour &#8211; La tourn\u00e9e des initiatives alternatives a fait \u00e9tape \u00e0 Chalon-sur-Sa\u00f4ne"}]},{"@type":"WebSite","@id":"https:\/\/www.altercampagne.net\/#website","url":"https:\/\/www.altercampagne.net\/","name":"AlterTour","description":"Reliez les Alternatives \u00e0 v\u00e9lo","potentialAction":[{"@type":"SearchAction","target":{"@type":"EntryPoint","urlTemplate":"https:\/\/www.altercampagne.net\/?s={search_term_string}"},"query-input":{"@type":"PropertyValueSpecification","valueRequired":true,"valueName":"search_term_string"}}],"inLanguage":"fr-FR"},{"@type":"Person","@id":"https:\/\/www.altercampagne.net\/#\/schema\/person\/0f261460c09e430caa0f9bcffa319109","name":"Mathieu","image":{"@type":"ImageObject","inLanguage":"fr-FR","@id":"https:\/\/secure.gravatar.com\/avatar\/aa9d3d24c83f2141e5e2709d0f63d09a99f6be6bb7a50abc4915838d9f54501a?s=96&d=mm&r=g","url":"https:\/\/secure.gravatar.com\/avatar\/aa9d3d24c83f2141e5e2709d0f63d09a99f6be6bb7a50abc4915838d9f54501a?s=96&d=mm&r=g","contentUrl":"https:\/\/secure.gravatar.com\/avatar\/aa9d3d24c83f2141e5e2709d0f63d09a99f6be6bb7a50abc4915838d9f54501a?s=96&d=mm&r=g","caption":"Mathieu"},"url":"https:\/\/www.altercampagne.net\/?author=214"}]}},"_links":{"self":[{"href":"https:\/\/www.altercampagne.net\/index.php?rest_route=\/wp\/v2\/posts\/4102","targetHints":{"allow":["GET"]}}],"collection":[{"href":"https:\/\/www.altercampagne.net\/index.php?rest_route=\/wp\/v2\/posts"}],"about":[{"href":"https:\/\/www.altercampagne.net\/index.php?rest_route=\/wp\/v2\/types\/post"}],"author":[{"embeddable":true,"href":"https:\/\/www.altercampagne.net\/index.php?rest_route=\/wp\/v2\/users\/214"}],"replies":[{"embeddable":true,"href":"https:\/\/www.altercampagne.net\/index.php?rest_route=%2Fwp%2Fv2%2Fcomments&post=4102"}],"version-history":[{"count":0,"href":"https:\/\/www.altercampagne.net\/index.php?rest_route=\/wp\/v2\/posts\/4102\/revisions"}],"wp:attachment":[{"href":"https:\/\/www.altercampagne.net\/index.php?rest_route=%2Fwp%2Fv2%2Fmedia&parent=4102"}],"wp:term":[{"taxonomy":"category","embeddable":true,"href":"https:\/\/www.altercampagne.net\/index.php?rest_route=%2Fwp%2Fv2%2Fcategories&post=4102"},{"taxonomy":"post_tag","embeddable":true,"href":"https:\/\/www.altercampagne.net\/index.php?rest_route=%2Fwp%2Fv2%2Ftags&post=4102"}],"curies":[{"name":"wp","href":"https:\/\/api.w.org\/{rel}","templated":true}]}}