{"id":4107,"date":"2013-08-04T15:11:58","date_gmt":"2013-08-04T13:11:58","guid":{"rendered":"http:\/\/www.altercampagne.net\/?p=4107"},"modified":"2016-04-13T15:17:10","modified_gmt":"2016-04-13T13:17:10","slug":"le-changement-en-pedalant","status":"publish","type":"post","link":"https:\/\/www.altercampagne.net\/?p=4107","title":{"rendered":"Le changement en p\u00e9dalant"},"content":{"rendered":"<p class=\"Style271 Style138 Style152 Style142\" align=\"justify\"><a href=\"http:\/\/www.altercampagne.net\/wp-content\/uploads\/2016\/04\/bard-le-regulier-Anost.jpg\"><img loading=\"lazy\" decoding=\"async\" class=\" size-medium wp-image-4108 alignleft\" src=\"http:\/\/www.altercampagne.net\/wp-content\/uploads\/2016\/04\/bard-le-regulier-Anost-300x211.jpg\" alt=\"Bard-le-regulier - Anost\" width=\"300\" height=\"211\" srcset=\"https:\/\/www.altercampagne.net\/wp-content\/uploads\/2016\/04\/bard-le-regulier-Anost-300x211.jpg 300w, https:\/\/www.altercampagne.net\/wp-content\/uploads\/2016\/04\/bard-le-regulier-Anost.jpg 940w\" sizes=\"auto, (max-width: 300px) 100vw, 300px\" \/><\/a>L\u2019AlterTour fait \u00e9tape \u00e0 Chalon. En route avec ceux qui roulent \u00e0 la rencontre d\u2019alternatives au dopage de l\u2019\u00e9conomie et de la soci\u00e9t\u00e9.<br \/>\nUn va-et-vient incessant de T-shirts color\u00e9s et estampill\u00e9s \u00ab Non \u00e0 une soci\u00e9t\u00e9 dop\u00e9e \u00bb. R\u00e9partition des v\u00e9los, vaisselle, rangement des tentes. Direction Anost, 22 km plus loin, pour la cinquantaine de cyclistes de l\u2019AlterTour 2013, qui traverse le Centre, la Bourgogne et la Franche-Comt\u00e9, jusqu\u2019au 25 ao\u00fbt. Chaque ann\u00e9e, la r\u00e9gion change mais le principe reste le m\u00eame : rallier \u00e0 v\u00e9lo diverses alternatives. Producteurs locaux et bio, h\u00e9bergement \u00e0 la ferme, \u00e9cole Montessori\u2026 \u00ab Il s\u2019agit d\u2019endroits o\u00f9 les valeurs de base sont humaines. Pour une soci\u00e9t\u00e9 plus juste et \u00e9conomiquement soutenable. Le v\u00e9lo, c\u2019est un clin d\u2019\u0153il au dopage, car la soci\u00e9t\u00e9 dans son ensemble est dop\u00e9e : les pesticides en agriculture, l\u2019\u00e9conomie qui ne correspond plus \u00e0 l\u2019\u00e9conomie r\u00e9elle\u2026 \u00bb, d\u00e9crypte Sophie, 33 ans, responsable de l\u2019\u00e9tape \u00e0 venir.<\/p>\n<p class=\"Style271 Style138 Style152 Style142\" align=\"justify\">Autogestion<br \/>\n\u00c0 peine le temps de terminer son bol, que le coresponsable du jour, Romain, l\u2019interpelle pour le briefing. Un rituel quotidien afin de pr\u00e9senter l\u2019\u00e9tape et r\u00e9partir les t\u00e2ches : intendance, r\u00e9veil, conduite des v\u00e9hicules\u2026 L\u2019AlterTour fonctionne donc en autogestion et la g\u00e9rance est tournante. Aline, 27 ans, d\u00e9j\u00e0 coiff\u00e9e de son casque, t\u00e9moigne, large sourire aux l\u00e8vres : \u00ab Je ne suis pas militante \u00e0 la base. Lors de mes premi\u00e8res participations, je complexais. Mais aujourd\u2019hui, d\u00e8s que je rentre chez moi, j\u2019ai envie de tout r\u00e9volutionner. Et je me suis mise \u00e0 manger local et bio.\u00bb<\/p>\n<p class=\"Style271 Style138 Style152 Style142\" align=\"justify\">Alors que de nouvelles t\u00eates rejoignent le groupe, comme \u00e0 chaque \u00e9tape. Certaines le quittent. Non sans regret. \u00ab Ma participation n\u2019\u00e9tait pas pr\u00e9vue ! Je les ai accueillis dans mon association d\u2019auto-r\u00e9paration de v\u00e9los, \u00e0 Dijon. Puis je les ai suivis. Leur organisation collective m\u2019a fascin\u00e9 \u00bb, s\u2019\u00e9merveille Philippe, 37 ans, sur le point d\u2019avaler 80 km en deux roues. \u00ab Nous nous appuyons sur les luttes classiques et les alternatives en marche pour cr\u00e9er un militantisme festif et attrayant pour les gens ext\u00e9rieurs. Car le militant a encore trop l\u2019\u00e9tiquette du r\u00e2leur, qui fait peur \u00bb, avoue Mathieu, 30 ans, l\u2019unique salari\u00e9 de l\u2019association AlterTour.<\/p>\n<p class=\"Style271 Style138 Style152 Style142\" align=\"justify\">\u00ab Marchandisation \u00bb<br \/>\nSous les casques, tous les \u00e2ges, tous les profils. Militants avertis ou en devenir. Fabien, 45 ans, se sent ici \u00ab comme un poisson dans l\u2019eau \u00bb. Bavard mais r\u00e9fl\u00e9chi, il s\u2019explique volontiers : \u00ab En observant ces alternatives qui donnent aux citoyens les moyens d\u2019\u00eatre ma\u00eetre de leur avenir, je suis encore plus convaincu que l\u2019individu est devenu une marchandise. \u00bb Les voil\u00e0 partis sur la route \u00e9troite et vallonn\u00e9e, \u00e0 travers la for\u00eat du Morvan. Des bin\u00f4mes se forment, \u00e9changent. Les drapeaux color\u00e9s flottent \u00e0 l\u2019arri\u00e8re des bicyclettes : \u00ab Non au nucl\u00e9aire \u00bb ou \u00ab OGM, j\u2019en veux pas \u00bb. Au carrefour, \u00e0 la rencontre de villageois, ils distribuent des flyers, lancent des bonjours jovials. \u00c9lisabeth souffle plus fort que les autres. Elle a 64 ans. Une vie pass\u00e9e \u00e0 vivre en harmonie avec la nature. Toilettes s\u00e8ches, sans \u00e9lectricit\u00e9, pendant longtemps. \u00ab Je suis d\u00e9j\u00e0 conquise mais je suis toujours autant \u00e9merveill\u00e9e par le monde qui s\u2019associe \u00e0 ces causes. \u00bb Quelques tours de roues et elle d\u00e9passe L\u00e9a, 14 ans. La rel\u00e8ve semble assur\u00e9e.<\/p>\n<p class=\"Style271 Style138 Style152 Style142\" align=\"justify\">Source : <a href=\"http:\/\/www.lejsl.com\/saone-et-loire\/2013\/08\/04\/le-changement-en-pedalant\" target=\"_blank\">http:\/\/www.lejsl.com\/saone-et-loire\/2013\/08\/04\/le-changement-en-pedalant<\/a><\/p>\n","protected":false},"excerpt":{"rendered":"<p>L\u2019AlterTour fait \u00e9tape \u00e0 Chalon. En route avec ceux qui roulent \u00e0 la rencontre d\u2019alternatives au dopage de l\u2019\u00e9conomie et de la soci\u00e9t\u00e9. Un va-et-vient incessant de T-shirts color\u00e9s et estampill\u00e9s \u00ab Non \u00e0 une soci\u00e9t\u00e9 dop\u00e9e \u00bb. R\u00e9partition des v\u00e9los, vaisselle, rangement des tentes. Direction Anost, 22 km plus &#8230; <\/p>\n<div><a href=\"https:\/\/www.altercampagne.net\/?p=4107\" class=\"more-link\">Read More<\/a><\/div>\n","protected":false},"author":214,"featured_media":0,"comment_status":"closed","ping_status":"closed","sticky":false,"template":"","format":"standard","meta":{"footnotes":""},"categories":[239],"tags":[694,955,1017,1058,1591,1656,1747,1760],"class_list":["post-4107","post","type-post","status-publish","format-standard","hentry","category-revue-de-presse","tag-altertour-2013","tag-chalon-sur-saone","tag-bourgogne","tag-saone-et-loire","tag-montessori","tag-1656","tag-bard-le-regulier","tag-anost","no-post-thumbnail"],"yoast_head":"<!-- This site is optimized with the Yoast SEO plugin v27.3 - https:\/\/yoast.com\/product\/yoast-seo-wordpress\/ -->\n<title>Le changement en p\u00e9dalant - AlterTour<\/title>\n<meta name=\"robots\" content=\"index, follow, max-snippet:-1, max-image-preview:large, max-video-preview:-1\" \/>\n<link rel=\"canonical\" href=\"https:\/\/www.altercampagne.net\/?p=4107\" \/>\n<meta property=\"og:locale\" content=\"fr_FR\" \/>\n<meta property=\"og:type\" content=\"article\" \/>\n<meta property=\"og:title\" content=\"Le changement en p\u00e9dalant - AlterTour\" \/>\n<meta property=\"og:description\" content=\"L\u2019AlterTour fait \u00e9tape \u00e0 Chalon. En route avec ceux qui roulent \u00e0 la rencontre d\u2019alternatives au dopage de l\u2019\u00e9conomie et de la soci\u00e9t\u00e9. Un va-et-vient incessant de T-shirts color\u00e9s et estampill\u00e9s \u00ab Non \u00e0 une soci\u00e9t\u00e9 dop\u00e9e \u00bb. R\u00e9partition des v\u00e9los, vaisselle, rangement des tentes. Direction Anost, 22 km plus ... Read More\" \/>\n<meta property=\"og:url\" content=\"https:\/\/www.altercampagne.net\/?p=4107\" \/>\n<meta property=\"og:site_name\" content=\"AlterTour\" \/>\n<meta property=\"article:published_time\" content=\"2013-08-04T13:11:58+00:00\" \/>\n<meta property=\"article:modified_time\" content=\"2016-04-13T13:17:10+00:00\" \/>\n<meta property=\"og:image\" content=\"http:\/\/www.altercampagne.net\/wp-content\/uploads\/2016\/04\/bard-le-regulier-Anost-300x211.jpg\" \/>\n<meta name=\"author\" content=\"Mathieu\" \/>\n<meta name=\"twitter:card\" content=\"summary_large_image\" \/>\n<meta name=\"twitter:label1\" content=\"\u00c9crit par\" \/>\n\t<meta name=\"twitter:data1\" content=\"Mathieu\" \/>\n\t<meta name=\"twitter:label2\" content=\"Dur\u00e9e de lecture estim\u00e9e\" \/>\n\t<meta name=\"twitter:data2\" content=\"3 minutes\" \/>\n<script type=\"application\/ld+json\" class=\"yoast-schema-graph\">{\"@context\":\"https:\\\/\\\/schema.org\",\"@graph\":[{\"@type\":\"Article\",\"@id\":\"https:\\\/\\\/www.altercampagne.net\\\/?p=4107#article\",\"isPartOf\":{\"@id\":\"https:\\\/\\\/www.altercampagne.net\\\/?p=4107\"},\"author\":{\"name\":\"Mathieu\",\"@id\":\"https:\\\/\\\/www.altercampagne.net\\\/#\\\/schema\\\/person\\\/0f261460c09e430caa0f9bcffa319109\"},\"headline\":\"Le changement en p\u00e9dalant\",\"datePublished\":\"2013-08-04T13:11:58+00:00\",\"dateModified\":\"2016-04-13T13:17:10+00:00\",\"mainEntityOfPage\":{\"@id\":\"https:\\\/\\\/www.altercampagne.net\\\/?p=4107\"},\"wordCount\":588,\"image\":{\"@id\":\"https:\\\/\\\/www.altercampagne.net\\\/?p=4107#primaryimage\"},\"thumbnailUrl\":\"http:\\\/\\\/www.altercampagne.net\\\/wp-content\\\/uploads\\\/2016\\\/04\\\/bard-le-regulier-Anost-300x211.jpg\",\"keywords\":[\"AlterTour 2013\",\"Chalon-sur-Sa\u00f4ne\",\"Bourgogne\",\"sa\u00f4ne et loire\",\"Montessori\",\"2013\",\"Bard-le-R\u00e9gulier\",\"Anost\"],\"articleSection\":[\"Revue de presse\"],\"inLanguage\":\"fr-FR\"},{\"@type\":\"WebPage\",\"@id\":\"https:\\\/\\\/www.altercampagne.net\\\/?p=4107\",\"url\":\"https:\\\/\\\/www.altercampagne.net\\\/?p=4107\",\"name\":\"Le changement en p\u00e9dalant - AlterTour\",\"isPartOf\":{\"@id\":\"https:\\\/\\\/www.altercampagne.net\\\/#website\"},\"primaryImageOfPage\":{\"@id\":\"https:\\\/\\\/www.altercampagne.net\\\/?p=4107#primaryimage\"},\"image\":{\"@id\":\"https:\\\/\\\/www.altercampagne.net\\\/?p=4107#primaryimage\"},\"thumbnailUrl\":\"http:\\\/\\\/www.altercampagne.net\\\/wp-content\\\/uploads\\\/2016\\\/04\\\/bard-le-regulier-Anost-300x211.jpg\",\"datePublished\":\"2013-08-04T13:11:58+00:00\",\"dateModified\":\"2016-04-13T13:17:10+00:00\",\"author\":{\"@id\":\"https:\\\/\\\/www.altercampagne.net\\\/#\\\/schema\\\/person\\\/0f261460c09e430caa0f9bcffa319109\"},\"breadcrumb\":{\"@id\":\"https:\\\/\\\/www.altercampagne.net\\\/?p=4107#breadcrumb\"},\"inLanguage\":\"fr-FR\",\"potentialAction\":[{\"@type\":\"ReadAction\",\"target\":[\"https:\\\/\\\/www.altercampagne.net\\\/?p=4107\"]}]},{\"@type\":\"ImageObject\",\"inLanguage\":\"fr-FR\",\"@id\":\"https:\\\/\\\/www.altercampagne.net\\\/?p=4107#primaryimage\",\"url\":\"https:\\\/\\\/www.altercampagne.net\\\/wp-content\\\/uploads\\\/2016\\\/04\\\/bard-le-regulier-Anost.jpg\",\"contentUrl\":\"https:\\\/\\\/www.altercampagne.net\\\/wp-content\\\/uploads\\\/2016\\\/04\\\/bard-le-regulier-Anost.jpg\",\"width\":940,\"height\":660},{\"@type\":\"BreadcrumbList\",\"@id\":\"https:\\\/\\\/www.altercampagne.net\\\/?p=4107#breadcrumb\",\"itemListElement\":[{\"@type\":\"ListItem\",\"position\":1,\"name\":\"Accueil\",\"item\":\"https:\\\/\\\/www.altercampagne.net\\\/\"},{\"@type\":\"ListItem\",\"position\":2,\"name\":\"Le changement en p\u00e9dalant\"}]},{\"@type\":\"WebSite\",\"@id\":\"https:\\\/\\\/www.altercampagne.net\\\/#website\",\"url\":\"https:\\\/\\\/www.altercampagne.net\\\/\",\"name\":\"AlterTour\",\"description\":\"Reliez les Alternatives \u00e0 v\u00e9lo\",\"potentialAction\":[{\"@type\":\"SearchAction\",\"target\":{\"@type\":\"EntryPoint\",\"urlTemplate\":\"https:\\\/\\\/www.altercampagne.net\\\/?s={search_term_string}\"},\"query-input\":{\"@type\":\"PropertyValueSpecification\",\"valueRequired\":true,\"valueName\":\"search_term_string\"}}],\"inLanguage\":\"fr-FR\"},{\"@type\":\"Person\",\"@id\":\"https:\\\/\\\/www.altercampagne.net\\\/#\\\/schema\\\/person\\\/0f261460c09e430caa0f9bcffa319109\",\"name\":\"Mathieu\",\"image\":{\"@type\":\"ImageObject\",\"inLanguage\":\"fr-FR\",\"@id\":\"https:\\\/\\\/secure.gravatar.com\\\/avatar\\\/aa9d3d24c83f2141e5e2709d0f63d09a99f6be6bb7a50abc4915838d9f54501a?s=96&d=mm&r=g\",\"url\":\"https:\\\/\\\/secure.gravatar.com\\\/avatar\\\/aa9d3d24c83f2141e5e2709d0f63d09a99f6be6bb7a50abc4915838d9f54501a?s=96&d=mm&r=g\",\"contentUrl\":\"https:\\\/\\\/secure.gravatar.com\\\/avatar\\\/aa9d3d24c83f2141e5e2709d0f63d09a99f6be6bb7a50abc4915838d9f54501a?s=96&d=mm&r=g\",\"caption\":\"Mathieu\"},\"url\":\"https:\\\/\\\/www.altercampagne.net\\\/?author=214\"}]}<\/script>\n<!-- \/ Yoast SEO plugin. -->","yoast_head_json":{"title":"Le changement en p\u00e9dalant - AlterTour","robots":{"index":"index","follow":"follow","max-snippet":"max-snippet:-1","max-image-preview":"max-image-preview:large","max-video-preview":"max-video-preview:-1"},"canonical":"https:\/\/www.altercampagne.net\/?p=4107","og_locale":"fr_FR","og_type":"article","og_title":"Le changement en p\u00e9dalant - AlterTour","og_description":"L\u2019AlterTour fait \u00e9tape \u00e0 Chalon. En route avec ceux qui roulent \u00e0 la rencontre d\u2019alternatives au dopage de l\u2019\u00e9conomie et de la soci\u00e9t\u00e9. Un va-et-vient incessant de T-shirts color\u00e9s et estampill\u00e9s \u00ab Non \u00e0 une soci\u00e9t\u00e9 dop\u00e9e \u00bb. R\u00e9partition des v\u00e9los, vaisselle, rangement des tentes. Direction Anost, 22 km plus ... Read More","og_url":"https:\/\/www.altercampagne.net\/?p=4107","og_site_name":"AlterTour","article_published_time":"2013-08-04T13:11:58+00:00","article_modified_time":"2016-04-13T13:17:10+00:00","og_image":[{"url":"http:\/\/www.altercampagne.net\/wp-content\/uploads\/2016\/04\/bard-le-regulier-Anost-300x211.jpg","type":"","width":"","height":""}],"author":"Mathieu","twitter_card":"summary_large_image","twitter_misc":{"\u00c9crit par":"Mathieu","Dur\u00e9e de lecture estim\u00e9e":"3 minutes"},"schema":{"@context":"https:\/\/schema.org","@graph":[{"@type":"Article","@id":"https:\/\/www.altercampagne.net\/?p=4107#article","isPartOf":{"@id":"https:\/\/www.altercampagne.net\/?p=4107"},"author":{"name":"Mathieu","@id":"https:\/\/www.altercampagne.net\/#\/schema\/person\/0f261460c09e430caa0f9bcffa319109"},"headline":"Le changement en p\u00e9dalant","datePublished":"2013-08-04T13:11:58+00:00","dateModified":"2016-04-13T13:17:10+00:00","mainEntityOfPage":{"@id":"https:\/\/www.altercampagne.net\/?p=4107"},"wordCount":588,"image":{"@id":"https:\/\/www.altercampagne.net\/?p=4107#primaryimage"},"thumbnailUrl":"http:\/\/www.altercampagne.net\/wp-content\/uploads\/2016\/04\/bard-le-regulier-Anost-300x211.jpg","keywords":["AlterTour 2013","Chalon-sur-Sa\u00f4ne","Bourgogne","sa\u00f4ne et loire","Montessori","2013","Bard-le-R\u00e9gulier","Anost"],"articleSection":["Revue de presse"],"inLanguage":"fr-FR"},{"@type":"WebPage","@id":"https:\/\/www.altercampagne.net\/?p=4107","url":"https:\/\/www.altercampagne.net\/?p=4107","name":"Le changement en p\u00e9dalant - AlterTour","isPartOf":{"@id":"https:\/\/www.altercampagne.net\/#website"},"primaryImageOfPage":{"@id":"https:\/\/www.altercampagne.net\/?p=4107#primaryimage"},"image":{"@id":"https:\/\/www.altercampagne.net\/?p=4107#primaryimage"},"thumbnailUrl":"http:\/\/www.altercampagne.net\/wp-content\/uploads\/2016\/04\/bard-le-regulier-Anost-300x211.jpg","datePublished":"2013-08-04T13:11:58+00:00","dateModified":"2016-04-13T13:17:10+00:00","author":{"@id":"https:\/\/www.altercampagne.net\/#\/schema\/person\/0f261460c09e430caa0f9bcffa319109"},"breadcrumb":{"@id":"https:\/\/www.altercampagne.net\/?p=4107#breadcrumb"},"inLanguage":"fr-FR","potentialAction":[{"@type":"ReadAction","target":["https:\/\/www.altercampagne.net\/?p=4107"]}]},{"@type":"ImageObject","inLanguage":"fr-FR","@id":"https:\/\/www.altercampagne.net\/?p=4107#primaryimage","url":"https:\/\/www.altercampagne.net\/wp-content\/uploads\/2016\/04\/bard-le-regulier-Anost.jpg","contentUrl":"https:\/\/www.altercampagne.net\/wp-content\/uploads\/2016\/04\/bard-le-regulier-Anost.jpg","width":940,"height":660},{"@type":"BreadcrumbList","@id":"https:\/\/www.altercampagne.net\/?p=4107#breadcrumb","itemListElement":[{"@type":"ListItem","position":1,"name":"Accueil","item":"https:\/\/www.altercampagne.net\/"},{"@type":"ListItem","position":2,"name":"Le changement en p\u00e9dalant"}]},{"@type":"WebSite","@id":"https:\/\/www.altercampagne.net\/#website","url":"https:\/\/www.altercampagne.net\/","name":"AlterTour","description":"Reliez les Alternatives \u00e0 v\u00e9lo","potentialAction":[{"@type":"SearchAction","target":{"@type":"EntryPoint","urlTemplate":"https:\/\/www.altercampagne.net\/?s={search_term_string}"},"query-input":{"@type":"PropertyValueSpecification","valueRequired":true,"valueName":"search_term_string"}}],"inLanguage":"fr-FR"},{"@type":"Person","@id":"https:\/\/www.altercampagne.net\/#\/schema\/person\/0f261460c09e430caa0f9bcffa319109","name":"Mathieu","image":{"@type":"ImageObject","inLanguage":"fr-FR","@id":"https:\/\/secure.gravatar.com\/avatar\/aa9d3d24c83f2141e5e2709d0f63d09a99f6be6bb7a50abc4915838d9f54501a?s=96&d=mm&r=g","url":"https:\/\/secure.gravatar.com\/avatar\/aa9d3d24c83f2141e5e2709d0f63d09a99f6be6bb7a50abc4915838d9f54501a?s=96&d=mm&r=g","contentUrl":"https:\/\/secure.gravatar.com\/avatar\/aa9d3d24c83f2141e5e2709d0f63d09a99f6be6bb7a50abc4915838d9f54501a?s=96&d=mm&r=g","caption":"Mathieu"},"url":"https:\/\/www.altercampagne.net\/?author=214"}]}},"_links":{"self":[{"href":"https:\/\/www.altercampagne.net\/index.php?rest_route=\/wp\/v2\/posts\/4107","targetHints":{"allow":["GET"]}}],"collection":[{"href":"https:\/\/www.altercampagne.net\/index.php?rest_route=\/wp\/v2\/posts"}],"about":[{"href":"https:\/\/www.altercampagne.net\/index.php?rest_route=\/wp\/v2\/types\/post"}],"author":[{"embeddable":true,"href":"https:\/\/www.altercampagne.net\/index.php?rest_route=\/wp\/v2\/users\/214"}],"replies":[{"embeddable":true,"href":"https:\/\/www.altercampagne.net\/index.php?rest_route=%2Fwp%2Fv2%2Fcomments&post=4107"}],"version-history":[{"count":0,"href":"https:\/\/www.altercampagne.net\/index.php?rest_route=\/wp\/v2\/posts\/4107\/revisions"}],"wp:attachment":[{"href":"https:\/\/www.altercampagne.net\/index.php?rest_route=%2Fwp%2Fv2%2Fmedia&parent=4107"}],"wp:term":[{"taxonomy":"category","embeddable":true,"href":"https:\/\/www.altercampagne.net\/index.php?rest_route=%2Fwp%2Fv2%2Fcategories&post=4107"},{"taxonomy":"post_tag","embeddable":true,"href":"https:\/\/www.altercampagne.net\/index.php?rest_route=%2Fwp%2Fv2%2Ftags&post=4107"}],"curies":[{"name":"wp","href":"https:\/\/api.w.org\/{rel}","templated":true}]}}