{"id":4112,"date":"2013-08-03T15:26:26","date_gmt":"2013-08-03T13:26:26","guid":{"rendered":"http:\/\/www.altercampagne.net\/?p=4112"},"modified":"2019-09-16T14:46:34","modified_gmt":"2019-09-16T12:46:34","slug":"laltertour-soffre-une-pause-a-la-danse","status":"publish","type":"post","link":"https:\/\/www.altercampagne.net\/?p=4112","title":{"rendered":"L\u2019AlterTour s\u2019offre une pause \u00e0 La Danse"},"content":{"rendered":"<p><a href=\"http:\/\/www.lejsl.com\/edition-du-creusot\/2013\/08\/03\/l-alter-tour-s-offre-une-pause-a-la-danse\" target=\"_blank\" rel=\"noopener noreferrer\"><img loading=\"lazy\" decoding=\"async\" class=\"alignleft\" src=\"http:\/\/altercampagne.free.fr\/pages\/2008\/AlterTour\/pic\/AT2013-St-Symphorien.jpg\" alt=\"\" width=\"540\" height=\"360\"><\/a>Dans le cadre du p\u00e9riple cycliste qui conduit le peloton des altermondialistes de l&rsquo;AlterTour de Gien (Loiret) \u00e0 Rochejean (Doubs), les participants ont fait \u00e9tape en sud-Morvan.<\/p>\n<p class=\"Style271 Style138 Style152 Style142\" align=\"justify\">Dans le cadre du p\u00e9riple cycliste qui conduit le peloton des altermondialistes de l\u2019AlterTour de Gien (Loiret) \u00e0 Rochejean (Doubs), les participants ont fait \u00e9tape en sud-Morvan. Ils y ont notamment d\u00e9couvert les actions de l\u2019association Passerelle Eco \u00e0 La-Chapelle-sous-Uchon, leur accueil \u00e9tant assur\u00e9 pendant deux jours \u00e0 La Danse, commue de Saint-Symphorien-de-Marmagne, par l\u2019association R\u2019Evolution pr\u00e9sid\u00e9e par Eric Cornette.<\/p>\n<p class=\"Style271 Style138 Style152 Style142\" align=\"justify\">Arriv\u00e9s jeudi en soir\u00e9e en provenance d\u2019Autun, une soixantaine de cyclistes se sont retrouv\u00e9s au sommet de La Certenue jusqu\u2019au samedi matin. Pour marquer l\u2019\u00e9v\u00e9nement, Eric Cornette et ses amis ont organis\u00e9 une soir\u00e9e festive vendredi afin de permettre des rencontres et des \u00e9changes.<\/p>\n<p class=\"Style271 Style138 Style152 Style142\" align=\"justify\">Pour cela, ils avaient invit\u00e9 d\u2019autres associations alternatives comme Autun Morvan \u00c9cologie et Sauvegarde du Massif d\u2019Uchon.<\/p>\n<p class=\"Style271 Style138 Style152 Style142\" align=\"justify\">Dans un premier temps, le peloton de l\u2019AlterTour s\u2019\u00e9tait scind\u00e9 pour aller visiter Passerelle Eco et pour d\u00e9couvrir la faune et la flore du sommet, guid\u00e9 par Lo\u00efc Gasser.<\/p>\n<p class=\"Style271 Style138 Style152 Style142\" align=\"justify\">Au programme de la soir\u00e9e, on notait une animation musicale traditionnelle, des d\u00e9gustations et \u00e9videmment des discussions. Le but de rencontrer des gens qui prennent des initiatives et proposent des alternatives \u00e9tait atteint.<\/p>\n<p class=\"Style271 Style138 Style152 Style142\" align=\"justify\">Samedi \u00e0 8 heures, le peloton de l\u2019AlterTour reprenait la direction de sa prochaine destination, \u00e0 savoir Culles-les-Roches, poursuivant ainsi la promotion des alternatives \u00e9cologiques et militantes, nombreuses dans cette r\u00e9gion de France.<\/p>\n<p class=\"Style271 Style138 Style152 Style142\" align=\"justify\">Source : <a href=\"http:\/\/www.lejsl.com\/edition-du-creusot\/2013\/08\/03\/l-alter-tour-s-offre-une-pause-a-la-danse\" target=\"_blank\" rel=\"noopener noreferrer\">http:\/\/www.lejsl.com\/edition-du-creusot\/2013\/08\/03\/l-alter-tour-s-offre-une-pause-a-la-danse<\/a><\/p>\n","protected":false},"excerpt":{"rendered":"<p>Dans le cadre du p\u00e9riple cycliste qui conduit le peloton des altermondialistes de l&rsquo;AlterTour de Gien (Loiret) \u00e0 Rochejean (Doubs), les participants ont fait \u00e9tape en sud-Morvan. Dans le cadre du p\u00e9riple cycliste qui conduit le peloton des altermondialistes de l\u2019AlterTour de Gien (Loiret) \u00e0 Rochejean (Doubs), les participants ont &#8230; <\/p>\n<div><a href=\"https:\/\/www.altercampagne.net\/?p=4112\" class=\"more-link\">Read More<\/a><\/div>\n","protected":false},"author":214,"featured_media":15732,"comment_status":"closed","ping_status":"closed","sticky":false,"template":"","format":"standard","meta":{"footnotes":""},"categories":[3495,239,3486,3462],"tags":[418,694,1017,1058,1656,1748,1751,1770,1771,1772,1773,1774,1775,1776,1777,1778],"class_list":["post-4112","post","type-post","status-publish","format-standard","has-post-thumbnail","hentry","category-bourgogne-franche-comte","category-revue-de-presse","category-environnement","category-edition-2013","tag-passerelle-eco","tag-altertour-2013","tag-bourgogne","tag-saone-et-loire","tag-1656","tag-morvan","tag-culles-les-roches","tag-la-chapelle-sous-uchon","tag-la-danse","tag-saint-symphorien-de-marmagne","tag-association-revolution","tag-eric-cornette","tag-la-certenue","tag-autun-morvan-ecologie","tag-sauvegarde-du-massif-duchon","tag-loic-gasser"],"yoast_head":"<!-- This site is optimized with the Yoast SEO plugin v27.3 - https:\/\/yoast.com\/product\/yoast-seo-wordpress\/ -->\n<title>L\u2019AlterTour s\u2019offre une pause \u00e0 La Danse - AlterTour<\/title>\n<meta name=\"robots\" content=\"index, follow, max-snippet:-1, max-image-preview:large, max-video-preview:-1\" \/>\n<link rel=\"canonical\" href=\"https:\/\/www.altercampagne.net\/?p=4112\" \/>\n<meta property=\"og:locale\" content=\"fr_FR\" \/>\n<meta property=\"og:type\" content=\"article\" \/>\n<meta property=\"og:title\" content=\"L\u2019AlterTour s\u2019offre une pause \u00e0 La Danse - AlterTour\" \/>\n<meta property=\"og:description\" content=\"Dans le cadre du p\u00e9riple cycliste qui conduit le peloton des altermondialistes de l&rsquo;AlterTour de Gien (Loiret) \u00e0 Rochejean (Doubs), les participants ont fait \u00e9tape en sud-Morvan. Dans le cadre du p\u00e9riple cycliste qui conduit le peloton des altermondialistes de l\u2019AlterTour de Gien (Loiret) \u00e0 Rochejean (Doubs), les participants ont ... Read More\" \/>\n<meta property=\"og:url\" content=\"https:\/\/www.altercampagne.net\/?p=4112\" \/>\n<meta property=\"og:site_name\" content=\"AlterTour\" \/>\n<meta property=\"article:published_time\" content=\"2013-08-03T13:26:26+00:00\" \/>\n<meta property=\"article:modified_time\" content=\"2019-09-16T12:46:34+00:00\" \/>\n<meta property=\"og:image\" content=\"https:\/\/www.altercampagne.net\/wp-content\/uploads\/2013\/08\/2013-08-01_21.00.jpg\" \/>\n\t<meta property=\"og:image:width\" content=\"907\" \/>\n\t<meta property=\"og:image:height\" content=\"474\" \/>\n\t<meta property=\"og:image:type\" content=\"image\/jpeg\" \/>\n<meta name=\"author\" content=\"Mathieu\" \/>\n<meta name=\"twitter:card\" content=\"summary_large_image\" \/>\n<meta name=\"twitter:label1\" content=\"\u00c9crit par\" \/>\n\t<meta name=\"twitter:data1\" content=\"Mathieu\" \/>\n\t<meta name=\"twitter:label2\" content=\"Dur\u00e9e de lecture estim\u00e9e\" \/>\n\t<meta name=\"twitter:data2\" content=\"1 minute\" \/>\n<script type=\"application\/ld+json\" class=\"yoast-schema-graph\">{\"@context\":\"https:\\\/\\\/schema.org\",\"@graph\":[{\"@type\":\"Article\",\"@id\":\"https:\\\/\\\/www.altercampagne.net\\\/?p=4112#article\",\"isPartOf\":{\"@id\":\"https:\\\/\\\/www.altercampagne.net\\\/?p=4112\"},\"author\":{\"name\":\"Mathieu\",\"@id\":\"https:\\\/\\\/www.altercampagne.net\\\/#\\\/schema\\\/person\\\/0f261460c09e430caa0f9bcffa319109\"},\"headline\":\"L\u2019AlterTour s\u2019offre une pause \u00e0 La Danse\",\"datePublished\":\"2013-08-03T13:26:26+00:00\",\"dateModified\":\"2019-09-16T12:46:34+00:00\",\"mainEntityOfPage\":{\"@id\":\"https:\\\/\\\/www.altercampagne.net\\\/?p=4112\"},\"wordCount\":279,\"image\":{\"@id\":\"https:\\\/\\\/www.altercampagne.net\\\/?p=4112#primaryimage\"},\"thumbnailUrl\":\"https:\\\/\\\/www.altercampagne.net\\\/wp-content\\\/uploads\\\/2013\\\/08\\\/2013-08-01_21.00.jpg\",\"keywords\":[\"passerelle eco\",\"AlterTour 2013\",\"Bourgogne\",\"sa\u00f4ne et loire\",\"2013\",\"Morvan\",\"Culles-les-Roches\",\"La-Chapelle-sous-Uchon\",\"La Danse\",\"Saint-Symphorien-de-Marmagne\",\"association R\u2019Evolution\",\"Eric Cornette\",\"La Certenue\",\"Autun Morvan \u00c9cologie\",\"Sauvegarde du Massif d\u2019Uchon\",\"Lo\u00efc Gasser\"],\"articleSection\":[\"Bourgogne-Franche-Comt\u00e9\",\"Revue de presse\",\"Environnement\",\"\u00c9dition 2013\"],\"inLanguage\":\"fr-FR\"},{\"@type\":\"WebPage\",\"@id\":\"https:\\\/\\\/www.altercampagne.net\\\/?p=4112\",\"url\":\"https:\\\/\\\/www.altercampagne.net\\\/?p=4112\",\"name\":\"L\u2019AlterTour s\u2019offre une pause \u00e0 La Danse - AlterTour\",\"isPartOf\":{\"@id\":\"https:\\\/\\\/www.altercampagne.net\\\/#website\"},\"primaryImageOfPage\":{\"@id\":\"https:\\\/\\\/www.altercampagne.net\\\/?p=4112#primaryimage\"},\"image\":{\"@id\":\"https:\\\/\\\/www.altercampagne.net\\\/?p=4112#primaryimage\"},\"thumbnailUrl\":\"https:\\\/\\\/www.altercampagne.net\\\/wp-content\\\/uploads\\\/2013\\\/08\\\/2013-08-01_21.00.jpg\",\"datePublished\":\"2013-08-03T13:26:26+00:00\",\"dateModified\":\"2019-09-16T12:46:34+00:00\",\"author\":{\"@id\":\"https:\\\/\\\/www.altercampagne.net\\\/#\\\/schema\\\/person\\\/0f261460c09e430caa0f9bcffa319109\"},\"breadcrumb\":{\"@id\":\"https:\\\/\\\/www.altercampagne.net\\\/?p=4112#breadcrumb\"},\"inLanguage\":\"fr-FR\",\"potentialAction\":[{\"@type\":\"ReadAction\",\"target\":[\"https:\\\/\\\/www.altercampagne.net\\\/?p=4112\"]}]},{\"@type\":\"ImageObject\",\"inLanguage\":\"fr-FR\",\"@id\":\"https:\\\/\\\/www.altercampagne.net\\\/?p=4112#primaryimage\",\"url\":\"https:\\\/\\\/www.altercampagne.net\\\/wp-content\\\/uploads\\\/2013\\\/08\\\/2013-08-01_21.00.jpg\",\"contentUrl\":\"https:\\\/\\\/www.altercampagne.net\\\/wp-content\\\/uploads\\\/2013\\\/08\\\/2013-08-01_21.00.jpg\",\"width\":907,\"height\":474},{\"@type\":\"BreadcrumbList\",\"@id\":\"https:\\\/\\\/www.altercampagne.net\\\/?p=4112#breadcrumb\",\"itemListElement\":[{\"@type\":\"ListItem\",\"position\":1,\"name\":\"Accueil\",\"item\":\"https:\\\/\\\/www.altercampagne.net\\\/\"},{\"@type\":\"ListItem\",\"position\":2,\"name\":\"L\u2019AlterTour s\u2019offre une pause \u00e0 La Danse\"}]},{\"@type\":\"WebSite\",\"@id\":\"https:\\\/\\\/www.altercampagne.net\\\/#website\",\"url\":\"https:\\\/\\\/www.altercampagne.net\\\/\",\"name\":\"AlterTour\",\"description\":\"Reliez les Alternatives \u00e0 v\u00e9lo\",\"potentialAction\":[{\"@type\":\"SearchAction\",\"target\":{\"@type\":\"EntryPoint\",\"urlTemplate\":\"https:\\\/\\\/www.altercampagne.net\\\/?s={search_term_string}\"},\"query-input\":{\"@type\":\"PropertyValueSpecification\",\"valueRequired\":true,\"valueName\":\"search_term_string\"}}],\"inLanguage\":\"fr-FR\"},{\"@type\":\"Person\",\"@id\":\"https:\\\/\\\/www.altercampagne.net\\\/#\\\/schema\\\/person\\\/0f261460c09e430caa0f9bcffa319109\",\"name\":\"Mathieu\",\"image\":{\"@type\":\"ImageObject\",\"inLanguage\":\"fr-FR\",\"@id\":\"https:\\\/\\\/secure.gravatar.com\\\/avatar\\\/aa9d3d24c83f2141e5e2709d0f63d09a99f6be6bb7a50abc4915838d9f54501a?s=96&d=mm&r=g\",\"url\":\"https:\\\/\\\/secure.gravatar.com\\\/avatar\\\/aa9d3d24c83f2141e5e2709d0f63d09a99f6be6bb7a50abc4915838d9f54501a?s=96&d=mm&r=g\",\"contentUrl\":\"https:\\\/\\\/secure.gravatar.com\\\/avatar\\\/aa9d3d24c83f2141e5e2709d0f63d09a99f6be6bb7a50abc4915838d9f54501a?s=96&d=mm&r=g\",\"caption\":\"Mathieu\"},\"url\":\"https:\\\/\\\/www.altercampagne.net\\\/?author=214\"}]}<\/script>\n<!-- \/ Yoast SEO plugin. -->","yoast_head_json":{"title":"L\u2019AlterTour s\u2019offre une pause \u00e0 La Danse - AlterTour","robots":{"index":"index","follow":"follow","max-snippet":"max-snippet:-1","max-image-preview":"max-image-preview:large","max-video-preview":"max-video-preview:-1"},"canonical":"https:\/\/www.altercampagne.net\/?p=4112","og_locale":"fr_FR","og_type":"article","og_title":"L\u2019AlterTour s\u2019offre une pause \u00e0 La Danse - AlterTour","og_description":"Dans le cadre du p\u00e9riple cycliste qui conduit le peloton des altermondialistes de l&rsquo;AlterTour de Gien (Loiret) \u00e0 Rochejean (Doubs), les participants ont fait \u00e9tape en sud-Morvan. Dans le cadre du p\u00e9riple cycliste qui conduit le peloton des altermondialistes de l\u2019AlterTour de Gien (Loiret) \u00e0 Rochejean (Doubs), les participants ont ... Read More","og_url":"https:\/\/www.altercampagne.net\/?p=4112","og_site_name":"AlterTour","article_published_time":"2013-08-03T13:26:26+00:00","article_modified_time":"2019-09-16T12:46:34+00:00","og_image":[{"width":907,"height":474,"url":"https:\/\/www.altercampagne.net\/wp-content\/uploads\/2013\/08\/2013-08-01_21.00.jpg","type":"image\/jpeg"}],"author":"Mathieu","twitter_card":"summary_large_image","twitter_misc":{"\u00c9crit par":"Mathieu","Dur\u00e9e de lecture estim\u00e9e":"1 minute"},"schema":{"@context":"https:\/\/schema.org","@graph":[{"@type":"Article","@id":"https:\/\/www.altercampagne.net\/?p=4112#article","isPartOf":{"@id":"https:\/\/www.altercampagne.net\/?p=4112"},"author":{"name":"Mathieu","@id":"https:\/\/www.altercampagne.net\/#\/schema\/person\/0f261460c09e430caa0f9bcffa319109"},"headline":"L\u2019AlterTour s\u2019offre une pause \u00e0 La Danse","datePublished":"2013-08-03T13:26:26+00:00","dateModified":"2019-09-16T12:46:34+00:00","mainEntityOfPage":{"@id":"https:\/\/www.altercampagne.net\/?p=4112"},"wordCount":279,"image":{"@id":"https:\/\/www.altercampagne.net\/?p=4112#primaryimage"},"thumbnailUrl":"https:\/\/www.altercampagne.net\/wp-content\/uploads\/2013\/08\/2013-08-01_21.00.jpg","keywords":["passerelle eco","AlterTour 2013","Bourgogne","sa\u00f4ne et loire","2013","Morvan","Culles-les-Roches","La-Chapelle-sous-Uchon","La Danse","Saint-Symphorien-de-Marmagne","association R\u2019Evolution","Eric Cornette","La Certenue","Autun Morvan \u00c9cologie","Sauvegarde du Massif d\u2019Uchon","Lo\u00efc Gasser"],"articleSection":["Bourgogne-Franche-Comt\u00e9","Revue de presse","Environnement","\u00c9dition 2013"],"inLanguage":"fr-FR"},{"@type":"WebPage","@id":"https:\/\/www.altercampagne.net\/?p=4112","url":"https:\/\/www.altercampagne.net\/?p=4112","name":"L\u2019AlterTour s\u2019offre une pause \u00e0 La Danse - AlterTour","isPartOf":{"@id":"https:\/\/www.altercampagne.net\/#website"},"primaryImageOfPage":{"@id":"https:\/\/www.altercampagne.net\/?p=4112#primaryimage"},"image":{"@id":"https:\/\/www.altercampagne.net\/?p=4112#primaryimage"},"thumbnailUrl":"https:\/\/www.altercampagne.net\/wp-content\/uploads\/2013\/08\/2013-08-01_21.00.jpg","datePublished":"2013-08-03T13:26:26+00:00","dateModified":"2019-09-16T12:46:34+00:00","author":{"@id":"https:\/\/www.altercampagne.net\/#\/schema\/person\/0f261460c09e430caa0f9bcffa319109"},"breadcrumb":{"@id":"https:\/\/www.altercampagne.net\/?p=4112#breadcrumb"},"inLanguage":"fr-FR","potentialAction":[{"@type":"ReadAction","target":["https:\/\/www.altercampagne.net\/?p=4112"]}]},{"@type":"ImageObject","inLanguage":"fr-FR","@id":"https:\/\/www.altercampagne.net\/?p=4112#primaryimage","url":"https:\/\/www.altercampagne.net\/wp-content\/uploads\/2013\/08\/2013-08-01_21.00.jpg","contentUrl":"https:\/\/www.altercampagne.net\/wp-content\/uploads\/2013\/08\/2013-08-01_21.00.jpg","width":907,"height":474},{"@type":"BreadcrumbList","@id":"https:\/\/www.altercampagne.net\/?p=4112#breadcrumb","itemListElement":[{"@type":"ListItem","position":1,"name":"Accueil","item":"https:\/\/www.altercampagne.net\/"},{"@type":"ListItem","position":2,"name":"L\u2019AlterTour s\u2019offre une pause \u00e0 La Danse"}]},{"@type":"WebSite","@id":"https:\/\/www.altercampagne.net\/#website","url":"https:\/\/www.altercampagne.net\/","name":"AlterTour","description":"Reliez les Alternatives \u00e0 v\u00e9lo","potentialAction":[{"@type":"SearchAction","target":{"@type":"EntryPoint","urlTemplate":"https:\/\/www.altercampagne.net\/?s={search_term_string}"},"query-input":{"@type":"PropertyValueSpecification","valueRequired":true,"valueName":"search_term_string"}}],"inLanguage":"fr-FR"},{"@type":"Person","@id":"https:\/\/www.altercampagne.net\/#\/schema\/person\/0f261460c09e430caa0f9bcffa319109","name":"Mathieu","image":{"@type":"ImageObject","inLanguage":"fr-FR","@id":"https:\/\/secure.gravatar.com\/avatar\/aa9d3d24c83f2141e5e2709d0f63d09a99f6be6bb7a50abc4915838d9f54501a?s=96&d=mm&r=g","url":"https:\/\/secure.gravatar.com\/avatar\/aa9d3d24c83f2141e5e2709d0f63d09a99f6be6bb7a50abc4915838d9f54501a?s=96&d=mm&r=g","contentUrl":"https:\/\/secure.gravatar.com\/avatar\/aa9d3d24c83f2141e5e2709d0f63d09a99f6be6bb7a50abc4915838d9f54501a?s=96&d=mm&r=g","caption":"Mathieu"},"url":"https:\/\/www.altercampagne.net\/?author=214"}]}},"_links":{"self":[{"href":"https:\/\/www.altercampagne.net\/index.php?rest_route=\/wp\/v2\/posts\/4112","targetHints":{"allow":["GET"]}}],"collection":[{"href":"https:\/\/www.altercampagne.net\/index.php?rest_route=\/wp\/v2\/posts"}],"about":[{"href":"https:\/\/www.altercampagne.net\/index.php?rest_route=\/wp\/v2\/types\/post"}],"author":[{"embeddable":true,"href":"https:\/\/www.altercampagne.net\/index.php?rest_route=\/wp\/v2\/users\/214"}],"replies":[{"embeddable":true,"href":"https:\/\/www.altercampagne.net\/index.php?rest_route=%2Fwp%2Fv2%2Fcomments&post=4112"}],"version-history":[{"count":0,"href":"https:\/\/www.altercampagne.net\/index.php?rest_route=\/wp\/v2\/posts\/4112\/revisions"}],"wp:featuredmedia":[{"embeddable":true,"href":"https:\/\/www.altercampagne.net\/index.php?rest_route=\/wp\/v2\/media\/15732"}],"wp:attachment":[{"href":"https:\/\/www.altercampagne.net\/index.php?rest_route=%2Fwp%2Fv2%2Fmedia&parent=4112"}],"wp:term":[{"taxonomy":"category","embeddable":true,"href":"https:\/\/www.altercampagne.net\/index.php?rest_route=%2Fwp%2Fv2%2Fcategories&post=4112"},{"taxonomy":"post_tag","embeddable":true,"href":"https:\/\/www.altercampagne.net\/index.php?rest_route=%2Fwp%2Fv2%2Ftags&post=4112"}],"curies":[{"name":"wp","href":"https:\/\/api.w.org\/{rel}","templated":true}]}}