{"id":4114,"date":"2013-08-01T15:34:04","date_gmt":"2013-08-01T13:34:04","guid":{"rendered":"http:\/\/www.altercampagne.net\/?p=4114"},"modified":"2019-09-16T14:57:09","modified_gmt":"2019-09-16T12:57:09","slug":"le-peloton-de-laltertour-fait-etape-a-autun","status":"publish","type":"post","link":"https:\/\/www.altercampagne.net\/?p=4114","title":{"rendered":"Le peloton de l&rsquo;AlterTour fait \u00e9tape \u00e0 Autun"},"content":{"rendered":"<p class=\"Style271 Style138 Style152 Style142\" align=\"justify\"><a href=\"http:\/\/www.altercampagne.net\/wp-content\/uploads\/2016\/04\/1460469017.jpg\"><img loading=\"lazy\" decoding=\"async\" class=\" size-medium wp-image-4115 alignleft\" src=\"http:\/\/www.altercampagne.net\/wp-content\/uploads\/2016\/04\/1460469017-300x211.jpg\" alt=\"Autun\" width=\"300\" height=\"211\" srcset=\"https:\/\/www.altercampagne.net\/wp-content\/uploads\/2016\/04\/1460469017-300x211.jpg 300w, https:\/\/www.altercampagne.net\/wp-content\/uploads\/2016\/04\/1460469017.jpg 940w\" sizes=\"auto, (max-width: 300px) 100vw, 300px\" \/><\/a>Parti d&rsquo;Anost ce jeudi matin, les cyclistes altermondialistes de l&rsquo;AlterTour sont arriv\u00e9s \u00e0 Autun aux environs de 11 h. Apr\u00e8s une d\u00e9ambulation en formation \u00ab\u00a0v\u00e9lorution\u00a0\u00bb dans le centre-ville, au son des slogans type \u00ab\u00a0Pr\u00e9parez vos guibolles, bient\u00f4t y&rsquo;aura plus de p\u00e9trole\u00a0\u00bb ou \u00ab\u00a0On n&rsquo;a pas besoin d&rsquo;essence\u00a0\u00bb, les participants sont ensuite mont\u00e9s \u00e0 Couhard o\u00f9 les associations Par Nature et Autun Morvan \u00e9cologie les attendaient.<\/p>\n<p class=\"Style271 Style138 Style152 Style142\" align=\"justify\">Apr\u00e8s le pique-nique, deux groupes se sont form\u00e9s, l&rsquo;un pour la visite du jardin des curiosit\u00e9s \u00e0 Couhard et l&rsquo;autre pour une visite comment\u00e9e de la for\u00eat de Montmain, dont une parcelle est la propri\u00e9t\u00e9 du Groupement forestier pour la sauvegarde des feuillus du Morvan. Vers 17 h, les \u00ab\u00a0alter\u00a0\u00bb sont remont\u00e9s sur leur selle, direction Saint-Symphorien-de-Marmagne, o\u00f9 ils passeront la nuit.<\/p>\n<p class=\"Style271 Style138 Style152 Style142\" align=\"justify\">Un territoire, des d\u00e9couvertes<br \/>\nLa manifestation, sixi\u00e8me du nom, consiste \u00e0 \u00ab\u00a0aller \u00e0 la rencontre des gens qui prennent des initiatives et proposent des alternatives\u00a0\u00bb, comme le souligne Genevi\u00e8ve, une des organisatrices. Parti de Gien dans le Loiret le 18 juillet pour une arriv\u00e9e \u00e0 Rochejean dans le Doubs le 25 ao\u00fbt, l&rsquo;AlterTour visite chaque ann\u00e9e un nouveau territoire pour promouvoir les nombreuses alternatives \u00e9cologiques et militantes.<\/p>\n<p class=\"Style271 Style138 Style152 Style142\" align=\"justify\">Plus de d\u00e9tails dans notre \u00e9dition du dimanche 4 ao\u00fbt.<\/p>\n<p class=\"Style271 Style138 Style152 Style142\" align=\"justify\">Source : <a href=\"http:\/\/www.lejsl.com\/edition-d-autun\/2013\/08\/01\/le-peloton-de-l-altertour-fait-etape-a-autun\" target=\"_blank\" rel=\"noopener noreferrer\">http:\/\/www.lejsl.com\/edition-d-autun\/2013\/08\/01\/le-peloton-de-l-altertour-fait-etape-a-autun<\/a><\/p>\n","protected":false},"excerpt":{"rendered":"<p>Parti d&rsquo;Anost ce jeudi matin, les cyclistes altermondialistes de l&rsquo;AlterTour sont arriv\u00e9s \u00e0 Autun aux environs de 11 h. Apr\u00e8s une d\u00e9ambulation en formation \u00ab\u00a0v\u00e9lorution\u00a0\u00bb dans le centre-ville, au son des slogans type \u00ab\u00a0Pr\u00e9parez vos guibolles, bient\u00f4t y&rsquo;aura plus de p\u00e9trole\u00a0\u00bb ou \u00ab\u00a0On n&rsquo;a pas besoin d&rsquo;essence\u00a0\u00bb, les participants sont &#8230; <\/p>\n<div><a href=\"https:\/\/www.altercampagne.net\/?p=4114\" class=\"more-link\">Read More<\/a><\/div>\n","protected":false},"author":214,"featured_media":15737,"comment_status":"closed","ping_status":"closed","sticky":false,"template":"","format":"standard","meta":{"footnotes":""},"categories":[3495,239,3462],"tags":[102,694,1017,1058,1656,1759,1760,1762,1772,1776,1779,1780,1781],"class_list":["post-4114","post","type-post","status-publish","format-standard","has-post-thumbnail","hentry","category-bourgogne-franche-comte","category-revue-de-presse","category-edition-2013","tag-velorution","tag-altertour-2013","tag-bourgogne","tag-saone-et-loire","tag-1656","tag-autun","tag-anost","tag-couhard","tag-saint-symphorien-de-marmagne","tag-autun-morvan-ecologie","tag-associations-par-nature","tag-jardin-des-curiosites","tag-groupement-forestier-pour-la-sauvegarde-des-feuillus-du-morvan"],"yoast_head":"<!-- This site is optimized with the Yoast SEO plugin v27.3 - https:\/\/yoast.com\/product\/yoast-seo-wordpress\/ -->\n<title>Le peloton de l&#039;AlterTour fait \u00e9tape \u00e0 Autun - AlterTour<\/title>\n<meta name=\"robots\" content=\"index, follow, max-snippet:-1, max-image-preview:large, max-video-preview:-1\" \/>\n<link rel=\"canonical\" href=\"https:\/\/www.altercampagne.net\/?p=4114\" \/>\n<meta property=\"og:locale\" content=\"fr_FR\" \/>\n<meta property=\"og:type\" content=\"article\" \/>\n<meta property=\"og:title\" content=\"Le peloton de l&#039;AlterTour fait \u00e9tape \u00e0 Autun - AlterTour\" \/>\n<meta property=\"og:description\" content=\"Parti d&rsquo;Anost ce jeudi matin, les cyclistes altermondialistes de l&rsquo;AlterTour sont arriv\u00e9s \u00e0 Autun aux environs de 11 h. Apr\u00e8s une d\u00e9ambulation en formation \u00ab\u00a0v\u00e9lorution\u00a0\u00bb dans le centre-ville, au son des slogans type \u00ab\u00a0Pr\u00e9parez vos guibolles, bient\u00f4t y&rsquo;aura plus de p\u00e9trole\u00a0\u00bb ou \u00ab\u00a0On n&rsquo;a pas besoin d&rsquo;essence\u00a0\u00bb, les participants sont ... Read More\" \/>\n<meta property=\"og:url\" content=\"https:\/\/www.altercampagne.net\/?p=4114\" \/>\n<meta property=\"og:site_name\" content=\"AlterTour\" \/>\n<meta property=\"article:published_time\" content=\"2013-08-01T13:34:04+00:00\" \/>\n<meta property=\"article:modified_time\" content=\"2019-09-16T12:57:09+00:00\" \/>\n<meta property=\"og:image\" content=\"https:\/\/www.altercampagne.net\/wp-content\/uploads\/2013\/08\/1460469017-300x2111.jpg\" \/>\n\t<meta property=\"og:image:width\" content=\"300\" \/>\n\t<meta property=\"og:image:height\" content=\"211\" \/>\n\t<meta property=\"og:image:type\" content=\"image\/jpeg\" \/>\n<meta name=\"author\" content=\"Mathieu\" \/>\n<meta name=\"twitter:card\" content=\"summary_large_image\" \/>\n<meta name=\"twitter:label1\" content=\"\u00c9crit par\" \/>\n\t<meta name=\"twitter:data1\" content=\"Mathieu\" \/>\n\t<meta name=\"twitter:label2\" content=\"Dur\u00e9e de lecture estim\u00e9e\" \/>\n\t<meta name=\"twitter:data2\" content=\"1 minute\" \/>\n<script type=\"application\/ld+json\" class=\"yoast-schema-graph\">{\"@context\":\"https:\\\/\\\/schema.org\",\"@graph\":[{\"@type\":\"Article\",\"@id\":\"https:\\\/\\\/www.altercampagne.net\\\/?p=4114#article\",\"isPartOf\":{\"@id\":\"https:\\\/\\\/www.altercampagne.net\\\/?p=4114\"},\"author\":{\"name\":\"Mathieu\",\"@id\":\"https:\\\/\\\/www.altercampagne.net\\\/#\\\/schema\\\/person\\\/0f261460c09e430caa0f9bcffa319109\"},\"headline\":\"Le peloton de l&rsquo;AlterTour fait \u00e9tape \u00e0 Autun\",\"datePublished\":\"2013-08-01T13:34:04+00:00\",\"dateModified\":\"2019-09-16T12:57:09+00:00\",\"mainEntityOfPage\":{\"@id\":\"https:\\\/\\\/www.altercampagne.net\\\/?p=4114\"},\"wordCount\":239,\"image\":{\"@id\":\"https:\\\/\\\/www.altercampagne.net\\\/?p=4114#primaryimage\"},\"thumbnailUrl\":\"https:\\\/\\\/www.altercampagne.net\\\/wp-content\\\/uploads\\\/2013\\\/08\\\/1460469017-300x2111.jpg\",\"keywords\":[\"v\u00e9lorution\",\"AlterTour 2013\",\"Bourgogne\",\"sa\u00f4ne et loire\",\"2013\",\"Autun\",\"Anost\",\"Couhard\",\"Saint-Symphorien-de-Marmagne\",\"Autun Morvan \u00c9cologie\",\"associations Par Nature\",\"jardin des curiosit\u00e9s\",\"Groupement forestier pour la sauvegarde des feuillus du Morvan\"],\"articleSection\":[\"Bourgogne-Franche-Comt\u00e9\",\"Revue de presse\",\"\u00c9dition 2013\"],\"inLanguage\":\"fr-FR\"},{\"@type\":\"WebPage\",\"@id\":\"https:\\\/\\\/www.altercampagne.net\\\/?p=4114\",\"url\":\"https:\\\/\\\/www.altercampagne.net\\\/?p=4114\",\"name\":\"Le peloton de l'AlterTour fait \u00e9tape \u00e0 Autun - AlterTour\",\"isPartOf\":{\"@id\":\"https:\\\/\\\/www.altercampagne.net\\\/#website\"},\"primaryImageOfPage\":{\"@id\":\"https:\\\/\\\/www.altercampagne.net\\\/?p=4114#primaryimage\"},\"image\":{\"@id\":\"https:\\\/\\\/www.altercampagne.net\\\/?p=4114#primaryimage\"},\"thumbnailUrl\":\"https:\\\/\\\/www.altercampagne.net\\\/wp-content\\\/uploads\\\/2013\\\/08\\\/1460469017-300x2111.jpg\",\"datePublished\":\"2013-08-01T13:34:04+00:00\",\"dateModified\":\"2019-09-16T12:57:09+00:00\",\"author\":{\"@id\":\"https:\\\/\\\/www.altercampagne.net\\\/#\\\/schema\\\/person\\\/0f261460c09e430caa0f9bcffa319109\"},\"breadcrumb\":{\"@id\":\"https:\\\/\\\/www.altercampagne.net\\\/?p=4114#breadcrumb\"},\"inLanguage\":\"fr-FR\",\"potentialAction\":[{\"@type\":\"ReadAction\",\"target\":[\"https:\\\/\\\/www.altercampagne.net\\\/?p=4114\"]}]},{\"@type\":\"ImageObject\",\"inLanguage\":\"fr-FR\",\"@id\":\"https:\\\/\\\/www.altercampagne.net\\\/?p=4114#primaryimage\",\"url\":\"https:\\\/\\\/www.altercampagne.net\\\/wp-content\\\/uploads\\\/2013\\\/08\\\/1460469017-300x2111.jpg\",\"contentUrl\":\"https:\\\/\\\/www.altercampagne.net\\\/wp-content\\\/uploads\\\/2013\\\/08\\\/1460469017-300x2111.jpg\",\"width\":300,\"height\":211},{\"@type\":\"BreadcrumbList\",\"@id\":\"https:\\\/\\\/www.altercampagne.net\\\/?p=4114#breadcrumb\",\"itemListElement\":[{\"@type\":\"ListItem\",\"position\":1,\"name\":\"Accueil\",\"item\":\"https:\\\/\\\/www.altercampagne.net\\\/\"},{\"@type\":\"ListItem\",\"position\":2,\"name\":\"Le peloton de l&rsquo;AlterTour fait \u00e9tape \u00e0 Autun\"}]},{\"@type\":\"WebSite\",\"@id\":\"https:\\\/\\\/www.altercampagne.net\\\/#website\",\"url\":\"https:\\\/\\\/www.altercampagne.net\\\/\",\"name\":\"AlterTour\",\"description\":\"Reliez les Alternatives \u00e0 v\u00e9lo\",\"potentialAction\":[{\"@type\":\"SearchAction\",\"target\":{\"@type\":\"EntryPoint\",\"urlTemplate\":\"https:\\\/\\\/www.altercampagne.net\\\/?s={search_term_string}\"},\"query-input\":{\"@type\":\"PropertyValueSpecification\",\"valueRequired\":true,\"valueName\":\"search_term_string\"}}],\"inLanguage\":\"fr-FR\"},{\"@type\":\"Person\",\"@id\":\"https:\\\/\\\/www.altercampagne.net\\\/#\\\/schema\\\/person\\\/0f261460c09e430caa0f9bcffa319109\",\"name\":\"Mathieu\",\"image\":{\"@type\":\"ImageObject\",\"inLanguage\":\"fr-FR\",\"@id\":\"https:\\\/\\\/secure.gravatar.com\\\/avatar\\\/aa9d3d24c83f2141e5e2709d0f63d09a99f6be6bb7a50abc4915838d9f54501a?s=96&d=mm&r=g\",\"url\":\"https:\\\/\\\/secure.gravatar.com\\\/avatar\\\/aa9d3d24c83f2141e5e2709d0f63d09a99f6be6bb7a50abc4915838d9f54501a?s=96&d=mm&r=g\",\"contentUrl\":\"https:\\\/\\\/secure.gravatar.com\\\/avatar\\\/aa9d3d24c83f2141e5e2709d0f63d09a99f6be6bb7a50abc4915838d9f54501a?s=96&d=mm&r=g\",\"caption\":\"Mathieu\"},\"url\":\"https:\\\/\\\/www.altercampagne.net\\\/?author=214\"}]}<\/script>\n<!-- \/ Yoast SEO plugin. -->","yoast_head_json":{"title":"Le peloton de l'AlterTour fait \u00e9tape \u00e0 Autun - AlterTour","robots":{"index":"index","follow":"follow","max-snippet":"max-snippet:-1","max-image-preview":"max-image-preview:large","max-video-preview":"max-video-preview:-1"},"canonical":"https:\/\/www.altercampagne.net\/?p=4114","og_locale":"fr_FR","og_type":"article","og_title":"Le peloton de l'AlterTour fait \u00e9tape \u00e0 Autun - AlterTour","og_description":"Parti d&rsquo;Anost ce jeudi matin, les cyclistes altermondialistes de l&rsquo;AlterTour sont arriv\u00e9s \u00e0 Autun aux environs de 11 h. Apr\u00e8s une d\u00e9ambulation en formation \u00ab\u00a0v\u00e9lorution\u00a0\u00bb dans le centre-ville, au son des slogans type \u00ab\u00a0Pr\u00e9parez vos guibolles, bient\u00f4t y&rsquo;aura plus de p\u00e9trole\u00a0\u00bb ou \u00ab\u00a0On n&rsquo;a pas besoin d&rsquo;essence\u00a0\u00bb, les participants sont ... Read More","og_url":"https:\/\/www.altercampagne.net\/?p=4114","og_site_name":"AlterTour","article_published_time":"2013-08-01T13:34:04+00:00","article_modified_time":"2019-09-16T12:57:09+00:00","og_image":[{"width":300,"height":211,"url":"https:\/\/www.altercampagne.net\/wp-content\/uploads\/2013\/08\/1460469017-300x2111.jpg","type":"image\/jpeg"}],"author":"Mathieu","twitter_card":"summary_large_image","twitter_misc":{"\u00c9crit par":"Mathieu","Dur\u00e9e de lecture estim\u00e9e":"1 minute"},"schema":{"@context":"https:\/\/schema.org","@graph":[{"@type":"Article","@id":"https:\/\/www.altercampagne.net\/?p=4114#article","isPartOf":{"@id":"https:\/\/www.altercampagne.net\/?p=4114"},"author":{"name":"Mathieu","@id":"https:\/\/www.altercampagne.net\/#\/schema\/person\/0f261460c09e430caa0f9bcffa319109"},"headline":"Le peloton de l&rsquo;AlterTour fait \u00e9tape \u00e0 Autun","datePublished":"2013-08-01T13:34:04+00:00","dateModified":"2019-09-16T12:57:09+00:00","mainEntityOfPage":{"@id":"https:\/\/www.altercampagne.net\/?p=4114"},"wordCount":239,"image":{"@id":"https:\/\/www.altercampagne.net\/?p=4114#primaryimage"},"thumbnailUrl":"https:\/\/www.altercampagne.net\/wp-content\/uploads\/2013\/08\/1460469017-300x2111.jpg","keywords":["v\u00e9lorution","AlterTour 2013","Bourgogne","sa\u00f4ne et loire","2013","Autun","Anost","Couhard","Saint-Symphorien-de-Marmagne","Autun Morvan \u00c9cologie","associations Par Nature","jardin des curiosit\u00e9s","Groupement forestier pour la sauvegarde des feuillus du Morvan"],"articleSection":["Bourgogne-Franche-Comt\u00e9","Revue de presse","\u00c9dition 2013"],"inLanguage":"fr-FR"},{"@type":"WebPage","@id":"https:\/\/www.altercampagne.net\/?p=4114","url":"https:\/\/www.altercampagne.net\/?p=4114","name":"Le peloton de l'AlterTour fait \u00e9tape \u00e0 Autun - AlterTour","isPartOf":{"@id":"https:\/\/www.altercampagne.net\/#website"},"primaryImageOfPage":{"@id":"https:\/\/www.altercampagne.net\/?p=4114#primaryimage"},"image":{"@id":"https:\/\/www.altercampagne.net\/?p=4114#primaryimage"},"thumbnailUrl":"https:\/\/www.altercampagne.net\/wp-content\/uploads\/2013\/08\/1460469017-300x2111.jpg","datePublished":"2013-08-01T13:34:04+00:00","dateModified":"2019-09-16T12:57:09+00:00","author":{"@id":"https:\/\/www.altercampagne.net\/#\/schema\/person\/0f261460c09e430caa0f9bcffa319109"},"breadcrumb":{"@id":"https:\/\/www.altercampagne.net\/?p=4114#breadcrumb"},"inLanguage":"fr-FR","potentialAction":[{"@type":"ReadAction","target":["https:\/\/www.altercampagne.net\/?p=4114"]}]},{"@type":"ImageObject","inLanguage":"fr-FR","@id":"https:\/\/www.altercampagne.net\/?p=4114#primaryimage","url":"https:\/\/www.altercampagne.net\/wp-content\/uploads\/2013\/08\/1460469017-300x2111.jpg","contentUrl":"https:\/\/www.altercampagne.net\/wp-content\/uploads\/2013\/08\/1460469017-300x2111.jpg","width":300,"height":211},{"@type":"BreadcrumbList","@id":"https:\/\/www.altercampagne.net\/?p=4114#breadcrumb","itemListElement":[{"@type":"ListItem","position":1,"name":"Accueil","item":"https:\/\/www.altercampagne.net\/"},{"@type":"ListItem","position":2,"name":"Le peloton de l&rsquo;AlterTour fait \u00e9tape \u00e0 Autun"}]},{"@type":"WebSite","@id":"https:\/\/www.altercampagne.net\/#website","url":"https:\/\/www.altercampagne.net\/","name":"AlterTour","description":"Reliez les Alternatives \u00e0 v\u00e9lo","potentialAction":[{"@type":"SearchAction","target":{"@type":"EntryPoint","urlTemplate":"https:\/\/www.altercampagne.net\/?s={search_term_string}"},"query-input":{"@type":"PropertyValueSpecification","valueRequired":true,"valueName":"search_term_string"}}],"inLanguage":"fr-FR"},{"@type":"Person","@id":"https:\/\/www.altercampagne.net\/#\/schema\/person\/0f261460c09e430caa0f9bcffa319109","name":"Mathieu","image":{"@type":"ImageObject","inLanguage":"fr-FR","@id":"https:\/\/secure.gravatar.com\/avatar\/aa9d3d24c83f2141e5e2709d0f63d09a99f6be6bb7a50abc4915838d9f54501a?s=96&d=mm&r=g","url":"https:\/\/secure.gravatar.com\/avatar\/aa9d3d24c83f2141e5e2709d0f63d09a99f6be6bb7a50abc4915838d9f54501a?s=96&d=mm&r=g","contentUrl":"https:\/\/secure.gravatar.com\/avatar\/aa9d3d24c83f2141e5e2709d0f63d09a99f6be6bb7a50abc4915838d9f54501a?s=96&d=mm&r=g","caption":"Mathieu"},"url":"https:\/\/www.altercampagne.net\/?author=214"}]}},"_links":{"self":[{"href":"https:\/\/www.altercampagne.net\/index.php?rest_route=\/wp\/v2\/posts\/4114","targetHints":{"allow":["GET"]}}],"collection":[{"href":"https:\/\/www.altercampagne.net\/index.php?rest_route=\/wp\/v2\/posts"}],"about":[{"href":"https:\/\/www.altercampagne.net\/index.php?rest_route=\/wp\/v2\/types\/post"}],"author":[{"embeddable":true,"href":"https:\/\/www.altercampagne.net\/index.php?rest_route=\/wp\/v2\/users\/214"}],"replies":[{"embeddable":true,"href":"https:\/\/www.altercampagne.net\/index.php?rest_route=%2Fwp%2Fv2%2Fcomments&post=4114"}],"version-history":[{"count":0,"href":"https:\/\/www.altercampagne.net\/index.php?rest_route=\/wp\/v2\/posts\/4114\/revisions"}],"wp:featuredmedia":[{"embeddable":true,"href":"https:\/\/www.altercampagne.net\/index.php?rest_route=\/wp\/v2\/media\/15737"}],"wp:attachment":[{"href":"https:\/\/www.altercampagne.net\/index.php?rest_route=%2Fwp%2Fv2%2Fmedia&parent=4114"}],"wp:term":[{"taxonomy":"category","embeddable":true,"href":"https:\/\/www.altercampagne.net\/index.php?rest_route=%2Fwp%2Fv2%2Fcategories&post=4114"},{"taxonomy":"post_tag","embeddable":true,"href":"https:\/\/www.altercampagne.net\/index.php?rest_route=%2Fwp%2Fv2%2Ftags&post=4114"}],"curies":[{"name":"wp","href":"https:\/\/api.w.org\/{rel}","templated":true}]}}