{"id":4123,"date":"2013-07-27T15:51:22","date_gmt":"2013-07-27T13:51:22","guid":{"rendered":"http:\/\/www.altercampagne.net\/?p=4123"},"modified":"2019-09-16T14:33:45","modified_gmt":"2019-09-16T12:33:45","slug":"laltertour-2013-traverse-la-bourgogne","status":"publish","type":"post","link":"https:\/\/www.altercampagne.net\/?p=4123","title":{"rendered":"L&rsquo;AlterTour 2013 traverse la Bourgogne"},"content":{"rendered":"<p class=\"Style271 Style138 Style152 Style142\">Des militants parcourent les routes de France \u00e0 v\u00e9lo pour montrer que d&rsquo;autres modes de vie et de relations sont possibles. Ils font \u00e9tape en C\u00f4te d&rsquo;Or jusqu&rsquo;au mardi 30 juillet 2013, avant de se diriger vers le d\u00e9partement de Sa\u00f4ne-et-Loire.<\/p>\n<p class=\"Style271 Style138 Style152 Style142\" align=\"justify\">L&rsquo;AlterTour 2013, qui est parti du Loiret le 18 juillet, s&rsquo;ach\u00e8vera \u00e0 Rochejean dans le Doubs. Entretemps, il passe par l&rsquo;Yonne, la C\u00f4te d\u2019Or, la Sa\u00f4ne-et-Loire et le Jura.<br \/>\nDepuis 2008, cette balade \u00e9cologique a pour but de d\u00e9noncer les \u00ab\u00a0grands projets inutiles et impos\u00e9s\u00a0\u00bb (Notre-Dame des Landes, LGV Lyon Turin, etc). Les cyclistes de l&rsquo;AlterTour proposent un autre mod\u00e8le, celui d&rsquo;une soci\u00e9t\u00e9 \u00ab\u00a0ancr\u00e9e dans une multitude de petits projets bien plus durables socialement et \u00e9cologiquement : des petits projets grandement utiles\u00a0\u00bb. Cette ann\u00e9e, l&rsquo;Alter Tour est parrain\u00e9 par les agronomes Claude et Lydia Bourguignon et par Aur\u00e9lie Trouv\u00e9, anciennne co-pr\u00e9sidente d&rsquo;Attac.<br \/>\nTout au long du parcours, les participants rendent visite \u00e0 des associations ou \u00e0 des collectifs qui exp\u00e9rimentent des modes de production et de consommation alternatifs et qui militent pour un d\u00e9veloppement durable.<\/p>\n<p class=\"Style271 Style138 Style152 Style142\" align=\"justify\">L&rsquo;AlterTour fait \u00e9tape \u00e0 notamment \u00e0 :<br \/>\nDijon le samedi 27 juillet \u00e0 l&rsquo;Espace autog\u00e9r\u00e9 des Tanneries<br \/>\nLa Bussi\u00e8re-sur-Ouche lundi 29 juillet \u00e0 la Ferme de la chaux<br \/>\nLa Chapelle-sous-Uchon : jeudi 1er et vendredi 2 ao\u00fbt \u00e0 Passerelle Eco<br \/>\nChalon-sur-Sa\u00f4ne : dimanche 4 ao\u00fbt<br \/>\nTorpes : lundi 5 et mardi 6 ao\u00fbt \u00e0 l&rsquo;Ecolieu du Portail<\/p>\n<p class=\"Style271 Style138 Style152 Style142\" align=\"justify\">Source : <a href=\"http:\/\/france3-regions.francetvinfo.fr\/bourgogne\/2013\/07\/27\/l-altertour-2013-traverse-la-bourgogne-294135.html\" target=\"_blank\" rel=\"noopener noreferrer\">http:\/\/france3-regions.francetvinfo.fr\/bourgogne\/2013\/07\/27\/l-altertour-2013-traverse-la-bourgogne-294135.html<\/a><\/p>\n<p><iframe loading=\"lazy\" src=\"https:\/\/www.youtube.com\/embed\/LL3ypZ_GsjQ\" width=\"560\" height=\"315\" frameborder=\"0\" allowfullscreen=\"allowfullscreen\"><\/iframe><\/p>\n","protected":false},"excerpt":{"rendered":"<p>Des militants parcourent les routes de France \u00e0 v\u00e9lo pour montrer que d&rsquo;autres modes de vie et de relations sont possibles. Ils font \u00e9tape en C\u00f4te d&rsquo;Or jusqu&rsquo;au mardi 30 juillet 2013, avant de se diriger vers le d\u00e9partement de Sa\u00f4ne-et-Loire. L&rsquo;AlterTour 2013, qui est parti du Loiret le 18 &#8230; <\/p>\n<div><a href=\"https:\/\/www.altercampagne.net\/?p=4123\" class=\"more-link\">Read More<\/a><\/div>\n","protected":false},"author":214,"featured_media":15727,"comment_status":"closed","ping_status":"closed","sticky":false,"template":"","format":"standard","meta":{"footnotes":""},"categories":[3495,239,3462],"tags":[371,418,694,967,991,992,1017,1038,1058,1061,1656,1738,1770,1787,1788],"class_list":["post-4123","post","type-post","status-publish","format-standard","has-post-thumbnail","hentry","category-bourgogne-franche-comte","category-revue-de-presse","category-edition-2013","tag-france-3","tag-passerelle-eco","tag-altertour-2013","tag-dijon","tag-ferme-de-la-chaux","tag-la-bussiere-sur-ouche","tag-bourgogne","tag-cote-dor","tag-saone-et-loire","tag-ecolieu-du-portail","tag-1656","tag-torpes","tag-la-chapelle-sous-uchon","tag-espace-autogere-des-tanneries","tag-la-rustine"],"yoast_head":"<!-- This site is optimized with the Yoast SEO plugin v27.3 - https:\/\/yoast.com\/product\/yoast-seo-wordpress\/ -->\n<title>L&#039;AlterTour 2013 traverse la Bourgogne - AlterTour<\/title>\n<meta name=\"robots\" content=\"index, follow, max-snippet:-1, max-image-preview:large, max-video-preview:-1\" \/>\n<link rel=\"canonical\" href=\"https:\/\/www.altercampagne.net\/?p=4123\" \/>\n<meta property=\"og:locale\" content=\"fr_FR\" \/>\n<meta property=\"og:type\" content=\"article\" \/>\n<meta property=\"og:title\" content=\"L&#039;AlterTour 2013 traverse la Bourgogne - AlterTour\" \/>\n<meta property=\"og:description\" content=\"Des militants parcourent les routes de France \u00e0 v\u00e9lo pour montrer que d&rsquo;autres modes de vie et de relations sont possibles. Ils font \u00e9tape en C\u00f4te d&rsquo;Or jusqu&rsquo;au mardi 30 juillet 2013, avant de se diriger vers le d\u00e9partement de Sa\u00f4ne-et-Loire. L&rsquo;AlterTour 2013, qui est parti du Loiret le 18 ... Read More\" \/>\n<meta property=\"og:url\" content=\"https:\/\/www.altercampagne.net\/?p=4123\" \/>\n<meta property=\"og:site_name\" content=\"AlterTour\" \/>\n<meta property=\"article:published_time\" content=\"2013-07-27T13:51:22+00:00\" \/>\n<meta property=\"article:modified_time\" content=\"2019-09-16T12:33:45+00:00\" \/>\n<meta property=\"og:image\" content=\"https:\/\/www.altercampagne.net\/wp-content\/uploads\/2013\/07\/2012-07-19_08.41.jpg\" \/>\n\t<meta property=\"og:image:width\" content=\"900\" \/>\n\t<meta property=\"og:image:height\" content=\"470\" \/>\n\t<meta property=\"og:image:type\" content=\"image\/jpeg\" \/>\n<meta name=\"author\" content=\"Mathieu\" \/>\n<meta name=\"twitter:card\" content=\"summary_large_image\" \/>\n<meta name=\"twitter:label1\" content=\"\u00c9crit par\" \/>\n\t<meta name=\"twitter:data1\" content=\"Mathieu\" \/>\n\t<meta name=\"twitter:label2\" content=\"Dur\u00e9e de lecture estim\u00e9e\" \/>\n\t<meta name=\"twitter:data2\" content=\"1 minute\" \/>\n<script type=\"application\/ld+json\" class=\"yoast-schema-graph\">{\"@context\":\"https:\\\/\\\/schema.org\",\"@graph\":[{\"@type\":\"Article\",\"@id\":\"https:\\\/\\\/www.altercampagne.net\\\/?p=4123#article\",\"isPartOf\":{\"@id\":\"https:\\\/\\\/www.altercampagne.net\\\/?p=4123\"},\"author\":{\"name\":\"Mathieu\",\"@id\":\"https:\\\/\\\/www.altercampagne.net\\\/#\\\/schema\\\/person\\\/0f261460c09e430caa0f9bcffa319109\"},\"headline\":\"L&rsquo;AlterTour 2013 traverse la Bourgogne\",\"datePublished\":\"2013-07-27T13:51:22+00:00\",\"dateModified\":\"2019-09-16T12:33:45+00:00\",\"mainEntityOfPage\":{\"@id\":\"https:\\\/\\\/www.altercampagne.net\\\/?p=4123\"},\"wordCount\":259,\"image\":{\"@id\":\"https:\\\/\\\/www.altercampagne.net\\\/?p=4123#primaryimage\"},\"thumbnailUrl\":\"https:\\\/\\\/www.altercampagne.net\\\/wp-content\\\/uploads\\\/2013\\\/07\\\/2012-07-19_08.41.jpg\",\"keywords\":[\"france 3\",\"passerelle eco\",\"AlterTour 2013\",\"dijon\",\"Ferme de la Chaux\",\"la Bussi\u00e8re-sur-Ouche\",\"Bourgogne\",\"c\u00f4te-d'or\",\"sa\u00f4ne et loire\",\"Ecolieu du Portail\",\"2013\",\"Torpes\",\"La-Chapelle-sous-Uchon\",\"Espace autog\u00e9r\u00e9 des Tanneries\",\"La Rustine\"],\"articleSection\":[\"Bourgogne-Franche-Comt\u00e9\",\"Revue de presse\",\"\u00c9dition 2013\"],\"inLanguage\":\"fr-FR\"},{\"@type\":\"WebPage\",\"@id\":\"https:\\\/\\\/www.altercampagne.net\\\/?p=4123\",\"url\":\"https:\\\/\\\/www.altercampagne.net\\\/?p=4123\",\"name\":\"L'AlterTour 2013 traverse la Bourgogne - AlterTour\",\"isPartOf\":{\"@id\":\"https:\\\/\\\/www.altercampagne.net\\\/#website\"},\"primaryImageOfPage\":{\"@id\":\"https:\\\/\\\/www.altercampagne.net\\\/?p=4123#primaryimage\"},\"image\":{\"@id\":\"https:\\\/\\\/www.altercampagne.net\\\/?p=4123#primaryimage\"},\"thumbnailUrl\":\"https:\\\/\\\/www.altercampagne.net\\\/wp-content\\\/uploads\\\/2013\\\/07\\\/2012-07-19_08.41.jpg\",\"datePublished\":\"2013-07-27T13:51:22+00:00\",\"dateModified\":\"2019-09-16T12:33:45+00:00\",\"author\":{\"@id\":\"https:\\\/\\\/www.altercampagne.net\\\/#\\\/schema\\\/person\\\/0f261460c09e430caa0f9bcffa319109\"},\"breadcrumb\":{\"@id\":\"https:\\\/\\\/www.altercampagne.net\\\/?p=4123#breadcrumb\"},\"inLanguage\":\"fr-FR\",\"potentialAction\":[{\"@type\":\"ReadAction\",\"target\":[\"https:\\\/\\\/www.altercampagne.net\\\/?p=4123\"]}]},{\"@type\":\"ImageObject\",\"inLanguage\":\"fr-FR\",\"@id\":\"https:\\\/\\\/www.altercampagne.net\\\/?p=4123#primaryimage\",\"url\":\"https:\\\/\\\/www.altercampagne.net\\\/wp-content\\\/uploads\\\/2013\\\/07\\\/2012-07-19_08.41.jpg\",\"contentUrl\":\"https:\\\/\\\/www.altercampagne.net\\\/wp-content\\\/uploads\\\/2013\\\/07\\\/2012-07-19_08.41.jpg\",\"width\":900,\"height\":470},{\"@type\":\"BreadcrumbList\",\"@id\":\"https:\\\/\\\/www.altercampagne.net\\\/?p=4123#breadcrumb\",\"itemListElement\":[{\"@type\":\"ListItem\",\"position\":1,\"name\":\"Accueil\",\"item\":\"https:\\\/\\\/www.altercampagne.net\\\/\"},{\"@type\":\"ListItem\",\"position\":2,\"name\":\"L&rsquo;AlterTour 2013 traverse la Bourgogne\"}]},{\"@type\":\"WebSite\",\"@id\":\"https:\\\/\\\/www.altercampagne.net\\\/#website\",\"url\":\"https:\\\/\\\/www.altercampagne.net\\\/\",\"name\":\"AlterTour\",\"description\":\"Reliez les Alternatives \u00e0 v\u00e9lo\",\"potentialAction\":[{\"@type\":\"SearchAction\",\"target\":{\"@type\":\"EntryPoint\",\"urlTemplate\":\"https:\\\/\\\/www.altercampagne.net\\\/?s={search_term_string}\"},\"query-input\":{\"@type\":\"PropertyValueSpecification\",\"valueRequired\":true,\"valueName\":\"search_term_string\"}}],\"inLanguage\":\"fr-FR\"},{\"@type\":\"Person\",\"@id\":\"https:\\\/\\\/www.altercampagne.net\\\/#\\\/schema\\\/person\\\/0f261460c09e430caa0f9bcffa319109\",\"name\":\"Mathieu\",\"image\":{\"@type\":\"ImageObject\",\"inLanguage\":\"fr-FR\",\"@id\":\"https:\\\/\\\/secure.gravatar.com\\\/avatar\\\/aa9d3d24c83f2141e5e2709d0f63d09a99f6be6bb7a50abc4915838d9f54501a?s=96&d=mm&r=g\",\"url\":\"https:\\\/\\\/secure.gravatar.com\\\/avatar\\\/aa9d3d24c83f2141e5e2709d0f63d09a99f6be6bb7a50abc4915838d9f54501a?s=96&d=mm&r=g\",\"contentUrl\":\"https:\\\/\\\/secure.gravatar.com\\\/avatar\\\/aa9d3d24c83f2141e5e2709d0f63d09a99f6be6bb7a50abc4915838d9f54501a?s=96&d=mm&r=g\",\"caption\":\"Mathieu\"},\"url\":\"https:\\\/\\\/www.altercampagne.net\\\/?author=214\"}]}<\/script>\n<!-- \/ Yoast SEO plugin. -->","yoast_head_json":{"title":"L'AlterTour 2013 traverse la Bourgogne - AlterTour","robots":{"index":"index","follow":"follow","max-snippet":"max-snippet:-1","max-image-preview":"max-image-preview:large","max-video-preview":"max-video-preview:-1"},"canonical":"https:\/\/www.altercampagne.net\/?p=4123","og_locale":"fr_FR","og_type":"article","og_title":"L'AlterTour 2013 traverse la Bourgogne - AlterTour","og_description":"Des militants parcourent les routes de France \u00e0 v\u00e9lo pour montrer que d&rsquo;autres modes de vie et de relations sont possibles. Ils font \u00e9tape en C\u00f4te d&rsquo;Or jusqu&rsquo;au mardi 30 juillet 2013, avant de se diriger vers le d\u00e9partement de Sa\u00f4ne-et-Loire. L&rsquo;AlterTour 2013, qui est parti du Loiret le 18 ... Read More","og_url":"https:\/\/www.altercampagne.net\/?p=4123","og_site_name":"AlterTour","article_published_time":"2013-07-27T13:51:22+00:00","article_modified_time":"2019-09-16T12:33:45+00:00","og_image":[{"width":900,"height":470,"url":"https:\/\/www.altercampagne.net\/wp-content\/uploads\/2013\/07\/2012-07-19_08.41.jpg","type":"image\/jpeg"}],"author":"Mathieu","twitter_card":"summary_large_image","twitter_misc":{"\u00c9crit par":"Mathieu","Dur\u00e9e de lecture estim\u00e9e":"1 minute"},"schema":{"@context":"https:\/\/schema.org","@graph":[{"@type":"Article","@id":"https:\/\/www.altercampagne.net\/?p=4123#article","isPartOf":{"@id":"https:\/\/www.altercampagne.net\/?p=4123"},"author":{"name":"Mathieu","@id":"https:\/\/www.altercampagne.net\/#\/schema\/person\/0f261460c09e430caa0f9bcffa319109"},"headline":"L&rsquo;AlterTour 2013 traverse la Bourgogne","datePublished":"2013-07-27T13:51:22+00:00","dateModified":"2019-09-16T12:33:45+00:00","mainEntityOfPage":{"@id":"https:\/\/www.altercampagne.net\/?p=4123"},"wordCount":259,"image":{"@id":"https:\/\/www.altercampagne.net\/?p=4123#primaryimage"},"thumbnailUrl":"https:\/\/www.altercampagne.net\/wp-content\/uploads\/2013\/07\/2012-07-19_08.41.jpg","keywords":["france 3","passerelle eco","AlterTour 2013","dijon","Ferme de la Chaux","la Bussi\u00e8re-sur-Ouche","Bourgogne","c\u00f4te-d'or","sa\u00f4ne et loire","Ecolieu du Portail","2013","Torpes","La-Chapelle-sous-Uchon","Espace autog\u00e9r\u00e9 des Tanneries","La Rustine"],"articleSection":["Bourgogne-Franche-Comt\u00e9","Revue de presse","\u00c9dition 2013"],"inLanguage":"fr-FR"},{"@type":"WebPage","@id":"https:\/\/www.altercampagne.net\/?p=4123","url":"https:\/\/www.altercampagne.net\/?p=4123","name":"L'AlterTour 2013 traverse la Bourgogne - AlterTour","isPartOf":{"@id":"https:\/\/www.altercampagne.net\/#website"},"primaryImageOfPage":{"@id":"https:\/\/www.altercampagne.net\/?p=4123#primaryimage"},"image":{"@id":"https:\/\/www.altercampagne.net\/?p=4123#primaryimage"},"thumbnailUrl":"https:\/\/www.altercampagne.net\/wp-content\/uploads\/2013\/07\/2012-07-19_08.41.jpg","datePublished":"2013-07-27T13:51:22+00:00","dateModified":"2019-09-16T12:33:45+00:00","author":{"@id":"https:\/\/www.altercampagne.net\/#\/schema\/person\/0f261460c09e430caa0f9bcffa319109"},"breadcrumb":{"@id":"https:\/\/www.altercampagne.net\/?p=4123#breadcrumb"},"inLanguage":"fr-FR","potentialAction":[{"@type":"ReadAction","target":["https:\/\/www.altercampagne.net\/?p=4123"]}]},{"@type":"ImageObject","inLanguage":"fr-FR","@id":"https:\/\/www.altercampagne.net\/?p=4123#primaryimage","url":"https:\/\/www.altercampagne.net\/wp-content\/uploads\/2013\/07\/2012-07-19_08.41.jpg","contentUrl":"https:\/\/www.altercampagne.net\/wp-content\/uploads\/2013\/07\/2012-07-19_08.41.jpg","width":900,"height":470},{"@type":"BreadcrumbList","@id":"https:\/\/www.altercampagne.net\/?p=4123#breadcrumb","itemListElement":[{"@type":"ListItem","position":1,"name":"Accueil","item":"https:\/\/www.altercampagne.net\/"},{"@type":"ListItem","position":2,"name":"L&rsquo;AlterTour 2013 traverse la Bourgogne"}]},{"@type":"WebSite","@id":"https:\/\/www.altercampagne.net\/#website","url":"https:\/\/www.altercampagne.net\/","name":"AlterTour","description":"Reliez les Alternatives \u00e0 v\u00e9lo","potentialAction":[{"@type":"SearchAction","target":{"@type":"EntryPoint","urlTemplate":"https:\/\/www.altercampagne.net\/?s={search_term_string}"},"query-input":{"@type":"PropertyValueSpecification","valueRequired":true,"valueName":"search_term_string"}}],"inLanguage":"fr-FR"},{"@type":"Person","@id":"https:\/\/www.altercampagne.net\/#\/schema\/person\/0f261460c09e430caa0f9bcffa319109","name":"Mathieu","image":{"@type":"ImageObject","inLanguage":"fr-FR","@id":"https:\/\/secure.gravatar.com\/avatar\/aa9d3d24c83f2141e5e2709d0f63d09a99f6be6bb7a50abc4915838d9f54501a?s=96&d=mm&r=g","url":"https:\/\/secure.gravatar.com\/avatar\/aa9d3d24c83f2141e5e2709d0f63d09a99f6be6bb7a50abc4915838d9f54501a?s=96&d=mm&r=g","contentUrl":"https:\/\/secure.gravatar.com\/avatar\/aa9d3d24c83f2141e5e2709d0f63d09a99f6be6bb7a50abc4915838d9f54501a?s=96&d=mm&r=g","caption":"Mathieu"},"url":"https:\/\/www.altercampagne.net\/?author=214"}]}},"_links":{"self":[{"href":"https:\/\/www.altercampagne.net\/index.php?rest_route=\/wp\/v2\/posts\/4123","targetHints":{"allow":["GET"]}}],"collection":[{"href":"https:\/\/www.altercampagne.net\/index.php?rest_route=\/wp\/v2\/posts"}],"about":[{"href":"https:\/\/www.altercampagne.net\/index.php?rest_route=\/wp\/v2\/types\/post"}],"author":[{"embeddable":true,"href":"https:\/\/www.altercampagne.net\/index.php?rest_route=\/wp\/v2\/users\/214"}],"replies":[{"embeddable":true,"href":"https:\/\/www.altercampagne.net\/index.php?rest_route=%2Fwp%2Fv2%2Fcomments&post=4123"}],"version-history":[{"count":0,"href":"https:\/\/www.altercampagne.net\/index.php?rest_route=\/wp\/v2\/posts\/4123\/revisions"}],"wp:featuredmedia":[{"embeddable":true,"href":"https:\/\/www.altercampagne.net\/index.php?rest_route=\/wp\/v2\/media\/15727"}],"wp:attachment":[{"href":"https:\/\/www.altercampagne.net\/index.php?rest_route=%2Fwp%2Fv2%2Fmedia&parent=4123"}],"wp:term":[{"taxonomy":"category","embeddable":true,"href":"https:\/\/www.altercampagne.net\/index.php?rest_route=%2Fwp%2Fv2%2Fcategories&post=4123"},{"taxonomy":"post_tag","embeddable":true,"href":"https:\/\/www.altercampagne.net\/index.php?rest_route=%2Fwp%2Fv2%2Ftags&post=4123"}],"curies":[{"name":"wp","href":"https:\/\/api.w.org\/{rel}","templated":true}]}}