{"id":4131,"date":"2013-07-25T17:38:43","date_gmt":"2013-07-25T15:38:43","guid":{"rendered":"http:\/\/www.altercampagne.net\/?p=4131"},"modified":"2019-09-16T15:08:38","modified_gmt":"2019-09-16T13:08:38","slug":"altertour-dopes-a-lalternative","status":"publish","type":"post","link":"https:\/\/www.altercampagne.net\/?p=4131","title":{"rendered":"AlterTour : Dop\u00e9s \u00e0 l\u2019alternative"},"content":{"rendered":"<p class=\"Style271 Style138 Style152 Style142\">Depuis le 19 juillet et jusqu\u2019au 20 ao\u00fbt, l\u2019AlterTour parcourt la France \u00e0 v\u00e9lo pour d\u00e9fendre des id\u00e9es neuves. Reportage.<\/p>\n<p><a href=\"http:\/\/www.altercampagne.net\/wp-content\/uploads\/2013\/07\/2013-07-20_19.33.jpg\"><img loading=\"lazy\" decoding=\"async\" class=\" wp-image-7264  alignright\" src=\"http:\/\/www.altercampagne.net\/wp-content\/uploads\/2013\/07\/2013-07-20_19.33.jpg\" alt=\"2013-07-20_19.33\" width=\"202\" height=\"499\" \/><\/a>Le d\u00e9part du 6e AlterTour a \u00e9t\u00e9 donn\u00e9 le 19 juillet \u00e0 Autry-le-Ch\u00e2tel, dans le Loiret. Symboliquement, le peloton des altercyclistes a attaqu\u00e9 son p\u00e9riple devant le centre exp\u00e9rimental de mara\u00eechage de Monsanto, install\u00e9 dans la commune depuis trois ans. D\u00e9part face \u00e0 des grilles ferm\u00e9es \u00e0 titre pr\u00e9ventif par la firme am\u00e9ricaine, au point m\u00eame que tous les fournisseurs et visiteurs se voyaient refuser l\u2019entr\u00e9e du centre. \u00c0 l\u2019int\u00e9rieur, dans des serres o\u00f9 la temp\u00e9rature fr\u00f4le les 40\u00a0\u00b0C depuis quelques jours, les ouvri\u00e8res (int\u00e9rimaires) n\u2019ont pas eu le droit de venir jeter un coup d\u2019\u0153il \u00e0 cette assembl\u00e9e cycliste bon enfant. La gestion \u00ab\u00a0am\u00e9ricaine\u00a0\u00bb y limite les pauses au strict minimum, et ce malgr\u00e9 la chaleur, avec interdiction d\u2019apporter son eau\u00a0! Difficile de savoir ce qui se passe dans cet \u00e9tablissement essentiellement vou\u00e9 \u00e0 des essais et \u00e0 des f\u00e9condations manuelles sur des poivrons et des tomates. Officiellement, pas question <em>\u00ab\u00a0<\/em>\u00a0<em>pour l\u2019instant<\/em>\u00a0<em>\u00a0\u00bb<\/em> d\u2019essais transg\u00e9niques. Pourtant, il y a quelques semaines, les poivrons y ont \u00e9t\u00e9 victimes d\u2019un myst\u00e9rieux virus qui a entra\u00een\u00e9 l\u2019arrachage de milliers de plants. Et les responsables du centre interdisent d\u00e9sormais au personnel d\u2019emporter des l\u00e9gumes r\u00e9colt\u00e9s dans les serres. Explication plausible\u00a0: malgr\u00e9 les promesses officielles de Monsanto, qui jure abandonner ses projets en Europe, la soci\u00e9t\u00e9 am\u00e9ricaine redoute que poivrons et tomates puissent \u00eatre analys\u00e9s \u00e0 l\u2019ext\u00e9rieur et que les manipulations g\u00e9n\u00e9tiques en cours soient d\u00e9couvertes.<\/p>\n<p><strong>En faisant halte,<\/strong> au cours de la premi\u00e8re \u00e9tape, devant la centrale nucl\u00e9aire de Dampierre-en-Burly, les cyclistes de l\u2019AlterTour ont fait connaissance avec des gendarmes au moins aussi nombreux qu\u2019eux. Interdiction d\u2019approcher les grillages de\u00a0l\u2019installation dans laquelle les coureurs avaient pourtant annonc\u00e9 qu\u2019ils ne tenteraient pas de p\u00e9n\u00e9trer. Intimidations habituelles, y compris un relev\u00e9 syst\u00e9matique et ill\u00e9gal de leurs adresses et identit\u00e9s. Avec en prime les menaces des agents de la soci\u00e9t\u00e9 de s\u00e9curit\u00e9 Segur, pr\u00e9tendant emp\u00eacher la prise de photographies. C\u2019est ce nucl\u00e9aire, le secret des recherches et le massacre programm\u00e9 de l\u2019agriculture paysanne que les altercyclistes veulent d\u00e9noncer au cours de leur p\u00e9riple. Des th\u00e8mes qui ont fait l\u2019objet du d\u00e9bat inaugural, men\u00e9 sur l\u2019aire de d\u00e9part, dans le jardin communautaire des Hubbits, par Pierre-Henri Gouyon, professeur au Mus\u00e9um national d\u2019histoire naturelle. Une discussion autour d\u2019un feu de bois o\u00f9 tous les auditeurs et participants se sont montr\u00e9s convaincus de la n\u00e9cessit\u00e9 de pr\u00e9server la biodiversit\u00e9 afin de contrer les multinationales comme Monsanto et les grandes firmes agroalimentaires. Des auditeurs avides aussi de solutions et de moyens de r\u00e9sistance. Sur ce point, les propositions restent cependant plus \u00e9vasives que la d\u00e9nonciation, comme l\u2019ont montr\u00e9 les d\u00e9bats organis\u00e9s le dimanche par les Faucheurs volontaires, lesquels f\u00eataient leur dixi\u00e8me anniversaire \u00e0 Bouzy-la-For\u00eat, \u00e0 l\u2019occasion de la premi\u00e8re journ\u00e9e de repos. Des faucheurs venus d\u2019Europe et d\u2019Afrique ont expliqu\u00e9 eux aussi leurs combats et leurs difficult\u00e9s.<\/p>\n<p><strong>Tout au long de cet autre \u00ab\u00a0Tour\u00a0\u00bb, <\/strong>qui s\u2019ach\u00e8vera le 20\u00a0ao\u00fbt \u00e0 l\u2019Altervillage d\u2019Attac de Rochejean\u00a0(Jura), les trente \u00e0 cinquante coureurs \u2013\u00a0selon les jours\u00a0\u2013 d\u00e9couvriront et mettront en valeur les\u00a0<em>\u00ab\u00a0alternatives \u00e0 tous les dopages dont est victime notre soci\u00e9t\u00e9\u00a0\u00bb.<\/em> Qu\u2019il s\u2019agisse de biodiversit\u00e9, d\u2019agriculture industrielle, de sport, de sant\u00e9, des gaz de schiste ou de la soci\u00e9t\u00e9 de consommation, ils organiseront des d\u00e9bats \u00e0 chaque \u00e9tape. Parcourant de\u00a040 \u00e0 80\u00a0kilom\u00e8tres par jour sur un rythme volontairement lent, ils seront accompagn\u00e9s d\u2019une voiture-balai et d\u2019une remorque technique pouvant offrir des v\u00e9los \u00e0 ceux qui veulent rejoindre le peloton pour une ou deux journ\u00e9es. Sur chaque bicyclette, des fanions et des pancartes racontent les revendications et les champs du possible. La vie du cort\u00e8ge est \u00e0 la fois pittoresque, autog\u00e9r\u00e9e et joyeuse. Chacun expliquant ses aspirations \u00e0 un autre quotidien et la n\u00e9cessit\u00e9, l\u2019urgence m\u00eame, de r\u00e9sister \u00e0 toutes les tentations d\u2019une soci\u00e9t\u00e9 de consommation <em>\u00ab\u00a0o\u00f9 l\u2019offre conditionne la demande \u00e0 grand renfort de publicit\u00e9\u00a0\u00bb.<\/em> Ce mini-tour de France des id\u00e9es neuves rencontre un accueil plut\u00f4t sympathique, mais il se voit souvent renvoy\u00e9 \u00e0 la question du ch\u00f4mage. Beaucoup des membres de la caravane et du public d\u00e9noncent l\u2019impuissance \u00e9cologique de la gauche ou de la droite, et affichent leur scepticisme face aux discours des Verts\u00a0; m\u00eame si la caravane est accompagn\u00e9e par l\u2019ancienne parlementaire \u00e9colo Anny Poursinoff\u2026<\/p>\n<p>Source : <a href=\"http:\/\/www.politis.fr\/articles\/2013\/07\/altertour-dopes-a-lalternative-23281\/\" target=\"_blank\" rel=\"noopener noreferrer\">http:\/\/www.politis.fr\/articles\/2013\/07\/altertour-dopes-a-lalternative-23281\/<\/a><\/p>\n<p class=\"Style271 Style138 Style152 Style142\" align=\"justify\">\n","protected":false},"excerpt":{"rendered":"<p>Depuis le 19 juillet et jusqu\u2019au 20 ao\u00fbt, l\u2019AlterTour parcourt la France \u00e0 v\u00e9lo pour d\u00e9fendre des id\u00e9es neuves. Reportage. Le d\u00e9part du 6e AlterTour a \u00e9t\u00e9 donn\u00e9 le 19 juillet \u00e0 Autry-le-Ch\u00e2tel, dans le Loiret. Symboliquement, le peloton des altercyclistes a attaqu\u00e9 son p\u00e9riple devant le centre exp\u00e9rimental de &#8230; <\/p>\n<div><a href=\"https:\/\/www.altercampagne.net\/?p=4131\" class=\"more-link\">Read More<\/a><\/div>\n","protected":false},"author":214,"featured_media":15742,"comment_status":"closed","ping_status":"closed","sticky":false,"template":"","format":"standard","meta":{"footnotes":""},"categories":[3473,239,3542,3462],"tags":[533,879,988,1046,1047,1098,1656,1790,1791,1792,1793,1794],"class_list":["post-4131","post","type-post","status-publish","format-standard","has-post-thumbnail","hentry","category-centre-val-de-loire","category-revue-de-presse","category-lutte","category-edition-2013","tag-monsanto","tag-faucheurs-volontaires","tag-pierre-henri-gouyon","tag-bouzy-la-foret","tag-loiret","tag-altertour-2008","tag-1656","tag-politis","tag-centrale-nucleaire-de-dampierre-en-burly","tag-jardin-communautaire-des-hubbits","tag-10ans-des-faucheurs","tag-centre-val-de-loire"],"yoast_head":"<!-- This site is optimized with the Yoast SEO plugin v27.3 - https:\/\/yoast.com\/product\/yoast-seo-wordpress\/ -->\n<title>AlterTour : Dop\u00e9s \u00e0 l\u2019alternative - AlterTour<\/title>\n<meta name=\"robots\" content=\"index, follow, max-snippet:-1, max-image-preview:large, max-video-preview:-1\" \/>\n<link rel=\"canonical\" href=\"https:\/\/www.altercampagne.net\/?p=4131\" \/>\n<meta property=\"og:locale\" content=\"fr_FR\" \/>\n<meta property=\"og:type\" content=\"article\" \/>\n<meta property=\"og:title\" content=\"AlterTour : Dop\u00e9s \u00e0 l\u2019alternative - AlterTour\" \/>\n<meta property=\"og:description\" content=\"Depuis le 19 juillet et jusqu\u2019au 20 ao\u00fbt, l\u2019AlterTour parcourt la France \u00e0 v\u00e9lo pour d\u00e9fendre des id\u00e9es neuves. Reportage. Le d\u00e9part du 6e AlterTour a \u00e9t\u00e9 donn\u00e9 le 19 juillet \u00e0 Autry-le-Ch\u00e2tel, dans le Loiret. Symboliquement, le peloton des altercyclistes a attaqu\u00e9 son p\u00e9riple devant le centre exp\u00e9rimental de ... Read More\" \/>\n<meta property=\"og:url\" content=\"https:\/\/www.altercampagne.net\/?p=4131\" \/>\n<meta property=\"og:site_name\" content=\"AlterTour\" \/>\n<meta property=\"article:published_time\" content=\"2013-07-25T15:38:43+00:00\" \/>\n<meta property=\"article:modified_time\" content=\"2019-09-16T13:08:38+00:00\" \/>\n<meta property=\"og:image\" content=\"https:\/\/www.altercampagne.net\/wp-content\/uploads\/2013\/07\/2013-07-20_12.09.jpg\" \/>\n\t<meta property=\"og:image:width\" content=\"907\" \/>\n\t<meta property=\"og:image:height\" content=\"474\" \/>\n\t<meta property=\"og:image:type\" content=\"image\/jpeg\" \/>\n<meta name=\"author\" content=\"Mathieu\" \/>\n<meta name=\"twitter:card\" content=\"summary_large_image\" \/>\n<meta name=\"twitter:label1\" content=\"\u00c9crit par\" \/>\n\t<meta name=\"twitter:data1\" content=\"Mathieu\" \/>\n\t<meta name=\"twitter:label2\" content=\"Dur\u00e9e de lecture estim\u00e9e\" \/>\n\t<meta name=\"twitter:data2\" content=\"4 minutes\" \/>\n<script type=\"application\/ld+json\" class=\"yoast-schema-graph\">{\"@context\":\"https:\\\/\\\/schema.org\",\"@graph\":[{\"@type\":\"Article\",\"@id\":\"https:\\\/\\\/www.altercampagne.net\\\/?p=4131#article\",\"isPartOf\":{\"@id\":\"https:\\\/\\\/www.altercampagne.net\\\/?p=4131\"},\"author\":{\"name\":\"Mathieu\",\"@id\":\"https:\\\/\\\/www.altercampagne.net\\\/#\\\/schema\\\/person\\\/0f261460c09e430caa0f9bcffa319109\"},\"headline\":\"AlterTour : Dop\u00e9s \u00e0 l\u2019alternative\",\"datePublished\":\"2013-07-25T15:38:43+00:00\",\"dateModified\":\"2019-09-16T13:08:38+00:00\",\"mainEntityOfPage\":{\"@id\":\"https:\\\/\\\/www.altercampagne.net\\\/?p=4131\"},\"wordCount\":834,\"image\":{\"@id\":\"https:\\\/\\\/www.altercampagne.net\\\/?p=4131#primaryimage\"},\"thumbnailUrl\":\"https:\\\/\\\/www.altercampagne.net\\\/wp-content\\\/uploads\\\/2013\\\/07\\\/2013-07-20_12.09.jpg\",\"keywords\":[\"monsanto\",\"Faucheurs Volontaires\",\"Pierre-Henri Gouyon\",\"Bouzy la For\u00eat\",\"Loiret\",\"AlterTour 2008\",\"2013\",\"Politis\",\"centrale nucl\u00e9aire de Dampierre-en-Burly\",\"jardin communautaire des Hubbits\",\"10ans des faucheurs\",\"Centre-Val de Loire\"],\"articleSection\":[\"Centre-Val de Loire\",\"Revue de presse\",\"Lutte\",\"\u00c9dition 2013\"],\"inLanguage\":\"fr-FR\"},{\"@type\":\"WebPage\",\"@id\":\"https:\\\/\\\/www.altercampagne.net\\\/?p=4131\",\"url\":\"https:\\\/\\\/www.altercampagne.net\\\/?p=4131\",\"name\":\"AlterTour : Dop\u00e9s \u00e0 l\u2019alternative - AlterTour\",\"isPartOf\":{\"@id\":\"https:\\\/\\\/www.altercampagne.net\\\/#website\"},\"primaryImageOfPage\":{\"@id\":\"https:\\\/\\\/www.altercampagne.net\\\/?p=4131#primaryimage\"},\"image\":{\"@id\":\"https:\\\/\\\/www.altercampagne.net\\\/?p=4131#primaryimage\"},\"thumbnailUrl\":\"https:\\\/\\\/www.altercampagne.net\\\/wp-content\\\/uploads\\\/2013\\\/07\\\/2013-07-20_12.09.jpg\",\"datePublished\":\"2013-07-25T15:38:43+00:00\",\"dateModified\":\"2019-09-16T13:08:38+00:00\",\"author\":{\"@id\":\"https:\\\/\\\/www.altercampagne.net\\\/#\\\/schema\\\/person\\\/0f261460c09e430caa0f9bcffa319109\"},\"breadcrumb\":{\"@id\":\"https:\\\/\\\/www.altercampagne.net\\\/?p=4131#breadcrumb\"},\"inLanguage\":\"fr-FR\",\"potentialAction\":[{\"@type\":\"ReadAction\",\"target\":[\"https:\\\/\\\/www.altercampagne.net\\\/?p=4131\"]}]},{\"@type\":\"ImageObject\",\"inLanguage\":\"fr-FR\",\"@id\":\"https:\\\/\\\/www.altercampagne.net\\\/?p=4131#primaryimage\",\"url\":\"https:\\\/\\\/www.altercampagne.net\\\/wp-content\\\/uploads\\\/2013\\\/07\\\/2013-07-20_12.09.jpg\",\"contentUrl\":\"https:\\\/\\\/www.altercampagne.net\\\/wp-content\\\/uploads\\\/2013\\\/07\\\/2013-07-20_12.09.jpg\",\"width\":907,\"height\":474},{\"@type\":\"BreadcrumbList\",\"@id\":\"https:\\\/\\\/www.altercampagne.net\\\/?p=4131#breadcrumb\",\"itemListElement\":[{\"@type\":\"ListItem\",\"position\":1,\"name\":\"Accueil\",\"item\":\"https:\\\/\\\/www.altercampagne.net\\\/\"},{\"@type\":\"ListItem\",\"position\":2,\"name\":\"AlterTour : Dop\u00e9s \u00e0 l\u2019alternative\"}]},{\"@type\":\"WebSite\",\"@id\":\"https:\\\/\\\/www.altercampagne.net\\\/#website\",\"url\":\"https:\\\/\\\/www.altercampagne.net\\\/\",\"name\":\"AlterTour\",\"description\":\"Reliez les Alternatives \u00e0 v\u00e9lo\",\"potentialAction\":[{\"@type\":\"SearchAction\",\"target\":{\"@type\":\"EntryPoint\",\"urlTemplate\":\"https:\\\/\\\/www.altercampagne.net\\\/?s={search_term_string}\"},\"query-input\":{\"@type\":\"PropertyValueSpecification\",\"valueRequired\":true,\"valueName\":\"search_term_string\"}}],\"inLanguage\":\"fr-FR\"},{\"@type\":\"Person\",\"@id\":\"https:\\\/\\\/www.altercampagne.net\\\/#\\\/schema\\\/person\\\/0f261460c09e430caa0f9bcffa319109\",\"name\":\"Mathieu\",\"image\":{\"@type\":\"ImageObject\",\"inLanguage\":\"fr-FR\",\"@id\":\"https:\\\/\\\/secure.gravatar.com\\\/avatar\\\/aa9d3d24c83f2141e5e2709d0f63d09a99f6be6bb7a50abc4915838d9f54501a?s=96&d=mm&r=g\",\"url\":\"https:\\\/\\\/secure.gravatar.com\\\/avatar\\\/aa9d3d24c83f2141e5e2709d0f63d09a99f6be6bb7a50abc4915838d9f54501a?s=96&d=mm&r=g\",\"contentUrl\":\"https:\\\/\\\/secure.gravatar.com\\\/avatar\\\/aa9d3d24c83f2141e5e2709d0f63d09a99f6be6bb7a50abc4915838d9f54501a?s=96&d=mm&r=g\",\"caption\":\"Mathieu\"},\"url\":\"https:\\\/\\\/www.altercampagne.net\\\/?author=214\"}]}<\/script>\n<!-- \/ Yoast SEO plugin. -->","yoast_head_json":{"title":"AlterTour : Dop\u00e9s \u00e0 l\u2019alternative - AlterTour","robots":{"index":"index","follow":"follow","max-snippet":"max-snippet:-1","max-image-preview":"max-image-preview:large","max-video-preview":"max-video-preview:-1"},"canonical":"https:\/\/www.altercampagne.net\/?p=4131","og_locale":"fr_FR","og_type":"article","og_title":"AlterTour : Dop\u00e9s \u00e0 l\u2019alternative - AlterTour","og_description":"Depuis le 19 juillet et jusqu\u2019au 20 ao\u00fbt, l\u2019AlterTour parcourt la France \u00e0 v\u00e9lo pour d\u00e9fendre des id\u00e9es neuves. Reportage. Le d\u00e9part du 6e AlterTour a \u00e9t\u00e9 donn\u00e9 le 19 juillet \u00e0 Autry-le-Ch\u00e2tel, dans le Loiret. Symboliquement, le peloton des altercyclistes a attaqu\u00e9 son p\u00e9riple devant le centre exp\u00e9rimental de ... Read More","og_url":"https:\/\/www.altercampagne.net\/?p=4131","og_site_name":"AlterTour","article_published_time":"2013-07-25T15:38:43+00:00","article_modified_time":"2019-09-16T13:08:38+00:00","og_image":[{"width":907,"height":474,"url":"https:\/\/www.altercampagne.net\/wp-content\/uploads\/2013\/07\/2013-07-20_12.09.jpg","type":"image\/jpeg"}],"author":"Mathieu","twitter_card":"summary_large_image","twitter_misc":{"\u00c9crit par":"Mathieu","Dur\u00e9e de lecture estim\u00e9e":"4 minutes"},"schema":{"@context":"https:\/\/schema.org","@graph":[{"@type":"Article","@id":"https:\/\/www.altercampagne.net\/?p=4131#article","isPartOf":{"@id":"https:\/\/www.altercampagne.net\/?p=4131"},"author":{"name":"Mathieu","@id":"https:\/\/www.altercampagne.net\/#\/schema\/person\/0f261460c09e430caa0f9bcffa319109"},"headline":"AlterTour : Dop\u00e9s \u00e0 l\u2019alternative","datePublished":"2013-07-25T15:38:43+00:00","dateModified":"2019-09-16T13:08:38+00:00","mainEntityOfPage":{"@id":"https:\/\/www.altercampagne.net\/?p=4131"},"wordCount":834,"image":{"@id":"https:\/\/www.altercampagne.net\/?p=4131#primaryimage"},"thumbnailUrl":"https:\/\/www.altercampagne.net\/wp-content\/uploads\/2013\/07\/2013-07-20_12.09.jpg","keywords":["monsanto","Faucheurs Volontaires","Pierre-Henri Gouyon","Bouzy la For\u00eat","Loiret","AlterTour 2008","2013","Politis","centrale nucl\u00e9aire de Dampierre-en-Burly","jardin communautaire des Hubbits","10ans des faucheurs","Centre-Val de Loire"],"articleSection":["Centre-Val de Loire","Revue de presse","Lutte","\u00c9dition 2013"],"inLanguage":"fr-FR"},{"@type":"WebPage","@id":"https:\/\/www.altercampagne.net\/?p=4131","url":"https:\/\/www.altercampagne.net\/?p=4131","name":"AlterTour : Dop\u00e9s \u00e0 l\u2019alternative - AlterTour","isPartOf":{"@id":"https:\/\/www.altercampagne.net\/#website"},"primaryImageOfPage":{"@id":"https:\/\/www.altercampagne.net\/?p=4131#primaryimage"},"image":{"@id":"https:\/\/www.altercampagne.net\/?p=4131#primaryimage"},"thumbnailUrl":"https:\/\/www.altercampagne.net\/wp-content\/uploads\/2013\/07\/2013-07-20_12.09.jpg","datePublished":"2013-07-25T15:38:43+00:00","dateModified":"2019-09-16T13:08:38+00:00","author":{"@id":"https:\/\/www.altercampagne.net\/#\/schema\/person\/0f261460c09e430caa0f9bcffa319109"},"breadcrumb":{"@id":"https:\/\/www.altercampagne.net\/?p=4131#breadcrumb"},"inLanguage":"fr-FR","potentialAction":[{"@type":"ReadAction","target":["https:\/\/www.altercampagne.net\/?p=4131"]}]},{"@type":"ImageObject","inLanguage":"fr-FR","@id":"https:\/\/www.altercampagne.net\/?p=4131#primaryimage","url":"https:\/\/www.altercampagne.net\/wp-content\/uploads\/2013\/07\/2013-07-20_12.09.jpg","contentUrl":"https:\/\/www.altercampagne.net\/wp-content\/uploads\/2013\/07\/2013-07-20_12.09.jpg","width":907,"height":474},{"@type":"BreadcrumbList","@id":"https:\/\/www.altercampagne.net\/?p=4131#breadcrumb","itemListElement":[{"@type":"ListItem","position":1,"name":"Accueil","item":"https:\/\/www.altercampagne.net\/"},{"@type":"ListItem","position":2,"name":"AlterTour : Dop\u00e9s \u00e0 l\u2019alternative"}]},{"@type":"WebSite","@id":"https:\/\/www.altercampagne.net\/#website","url":"https:\/\/www.altercampagne.net\/","name":"AlterTour","description":"Reliez les Alternatives \u00e0 v\u00e9lo","potentialAction":[{"@type":"SearchAction","target":{"@type":"EntryPoint","urlTemplate":"https:\/\/www.altercampagne.net\/?s={search_term_string}"},"query-input":{"@type":"PropertyValueSpecification","valueRequired":true,"valueName":"search_term_string"}}],"inLanguage":"fr-FR"},{"@type":"Person","@id":"https:\/\/www.altercampagne.net\/#\/schema\/person\/0f261460c09e430caa0f9bcffa319109","name":"Mathieu","image":{"@type":"ImageObject","inLanguage":"fr-FR","@id":"https:\/\/secure.gravatar.com\/avatar\/aa9d3d24c83f2141e5e2709d0f63d09a99f6be6bb7a50abc4915838d9f54501a?s=96&d=mm&r=g","url":"https:\/\/secure.gravatar.com\/avatar\/aa9d3d24c83f2141e5e2709d0f63d09a99f6be6bb7a50abc4915838d9f54501a?s=96&d=mm&r=g","contentUrl":"https:\/\/secure.gravatar.com\/avatar\/aa9d3d24c83f2141e5e2709d0f63d09a99f6be6bb7a50abc4915838d9f54501a?s=96&d=mm&r=g","caption":"Mathieu"},"url":"https:\/\/www.altercampagne.net\/?author=214"}]}},"_links":{"self":[{"href":"https:\/\/www.altercampagne.net\/index.php?rest_route=\/wp\/v2\/posts\/4131","targetHints":{"allow":["GET"]}}],"collection":[{"href":"https:\/\/www.altercampagne.net\/index.php?rest_route=\/wp\/v2\/posts"}],"about":[{"href":"https:\/\/www.altercampagne.net\/index.php?rest_route=\/wp\/v2\/types\/post"}],"author":[{"embeddable":true,"href":"https:\/\/www.altercampagne.net\/index.php?rest_route=\/wp\/v2\/users\/214"}],"replies":[{"embeddable":true,"href":"https:\/\/www.altercampagne.net\/index.php?rest_route=%2Fwp%2Fv2%2Fcomments&post=4131"}],"version-history":[{"count":0,"href":"https:\/\/www.altercampagne.net\/index.php?rest_route=\/wp\/v2\/posts\/4131\/revisions"}],"wp:featuredmedia":[{"embeddable":true,"href":"https:\/\/www.altercampagne.net\/index.php?rest_route=\/wp\/v2\/media\/15742"}],"wp:attachment":[{"href":"https:\/\/www.altercampagne.net\/index.php?rest_route=%2Fwp%2Fv2%2Fmedia&parent=4131"}],"wp:term":[{"taxonomy":"category","embeddable":true,"href":"https:\/\/www.altercampagne.net\/index.php?rest_route=%2Fwp%2Fv2%2Fcategories&post=4131"},{"taxonomy":"post_tag","embeddable":true,"href":"https:\/\/www.altercampagne.net\/index.php?rest_route=%2Fwp%2Fv2%2Ftags&post=4131"}],"curies":[{"name":"wp","href":"https:\/\/api.w.org\/{rel}","templated":true}]}}