{"id":4133,"date":"2013-07-25T15:48:57","date_gmt":"2013-07-25T13:48:57","guid":{"rendered":"http:\/\/www.altercampagne.net\/?p=4133"},"modified":"2019-09-16T14:37:03","modified_gmt":"2019-09-16T12:37:03","slug":"trois-etapes-morvandelles-du-30-juillet-au-2-aout-pour-le-6e-altertour","status":"publish","type":"post","link":"https:\/\/www.altercampagne.net\/?p=4133","title":{"rendered":"Trois \u00e9tapes morvandelles du 30 juillet au 2 ao\u00fbt pour le 6e AlterTour"},"content":{"rendered":"<p>Le 6e AlterTour dont le d\u00e9part a \u00e9t\u00e9 donn\u00e9 le 18 juillet du jardin partag\u00e9 des Hubbits, face aux serres de Monsanto, \u00e0 Autry le Chatel (Loiret) traversera le Morvan en d\u00e9but de semaine prochaine.<\/p>\n<p>\u00c9tapes et demi-\u00e9tapes avec animations \u00e0 Bard-le-R\u00e9gulier (30 juillet), Anost (31 juillet), Autun, Saint-Symphorien-de-Marmagne (1er ao\u00fbt), La Chapelle-sous-Uchon (2 ao\u00fbt) avant la poursuite du parcours vers le Jura o\u00f9 cette \u00e9dition 2013 s&rsquo;ach\u00e8vera le 20 ao\u00fbt.<\/p>\n<p>L&rsquo; \u00ab AlterTour pour une plan\u00e8te sans dopage \u00bb est un parcours cycliste familial partant \u00e0 la d\u00e9couverte des alternatives r\u00e9gionales.<br \/>\nConstitu\u00e9 \u00ab\u00a0d&rsquo;altercyclistes\u00a0\u00bb r\u00e9sistants \u00e0 l&rsquo;esprit de comp\u00e9tition qui entra\u00eene le dopage (dans tous les domaines), le peloton de l&rsquo;AlterTour auquel sont invit\u00e9s \u00e0 se joindre ponctuellement les habitants des territoires travers\u00e9s entend relier les \u00ab petits projets grandement utiles \u00bb, par opposition aux \u00ab grands projets inutiles et impos\u00e9s \u00bb.<\/p>\n<p>C&rsquo;est un espace de rencontre, de d\u00e9bats, ouvert \u00e0 tous, visant \u00e0 promouvoir la r\u00e9flexion, les \u00e9changes de connaissances et d&rsquo;exp\u00e9riences militantes, les t\u00e9moignages de r\u00e9sistance non-violente.<\/p>\n<h3><strong>Les \u00e9tapes en Morvan:<\/strong><\/h3>\n<p><strong>Mardi 30 juillet, <\/strong>\u00e0 l&rsquo;issue de l&rsquo;\u00e9tape La Bussi\u00e8re-sur-Ouche &#8211; <strong>Bard le R\u00e9gulier <\/strong>, l&rsquo;AlterTour fera \u00e9tape au Hameau de la Tuilerie, accueilli par l&rsquo;association \u00ab\u00a0A cheval sur soi\u00a0\u00bbet l&rsquo;\u00e9cole Montessori. Pr\u00e9sentation des actions de l&rsquo;association suivie d&rsquo;une soir\u00e9e musique folk, celte, pour \u00e9couter et danser.<\/p>\n<p><strong>Mercredi 31 juillet<\/strong>, \u00e9tape Bard le R\u00e9gulier \u2013<strong>Anost.<\/strong> Dans la cit\u00e9 des Galvachers visite de la brasserie La Foline avec Stephane Sygiel (14h00 &#8211; 15h30) puis de la Maison du Patrimoine Oral. En soir\u00e9e, bal trad sur le \u00ab Bal parquet \u00bb<\/p>\n<p><strong>Jeudi 1er ao\u00fbt<\/strong>, au cours de l&rsquo;\u00e9tape Anost &#8211; Saint Symphorien de Marmagne, l&rsquo;Alter Tour fera une pause militante \u00e0 <strong>Autun<\/strong> o\u00f9 il sera accueilli au Jardin des Curiosit\u00e9s \u00e0 Couhard par les associations Par Nature, Autun Morvan \u00c9cologie, le Groupement Forestier pour la Sauvegarde des Feuillus du Morvan et la Maison du D\u00e9veloppement Durable (commerce \u00e9quitable) qui auront install\u00e9 des stands.<br \/>\nDe 14h30 &#8211; 16h30 : au choix :<br \/>\n&#8211; Visite Jardin des Curiosit\u00e9s avec Aurore Gay et d&rsquo;autres b\u00e9n\u00e9voles<br \/>\nou<br \/>\n&#8211; Balade explicative en for\u00eat avec Lucienne Ha\u00e8se pour une explication de la situation du Morvan et ses probl\u00e9matiques foresti\u00e8res (d\u00e9forestations, projet de m\u00e9ga-scierie, d\u00e9s\u00e9quilibre feuillus\/r\u00e9sineux, &#8230;)<\/p>\n<p>L&rsquo;AlterTour observera une \u00ab journ\u00e9e de repos \u00bb <strong>vendredi 2 ao\u00fbt \u00e0 Passerelle Eco \u00e0 La Chapelle-sous-Uchon<\/strong> avant de continuer sa route par Culles-les-Roches, Chalon-sur-Sa\u00f4ne et Torpes.<\/p>\n<p>Source : <a href=\"http:\/\/www.gensdumorvan.fr\/societe\/environnement\/trois-etapes-morvandelles-du-30-juillet-au-2-aout-pour-le-6e-altertour.html\" target=\"_blank\" rel=\"noopener noreferrer\">http:\/\/www.gensdumorvan.fr\/societe\/environnement\/trois-etapes-morvandelles-du-30-juillet-au-2-aout-pour-le-6e-altertour.html<\/a><\/p>\n","protected":false},"excerpt":{"rendered":"<p>Le 6e AlterTour dont le d\u00e9part a \u00e9t\u00e9 donn\u00e9 le 18 juillet du jardin partag\u00e9 des Hubbits, face aux serres de Monsanto, \u00e0 Autry le Chatel (Loiret) traversera le Morvan en d\u00e9but de semaine prochaine. \u00c9tapes et demi-\u00e9tapes avec animations \u00e0 Bard-le-R\u00e9gulier (30 juillet), Anost (31 juillet), Autun, Saint-Symphorien-de-Marmagne (1er &#8230; <\/p>\n<div><a href=\"https:\/\/www.altercampagne.net\/?p=4133\" class=\"more-link\">Read More<\/a><\/div>\n","protected":false},"author":214,"featured_media":15729,"comment_status":"closed","ping_status":"closed","sticky":false,"template":"","format":"standard","meta":{"footnotes":""},"categories":[3495,4037,239,3462],"tags":[1760,1797,1796,1795,1794,1784,1783,1782,1781,1780,1776,1772,1770,1762,418,1759,1748,1747,1746,1743,1656,1591,1047,1021,1020,694,533],"class_list":["post-4133","post","type-post","status-publish","format-standard","has-post-thumbnail","hentry","category-bourgogne-franche-comte","category-biere","category-revue-de-presse","category-edition-2013","tag-anost","tag-stephane-sygiel","tag-brasserie-la-foline","tag-hubbits","tag-centre-val-de-loire","tag-aurore-gay","tag-lucienne-haese","tag-par-nature","tag-groupement-forestier-pour-la-sauvegarde-des-feuillus-du-morvan","tag-jardin-des-curiosites","tag-autun-morvan-ecologie","tag-saint-symphorien-de-marmagne","tag-la-chapelle-sous-uchon","tag-couhard","tag-passerelle-eco","tag-autun","tag-morvan","tag-bard-le-regulier","tag-a-cheval-sur-soi","tag-tuilerie","tag-1656","tag-montessori","tag-loiret","tag-jardin-collectif-des-hubbits","tag-autry-le-chatel","tag-altertour-2013","tag-monsanto"],"yoast_head":"<!-- This site is optimized with the Yoast SEO plugin v27.3 - https:\/\/yoast.com\/product\/yoast-seo-wordpress\/ -->\n<title>Trois \u00e9tapes morvandelles du 30 juillet au 2 ao\u00fbt pour le 6e AlterTour - AlterTour<\/title>\n<meta name=\"robots\" content=\"index, follow, max-snippet:-1, max-image-preview:large, max-video-preview:-1\" \/>\n<link rel=\"canonical\" href=\"https:\/\/www.altercampagne.net\/?p=4133\" \/>\n<meta property=\"og:locale\" content=\"fr_FR\" \/>\n<meta property=\"og:type\" content=\"article\" \/>\n<meta property=\"og:title\" content=\"Trois \u00e9tapes morvandelles du 30 juillet au 2 ao\u00fbt pour le 6e AlterTour - AlterTour\" \/>\n<meta property=\"og:description\" content=\"Le 6e AlterTour dont le d\u00e9part a \u00e9t\u00e9 donn\u00e9 le 18 juillet du jardin partag\u00e9 des Hubbits, face aux serres de Monsanto, \u00e0 Autry le Chatel (Loiret) traversera le Morvan en d\u00e9but de semaine prochaine. \u00c9tapes et demi-\u00e9tapes avec animations \u00e0 Bard-le-R\u00e9gulier (30 juillet), Anost (31 juillet), Autun, Saint-Symphorien-de-Marmagne (1er ... Read More\" \/>\n<meta property=\"og:url\" content=\"https:\/\/www.altercampagne.net\/?p=4133\" \/>\n<meta property=\"og:site_name\" content=\"AlterTour\" \/>\n<meta property=\"article:published_time\" content=\"2013-07-25T13:48:57+00:00\" \/>\n<meta property=\"article:modified_time\" content=\"2019-09-16T12:37:03+00:00\" \/>\n<meta property=\"og:image\" content=\"https:\/\/www.altercampagne.net\/wp-content\/uploads\/2013\/07\/2013-07-31_12.49.jpg\" \/>\n\t<meta property=\"og:image:width\" content=\"907\" \/>\n\t<meta property=\"og:image:height\" content=\"474\" \/>\n\t<meta property=\"og:image:type\" content=\"image\/jpeg\" \/>\n<meta name=\"author\" content=\"Mathieu\" \/>\n<meta name=\"twitter:card\" content=\"summary_large_image\" \/>\n<meta name=\"twitter:label1\" content=\"\u00c9crit par\" \/>\n\t<meta name=\"twitter:data1\" content=\"Mathieu\" \/>\n\t<meta name=\"twitter:label2\" content=\"Dur\u00e9e de lecture estim\u00e9e\" \/>\n\t<meta name=\"twitter:data2\" content=\"2 minutes\" \/>\n<script type=\"application\/ld+json\" class=\"yoast-schema-graph\">{\"@context\":\"https:\\\/\\\/schema.org\",\"@graph\":[{\"@type\":\"Article\",\"@id\":\"https:\\\/\\\/www.altercampagne.net\\\/?p=4133#article\",\"isPartOf\":{\"@id\":\"https:\\\/\\\/www.altercampagne.net\\\/?p=4133\"},\"author\":{\"name\":\"Mathieu\",\"@id\":\"https:\\\/\\\/www.altercampagne.net\\\/#\\\/schema\\\/person\\\/0f261460c09e430caa0f9bcffa319109\"},\"headline\":\"Trois \u00e9tapes morvandelles du 30 juillet au 2 ao\u00fbt pour le 6e AlterTour\",\"datePublished\":\"2013-07-25T13:48:57+00:00\",\"dateModified\":\"2019-09-16T12:37:03+00:00\",\"mainEntityOfPage\":{\"@id\":\"https:\\\/\\\/www.altercampagne.net\\\/?p=4133\"},\"wordCount\":451,\"image\":{\"@id\":\"https:\\\/\\\/www.altercampagne.net\\\/?p=4133#primaryimage\"},\"thumbnailUrl\":\"https:\\\/\\\/www.altercampagne.net\\\/wp-content\\\/uploads\\\/2013\\\/07\\\/2013-07-31_12.49.jpg\",\"keywords\":[\"Anost\",\"Stephane Sygiel\",\"brasserie La Foline\",\"Hubbits\",\"Centre-Val de Loire\",\"Aurore Gay\",\"Lucienne Ha\u00e8se\",\"Par Nature\",\"Groupement forestier pour la sauvegarde des feuillus du Morvan\",\"jardin des curiosit\u00e9s\",\"Autun Morvan \u00c9cologie\",\"Saint-Symphorien-de-Marmagne\",\"La-Chapelle-sous-Uchon\",\"Couhard\",\"passerelle eco\",\"Autun\",\"Morvan\",\"Bard-le-R\u00e9gulier\",\"A cheval sur soi\",\"Tuilerie\",\"2013\",\"Montessori\",\"Loiret\",\"Jardin Collectif des Hubbits\",\"Autry-le-Chatel\",\"AlterTour 2013\",\"monsanto\"],\"articleSection\":[\"Bourgogne-Franche-Comt\u00e9\",\"Bi\u00e8re\",\"Revue de presse\",\"\u00c9dition 2013\"],\"inLanguage\":\"fr-FR\"},{\"@type\":\"WebPage\",\"@id\":\"https:\\\/\\\/www.altercampagne.net\\\/?p=4133\",\"url\":\"https:\\\/\\\/www.altercampagne.net\\\/?p=4133\",\"name\":\"Trois \u00e9tapes morvandelles du 30 juillet au 2 ao\u00fbt pour le 6e AlterTour - AlterTour\",\"isPartOf\":{\"@id\":\"https:\\\/\\\/www.altercampagne.net\\\/#website\"},\"primaryImageOfPage\":{\"@id\":\"https:\\\/\\\/www.altercampagne.net\\\/?p=4133#primaryimage\"},\"image\":{\"@id\":\"https:\\\/\\\/www.altercampagne.net\\\/?p=4133#primaryimage\"},\"thumbnailUrl\":\"https:\\\/\\\/www.altercampagne.net\\\/wp-content\\\/uploads\\\/2013\\\/07\\\/2013-07-31_12.49.jpg\",\"datePublished\":\"2013-07-25T13:48:57+00:00\",\"dateModified\":\"2019-09-16T12:37:03+00:00\",\"author\":{\"@id\":\"https:\\\/\\\/www.altercampagne.net\\\/#\\\/schema\\\/person\\\/0f261460c09e430caa0f9bcffa319109\"},\"breadcrumb\":{\"@id\":\"https:\\\/\\\/www.altercampagne.net\\\/?p=4133#breadcrumb\"},\"inLanguage\":\"fr-FR\",\"potentialAction\":[{\"@type\":\"ReadAction\",\"target\":[\"https:\\\/\\\/www.altercampagne.net\\\/?p=4133\"]}]},{\"@type\":\"ImageObject\",\"inLanguage\":\"fr-FR\",\"@id\":\"https:\\\/\\\/www.altercampagne.net\\\/?p=4133#primaryimage\",\"url\":\"https:\\\/\\\/www.altercampagne.net\\\/wp-content\\\/uploads\\\/2013\\\/07\\\/2013-07-31_12.49.jpg\",\"contentUrl\":\"https:\\\/\\\/www.altercampagne.net\\\/wp-content\\\/uploads\\\/2013\\\/07\\\/2013-07-31_12.49.jpg\",\"width\":907,\"height\":474},{\"@type\":\"BreadcrumbList\",\"@id\":\"https:\\\/\\\/www.altercampagne.net\\\/?p=4133#breadcrumb\",\"itemListElement\":[{\"@type\":\"ListItem\",\"position\":1,\"name\":\"Accueil\",\"item\":\"https:\\\/\\\/www.altercampagne.net\\\/\"},{\"@type\":\"ListItem\",\"position\":2,\"name\":\"Trois \u00e9tapes morvandelles du 30 juillet au 2 ao\u00fbt pour le 6e AlterTour\"}]},{\"@type\":\"WebSite\",\"@id\":\"https:\\\/\\\/www.altercampagne.net\\\/#website\",\"url\":\"https:\\\/\\\/www.altercampagne.net\\\/\",\"name\":\"AlterTour\",\"description\":\"Reliez les Alternatives \u00e0 v\u00e9lo\",\"potentialAction\":[{\"@type\":\"SearchAction\",\"target\":{\"@type\":\"EntryPoint\",\"urlTemplate\":\"https:\\\/\\\/www.altercampagne.net\\\/?s={search_term_string}\"},\"query-input\":{\"@type\":\"PropertyValueSpecification\",\"valueRequired\":true,\"valueName\":\"search_term_string\"}}],\"inLanguage\":\"fr-FR\"},{\"@type\":\"Person\",\"@id\":\"https:\\\/\\\/www.altercampagne.net\\\/#\\\/schema\\\/person\\\/0f261460c09e430caa0f9bcffa319109\",\"name\":\"Mathieu\",\"image\":{\"@type\":\"ImageObject\",\"inLanguage\":\"fr-FR\",\"@id\":\"https:\\\/\\\/secure.gravatar.com\\\/avatar\\\/aa9d3d24c83f2141e5e2709d0f63d09a99f6be6bb7a50abc4915838d9f54501a?s=96&d=mm&r=g\",\"url\":\"https:\\\/\\\/secure.gravatar.com\\\/avatar\\\/aa9d3d24c83f2141e5e2709d0f63d09a99f6be6bb7a50abc4915838d9f54501a?s=96&d=mm&r=g\",\"contentUrl\":\"https:\\\/\\\/secure.gravatar.com\\\/avatar\\\/aa9d3d24c83f2141e5e2709d0f63d09a99f6be6bb7a50abc4915838d9f54501a?s=96&d=mm&r=g\",\"caption\":\"Mathieu\"},\"url\":\"https:\\\/\\\/www.altercampagne.net\\\/?author=214\"}]}<\/script>\n<!-- \/ Yoast SEO plugin. -->","yoast_head_json":{"title":"Trois \u00e9tapes morvandelles du 30 juillet au 2 ao\u00fbt pour le 6e AlterTour - AlterTour","robots":{"index":"index","follow":"follow","max-snippet":"max-snippet:-1","max-image-preview":"max-image-preview:large","max-video-preview":"max-video-preview:-1"},"canonical":"https:\/\/www.altercampagne.net\/?p=4133","og_locale":"fr_FR","og_type":"article","og_title":"Trois \u00e9tapes morvandelles du 30 juillet au 2 ao\u00fbt pour le 6e AlterTour - AlterTour","og_description":"Le 6e AlterTour dont le d\u00e9part a \u00e9t\u00e9 donn\u00e9 le 18 juillet du jardin partag\u00e9 des Hubbits, face aux serres de Monsanto, \u00e0 Autry le Chatel (Loiret) traversera le Morvan en d\u00e9but de semaine prochaine. \u00c9tapes et demi-\u00e9tapes avec animations \u00e0 Bard-le-R\u00e9gulier (30 juillet), Anost (31 juillet), Autun, Saint-Symphorien-de-Marmagne (1er ... Read More","og_url":"https:\/\/www.altercampagne.net\/?p=4133","og_site_name":"AlterTour","article_published_time":"2013-07-25T13:48:57+00:00","article_modified_time":"2019-09-16T12:37:03+00:00","og_image":[{"width":907,"height":474,"url":"https:\/\/www.altercampagne.net\/wp-content\/uploads\/2013\/07\/2013-07-31_12.49.jpg","type":"image\/jpeg"}],"author":"Mathieu","twitter_card":"summary_large_image","twitter_misc":{"\u00c9crit par":"Mathieu","Dur\u00e9e de lecture estim\u00e9e":"2 minutes"},"schema":{"@context":"https:\/\/schema.org","@graph":[{"@type":"Article","@id":"https:\/\/www.altercampagne.net\/?p=4133#article","isPartOf":{"@id":"https:\/\/www.altercampagne.net\/?p=4133"},"author":{"name":"Mathieu","@id":"https:\/\/www.altercampagne.net\/#\/schema\/person\/0f261460c09e430caa0f9bcffa319109"},"headline":"Trois \u00e9tapes morvandelles du 30 juillet au 2 ao\u00fbt pour le 6e AlterTour","datePublished":"2013-07-25T13:48:57+00:00","dateModified":"2019-09-16T12:37:03+00:00","mainEntityOfPage":{"@id":"https:\/\/www.altercampagne.net\/?p=4133"},"wordCount":451,"image":{"@id":"https:\/\/www.altercampagne.net\/?p=4133#primaryimage"},"thumbnailUrl":"https:\/\/www.altercampagne.net\/wp-content\/uploads\/2013\/07\/2013-07-31_12.49.jpg","keywords":["Anost","Stephane Sygiel","brasserie La Foline","Hubbits","Centre-Val de Loire","Aurore Gay","Lucienne Ha\u00e8se","Par Nature","Groupement forestier pour la sauvegarde des feuillus du Morvan","jardin des curiosit\u00e9s","Autun Morvan \u00c9cologie","Saint-Symphorien-de-Marmagne","La-Chapelle-sous-Uchon","Couhard","passerelle eco","Autun","Morvan","Bard-le-R\u00e9gulier","A cheval sur soi","Tuilerie","2013","Montessori","Loiret","Jardin Collectif des Hubbits","Autry-le-Chatel","AlterTour 2013","monsanto"],"articleSection":["Bourgogne-Franche-Comt\u00e9","Bi\u00e8re","Revue de presse","\u00c9dition 2013"],"inLanguage":"fr-FR"},{"@type":"WebPage","@id":"https:\/\/www.altercampagne.net\/?p=4133","url":"https:\/\/www.altercampagne.net\/?p=4133","name":"Trois \u00e9tapes morvandelles du 30 juillet au 2 ao\u00fbt pour le 6e AlterTour - AlterTour","isPartOf":{"@id":"https:\/\/www.altercampagne.net\/#website"},"primaryImageOfPage":{"@id":"https:\/\/www.altercampagne.net\/?p=4133#primaryimage"},"image":{"@id":"https:\/\/www.altercampagne.net\/?p=4133#primaryimage"},"thumbnailUrl":"https:\/\/www.altercampagne.net\/wp-content\/uploads\/2013\/07\/2013-07-31_12.49.jpg","datePublished":"2013-07-25T13:48:57+00:00","dateModified":"2019-09-16T12:37:03+00:00","author":{"@id":"https:\/\/www.altercampagne.net\/#\/schema\/person\/0f261460c09e430caa0f9bcffa319109"},"breadcrumb":{"@id":"https:\/\/www.altercampagne.net\/?p=4133#breadcrumb"},"inLanguage":"fr-FR","potentialAction":[{"@type":"ReadAction","target":["https:\/\/www.altercampagne.net\/?p=4133"]}]},{"@type":"ImageObject","inLanguage":"fr-FR","@id":"https:\/\/www.altercampagne.net\/?p=4133#primaryimage","url":"https:\/\/www.altercampagne.net\/wp-content\/uploads\/2013\/07\/2013-07-31_12.49.jpg","contentUrl":"https:\/\/www.altercampagne.net\/wp-content\/uploads\/2013\/07\/2013-07-31_12.49.jpg","width":907,"height":474},{"@type":"BreadcrumbList","@id":"https:\/\/www.altercampagne.net\/?p=4133#breadcrumb","itemListElement":[{"@type":"ListItem","position":1,"name":"Accueil","item":"https:\/\/www.altercampagne.net\/"},{"@type":"ListItem","position":2,"name":"Trois \u00e9tapes morvandelles du 30 juillet au 2 ao\u00fbt pour le 6e AlterTour"}]},{"@type":"WebSite","@id":"https:\/\/www.altercampagne.net\/#website","url":"https:\/\/www.altercampagne.net\/","name":"AlterTour","description":"Reliez les Alternatives \u00e0 v\u00e9lo","potentialAction":[{"@type":"SearchAction","target":{"@type":"EntryPoint","urlTemplate":"https:\/\/www.altercampagne.net\/?s={search_term_string}"},"query-input":{"@type":"PropertyValueSpecification","valueRequired":true,"valueName":"search_term_string"}}],"inLanguage":"fr-FR"},{"@type":"Person","@id":"https:\/\/www.altercampagne.net\/#\/schema\/person\/0f261460c09e430caa0f9bcffa319109","name":"Mathieu","image":{"@type":"ImageObject","inLanguage":"fr-FR","@id":"https:\/\/secure.gravatar.com\/avatar\/aa9d3d24c83f2141e5e2709d0f63d09a99f6be6bb7a50abc4915838d9f54501a?s=96&d=mm&r=g","url":"https:\/\/secure.gravatar.com\/avatar\/aa9d3d24c83f2141e5e2709d0f63d09a99f6be6bb7a50abc4915838d9f54501a?s=96&d=mm&r=g","contentUrl":"https:\/\/secure.gravatar.com\/avatar\/aa9d3d24c83f2141e5e2709d0f63d09a99f6be6bb7a50abc4915838d9f54501a?s=96&d=mm&r=g","caption":"Mathieu"},"url":"https:\/\/www.altercampagne.net\/?author=214"}]}},"_links":{"self":[{"href":"https:\/\/www.altercampagne.net\/index.php?rest_route=\/wp\/v2\/posts\/4133","targetHints":{"allow":["GET"]}}],"collection":[{"href":"https:\/\/www.altercampagne.net\/index.php?rest_route=\/wp\/v2\/posts"}],"about":[{"href":"https:\/\/www.altercampagne.net\/index.php?rest_route=\/wp\/v2\/types\/post"}],"author":[{"embeddable":true,"href":"https:\/\/www.altercampagne.net\/index.php?rest_route=\/wp\/v2\/users\/214"}],"replies":[{"embeddable":true,"href":"https:\/\/www.altercampagne.net\/index.php?rest_route=%2Fwp%2Fv2%2Fcomments&post=4133"}],"version-history":[{"count":0,"href":"https:\/\/www.altercampagne.net\/index.php?rest_route=\/wp\/v2\/posts\/4133\/revisions"}],"wp:featuredmedia":[{"embeddable":true,"href":"https:\/\/www.altercampagne.net\/index.php?rest_route=\/wp\/v2\/media\/15729"}],"wp:attachment":[{"href":"https:\/\/www.altercampagne.net\/index.php?rest_route=%2Fwp%2Fv2%2Fmedia&parent=4133"}],"wp:term":[{"taxonomy":"category","embeddable":true,"href":"https:\/\/www.altercampagne.net\/index.php?rest_route=%2Fwp%2Fv2%2Fcategories&post=4133"},{"taxonomy":"post_tag","embeddable":true,"href":"https:\/\/www.altercampagne.net\/index.php?rest_route=%2Fwp%2Fv2%2Ftags&post=4133"}],"curies":[{"name":"wp","href":"https:\/\/api.w.org\/{rel}","templated":true}]}}