{"id":4137,"date":"2013-07-24T17:58:32","date_gmt":"2013-07-24T15:58:32","guid":{"rendered":"http:\/\/www.altercampagne.net\/?p=4137"},"modified":"2016-04-13T18:03:33","modified_gmt":"2016-04-13T16:03:33","slug":"la-chapelle-st-sauveur-laltertour-fait-etape-en-bresse","status":"publish","type":"post","link":"https:\/\/www.altercampagne.net\/?p=4137","title":{"rendered":"La Chapelle-St-Sauveur &#8211; L\u2019AlterTour fait \u00e9tape en Bresse"},"content":{"rendered":"<p class=\"Style271 Style138 Style152 Style142\" align=\"justify\">L\u2019AlterTour pour une plan\u00e8te sans dopage est un parcours cycliste autog\u00e9r\u00e9 en relais, partant \u00e0 la d\u00e9couverte des alternatives r\u00e9gionales au cours de l\u2019\u00e9t\u00e9. Il passera sa journ\u00e9e de repos, le 6 ao\u00fbt, dans la commune.<\/p>\n<p class=\"Style271 Style138 Style152 Style142\" align=\"justify\">L\u2019AlterTour est un espace de rencontre, de d\u00e9bats, ouvert \u00e0 tous, visant \u00e0 promouvoir la r\u00e9flexion, les \u00e9changes de connaissances et d\u2019exp\u00e9riences militantes, les t\u00e9moignages de r\u00e9sistance non-violente. Il f\u00e9d\u00e8re les personnes et les mouvements qui s\u2019opposent \u00e0 l\u2019esprit de comp\u00e9tition et d\u00e9noncent le dopage sous toutes ses formes, notamment dans l\u2019agriculture et l\u2019\u00e9conomie concurrentielle.<br \/>\nCette ann\u00e9e l\u2019AlterTour 2013 partira de Gien, dans le Loiret, pour se terminer \u00e0 Rochejean dans le Doubs, il passera par la Ni\u00e8vre, l\u2019Yonne, la C\u00f4te-d\u2019Or, la Sa\u00f4ne-et-Loire et le Jura.<br \/>\nEn ce qui concerne la Sa\u00f4ne-et-Loire, l\u2019AlterTour arrivera le 5 ao\u00fbt en fin de journ\u00e9e \u00e0 l\u2019Ecolieu du Portail \u00e0 Torpes et passera la journ\u00e9e de repos le 6 ao\u00fbt \u00e0 La Chapelle-Saint-Sauveur, pr\u00e8s de la baignade biologique, avec des animations ouvertes \u00e0 tous.<br \/>\n\u00c0 partir de 16 heures autour de la baignade biologique : stands des alternatives locales avec l\u2019Are (Association de respect de l\u2019environnement), Amap, la Maison de la Brenne de Bellevesvre, la librairie polinoise, Terre de Liens, Terre de Ciel. Ces animations seront assur\u00e9es par un crieur public, Nicolas Debray. Sur place, buvette et restauration avec les produits bio de la ferme du Jointout et de l\u2019Ecopain.<br \/>\n\u00c0 partir de 20 heures : spectacle gratuit de Luc Burbaloff, Toyot, avec des instruments fabriqu\u00e9s \u00e0 partir de mat\u00e9riaux recycl\u00e9s.<\/p>\n<p class=\"Style271 Style138 Style152 Style142\" style=\"text-align: right;\" align=\"justify\"><strong>Didier POIROT (CLP)<\/strong><\/p>\n<p class=\"Style271 Style138 Style152 Style142\" align=\"justify\">Source : <a href=\"http:\/\/www.lejsl.com\/bresse\/2013\/07\/25\/l-alter-tour-fait-etape-en-bresse\" target=\"_blank\">http:\/\/www.lejsl.com\/bresse\/2013\/07\/25\/l-alter-tour-fait-etape-en-bresse<\/a><\/p>\n","protected":false},"excerpt":{"rendered":"<p>L\u2019AlterTour pour une plan\u00e8te sans dopage est un parcours cycliste autog\u00e9r\u00e9 en relais, partant \u00e0 la d\u00e9couverte des alternatives r\u00e9gionales au cours de l\u2019\u00e9t\u00e9. Il passera sa journ\u00e9e de repos, le 6 ao\u00fbt, dans la commune. L\u2019AlterTour est un espace de rencontre, de d\u00e9bats, ouvert \u00e0 tous, visant \u00e0 promouvoir &#8230; <\/p>\n<div><a href=\"https:\/\/www.altercampagne.net\/?p=4137\" class=\"more-link\">Read More<\/a><\/div>\n","protected":false},"author":214,"featured_media":0,"comment_status":"closed","ping_status":"closed","sticky":false,"template":"","format":"standard","meta":{"footnotes":""},"categories":[239],"tags":[429,694,954,1017,1058,1061,1656,1738,1739,1740,1741,1742,1798,1799,1800,1801],"class_list":["post-4137","post","type-post","status-publish","format-standard","hentry","category-revue-de-presse","tag-terre-de-liens","tag-altertour-2013","tag-ferme-du-jointout","tag-bourgogne","tag-saone-et-loire","tag-ecolieu-du-portail","tag-1656","tag-torpes","tag-ecopain","tag-nicolas-debray","tag-luc-burbaloff","tag-toyot","tag-la-chapelle-saint-sauveur","tag-are","tag-association-de-respect-de-lenvironnement","tag-bresse","no-post-thumbnail"],"yoast_head":"<!-- This site is optimized with the Yoast SEO plugin v27.3 - https:\/\/yoast.com\/product\/yoast-seo-wordpress\/ -->\n<title>La Chapelle-St-Sauveur - L\u2019AlterTour fait \u00e9tape en Bresse - AlterTour<\/title>\n<meta name=\"robots\" content=\"index, follow, max-snippet:-1, max-image-preview:large, max-video-preview:-1\" \/>\n<link rel=\"canonical\" href=\"https:\/\/www.altercampagne.net\/?p=4137\" \/>\n<meta property=\"og:locale\" content=\"fr_FR\" \/>\n<meta property=\"og:type\" content=\"article\" \/>\n<meta property=\"og:title\" content=\"La Chapelle-St-Sauveur - L\u2019AlterTour fait \u00e9tape en Bresse - AlterTour\" \/>\n<meta property=\"og:description\" content=\"L\u2019AlterTour pour une plan\u00e8te sans dopage est un parcours cycliste autog\u00e9r\u00e9 en relais, partant \u00e0 la d\u00e9couverte des alternatives r\u00e9gionales au cours de l\u2019\u00e9t\u00e9. Il passera sa journ\u00e9e de repos, le 6 ao\u00fbt, dans la commune. L\u2019AlterTour est un espace de rencontre, de d\u00e9bats, ouvert \u00e0 tous, visant \u00e0 promouvoir ... Read More\" \/>\n<meta property=\"og:url\" content=\"https:\/\/www.altercampagne.net\/?p=4137\" \/>\n<meta property=\"og:site_name\" content=\"AlterTour\" \/>\n<meta property=\"article:published_time\" content=\"2013-07-24T15:58:32+00:00\" \/>\n<meta property=\"article:modified_time\" content=\"2016-04-13T16:03:33+00:00\" \/>\n<meta name=\"author\" content=\"Mathieu\" \/>\n<meta name=\"twitter:card\" content=\"summary_large_image\" \/>\n<meta name=\"twitter:label1\" content=\"\u00c9crit par\" \/>\n\t<meta name=\"twitter:data1\" content=\"Mathieu\" \/>\n\t<meta name=\"twitter:label2\" content=\"Dur\u00e9e de lecture estim\u00e9e\" \/>\n\t<meta name=\"twitter:data2\" content=\"1 minute\" \/>\n<script type=\"application\/ld+json\" class=\"yoast-schema-graph\">{\"@context\":\"https:\\\/\\\/schema.org\",\"@graph\":[{\"@type\":\"Article\",\"@id\":\"https:\\\/\\\/www.altercampagne.net\\\/?p=4137#article\",\"isPartOf\":{\"@id\":\"https:\\\/\\\/www.altercampagne.net\\\/?p=4137\"},\"author\":{\"name\":\"Mathieu\",\"@id\":\"https:\\\/\\\/www.altercampagne.net\\\/#\\\/schema\\\/person\\\/0f261460c09e430caa0f9bcffa319109\"},\"headline\":\"La Chapelle-St-Sauveur &#8211; L\u2019AlterTour fait \u00e9tape en Bresse\",\"datePublished\":\"2013-07-24T15:58:32+00:00\",\"dateModified\":\"2016-04-13T16:03:33+00:00\",\"mainEntityOfPage\":{\"@id\":\"https:\\\/\\\/www.altercampagne.net\\\/?p=4137\"},\"wordCount\":297,\"keywords\":[\"terre de liens\",\"AlterTour 2013\",\"Ferme du Jointout\",\"Bourgogne\",\"sa\u00f4ne et loire\",\"Ecolieu du Portail\",\"2013\",\"Torpes\",\"Ecopain\",\"Nicolas Debray\",\"Luc Burbaloff\",\"Toyot\",\"La Chapelle-Saint-Sauveur\",\"Are\",\"Association de respect de l\u2019environnement\",\"Bresse\"],\"articleSection\":[\"Revue de presse\"],\"inLanguage\":\"fr-FR\"},{\"@type\":\"WebPage\",\"@id\":\"https:\\\/\\\/www.altercampagne.net\\\/?p=4137\",\"url\":\"https:\\\/\\\/www.altercampagne.net\\\/?p=4137\",\"name\":\"La Chapelle-St-Sauveur - L\u2019AlterTour fait \u00e9tape en Bresse - AlterTour\",\"isPartOf\":{\"@id\":\"https:\\\/\\\/www.altercampagne.net\\\/#website\"},\"datePublished\":\"2013-07-24T15:58:32+00:00\",\"dateModified\":\"2016-04-13T16:03:33+00:00\",\"author\":{\"@id\":\"https:\\\/\\\/www.altercampagne.net\\\/#\\\/schema\\\/person\\\/0f261460c09e430caa0f9bcffa319109\"},\"breadcrumb\":{\"@id\":\"https:\\\/\\\/www.altercampagne.net\\\/?p=4137#breadcrumb\"},\"inLanguage\":\"fr-FR\",\"potentialAction\":[{\"@type\":\"ReadAction\",\"target\":[\"https:\\\/\\\/www.altercampagne.net\\\/?p=4137\"]}]},{\"@type\":\"BreadcrumbList\",\"@id\":\"https:\\\/\\\/www.altercampagne.net\\\/?p=4137#breadcrumb\",\"itemListElement\":[{\"@type\":\"ListItem\",\"position\":1,\"name\":\"Accueil\",\"item\":\"https:\\\/\\\/www.altercampagne.net\\\/\"},{\"@type\":\"ListItem\",\"position\":2,\"name\":\"La Chapelle-St-Sauveur &#8211; L\u2019AlterTour fait \u00e9tape en Bresse\"}]},{\"@type\":\"WebSite\",\"@id\":\"https:\\\/\\\/www.altercampagne.net\\\/#website\",\"url\":\"https:\\\/\\\/www.altercampagne.net\\\/\",\"name\":\"AlterTour\",\"description\":\"Reliez les Alternatives \u00e0 v\u00e9lo\",\"potentialAction\":[{\"@type\":\"SearchAction\",\"target\":{\"@type\":\"EntryPoint\",\"urlTemplate\":\"https:\\\/\\\/www.altercampagne.net\\\/?s={search_term_string}\"},\"query-input\":{\"@type\":\"PropertyValueSpecification\",\"valueRequired\":true,\"valueName\":\"search_term_string\"}}],\"inLanguage\":\"fr-FR\"},{\"@type\":\"Person\",\"@id\":\"https:\\\/\\\/www.altercampagne.net\\\/#\\\/schema\\\/person\\\/0f261460c09e430caa0f9bcffa319109\",\"name\":\"Mathieu\",\"image\":{\"@type\":\"ImageObject\",\"inLanguage\":\"fr-FR\",\"@id\":\"https:\\\/\\\/secure.gravatar.com\\\/avatar\\\/aa9d3d24c83f2141e5e2709d0f63d09a99f6be6bb7a50abc4915838d9f54501a?s=96&d=mm&r=g\",\"url\":\"https:\\\/\\\/secure.gravatar.com\\\/avatar\\\/aa9d3d24c83f2141e5e2709d0f63d09a99f6be6bb7a50abc4915838d9f54501a?s=96&d=mm&r=g\",\"contentUrl\":\"https:\\\/\\\/secure.gravatar.com\\\/avatar\\\/aa9d3d24c83f2141e5e2709d0f63d09a99f6be6bb7a50abc4915838d9f54501a?s=96&d=mm&r=g\",\"caption\":\"Mathieu\"},\"url\":\"https:\\\/\\\/www.altercampagne.net\\\/?author=214\"}]}<\/script>\n<!-- \/ Yoast SEO plugin. -->","yoast_head_json":{"title":"La Chapelle-St-Sauveur - L\u2019AlterTour fait \u00e9tape en Bresse - AlterTour","robots":{"index":"index","follow":"follow","max-snippet":"max-snippet:-1","max-image-preview":"max-image-preview:large","max-video-preview":"max-video-preview:-1"},"canonical":"https:\/\/www.altercampagne.net\/?p=4137","og_locale":"fr_FR","og_type":"article","og_title":"La Chapelle-St-Sauveur - L\u2019AlterTour fait \u00e9tape en Bresse - AlterTour","og_description":"L\u2019AlterTour pour une plan\u00e8te sans dopage est un parcours cycliste autog\u00e9r\u00e9 en relais, partant \u00e0 la d\u00e9couverte des alternatives r\u00e9gionales au cours de l\u2019\u00e9t\u00e9. Il passera sa journ\u00e9e de repos, le 6 ao\u00fbt, dans la commune. L\u2019AlterTour est un espace de rencontre, de d\u00e9bats, ouvert \u00e0 tous, visant \u00e0 promouvoir ... Read More","og_url":"https:\/\/www.altercampagne.net\/?p=4137","og_site_name":"AlterTour","article_published_time":"2013-07-24T15:58:32+00:00","article_modified_time":"2016-04-13T16:03:33+00:00","author":"Mathieu","twitter_card":"summary_large_image","twitter_misc":{"\u00c9crit par":"Mathieu","Dur\u00e9e de lecture estim\u00e9e":"1 minute"},"schema":{"@context":"https:\/\/schema.org","@graph":[{"@type":"Article","@id":"https:\/\/www.altercampagne.net\/?p=4137#article","isPartOf":{"@id":"https:\/\/www.altercampagne.net\/?p=4137"},"author":{"name":"Mathieu","@id":"https:\/\/www.altercampagne.net\/#\/schema\/person\/0f261460c09e430caa0f9bcffa319109"},"headline":"La Chapelle-St-Sauveur &#8211; L\u2019AlterTour fait \u00e9tape en Bresse","datePublished":"2013-07-24T15:58:32+00:00","dateModified":"2016-04-13T16:03:33+00:00","mainEntityOfPage":{"@id":"https:\/\/www.altercampagne.net\/?p=4137"},"wordCount":297,"keywords":["terre de liens","AlterTour 2013","Ferme du Jointout","Bourgogne","sa\u00f4ne et loire","Ecolieu du Portail","2013","Torpes","Ecopain","Nicolas Debray","Luc Burbaloff","Toyot","La Chapelle-Saint-Sauveur","Are","Association de respect de l\u2019environnement","Bresse"],"articleSection":["Revue de presse"],"inLanguage":"fr-FR"},{"@type":"WebPage","@id":"https:\/\/www.altercampagne.net\/?p=4137","url":"https:\/\/www.altercampagne.net\/?p=4137","name":"La Chapelle-St-Sauveur - L\u2019AlterTour fait \u00e9tape en Bresse - AlterTour","isPartOf":{"@id":"https:\/\/www.altercampagne.net\/#website"},"datePublished":"2013-07-24T15:58:32+00:00","dateModified":"2016-04-13T16:03:33+00:00","author":{"@id":"https:\/\/www.altercampagne.net\/#\/schema\/person\/0f261460c09e430caa0f9bcffa319109"},"breadcrumb":{"@id":"https:\/\/www.altercampagne.net\/?p=4137#breadcrumb"},"inLanguage":"fr-FR","potentialAction":[{"@type":"ReadAction","target":["https:\/\/www.altercampagne.net\/?p=4137"]}]},{"@type":"BreadcrumbList","@id":"https:\/\/www.altercampagne.net\/?p=4137#breadcrumb","itemListElement":[{"@type":"ListItem","position":1,"name":"Accueil","item":"https:\/\/www.altercampagne.net\/"},{"@type":"ListItem","position":2,"name":"La Chapelle-St-Sauveur &#8211; L\u2019AlterTour fait \u00e9tape en Bresse"}]},{"@type":"WebSite","@id":"https:\/\/www.altercampagne.net\/#website","url":"https:\/\/www.altercampagne.net\/","name":"AlterTour","description":"Reliez les Alternatives \u00e0 v\u00e9lo","potentialAction":[{"@type":"SearchAction","target":{"@type":"EntryPoint","urlTemplate":"https:\/\/www.altercampagne.net\/?s={search_term_string}"},"query-input":{"@type":"PropertyValueSpecification","valueRequired":true,"valueName":"search_term_string"}}],"inLanguage":"fr-FR"},{"@type":"Person","@id":"https:\/\/www.altercampagne.net\/#\/schema\/person\/0f261460c09e430caa0f9bcffa319109","name":"Mathieu","image":{"@type":"ImageObject","inLanguage":"fr-FR","@id":"https:\/\/secure.gravatar.com\/avatar\/aa9d3d24c83f2141e5e2709d0f63d09a99f6be6bb7a50abc4915838d9f54501a?s=96&d=mm&r=g","url":"https:\/\/secure.gravatar.com\/avatar\/aa9d3d24c83f2141e5e2709d0f63d09a99f6be6bb7a50abc4915838d9f54501a?s=96&d=mm&r=g","contentUrl":"https:\/\/secure.gravatar.com\/avatar\/aa9d3d24c83f2141e5e2709d0f63d09a99f6be6bb7a50abc4915838d9f54501a?s=96&d=mm&r=g","caption":"Mathieu"},"url":"https:\/\/www.altercampagne.net\/?author=214"}]}},"_links":{"self":[{"href":"https:\/\/www.altercampagne.net\/index.php?rest_route=\/wp\/v2\/posts\/4137","targetHints":{"allow":["GET"]}}],"collection":[{"href":"https:\/\/www.altercampagne.net\/index.php?rest_route=\/wp\/v2\/posts"}],"about":[{"href":"https:\/\/www.altercampagne.net\/index.php?rest_route=\/wp\/v2\/types\/post"}],"author":[{"embeddable":true,"href":"https:\/\/www.altercampagne.net\/index.php?rest_route=\/wp\/v2\/users\/214"}],"replies":[{"embeddable":true,"href":"https:\/\/www.altercampagne.net\/index.php?rest_route=%2Fwp%2Fv2%2Fcomments&post=4137"}],"version-history":[{"count":0,"href":"https:\/\/www.altercampagne.net\/index.php?rest_route=\/wp\/v2\/posts\/4137\/revisions"}],"wp:attachment":[{"href":"https:\/\/www.altercampagne.net\/index.php?rest_route=%2Fwp%2Fv2%2Fmedia&parent=4137"}],"wp:term":[{"taxonomy":"category","embeddable":true,"href":"https:\/\/www.altercampagne.net\/index.php?rest_route=%2Fwp%2Fv2%2Fcategories&post=4137"},{"taxonomy":"post_tag","embeddable":true,"href":"https:\/\/www.altercampagne.net\/index.php?rest_route=%2Fwp%2Fv2%2Ftags&post=4137"}],"curies":[{"name":"wp","href":"https:\/\/api.w.org\/{rel}","templated":true}]}}