{"id":4141,"date":"2013-07-21T18:07:45","date_gmt":"2013-07-21T16:07:45","guid":{"rendered":"http:\/\/www.altercampagne.net\/?p=4141"},"modified":"2016-04-13T18:11:58","modified_gmt":"2016-04-13T16:11:58","slug":"le-tour-de-france-sur-les-champs-elysees-lalter-tour-a-bouzy-pour-rencontrer-les-faucheurs-volontaires-dogm","status":"publish","type":"post","link":"https:\/\/www.altercampagne.net\/?p=4141","title":{"rendered":"Le tour de France sur les Champs Elys\u00e9es, l\u2019AlterTour \u00e0 Bouzy pour rencontrer les Faucheurs Volontaires d\u2019OGM"},"content":{"rendered":"<p>Apr\u00e9s avoir quitt\u00e9 vendredi Autry le Chatel o\u00f9 est install\u00e9e la ferme exp\u00e9rimentale de Monsanto, l\u2019AlterTour a pris dimanche une premi\u00e8re journ\u00e9e de repos ; pour rencontrer les Faucheurs Volontaires qui c\u00e9l\u00e8brent leur dixi\u00e8me ann\u00e9e d\u2019existence par des expos\u00e9s et des conf\u00e9rences sous le soleil, et par une chaleur de 34\u00b0 \u00e0 l\u2019or\u00e9e de la for\u00eat d\u2019Orl\u00e9ans. Lundi, \u00e9tape de 70 kilom\u00e8tres pour arriver \u00e0 Le Varne o\u00f9 les alter cyclistes protesteront contre une d\u00e9charge industrielle install\u00e9e en pleine for\u00eat.<\/p>\n<p>Source : <a href=\"http:\/\/www.politis.fr\/articles\/2013\/07\/le-tour-de-france-sur-les-champs-elysees-lalter-tour-a-bouzy-pour-rencontrer-les-faucheurs-volontaires-dogm-23228\/\" target=\"_blank\">http:\/\/www.politis.fr\/articles\/2013\/07\/le-tour-de-france-sur-les-champs-elysees-lalter-tour-a-bouzy-pour-rencontrer-les-faucheurs-volontaires-dogm-23228\/<\/a><\/p>\n","protected":false},"excerpt":{"rendered":"<p>Apr\u00e9s avoir quitt\u00e9 vendredi Autry le Chatel o\u00f9 est install\u00e9e la ferme exp\u00e9rimentale de Monsanto, l\u2019AlterTour a pris dimanche une premi\u00e8re journ\u00e9e de repos ; pour rencontrer les Faucheurs Volontaires qui c\u00e9l\u00e8brent leur dixi\u00e8me ann\u00e9e d\u2019existence par des expos\u00e9s et des conf\u00e9rences sous le soleil, et par une chaleur de &#8230; <\/p>\n<div><a href=\"https:\/\/www.altercampagne.net\/?p=4141\" class=\"more-link\">Read More<\/a><\/div>\n","protected":false},"author":214,"featured_media":0,"comment_status":"closed","ping_status":"closed","sticky":false,"template":"","format":"standard","meta":{"footnotes":""},"categories":[239],"tags":[143,694,879,986,1020,1046,1047,1656,1790,1794,1803],"class_list":["post-4141","post","type-post","status-publish","format-standard","hentry","category-revue-de-presse","tag-ogm","tag-altertour-2013","tag-faucheurs-volontaires","tag-le-varne","tag-autry-le-chatel","tag-bouzy-la-foret","tag-loiret","tag-1656","tag-politis","tag-centre-val-de-loire","tag-monsento","no-post-thumbnail"],"yoast_head":"<!-- This site is optimized with the Yoast SEO plugin v27.3 - https:\/\/yoast.com\/product\/yoast-seo-wordpress\/ -->\n<title>Le tour de France sur les Champs Elys\u00e9es, l\u2019AlterTour \u00e0 Bouzy pour rencontrer les Faucheurs Volontaires d\u2019OGM - AlterTour<\/title>\n<meta name=\"robots\" content=\"index, follow, max-snippet:-1, max-image-preview:large, max-video-preview:-1\" \/>\n<link rel=\"canonical\" href=\"https:\/\/www.altercampagne.net\/?p=4141\" \/>\n<meta property=\"og:locale\" content=\"fr_FR\" \/>\n<meta property=\"og:type\" content=\"article\" \/>\n<meta property=\"og:title\" content=\"Le tour de France sur les Champs Elys\u00e9es, l\u2019AlterTour \u00e0 Bouzy pour rencontrer les Faucheurs Volontaires d\u2019OGM - AlterTour\" \/>\n<meta property=\"og:description\" content=\"Apr\u00e9s avoir quitt\u00e9 vendredi Autry le Chatel o\u00f9 est install\u00e9e la ferme exp\u00e9rimentale de Monsanto, l\u2019AlterTour a pris dimanche une premi\u00e8re journ\u00e9e de repos ; pour rencontrer les Faucheurs Volontaires qui c\u00e9l\u00e8brent leur dixi\u00e8me ann\u00e9e d\u2019existence par des expos\u00e9s et des conf\u00e9rences sous le soleil, et par une chaleur de ... Read More\" \/>\n<meta property=\"og:url\" content=\"https:\/\/www.altercampagne.net\/?p=4141\" \/>\n<meta property=\"og:site_name\" content=\"AlterTour\" \/>\n<meta property=\"article:published_time\" content=\"2013-07-21T16:07:45+00:00\" \/>\n<meta property=\"article:modified_time\" content=\"2016-04-13T16:11:58+00:00\" \/>\n<meta name=\"author\" content=\"Mathieu\" \/>\n<meta name=\"twitter:card\" content=\"summary_large_image\" \/>\n<meta name=\"twitter:label1\" content=\"\u00c9crit par\" \/>\n\t<meta name=\"twitter:data1\" content=\"Mathieu\" \/>\n\t<meta name=\"twitter:label2\" content=\"Dur\u00e9e de lecture estim\u00e9e\" \/>\n\t<meta name=\"twitter:data2\" content=\"1 minute\" \/>\n<script type=\"application\/ld+json\" class=\"yoast-schema-graph\">{\"@context\":\"https:\\\/\\\/schema.org\",\"@graph\":[{\"@type\":\"Article\",\"@id\":\"https:\\\/\\\/www.altercampagne.net\\\/?p=4141#article\",\"isPartOf\":{\"@id\":\"https:\\\/\\\/www.altercampagne.net\\\/?p=4141\"},\"author\":{\"name\":\"Mathieu\",\"@id\":\"https:\\\/\\\/www.altercampagne.net\\\/#\\\/schema\\\/person\\\/0f261460c09e430caa0f9bcffa319109\"},\"headline\":\"Le tour de France sur les Champs Elys\u00e9es, l\u2019AlterTour \u00e0 Bouzy pour rencontrer les Faucheurs Volontaires d\u2019OGM\",\"datePublished\":\"2013-07-21T16:07:45+00:00\",\"dateModified\":\"2016-04-13T16:11:58+00:00\",\"mainEntityOfPage\":{\"@id\":\"https:\\\/\\\/www.altercampagne.net\\\/?p=4141\"},\"wordCount\":123,\"keywords\":[\"ogm\",\"AlterTour 2013\",\"Faucheurs Volontaires\",\"le VARNE\",\"Autry-le-Chatel\",\"Bouzy la For\u00eat\",\"Loiret\",\"2013\",\"Politis\",\"Centre-Val de Loire\",\"Monsento\"],\"articleSection\":[\"Revue de presse\"],\"inLanguage\":\"fr-FR\"},{\"@type\":\"WebPage\",\"@id\":\"https:\\\/\\\/www.altercampagne.net\\\/?p=4141\",\"url\":\"https:\\\/\\\/www.altercampagne.net\\\/?p=4141\",\"name\":\"Le tour de France sur les Champs Elys\u00e9es, l\u2019AlterTour \u00e0 Bouzy pour rencontrer les Faucheurs Volontaires d\u2019OGM - AlterTour\",\"isPartOf\":{\"@id\":\"https:\\\/\\\/www.altercampagne.net\\\/#website\"},\"datePublished\":\"2013-07-21T16:07:45+00:00\",\"dateModified\":\"2016-04-13T16:11:58+00:00\",\"author\":{\"@id\":\"https:\\\/\\\/www.altercampagne.net\\\/#\\\/schema\\\/person\\\/0f261460c09e430caa0f9bcffa319109\"},\"breadcrumb\":{\"@id\":\"https:\\\/\\\/www.altercampagne.net\\\/?p=4141#breadcrumb\"},\"inLanguage\":\"fr-FR\",\"potentialAction\":[{\"@type\":\"ReadAction\",\"target\":[\"https:\\\/\\\/www.altercampagne.net\\\/?p=4141\"]}]},{\"@type\":\"BreadcrumbList\",\"@id\":\"https:\\\/\\\/www.altercampagne.net\\\/?p=4141#breadcrumb\",\"itemListElement\":[{\"@type\":\"ListItem\",\"position\":1,\"name\":\"Accueil\",\"item\":\"https:\\\/\\\/www.altercampagne.net\\\/\"},{\"@type\":\"ListItem\",\"position\":2,\"name\":\"Le tour de France sur les Champs Elys\u00e9es, l\u2019AlterTour \u00e0 Bouzy pour rencontrer les Faucheurs Volontaires d\u2019OGM\"}]},{\"@type\":\"WebSite\",\"@id\":\"https:\\\/\\\/www.altercampagne.net\\\/#website\",\"url\":\"https:\\\/\\\/www.altercampagne.net\\\/\",\"name\":\"AlterTour\",\"description\":\"Reliez les Alternatives \u00e0 v\u00e9lo\",\"potentialAction\":[{\"@type\":\"SearchAction\",\"target\":{\"@type\":\"EntryPoint\",\"urlTemplate\":\"https:\\\/\\\/www.altercampagne.net\\\/?s={search_term_string}\"},\"query-input\":{\"@type\":\"PropertyValueSpecification\",\"valueRequired\":true,\"valueName\":\"search_term_string\"}}],\"inLanguage\":\"fr-FR\"},{\"@type\":\"Person\",\"@id\":\"https:\\\/\\\/www.altercampagne.net\\\/#\\\/schema\\\/person\\\/0f261460c09e430caa0f9bcffa319109\",\"name\":\"Mathieu\",\"image\":{\"@type\":\"ImageObject\",\"inLanguage\":\"fr-FR\",\"@id\":\"https:\\\/\\\/secure.gravatar.com\\\/avatar\\\/aa9d3d24c83f2141e5e2709d0f63d09a99f6be6bb7a50abc4915838d9f54501a?s=96&d=mm&r=g\",\"url\":\"https:\\\/\\\/secure.gravatar.com\\\/avatar\\\/aa9d3d24c83f2141e5e2709d0f63d09a99f6be6bb7a50abc4915838d9f54501a?s=96&d=mm&r=g\",\"contentUrl\":\"https:\\\/\\\/secure.gravatar.com\\\/avatar\\\/aa9d3d24c83f2141e5e2709d0f63d09a99f6be6bb7a50abc4915838d9f54501a?s=96&d=mm&r=g\",\"caption\":\"Mathieu\"},\"url\":\"https:\\\/\\\/www.altercampagne.net\\\/?author=214\"}]}<\/script>\n<!-- \/ Yoast SEO plugin. -->","yoast_head_json":{"title":"Le tour de France sur les Champs Elys\u00e9es, l\u2019AlterTour \u00e0 Bouzy pour rencontrer les Faucheurs Volontaires d\u2019OGM - AlterTour","robots":{"index":"index","follow":"follow","max-snippet":"max-snippet:-1","max-image-preview":"max-image-preview:large","max-video-preview":"max-video-preview:-1"},"canonical":"https:\/\/www.altercampagne.net\/?p=4141","og_locale":"fr_FR","og_type":"article","og_title":"Le tour de France sur les Champs Elys\u00e9es, l\u2019AlterTour \u00e0 Bouzy pour rencontrer les Faucheurs Volontaires d\u2019OGM - AlterTour","og_description":"Apr\u00e9s avoir quitt\u00e9 vendredi Autry le Chatel o\u00f9 est install\u00e9e la ferme exp\u00e9rimentale de Monsanto, l\u2019AlterTour a pris dimanche une premi\u00e8re journ\u00e9e de repos ; pour rencontrer les Faucheurs Volontaires qui c\u00e9l\u00e8brent leur dixi\u00e8me ann\u00e9e d\u2019existence par des expos\u00e9s et des conf\u00e9rences sous le soleil, et par une chaleur de ... Read More","og_url":"https:\/\/www.altercampagne.net\/?p=4141","og_site_name":"AlterTour","article_published_time":"2013-07-21T16:07:45+00:00","article_modified_time":"2016-04-13T16:11:58+00:00","author":"Mathieu","twitter_card":"summary_large_image","twitter_misc":{"\u00c9crit par":"Mathieu","Dur\u00e9e de lecture estim\u00e9e":"1 minute"},"schema":{"@context":"https:\/\/schema.org","@graph":[{"@type":"Article","@id":"https:\/\/www.altercampagne.net\/?p=4141#article","isPartOf":{"@id":"https:\/\/www.altercampagne.net\/?p=4141"},"author":{"name":"Mathieu","@id":"https:\/\/www.altercampagne.net\/#\/schema\/person\/0f261460c09e430caa0f9bcffa319109"},"headline":"Le tour de France sur les Champs Elys\u00e9es, l\u2019AlterTour \u00e0 Bouzy pour rencontrer les Faucheurs Volontaires d\u2019OGM","datePublished":"2013-07-21T16:07:45+00:00","dateModified":"2016-04-13T16:11:58+00:00","mainEntityOfPage":{"@id":"https:\/\/www.altercampagne.net\/?p=4141"},"wordCount":123,"keywords":["ogm","AlterTour 2013","Faucheurs Volontaires","le VARNE","Autry-le-Chatel","Bouzy la For\u00eat","Loiret","2013","Politis","Centre-Val de Loire","Monsento"],"articleSection":["Revue de presse"],"inLanguage":"fr-FR"},{"@type":"WebPage","@id":"https:\/\/www.altercampagne.net\/?p=4141","url":"https:\/\/www.altercampagne.net\/?p=4141","name":"Le tour de France sur les Champs Elys\u00e9es, l\u2019AlterTour \u00e0 Bouzy pour rencontrer les Faucheurs Volontaires d\u2019OGM - AlterTour","isPartOf":{"@id":"https:\/\/www.altercampagne.net\/#website"},"datePublished":"2013-07-21T16:07:45+00:00","dateModified":"2016-04-13T16:11:58+00:00","author":{"@id":"https:\/\/www.altercampagne.net\/#\/schema\/person\/0f261460c09e430caa0f9bcffa319109"},"breadcrumb":{"@id":"https:\/\/www.altercampagne.net\/?p=4141#breadcrumb"},"inLanguage":"fr-FR","potentialAction":[{"@type":"ReadAction","target":["https:\/\/www.altercampagne.net\/?p=4141"]}]},{"@type":"BreadcrumbList","@id":"https:\/\/www.altercampagne.net\/?p=4141#breadcrumb","itemListElement":[{"@type":"ListItem","position":1,"name":"Accueil","item":"https:\/\/www.altercampagne.net\/"},{"@type":"ListItem","position":2,"name":"Le tour de France sur les Champs Elys\u00e9es, l\u2019AlterTour \u00e0 Bouzy pour rencontrer les Faucheurs Volontaires d\u2019OGM"}]},{"@type":"WebSite","@id":"https:\/\/www.altercampagne.net\/#website","url":"https:\/\/www.altercampagne.net\/","name":"AlterTour","description":"Reliez les Alternatives \u00e0 v\u00e9lo","potentialAction":[{"@type":"SearchAction","target":{"@type":"EntryPoint","urlTemplate":"https:\/\/www.altercampagne.net\/?s={search_term_string}"},"query-input":{"@type":"PropertyValueSpecification","valueRequired":true,"valueName":"search_term_string"}}],"inLanguage":"fr-FR"},{"@type":"Person","@id":"https:\/\/www.altercampagne.net\/#\/schema\/person\/0f261460c09e430caa0f9bcffa319109","name":"Mathieu","image":{"@type":"ImageObject","inLanguage":"fr-FR","@id":"https:\/\/secure.gravatar.com\/avatar\/aa9d3d24c83f2141e5e2709d0f63d09a99f6be6bb7a50abc4915838d9f54501a?s=96&d=mm&r=g","url":"https:\/\/secure.gravatar.com\/avatar\/aa9d3d24c83f2141e5e2709d0f63d09a99f6be6bb7a50abc4915838d9f54501a?s=96&d=mm&r=g","contentUrl":"https:\/\/secure.gravatar.com\/avatar\/aa9d3d24c83f2141e5e2709d0f63d09a99f6be6bb7a50abc4915838d9f54501a?s=96&d=mm&r=g","caption":"Mathieu"},"url":"https:\/\/www.altercampagne.net\/?author=214"}]}},"_links":{"self":[{"href":"https:\/\/www.altercampagne.net\/index.php?rest_route=\/wp\/v2\/posts\/4141","targetHints":{"allow":["GET"]}}],"collection":[{"href":"https:\/\/www.altercampagne.net\/index.php?rest_route=\/wp\/v2\/posts"}],"about":[{"href":"https:\/\/www.altercampagne.net\/index.php?rest_route=\/wp\/v2\/types\/post"}],"author":[{"embeddable":true,"href":"https:\/\/www.altercampagne.net\/index.php?rest_route=\/wp\/v2\/users\/214"}],"replies":[{"embeddable":true,"href":"https:\/\/www.altercampagne.net\/index.php?rest_route=%2Fwp%2Fv2%2Fcomments&post=4141"}],"version-history":[{"count":0,"href":"https:\/\/www.altercampagne.net\/index.php?rest_route=\/wp\/v2\/posts\/4141\/revisions"}],"wp:attachment":[{"href":"https:\/\/www.altercampagne.net\/index.php?rest_route=%2Fwp%2Fv2%2Fmedia&parent=4141"}],"wp:term":[{"taxonomy":"category","embeddable":true,"href":"https:\/\/www.altercampagne.net\/index.php?rest_route=%2Fwp%2Fv2%2Fcategories&post=4141"},{"taxonomy":"post_tag","embeddable":true,"href":"https:\/\/www.altercampagne.net\/index.php?rest_route=%2Fwp%2Fv2%2Ftags&post=4141"}],"curies":[{"name":"wp","href":"https:\/\/api.w.org\/{rel}","templated":true}]}}