{"id":4146,"date":"2013-07-17T18:15:49","date_gmt":"2013-07-17T16:15:49","guid":{"rendered":"http:\/\/www.altercampagne.net\/?p=4146"},"modified":"2016-04-13T18:17:17","modified_gmt":"2016-04-13T16:17:17","slug":"cyclisme-laltertour-2013-part-dautry-le-chatel","status":"publish","type":"post","link":"https:\/\/www.altercampagne.net\/?p=4146","title":{"rendered":"Cyclisme : l&rsquo;AlterTour 2013 part d&rsquo;Autry-le-Ch\u00e2tel"},"content":{"rendered":"<p>D\u00e9part de l\u2019AlterTour 2013 pour le Centre, la Bourgogne et la Franche-Comt\u00e9, d\u00e8s ce jeudi \u00e0 19h30 au jardin des Hubbits, \u00e0 Autry-le-Ch\u00e2tel (face aux serres Monsanto) : stands, animations, musiques, repas partag\u00e9 tir\u00e9 du sac, autour du feu, d\u00e9bat \u00ab Biodiversit\u00e9, o\u00f9 en est-on aujourd\u2019hui ? \u00bb, projection du clip \u00ab Monsanto \u00bb de Kolibri. Le vrai d\u00e9part de l\u2019AlterTour est pr\u00e9vu ce vendredi 19 juillet, \u00e0 9h30 devant les grilles de Monsanto.<\/p>\n","protected":false},"excerpt":{"rendered":"<p>D\u00e9part de l\u2019AlterTour 2013 pour le Centre, la Bourgogne et la Franche-Comt\u00e9, d\u00e8s ce jeudi \u00e0 19h30 au jardin des Hubbits, \u00e0 Autry-le-Ch\u00e2tel (face aux serres Monsanto) : stands, animations, musiques, repas partag\u00e9 tir\u00e9 du sac, autour du feu, d\u00e9bat \u00ab Biodiversit\u00e9, o\u00f9 en est-on aujourd\u2019hui ? \u00bb, projection du &#8230; <\/p>\n<div><a href=\"https:\/\/www.altercampagne.net\/?p=4146\" class=\"more-link\">Read More<\/a><\/div>\n","protected":false},"author":214,"featured_media":0,"comment_status":"closed","ping_status":"closed","sticky":false,"template":"","format":"standard","meta":{"footnotes":""},"categories":[239],"tags":[533,694,1021,1047,1656,1794,1804],"class_list":["post-4146","post","type-post","status-publish","format-standard","hentry","category-revue-de-presse","tag-monsanto","tag-altertour-2013","tag-jardin-collectif-des-hubbits","tag-loiret","tag-1656","tag-centre-val-de-loire","tag-autry","no-post-thumbnail"],"yoast_head":"<!-- This site is optimized with the Yoast SEO plugin v27.3 - https:\/\/yoast.com\/product\/yoast-seo-wordpress\/ -->\n<title>Cyclisme : l&#039;AlterTour 2013 part d&#039;Autry-le-Ch\u00e2tel - AlterTour<\/title>\n<meta name=\"robots\" content=\"index, follow, max-snippet:-1, max-image-preview:large, max-video-preview:-1\" \/>\n<link rel=\"canonical\" href=\"https:\/\/www.altercampagne.net\/?p=4146\" \/>\n<meta property=\"og:locale\" content=\"fr_FR\" \/>\n<meta property=\"og:type\" content=\"article\" \/>\n<meta property=\"og:title\" content=\"Cyclisme : l&#039;AlterTour 2013 part d&#039;Autry-le-Ch\u00e2tel - AlterTour\" \/>\n<meta property=\"og:description\" content=\"D\u00e9part de l\u2019AlterTour 2013 pour le Centre, la Bourgogne et la Franche-Comt\u00e9, d\u00e8s ce jeudi \u00e0 19h30 au jardin des Hubbits, \u00e0 Autry-le-Ch\u00e2tel (face aux serres Monsanto) : stands, animations, musiques, repas partag\u00e9 tir\u00e9 du sac, autour du feu, d\u00e9bat \u00ab Biodiversit\u00e9, o\u00f9 en est-on aujourd\u2019hui ? \u00bb, projection du ... Read More\" \/>\n<meta property=\"og:url\" content=\"https:\/\/www.altercampagne.net\/?p=4146\" \/>\n<meta property=\"og:site_name\" content=\"AlterTour\" \/>\n<meta property=\"article:published_time\" content=\"2013-07-17T16:15:49+00:00\" \/>\n<meta property=\"article:modified_time\" content=\"2016-04-13T16:17:17+00:00\" \/>\n<meta name=\"author\" content=\"Mathieu\" \/>\n<meta name=\"twitter:card\" content=\"summary_large_image\" \/>\n<meta name=\"twitter:label1\" content=\"\u00c9crit par\" \/>\n\t<meta name=\"twitter:data1\" content=\"Mathieu\" \/>\n<script type=\"application\/ld+json\" class=\"yoast-schema-graph\">{\"@context\":\"https:\\\/\\\/schema.org\",\"@graph\":[{\"@type\":\"Article\",\"@id\":\"https:\\\/\\\/www.altercampagne.net\\\/?p=4146#article\",\"isPartOf\":{\"@id\":\"https:\\\/\\\/www.altercampagne.net\\\/?p=4146\"},\"author\":{\"name\":\"Mathieu\",\"@id\":\"https:\\\/\\\/www.altercampagne.net\\\/#\\\/schema\\\/person\\\/0f261460c09e430caa0f9bcffa319109\"},\"headline\":\"Cyclisme : l&rsquo;AlterTour 2013 part d&rsquo;Autry-le-Ch\u00e2tel\",\"datePublished\":\"2013-07-17T16:15:49+00:00\",\"dateModified\":\"2016-04-13T16:17:17+00:00\",\"mainEntityOfPage\":{\"@id\":\"https:\\\/\\\/www.altercampagne.net\\\/?p=4146\"},\"wordCount\":79,\"keywords\":[\"monsanto\",\"AlterTour 2013\",\"Jardin Collectif des Hubbits\",\"Loiret\",\"2013\",\"Centre-Val de Loire\",\"Autry\"],\"articleSection\":[\"Revue de presse\"],\"inLanguage\":\"fr-FR\"},{\"@type\":\"WebPage\",\"@id\":\"https:\\\/\\\/www.altercampagne.net\\\/?p=4146\",\"url\":\"https:\\\/\\\/www.altercampagne.net\\\/?p=4146\",\"name\":\"Cyclisme : l'AlterTour 2013 part d'Autry-le-Ch\u00e2tel - AlterTour\",\"isPartOf\":{\"@id\":\"https:\\\/\\\/www.altercampagne.net\\\/#website\"},\"datePublished\":\"2013-07-17T16:15:49+00:00\",\"dateModified\":\"2016-04-13T16:17:17+00:00\",\"author\":{\"@id\":\"https:\\\/\\\/www.altercampagne.net\\\/#\\\/schema\\\/person\\\/0f261460c09e430caa0f9bcffa319109\"},\"breadcrumb\":{\"@id\":\"https:\\\/\\\/www.altercampagne.net\\\/?p=4146#breadcrumb\"},\"inLanguage\":\"fr-FR\",\"potentialAction\":[{\"@type\":\"ReadAction\",\"target\":[\"https:\\\/\\\/www.altercampagne.net\\\/?p=4146\"]}]},{\"@type\":\"BreadcrumbList\",\"@id\":\"https:\\\/\\\/www.altercampagne.net\\\/?p=4146#breadcrumb\",\"itemListElement\":[{\"@type\":\"ListItem\",\"position\":1,\"name\":\"Accueil\",\"item\":\"https:\\\/\\\/www.altercampagne.net\\\/\"},{\"@type\":\"ListItem\",\"position\":2,\"name\":\"Cyclisme : l&rsquo;AlterTour 2013 part d&rsquo;Autry-le-Ch\u00e2tel\"}]},{\"@type\":\"WebSite\",\"@id\":\"https:\\\/\\\/www.altercampagne.net\\\/#website\",\"url\":\"https:\\\/\\\/www.altercampagne.net\\\/\",\"name\":\"AlterTour\",\"description\":\"Reliez les Alternatives \u00e0 v\u00e9lo\",\"potentialAction\":[{\"@type\":\"SearchAction\",\"target\":{\"@type\":\"EntryPoint\",\"urlTemplate\":\"https:\\\/\\\/www.altercampagne.net\\\/?s={search_term_string}\"},\"query-input\":{\"@type\":\"PropertyValueSpecification\",\"valueRequired\":true,\"valueName\":\"search_term_string\"}}],\"inLanguage\":\"fr-FR\"},{\"@type\":\"Person\",\"@id\":\"https:\\\/\\\/www.altercampagne.net\\\/#\\\/schema\\\/person\\\/0f261460c09e430caa0f9bcffa319109\",\"name\":\"Mathieu\",\"image\":{\"@type\":\"ImageObject\",\"inLanguage\":\"fr-FR\",\"@id\":\"https:\\\/\\\/secure.gravatar.com\\\/avatar\\\/aa9d3d24c83f2141e5e2709d0f63d09a99f6be6bb7a50abc4915838d9f54501a?s=96&d=mm&r=g\",\"url\":\"https:\\\/\\\/secure.gravatar.com\\\/avatar\\\/aa9d3d24c83f2141e5e2709d0f63d09a99f6be6bb7a50abc4915838d9f54501a?s=96&d=mm&r=g\",\"contentUrl\":\"https:\\\/\\\/secure.gravatar.com\\\/avatar\\\/aa9d3d24c83f2141e5e2709d0f63d09a99f6be6bb7a50abc4915838d9f54501a?s=96&d=mm&r=g\",\"caption\":\"Mathieu\"},\"url\":\"https:\\\/\\\/www.altercampagne.net\\\/?author=214\"}]}<\/script>\n<!-- \/ Yoast SEO plugin. -->","yoast_head_json":{"title":"Cyclisme : l'AlterTour 2013 part d'Autry-le-Ch\u00e2tel - AlterTour","robots":{"index":"index","follow":"follow","max-snippet":"max-snippet:-1","max-image-preview":"max-image-preview:large","max-video-preview":"max-video-preview:-1"},"canonical":"https:\/\/www.altercampagne.net\/?p=4146","og_locale":"fr_FR","og_type":"article","og_title":"Cyclisme : l'AlterTour 2013 part d'Autry-le-Ch\u00e2tel - AlterTour","og_description":"D\u00e9part de l\u2019AlterTour 2013 pour le Centre, la Bourgogne et la Franche-Comt\u00e9, d\u00e8s ce jeudi \u00e0 19h30 au jardin des Hubbits, \u00e0 Autry-le-Ch\u00e2tel (face aux serres Monsanto) : stands, animations, musiques, repas partag\u00e9 tir\u00e9 du sac, autour du feu, d\u00e9bat \u00ab Biodiversit\u00e9, o\u00f9 en est-on aujourd\u2019hui ? \u00bb, projection du ... Read More","og_url":"https:\/\/www.altercampagne.net\/?p=4146","og_site_name":"AlterTour","article_published_time":"2013-07-17T16:15:49+00:00","article_modified_time":"2016-04-13T16:17:17+00:00","author":"Mathieu","twitter_card":"summary_large_image","twitter_misc":{"\u00c9crit par":"Mathieu"},"schema":{"@context":"https:\/\/schema.org","@graph":[{"@type":"Article","@id":"https:\/\/www.altercampagne.net\/?p=4146#article","isPartOf":{"@id":"https:\/\/www.altercampagne.net\/?p=4146"},"author":{"name":"Mathieu","@id":"https:\/\/www.altercampagne.net\/#\/schema\/person\/0f261460c09e430caa0f9bcffa319109"},"headline":"Cyclisme : l&rsquo;AlterTour 2013 part d&rsquo;Autry-le-Ch\u00e2tel","datePublished":"2013-07-17T16:15:49+00:00","dateModified":"2016-04-13T16:17:17+00:00","mainEntityOfPage":{"@id":"https:\/\/www.altercampagne.net\/?p=4146"},"wordCount":79,"keywords":["monsanto","AlterTour 2013","Jardin Collectif des Hubbits","Loiret","2013","Centre-Val de Loire","Autry"],"articleSection":["Revue de presse"],"inLanguage":"fr-FR"},{"@type":"WebPage","@id":"https:\/\/www.altercampagne.net\/?p=4146","url":"https:\/\/www.altercampagne.net\/?p=4146","name":"Cyclisme : l'AlterTour 2013 part d'Autry-le-Ch\u00e2tel - AlterTour","isPartOf":{"@id":"https:\/\/www.altercampagne.net\/#website"},"datePublished":"2013-07-17T16:15:49+00:00","dateModified":"2016-04-13T16:17:17+00:00","author":{"@id":"https:\/\/www.altercampagne.net\/#\/schema\/person\/0f261460c09e430caa0f9bcffa319109"},"breadcrumb":{"@id":"https:\/\/www.altercampagne.net\/?p=4146#breadcrumb"},"inLanguage":"fr-FR","potentialAction":[{"@type":"ReadAction","target":["https:\/\/www.altercampagne.net\/?p=4146"]}]},{"@type":"BreadcrumbList","@id":"https:\/\/www.altercampagne.net\/?p=4146#breadcrumb","itemListElement":[{"@type":"ListItem","position":1,"name":"Accueil","item":"https:\/\/www.altercampagne.net\/"},{"@type":"ListItem","position":2,"name":"Cyclisme : l&rsquo;AlterTour 2013 part d&rsquo;Autry-le-Ch\u00e2tel"}]},{"@type":"WebSite","@id":"https:\/\/www.altercampagne.net\/#website","url":"https:\/\/www.altercampagne.net\/","name":"AlterTour","description":"Reliez les Alternatives \u00e0 v\u00e9lo","potentialAction":[{"@type":"SearchAction","target":{"@type":"EntryPoint","urlTemplate":"https:\/\/www.altercampagne.net\/?s={search_term_string}"},"query-input":{"@type":"PropertyValueSpecification","valueRequired":true,"valueName":"search_term_string"}}],"inLanguage":"fr-FR"},{"@type":"Person","@id":"https:\/\/www.altercampagne.net\/#\/schema\/person\/0f261460c09e430caa0f9bcffa319109","name":"Mathieu","image":{"@type":"ImageObject","inLanguage":"fr-FR","@id":"https:\/\/secure.gravatar.com\/avatar\/aa9d3d24c83f2141e5e2709d0f63d09a99f6be6bb7a50abc4915838d9f54501a?s=96&d=mm&r=g","url":"https:\/\/secure.gravatar.com\/avatar\/aa9d3d24c83f2141e5e2709d0f63d09a99f6be6bb7a50abc4915838d9f54501a?s=96&d=mm&r=g","contentUrl":"https:\/\/secure.gravatar.com\/avatar\/aa9d3d24c83f2141e5e2709d0f63d09a99f6be6bb7a50abc4915838d9f54501a?s=96&d=mm&r=g","caption":"Mathieu"},"url":"https:\/\/www.altercampagne.net\/?author=214"}]}},"_links":{"self":[{"href":"https:\/\/www.altercampagne.net\/index.php?rest_route=\/wp\/v2\/posts\/4146","targetHints":{"allow":["GET"]}}],"collection":[{"href":"https:\/\/www.altercampagne.net\/index.php?rest_route=\/wp\/v2\/posts"}],"about":[{"href":"https:\/\/www.altercampagne.net\/index.php?rest_route=\/wp\/v2\/types\/post"}],"author":[{"embeddable":true,"href":"https:\/\/www.altercampagne.net\/index.php?rest_route=\/wp\/v2\/users\/214"}],"replies":[{"embeddable":true,"href":"https:\/\/www.altercampagne.net\/index.php?rest_route=%2Fwp%2Fv2%2Fcomments&post=4146"}],"version-history":[{"count":0,"href":"https:\/\/www.altercampagne.net\/index.php?rest_route=\/wp\/v2\/posts\/4146\/revisions"}],"wp:attachment":[{"href":"https:\/\/www.altercampagne.net\/index.php?rest_route=%2Fwp%2Fv2%2Fmedia&parent=4146"}],"wp:term":[{"taxonomy":"category","embeddable":true,"href":"https:\/\/www.altercampagne.net\/index.php?rest_route=%2Fwp%2Fv2%2Fcategories&post=4146"},{"taxonomy":"post_tag","embeddable":true,"href":"https:\/\/www.altercampagne.net\/index.php?rest_route=%2Fwp%2Fv2%2Ftags&post=4146"}],"curies":[{"name":"wp","href":"https:\/\/api.w.org\/{rel}","templated":true}]}}