{"id":4152,"date":"2013-07-11T18:25:32","date_gmt":"2013-07-11T16:25:32","guid":{"rendered":"http:\/\/www.altercampagne.net\/?p=4152"},"modified":"2016-04-13T18:28:39","modified_gmt":"2016-04-13T16:28:39","slug":"laltertour-2013-partira-le-19-juillet-depuis-les-serres-de-monsanto-dans-le-loiret","status":"publish","type":"post","link":"https:\/\/www.altercampagne.net\/?p=4152","title":{"rendered":"L\u2019AlterTour 2013 partira le 19 juillet depuis les serres de Monsanto dans le Loiret"},"content":{"rendered":"<p>Le sixi\u00e8me AlterTour partira le 19 juillet d\u2019Autry le Chatel (Loiret) du jardin partag\u00e9 des Hubbits situ\u00e9 face aux serres de Monsanto pour s\u2019achever le 20 ao\u00fbt \u00e0 Rochejean dans le Doubs. Cette promenade cycliste, festive et militante rassemble ceux qui aiment le v\u00e9lo, sans exigence de performance. En relais solidaires, les alter cyclistes voyageront pour \u00ab montrer qu\u2019il faut r\u00e9sister \u00e0 l\u2019esprit de comp\u00e9tition qui conduit aux dopages sous toutes ses formes \u00bb&#8230;<\/p>\n<p>Source : <a href=\"http:\/\/www.politis.fr\/articles\/2013\/07\/lalter-tour-2013-partira-le-19-juillet-depuis-les-serres-de-monsanto-dans-le-loiret-23104\/\" target=\"_blank\">http:\/\/www.politis.fr\/articles\/2013\/07\/lalter-tour-2013-partira-le-19-juillet-depuis-les-serres-de-monsanto-dans-le-loiret-23104\/<\/a><\/p>\n","protected":false},"excerpt":{"rendered":"<p>Le sixi\u00e8me AlterTour partira le 19 juillet d\u2019Autry le Chatel (Loiret) du jardin partag\u00e9 des Hubbits situ\u00e9 face aux serres de Monsanto pour s\u2019achever le 20 ao\u00fbt \u00e0 Rochejean dans le Doubs. Cette promenade cycliste, festive et militante rassemble ceux qui aiment le v\u00e9lo, sans exigence de performance. En relais &#8230; <\/p>\n<div><a href=\"https:\/\/www.altercampagne.net\/?p=4152\" class=\"more-link\">Read More<\/a><\/div>\n","protected":false},"author":214,"featured_media":0,"comment_status":"closed","ping_status":"closed","sticky":false,"template":"","format":"standard","meta":{"footnotes":""},"categories":[239],"tags":[533,694,1020,1021,1656,1790],"class_list":["post-4152","post","type-post","status-publish","format-standard","hentry","category-revue-de-presse","tag-monsanto","tag-altertour-2013","tag-autry-le-chatel","tag-jardin-collectif-des-hubbits","tag-1656","tag-politis","no-post-thumbnail"],"yoast_head":"<!-- This site is optimized with the Yoast SEO plugin v27.3 - https:\/\/yoast.com\/product\/yoast-seo-wordpress\/ -->\n<title>L\u2019AlterTour 2013 partira le 19 juillet depuis les serres de Monsanto dans le Loiret - AlterTour<\/title>\n<meta name=\"robots\" content=\"index, follow, max-snippet:-1, max-image-preview:large, max-video-preview:-1\" \/>\n<link rel=\"canonical\" href=\"https:\/\/www.altercampagne.net\/?p=4152\" \/>\n<meta property=\"og:locale\" content=\"fr_FR\" \/>\n<meta property=\"og:type\" content=\"article\" \/>\n<meta property=\"og:title\" content=\"L\u2019AlterTour 2013 partira le 19 juillet depuis les serres de Monsanto dans le Loiret - AlterTour\" \/>\n<meta property=\"og:description\" content=\"Le sixi\u00e8me AlterTour partira le 19 juillet d\u2019Autry le Chatel (Loiret) du jardin partag\u00e9 des Hubbits situ\u00e9 face aux serres de Monsanto pour s\u2019achever le 20 ao\u00fbt \u00e0 Rochejean dans le Doubs. Cette promenade cycliste, festive et militante rassemble ceux qui aiment le v\u00e9lo, sans exigence de performance. En relais ... Read More\" \/>\n<meta property=\"og:url\" content=\"https:\/\/www.altercampagne.net\/?p=4152\" \/>\n<meta property=\"og:site_name\" content=\"AlterTour\" \/>\n<meta property=\"article:published_time\" content=\"2013-07-11T16:25:32+00:00\" \/>\n<meta property=\"article:modified_time\" content=\"2016-04-13T16:28:39+00:00\" \/>\n<meta name=\"author\" content=\"Mathieu\" \/>\n<meta name=\"twitter:card\" content=\"summary_large_image\" \/>\n<meta name=\"twitter:label1\" content=\"\u00c9crit par\" \/>\n\t<meta name=\"twitter:data1\" content=\"Mathieu\" \/>\n<script type=\"application\/ld+json\" class=\"yoast-schema-graph\">{\"@context\":\"https:\\\/\\\/schema.org\",\"@graph\":[{\"@type\":\"Article\",\"@id\":\"https:\\\/\\\/www.altercampagne.net\\\/?p=4152#article\",\"isPartOf\":{\"@id\":\"https:\\\/\\\/www.altercampagne.net\\\/?p=4152\"},\"author\":{\"name\":\"Mathieu\",\"@id\":\"https:\\\/\\\/www.altercampagne.net\\\/#\\\/schema\\\/person\\\/0f261460c09e430caa0f9bcffa319109\"},\"headline\":\"L\u2019AlterTour 2013 partira le 19 juillet depuis les serres de Monsanto dans le Loiret\",\"datePublished\":\"2013-07-11T16:25:32+00:00\",\"dateModified\":\"2016-04-13T16:28:39+00:00\",\"mainEntityOfPage\":{\"@id\":\"https:\\\/\\\/www.altercampagne.net\\\/?p=4152\"},\"wordCount\":99,\"keywords\":[\"monsanto\",\"AlterTour 2013\",\"Autry-le-Chatel\",\"Jardin Collectif des Hubbits\",\"2013\",\"Politis\"],\"articleSection\":[\"Revue de presse\"],\"inLanguage\":\"fr-FR\"},{\"@type\":\"WebPage\",\"@id\":\"https:\\\/\\\/www.altercampagne.net\\\/?p=4152\",\"url\":\"https:\\\/\\\/www.altercampagne.net\\\/?p=4152\",\"name\":\"L\u2019AlterTour 2013 partira le 19 juillet depuis les serres de Monsanto dans le Loiret - AlterTour\",\"isPartOf\":{\"@id\":\"https:\\\/\\\/www.altercampagne.net\\\/#website\"},\"datePublished\":\"2013-07-11T16:25:32+00:00\",\"dateModified\":\"2016-04-13T16:28:39+00:00\",\"author\":{\"@id\":\"https:\\\/\\\/www.altercampagne.net\\\/#\\\/schema\\\/person\\\/0f261460c09e430caa0f9bcffa319109\"},\"breadcrumb\":{\"@id\":\"https:\\\/\\\/www.altercampagne.net\\\/?p=4152#breadcrumb\"},\"inLanguage\":\"fr-FR\",\"potentialAction\":[{\"@type\":\"ReadAction\",\"target\":[\"https:\\\/\\\/www.altercampagne.net\\\/?p=4152\"]}]},{\"@type\":\"BreadcrumbList\",\"@id\":\"https:\\\/\\\/www.altercampagne.net\\\/?p=4152#breadcrumb\",\"itemListElement\":[{\"@type\":\"ListItem\",\"position\":1,\"name\":\"Accueil\",\"item\":\"https:\\\/\\\/www.altercampagne.net\\\/\"},{\"@type\":\"ListItem\",\"position\":2,\"name\":\"L\u2019AlterTour 2013 partira le 19 juillet depuis les serres de Monsanto dans le Loiret\"}]},{\"@type\":\"WebSite\",\"@id\":\"https:\\\/\\\/www.altercampagne.net\\\/#website\",\"url\":\"https:\\\/\\\/www.altercampagne.net\\\/\",\"name\":\"AlterTour\",\"description\":\"Reliez les Alternatives \u00e0 v\u00e9lo\",\"potentialAction\":[{\"@type\":\"SearchAction\",\"target\":{\"@type\":\"EntryPoint\",\"urlTemplate\":\"https:\\\/\\\/www.altercampagne.net\\\/?s={search_term_string}\"},\"query-input\":{\"@type\":\"PropertyValueSpecification\",\"valueRequired\":true,\"valueName\":\"search_term_string\"}}],\"inLanguage\":\"fr-FR\"},{\"@type\":\"Person\",\"@id\":\"https:\\\/\\\/www.altercampagne.net\\\/#\\\/schema\\\/person\\\/0f261460c09e430caa0f9bcffa319109\",\"name\":\"Mathieu\",\"image\":{\"@type\":\"ImageObject\",\"inLanguage\":\"fr-FR\",\"@id\":\"https:\\\/\\\/secure.gravatar.com\\\/avatar\\\/aa9d3d24c83f2141e5e2709d0f63d09a99f6be6bb7a50abc4915838d9f54501a?s=96&d=mm&r=g\",\"url\":\"https:\\\/\\\/secure.gravatar.com\\\/avatar\\\/aa9d3d24c83f2141e5e2709d0f63d09a99f6be6bb7a50abc4915838d9f54501a?s=96&d=mm&r=g\",\"contentUrl\":\"https:\\\/\\\/secure.gravatar.com\\\/avatar\\\/aa9d3d24c83f2141e5e2709d0f63d09a99f6be6bb7a50abc4915838d9f54501a?s=96&d=mm&r=g\",\"caption\":\"Mathieu\"},\"url\":\"https:\\\/\\\/www.altercampagne.net\\\/?author=214\"}]}<\/script>\n<!-- \/ Yoast SEO plugin. -->","yoast_head_json":{"title":"L\u2019AlterTour 2013 partira le 19 juillet depuis les serres de Monsanto dans le Loiret - AlterTour","robots":{"index":"index","follow":"follow","max-snippet":"max-snippet:-1","max-image-preview":"max-image-preview:large","max-video-preview":"max-video-preview:-1"},"canonical":"https:\/\/www.altercampagne.net\/?p=4152","og_locale":"fr_FR","og_type":"article","og_title":"L\u2019AlterTour 2013 partira le 19 juillet depuis les serres de Monsanto dans le Loiret - AlterTour","og_description":"Le sixi\u00e8me AlterTour partira le 19 juillet d\u2019Autry le Chatel (Loiret) du jardin partag\u00e9 des Hubbits situ\u00e9 face aux serres de Monsanto pour s\u2019achever le 20 ao\u00fbt \u00e0 Rochejean dans le Doubs. Cette promenade cycliste, festive et militante rassemble ceux qui aiment le v\u00e9lo, sans exigence de performance. En relais ... Read More","og_url":"https:\/\/www.altercampagne.net\/?p=4152","og_site_name":"AlterTour","article_published_time":"2013-07-11T16:25:32+00:00","article_modified_time":"2016-04-13T16:28:39+00:00","author":"Mathieu","twitter_card":"summary_large_image","twitter_misc":{"\u00c9crit par":"Mathieu"},"schema":{"@context":"https:\/\/schema.org","@graph":[{"@type":"Article","@id":"https:\/\/www.altercampagne.net\/?p=4152#article","isPartOf":{"@id":"https:\/\/www.altercampagne.net\/?p=4152"},"author":{"name":"Mathieu","@id":"https:\/\/www.altercampagne.net\/#\/schema\/person\/0f261460c09e430caa0f9bcffa319109"},"headline":"L\u2019AlterTour 2013 partira le 19 juillet depuis les serres de Monsanto dans le Loiret","datePublished":"2013-07-11T16:25:32+00:00","dateModified":"2016-04-13T16:28:39+00:00","mainEntityOfPage":{"@id":"https:\/\/www.altercampagne.net\/?p=4152"},"wordCount":99,"keywords":["monsanto","AlterTour 2013","Autry-le-Chatel","Jardin Collectif des Hubbits","2013","Politis"],"articleSection":["Revue de presse"],"inLanguage":"fr-FR"},{"@type":"WebPage","@id":"https:\/\/www.altercampagne.net\/?p=4152","url":"https:\/\/www.altercampagne.net\/?p=4152","name":"L\u2019AlterTour 2013 partira le 19 juillet depuis les serres de Monsanto dans le Loiret - AlterTour","isPartOf":{"@id":"https:\/\/www.altercampagne.net\/#website"},"datePublished":"2013-07-11T16:25:32+00:00","dateModified":"2016-04-13T16:28:39+00:00","author":{"@id":"https:\/\/www.altercampagne.net\/#\/schema\/person\/0f261460c09e430caa0f9bcffa319109"},"breadcrumb":{"@id":"https:\/\/www.altercampagne.net\/?p=4152#breadcrumb"},"inLanguage":"fr-FR","potentialAction":[{"@type":"ReadAction","target":["https:\/\/www.altercampagne.net\/?p=4152"]}]},{"@type":"BreadcrumbList","@id":"https:\/\/www.altercampagne.net\/?p=4152#breadcrumb","itemListElement":[{"@type":"ListItem","position":1,"name":"Accueil","item":"https:\/\/www.altercampagne.net\/"},{"@type":"ListItem","position":2,"name":"L\u2019AlterTour 2013 partira le 19 juillet depuis les serres de Monsanto dans le Loiret"}]},{"@type":"WebSite","@id":"https:\/\/www.altercampagne.net\/#website","url":"https:\/\/www.altercampagne.net\/","name":"AlterTour","description":"Reliez les Alternatives \u00e0 v\u00e9lo","potentialAction":[{"@type":"SearchAction","target":{"@type":"EntryPoint","urlTemplate":"https:\/\/www.altercampagne.net\/?s={search_term_string}"},"query-input":{"@type":"PropertyValueSpecification","valueRequired":true,"valueName":"search_term_string"}}],"inLanguage":"fr-FR"},{"@type":"Person","@id":"https:\/\/www.altercampagne.net\/#\/schema\/person\/0f261460c09e430caa0f9bcffa319109","name":"Mathieu","image":{"@type":"ImageObject","inLanguage":"fr-FR","@id":"https:\/\/secure.gravatar.com\/avatar\/aa9d3d24c83f2141e5e2709d0f63d09a99f6be6bb7a50abc4915838d9f54501a?s=96&d=mm&r=g","url":"https:\/\/secure.gravatar.com\/avatar\/aa9d3d24c83f2141e5e2709d0f63d09a99f6be6bb7a50abc4915838d9f54501a?s=96&d=mm&r=g","contentUrl":"https:\/\/secure.gravatar.com\/avatar\/aa9d3d24c83f2141e5e2709d0f63d09a99f6be6bb7a50abc4915838d9f54501a?s=96&d=mm&r=g","caption":"Mathieu"},"url":"https:\/\/www.altercampagne.net\/?author=214"}]}},"_links":{"self":[{"href":"https:\/\/www.altercampagne.net\/index.php?rest_route=\/wp\/v2\/posts\/4152","targetHints":{"allow":["GET"]}}],"collection":[{"href":"https:\/\/www.altercampagne.net\/index.php?rest_route=\/wp\/v2\/posts"}],"about":[{"href":"https:\/\/www.altercampagne.net\/index.php?rest_route=\/wp\/v2\/types\/post"}],"author":[{"embeddable":true,"href":"https:\/\/www.altercampagne.net\/index.php?rest_route=\/wp\/v2\/users\/214"}],"replies":[{"embeddable":true,"href":"https:\/\/www.altercampagne.net\/index.php?rest_route=%2Fwp%2Fv2%2Fcomments&post=4152"}],"version-history":[{"count":0,"href":"https:\/\/www.altercampagne.net\/index.php?rest_route=\/wp\/v2\/posts\/4152\/revisions"}],"wp:attachment":[{"href":"https:\/\/www.altercampagne.net\/index.php?rest_route=%2Fwp%2Fv2%2Fmedia&parent=4152"}],"wp:term":[{"taxonomy":"category","embeddable":true,"href":"https:\/\/www.altercampagne.net\/index.php?rest_route=%2Fwp%2Fv2%2Fcategories&post=4152"},{"taxonomy":"post_tag","embeddable":true,"href":"https:\/\/www.altercampagne.net\/index.php?rest_route=%2Fwp%2Fv2%2Ftags&post=4152"}],"curies":[{"name":"wp","href":"https:\/\/api.w.org\/{rel}","templated":true}]}}