{"id":4160,"date":"2013-07-03T17:37:14","date_gmt":"2013-07-03T15:37:14","guid":{"rendered":"http:\/\/www.altercampagne.net\/?p=4160"},"modified":"2016-04-13T18:39:08","modified_gmt":"2016-04-13T16:39:08","slug":"laltertour-fait-etape-a-chalon","status":"publish","type":"post","link":"https:\/\/www.altercampagne.net\/?p=4160","title":{"rendered":"L\u2019AlterTour fait \u00e9tape \u00e0 Chalon"},"content":{"rendered":"<p class=\"Style271 Style138 Style152 Style142\">L&rsquo;Association Chalonnaise pour la Transition Energ\u00e9tique, \u00e9cologique et citoyenne (ACTE) vous invite \u00e0 participer \u00e0 une \u00e9tape de l\u2019AlterTour.<\/p>\n<p class=\"Style271 Style138 Style152 Style142\" align=\"justify\">CE RENDEZ-VOUS permettra \u00e0 chacun de d\u00e9couvrir, d&rsquo;\u00e9changer et de cr\u00e9er des r\u00e9seaux d&rsquo;actions de solidarit\u00e9 et d&rsquo;alternatives citoyennes. D\u2019autres modes de vie et de relations sont possibles et se vivent d\u00e9j\u00e0 \u00e0 Chalon et ailleurs, bas\u00e9s sur le partage, la simplicit\u00e9, la g\u00e9n\u00e9rosit\u00e9 et la volont\u00e9 de sortir d&rsquo;un capitalisme destructeur et d&rsquo;un individualisme souvent n\u00e9faste. R\u00e9chauffement climatique, diminution des ressources fossiles, pollutions, crises \u00e9conomiques&#8230; nous sommes tous, de plus en plus, confront\u00e9s \u00e0 une pr\u00e9carit\u00e9 \u00e9cologique, \u00e9nerg\u00e9tique, sanitaire et financi\u00e8re. D&rsquo;o\u00f9 la n\u00e9cessit\u00e9 de changer nos modes de vie.<\/p>\n<p class=\"Style271 Style138 Style152 Style142\" align=\"justify\">Acteurs<br \/>\n\u00c0 Chalon, plusieurs initiatives s&rsquo;attachent \u00e0 faire changer les choses : venez les rencontrer et d\u00e9battre avec Le SEL de Sa\u00f4ne, V\u00e9lo-sur-Sa\u00f4ne, la Rustine et Heureux cyclage, La Bricoth\u00e8que, l&rsquo;AMAP La main aux paniers, Les Glaneurs, La brigade des compotes, Les Jardins solidaires, ACTIVE, CAP SANTE 71, ACTE, la CAPEN 71. Les rencontres s&rsquo;accompagneront d&rsquo;une \u00ab\u00a0zone de gratuit\u00e9\u00a0\u00bb : apportez ce que vous voulez, repartez avec ce qui vous pla\u00eet !<br \/>\nDimanche 4 ao\u00fbt \u00e0 la prairie Saint-Nicolas de 15h-19h + d&rsquo;infos : T\u00e9l. : 03 85 93 57 54 chalontransition@orange.fr<\/p>\n<p class=\"Style271 Style138 Style152 Style142\" align=\"justify\">Source : <a href=\"http:\/\/fr.calameo.com\/read\/0010402158907e9f4bad4\" target=\"_blank\">http:\/\/fr.calameo.com\/read\/0010402158907e9f4bad4<\/a><\/p>\n","protected":false},"excerpt":{"rendered":"<p>L&rsquo;Association Chalonnaise pour la Transition Energ\u00e9tique, \u00e9cologique et citoyenne (ACTE) vous invite \u00e0 participer \u00e0 une \u00e9tape de l\u2019AlterTour. CE RENDEZ-VOUS permettra \u00e0 chacun de d\u00e9couvrir, d&rsquo;\u00e9changer et de cr\u00e9er des r\u00e9seaux d&rsquo;actions de solidarit\u00e9 et d&rsquo;alternatives citoyennes. D\u2019autres modes de vie et de relations sont possibles et se vivent &#8230; <\/p>\n<div><a href=\"https:\/\/www.altercampagne.net\/?p=4160\" class=\"more-link\">Read More<\/a><\/div>\n","protected":false},"author":214,"featured_media":0,"comment_status":"closed","ping_status":"closed","sticky":false,"template":"","format":"standard","meta":{"footnotes":""},"categories":[239],"tags":[694,870,871,955,1017,1058,1656],"class_list":["post-4160","post","type-post","status-publish","format-standard","hentry","category-revue-de-presse","tag-altertour-2013","tag-association-chalonnaise-pour-la-transition-energetique","tag-acte","tag-chalon-sur-saone","tag-bourgogne","tag-saone-et-loire","tag-1656","no-post-thumbnail"],"yoast_head":"<!-- This site is optimized with the Yoast SEO plugin v27.3 - https:\/\/yoast.com\/product\/yoast-seo-wordpress\/ -->\n<title>L\u2019AlterTour fait \u00e9tape \u00e0 Chalon - AlterTour<\/title>\n<meta name=\"robots\" content=\"index, follow, max-snippet:-1, max-image-preview:large, max-video-preview:-1\" \/>\n<link rel=\"canonical\" href=\"https:\/\/www.altercampagne.net\/?p=4160\" \/>\n<meta property=\"og:locale\" content=\"fr_FR\" \/>\n<meta property=\"og:type\" content=\"article\" \/>\n<meta property=\"og:title\" content=\"L\u2019AlterTour fait \u00e9tape \u00e0 Chalon - AlterTour\" \/>\n<meta property=\"og:description\" content=\"L&rsquo;Association Chalonnaise pour la Transition Energ\u00e9tique, \u00e9cologique et citoyenne (ACTE) vous invite \u00e0 participer \u00e0 une \u00e9tape de l\u2019AlterTour. CE RENDEZ-VOUS permettra \u00e0 chacun de d\u00e9couvrir, d&rsquo;\u00e9changer et de cr\u00e9er des r\u00e9seaux d&rsquo;actions de solidarit\u00e9 et d&rsquo;alternatives citoyennes. D\u2019autres modes de vie et de relations sont possibles et se vivent ... Read More\" \/>\n<meta property=\"og:url\" content=\"https:\/\/www.altercampagne.net\/?p=4160\" \/>\n<meta property=\"og:site_name\" content=\"AlterTour\" \/>\n<meta property=\"article:published_time\" content=\"2013-07-03T15:37:14+00:00\" \/>\n<meta property=\"article:modified_time\" content=\"2016-04-13T16:39:08+00:00\" \/>\n<meta name=\"author\" content=\"Mathieu\" \/>\n<meta name=\"twitter:card\" content=\"summary_large_image\" \/>\n<meta name=\"twitter:label1\" content=\"\u00c9crit par\" \/>\n\t<meta name=\"twitter:data1\" content=\"Mathieu\" \/>\n\t<meta name=\"twitter:label2\" content=\"Dur\u00e9e de lecture estim\u00e9e\" \/>\n\t<meta name=\"twitter:data2\" content=\"1 minute\" \/>\n<script type=\"application\/ld+json\" class=\"yoast-schema-graph\">{\"@context\":\"https:\\\/\\\/schema.org\",\"@graph\":[{\"@type\":\"Article\",\"@id\":\"https:\\\/\\\/www.altercampagne.net\\\/?p=4160#article\",\"isPartOf\":{\"@id\":\"https:\\\/\\\/www.altercampagne.net\\\/?p=4160\"},\"author\":{\"name\":\"Mathieu\",\"@id\":\"https:\\\/\\\/www.altercampagne.net\\\/#\\\/schema\\\/person\\\/0f261460c09e430caa0f9bcffa319109\"},\"headline\":\"L\u2019AlterTour fait \u00e9tape \u00e0 Chalon\",\"datePublished\":\"2013-07-03T15:37:14+00:00\",\"dateModified\":\"2016-04-13T16:39:08+00:00\",\"mainEntityOfPage\":{\"@id\":\"https:\\\/\\\/www.altercampagne.net\\\/?p=4160\"},\"wordCount\":234,\"keywords\":[\"AlterTour 2013\",\"Association Chalonnaise pour la Transition Energ\u00e9tique\",\"ACTE\",\"Chalon-sur-Sa\u00f4ne\",\"Bourgogne\",\"sa\u00f4ne et loire\",\"2013\"],\"articleSection\":[\"Revue de presse\"],\"inLanguage\":\"fr-FR\"},{\"@type\":\"WebPage\",\"@id\":\"https:\\\/\\\/www.altercampagne.net\\\/?p=4160\",\"url\":\"https:\\\/\\\/www.altercampagne.net\\\/?p=4160\",\"name\":\"L\u2019AlterTour fait \u00e9tape \u00e0 Chalon - AlterTour\",\"isPartOf\":{\"@id\":\"https:\\\/\\\/www.altercampagne.net\\\/#website\"},\"datePublished\":\"2013-07-03T15:37:14+00:00\",\"dateModified\":\"2016-04-13T16:39:08+00:00\",\"author\":{\"@id\":\"https:\\\/\\\/www.altercampagne.net\\\/#\\\/schema\\\/person\\\/0f261460c09e430caa0f9bcffa319109\"},\"breadcrumb\":{\"@id\":\"https:\\\/\\\/www.altercampagne.net\\\/?p=4160#breadcrumb\"},\"inLanguage\":\"fr-FR\",\"potentialAction\":[{\"@type\":\"ReadAction\",\"target\":[\"https:\\\/\\\/www.altercampagne.net\\\/?p=4160\"]}]},{\"@type\":\"BreadcrumbList\",\"@id\":\"https:\\\/\\\/www.altercampagne.net\\\/?p=4160#breadcrumb\",\"itemListElement\":[{\"@type\":\"ListItem\",\"position\":1,\"name\":\"Accueil\",\"item\":\"https:\\\/\\\/www.altercampagne.net\\\/\"},{\"@type\":\"ListItem\",\"position\":2,\"name\":\"L\u2019AlterTour fait \u00e9tape \u00e0 Chalon\"}]},{\"@type\":\"WebSite\",\"@id\":\"https:\\\/\\\/www.altercampagne.net\\\/#website\",\"url\":\"https:\\\/\\\/www.altercampagne.net\\\/\",\"name\":\"AlterTour\",\"description\":\"Reliez les Alternatives \u00e0 v\u00e9lo\",\"potentialAction\":[{\"@type\":\"SearchAction\",\"target\":{\"@type\":\"EntryPoint\",\"urlTemplate\":\"https:\\\/\\\/www.altercampagne.net\\\/?s={search_term_string}\"},\"query-input\":{\"@type\":\"PropertyValueSpecification\",\"valueRequired\":true,\"valueName\":\"search_term_string\"}}],\"inLanguage\":\"fr-FR\"},{\"@type\":\"Person\",\"@id\":\"https:\\\/\\\/www.altercampagne.net\\\/#\\\/schema\\\/person\\\/0f261460c09e430caa0f9bcffa319109\",\"name\":\"Mathieu\",\"image\":{\"@type\":\"ImageObject\",\"inLanguage\":\"fr-FR\",\"@id\":\"https:\\\/\\\/secure.gravatar.com\\\/avatar\\\/aa9d3d24c83f2141e5e2709d0f63d09a99f6be6bb7a50abc4915838d9f54501a?s=96&d=mm&r=g\",\"url\":\"https:\\\/\\\/secure.gravatar.com\\\/avatar\\\/aa9d3d24c83f2141e5e2709d0f63d09a99f6be6bb7a50abc4915838d9f54501a?s=96&d=mm&r=g\",\"contentUrl\":\"https:\\\/\\\/secure.gravatar.com\\\/avatar\\\/aa9d3d24c83f2141e5e2709d0f63d09a99f6be6bb7a50abc4915838d9f54501a?s=96&d=mm&r=g\",\"caption\":\"Mathieu\"},\"url\":\"https:\\\/\\\/www.altercampagne.net\\\/?author=214\"}]}<\/script>\n<!-- \/ Yoast SEO plugin. -->","yoast_head_json":{"title":"L\u2019AlterTour fait \u00e9tape \u00e0 Chalon - AlterTour","robots":{"index":"index","follow":"follow","max-snippet":"max-snippet:-1","max-image-preview":"max-image-preview:large","max-video-preview":"max-video-preview:-1"},"canonical":"https:\/\/www.altercampagne.net\/?p=4160","og_locale":"fr_FR","og_type":"article","og_title":"L\u2019AlterTour fait \u00e9tape \u00e0 Chalon - AlterTour","og_description":"L&rsquo;Association Chalonnaise pour la Transition Energ\u00e9tique, \u00e9cologique et citoyenne (ACTE) vous invite \u00e0 participer \u00e0 une \u00e9tape de l\u2019AlterTour. CE RENDEZ-VOUS permettra \u00e0 chacun de d\u00e9couvrir, d&rsquo;\u00e9changer et de cr\u00e9er des r\u00e9seaux d&rsquo;actions de solidarit\u00e9 et d&rsquo;alternatives citoyennes. D\u2019autres modes de vie et de relations sont possibles et se vivent ... Read More","og_url":"https:\/\/www.altercampagne.net\/?p=4160","og_site_name":"AlterTour","article_published_time":"2013-07-03T15:37:14+00:00","article_modified_time":"2016-04-13T16:39:08+00:00","author":"Mathieu","twitter_card":"summary_large_image","twitter_misc":{"\u00c9crit par":"Mathieu","Dur\u00e9e de lecture estim\u00e9e":"1 minute"},"schema":{"@context":"https:\/\/schema.org","@graph":[{"@type":"Article","@id":"https:\/\/www.altercampagne.net\/?p=4160#article","isPartOf":{"@id":"https:\/\/www.altercampagne.net\/?p=4160"},"author":{"name":"Mathieu","@id":"https:\/\/www.altercampagne.net\/#\/schema\/person\/0f261460c09e430caa0f9bcffa319109"},"headline":"L\u2019AlterTour fait \u00e9tape \u00e0 Chalon","datePublished":"2013-07-03T15:37:14+00:00","dateModified":"2016-04-13T16:39:08+00:00","mainEntityOfPage":{"@id":"https:\/\/www.altercampagne.net\/?p=4160"},"wordCount":234,"keywords":["AlterTour 2013","Association Chalonnaise pour la Transition Energ\u00e9tique","ACTE","Chalon-sur-Sa\u00f4ne","Bourgogne","sa\u00f4ne et loire","2013"],"articleSection":["Revue de presse"],"inLanguage":"fr-FR"},{"@type":"WebPage","@id":"https:\/\/www.altercampagne.net\/?p=4160","url":"https:\/\/www.altercampagne.net\/?p=4160","name":"L\u2019AlterTour fait \u00e9tape \u00e0 Chalon - AlterTour","isPartOf":{"@id":"https:\/\/www.altercampagne.net\/#website"},"datePublished":"2013-07-03T15:37:14+00:00","dateModified":"2016-04-13T16:39:08+00:00","author":{"@id":"https:\/\/www.altercampagne.net\/#\/schema\/person\/0f261460c09e430caa0f9bcffa319109"},"breadcrumb":{"@id":"https:\/\/www.altercampagne.net\/?p=4160#breadcrumb"},"inLanguage":"fr-FR","potentialAction":[{"@type":"ReadAction","target":["https:\/\/www.altercampagne.net\/?p=4160"]}]},{"@type":"BreadcrumbList","@id":"https:\/\/www.altercampagne.net\/?p=4160#breadcrumb","itemListElement":[{"@type":"ListItem","position":1,"name":"Accueil","item":"https:\/\/www.altercampagne.net\/"},{"@type":"ListItem","position":2,"name":"L\u2019AlterTour fait \u00e9tape \u00e0 Chalon"}]},{"@type":"WebSite","@id":"https:\/\/www.altercampagne.net\/#website","url":"https:\/\/www.altercampagne.net\/","name":"AlterTour","description":"Reliez les Alternatives \u00e0 v\u00e9lo","potentialAction":[{"@type":"SearchAction","target":{"@type":"EntryPoint","urlTemplate":"https:\/\/www.altercampagne.net\/?s={search_term_string}"},"query-input":{"@type":"PropertyValueSpecification","valueRequired":true,"valueName":"search_term_string"}}],"inLanguage":"fr-FR"},{"@type":"Person","@id":"https:\/\/www.altercampagne.net\/#\/schema\/person\/0f261460c09e430caa0f9bcffa319109","name":"Mathieu","image":{"@type":"ImageObject","inLanguage":"fr-FR","@id":"https:\/\/secure.gravatar.com\/avatar\/aa9d3d24c83f2141e5e2709d0f63d09a99f6be6bb7a50abc4915838d9f54501a?s=96&d=mm&r=g","url":"https:\/\/secure.gravatar.com\/avatar\/aa9d3d24c83f2141e5e2709d0f63d09a99f6be6bb7a50abc4915838d9f54501a?s=96&d=mm&r=g","contentUrl":"https:\/\/secure.gravatar.com\/avatar\/aa9d3d24c83f2141e5e2709d0f63d09a99f6be6bb7a50abc4915838d9f54501a?s=96&d=mm&r=g","caption":"Mathieu"},"url":"https:\/\/www.altercampagne.net\/?author=214"}]}},"_links":{"self":[{"href":"https:\/\/www.altercampagne.net\/index.php?rest_route=\/wp\/v2\/posts\/4160","targetHints":{"allow":["GET"]}}],"collection":[{"href":"https:\/\/www.altercampagne.net\/index.php?rest_route=\/wp\/v2\/posts"}],"about":[{"href":"https:\/\/www.altercampagne.net\/index.php?rest_route=\/wp\/v2\/types\/post"}],"author":[{"embeddable":true,"href":"https:\/\/www.altercampagne.net\/index.php?rest_route=\/wp\/v2\/users\/214"}],"replies":[{"embeddable":true,"href":"https:\/\/www.altercampagne.net\/index.php?rest_route=%2Fwp%2Fv2%2Fcomments&post=4160"}],"version-history":[{"count":0,"href":"https:\/\/www.altercampagne.net\/index.php?rest_route=\/wp\/v2\/posts\/4160\/revisions"}],"wp:attachment":[{"href":"https:\/\/www.altercampagne.net\/index.php?rest_route=%2Fwp%2Fv2%2Fmedia&parent=4160"}],"wp:term":[{"taxonomy":"category","embeddable":true,"href":"https:\/\/www.altercampagne.net\/index.php?rest_route=%2Fwp%2Fv2%2Fcategories&post=4160"},{"taxonomy":"post_tag","embeddable":true,"href":"https:\/\/www.altercampagne.net\/index.php?rest_route=%2Fwp%2Fv2%2Ftags&post=4160"}],"curies":[{"name":"wp","href":"https:\/\/api.w.org\/{rel}","templated":true}]}}