{"id":4162,"date":"2013-07-02T18:39:30","date_gmt":"2013-07-02T16:39:30","guid":{"rendered":"http:\/\/www.altercampagne.net\/?p=4162"},"modified":"2016-04-13T18:40:39","modified_gmt":"2016-04-13T16:40:39","slug":"plutot-que-le-tour-laltertour","status":"publish","type":"post","link":"https:\/\/www.altercampagne.net\/?p=4162","title":{"rendered":"Plut\u00f4t que le Tour, l\u2019AlterTour !"},"content":{"rendered":"<p>Tandis que les dop\u00e9s du Tour de France p\u00e9dalent, l\u2019AlterTour se pr\u00e9pare, afin de relier \u00e0 v\u00e9lo une multitude d\u2019Alternatives concr\u00e8tes qui construisent une soci\u00e9t\u00e9 plus solidaire, \u00e9cologiquement et socialement durable.<br \/>\nLa 6\u00e8me \u00e9dition de l\u2019AlterTour se d\u00e9roulera du 18 juillet au 20 ao\u00fbt 2013. Il passera par le Loiret, la Ni\u00e8vre, l\u2019Yonne, la C\u00f4te d\u2019Or, la Sa\u00f4ne-et-Loire, le Jura et le Doubs.<br \/>\nOn peut en savoir plus sur cette magnifique initiative &#8211; tout \u00e0 fait ind\u00e9pendance d\u2019Alternatives \u00c9conomiques.<\/p>\n<p>Source : <a href=\"http:\/\/alternatives-economiques.fr\/blogs\/raveaud\/2013\/07\/03\/plutot-que-le-tour-laltertour\/\" target=\"_blank\">http:\/\/alternatives-economiques.fr\/blogs\/raveaud\/2013\/07\/03\/plutot-que-le-tour-laltertour\/<\/a><\/p>\n","protected":false},"excerpt":{"rendered":"<p>Tandis que les dop\u00e9s du Tour de France p\u00e9dalent, l\u2019AlterTour se pr\u00e9pare, afin de relier \u00e0 v\u00e9lo une multitude d\u2019Alternatives concr\u00e8tes qui construisent une soci\u00e9t\u00e9 plus solidaire, \u00e9cologiquement et socialement durable. La 6\u00e8me \u00e9dition de l\u2019AlterTour se d\u00e9roulera du 18 juillet au 20 ao\u00fbt 2013. Il passera par le Loiret, &#8230; <\/p>\n<div><a href=\"https:\/\/www.altercampagne.net\/?p=4162\" class=\"more-link\">Read More<\/a><\/div>\n","protected":false},"author":214,"featured_media":0,"comment_status":"closed","ping_status":"closed","sticky":false,"template":"","format":"standard","meta":{"footnotes":""},"categories":[239],"tags":[694,1656],"class_list":["post-4162","post","type-post","status-publish","format-standard","hentry","category-revue-de-presse","tag-altertour-2013","tag-1656","no-post-thumbnail"],"yoast_head":"<!-- This site is optimized with the Yoast SEO plugin v27.3 - https:\/\/yoast.com\/product\/yoast-seo-wordpress\/ -->\n<title>Plut\u00f4t que le Tour, l\u2019AlterTour ! - AlterTour<\/title>\n<meta name=\"robots\" content=\"index, follow, max-snippet:-1, max-image-preview:large, max-video-preview:-1\" \/>\n<link rel=\"canonical\" href=\"https:\/\/www.altercampagne.net\/?p=4162\" \/>\n<meta property=\"og:locale\" content=\"fr_FR\" \/>\n<meta property=\"og:type\" content=\"article\" \/>\n<meta property=\"og:title\" content=\"Plut\u00f4t que le Tour, l\u2019AlterTour ! - AlterTour\" \/>\n<meta property=\"og:description\" content=\"Tandis que les dop\u00e9s du Tour de France p\u00e9dalent, l\u2019AlterTour se pr\u00e9pare, afin de relier \u00e0 v\u00e9lo une multitude d\u2019Alternatives concr\u00e8tes qui construisent une soci\u00e9t\u00e9 plus solidaire, \u00e9cologiquement et socialement durable. La 6\u00e8me \u00e9dition de l\u2019AlterTour se d\u00e9roulera du 18 juillet au 20 ao\u00fbt 2013. Il passera par le Loiret, ... Read More\" \/>\n<meta property=\"og:url\" content=\"https:\/\/www.altercampagne.net\/?p=4162\" \/>\n<meta property=\"og:site_name\" content=\"AlterTour\" \/>\n<meta property=\"article:published_time\" content=\"2013-07-02T16:39:30+00:00\" \/>\n<meta property=\"article:modified_time\" content=\"2016-04-13T16:40:39+00:00\" \/>\n<meta name=\"author\" content=\"Mathieu\" \/>\n<meta name=\"twitter:card\" content=\"summary_large_image\" \/>\n<meta name=\"twitter:label1\" content=\"\u00c9crit par\" \/>\n\t<meta name=\"twitter:data1\" content=\"Mathieu\" \/>\n<script type=\"application\/ld+json\" class=\"yoast-schema-graph\">{\"@context\":\"https:\\\/\\\/schema.org\",\"@graph\":[{\"@type\":\"Article\",\"@id\":\"https:\\\/\\\/www.altercampagne.net\\\/?p=4162#article\",\"isPartOf\":{\"@id\":\"https:\\\/\\\/www.altercampagne.net\\\/?p=4162\"},\"author\":{\"name\":\"Mathieu\",\"@id\":\"https:\\\/\\\/www.altercampagne.net\\\/#\\\/schema\\\/person\\\/0f261460c09e430caa0f9bcffa319109\"},\"headline\":\"Plut\u00f4t que le Tour, l\u2019AlterTour !\",\"datePublished\":\"2013-07-02T16:39:30+00:00\",\"dateModified\":\"2016-04-13T16:40:39+00:00\",\"mainEntityOfPage\":{\"@id\":\"https:\\\/\\\/www.altercampagne.net\\\/?p=4162\"},\"wordCount\":106,\"keywords\":[\"AlterTour 2013\",\"2013\"],\"articleSection\":[\"Revue de presse\"],\"inLanguage\":\"fr-FR\"},{\"@type\":\"WebPage\",\"@id\":\"https:\\\/\\\/www.altercampagne.net\\\/?p=4162\",\"url\":\"https:\\\/\\\/www.altercampagne.net\\\/?p=4162\",\"name\":\"Plut\u00f4t que le Tour, l\u2019AlterTour ! - AlterTour\",\"isPartOf\":{\"@id\":\"https:\\\/\\\/www.altercampagne.net\\\/#website\"},\"datePublished\":\"2013-07-02T16:39:30+00:00\",\"dateModified\":\"2016-04-13T16:40:39+00:00\",\"author\":{\"@id\":\"https:\\\/\\\/www.altercampagne.net\\\/#\\\/schema\\\/person\\\/0f261460c09e430caa0f9bcffa319109\"},\"breadcrumb\":{\"@id\":\"https:\\\/\\\/www.altercampagne.net\\\/?p=4162#breadcrumb\"},\"inLanguage\":\"fr-FR\",\"potentialAction\":[{\"@type\":\"ReadAction\",\"target\":[\"https:\\\/\\\/www.altercampagne.net\\\/?p=4162\"]}]},{\"@type\":\"BreadcrumbList\",\"@id\":\"https:\\\/\\\/www.altercampagne.net\\\/?p=4162#breadcrumb\",\"itemListElement\":[{\"@type\":\"ListItem\",\"position\":1,\"name\":\"Accueil\",\"item\":\"https:\\\/\\\/www.altercampagne.net\\\/\"},{\"@type\":\"ListItem\",\"position\":2,\"name\":\"Plut\u00f4t que le Tour, l\u2019AlterTour !\"}]},{\"@type\":\"WebSite\",\"@id\":\"https:\\\/\\\/www.altercampagne.net\\\/#website\",\"url\":\"https:\\\/\\\/www.altercampagne.net\\\/\",\"name\":\"AlterTour\",\"description\":\"Reliez les Alternatives \u00e0 v\u00e9lo\",\"potentialAction\":[{\"@type\":\"SearchAction\",\"target\":{\"@type\":\"EntryPoint\",\"urlTemplate\":\"https:\\\/\\\/www.altercampagne.net\\\/?s={search_term_string}\"},\"query-input\":{\"@type\":\"PropertyValueSpecification\",\"valueRequired\":true,\"valueName\":\"search_term_string\"}}],\"inLanguage\":\"fr-FR\"},{\"@type\":\"Person\",\"@id\":\"https:\\\/\\\/www.altercampagne.net\\\/#\\\/schema\\\/person\\\/0f261460c09e430caa0f9bcffa319109\",\"name\":\"Mathieu\",\"image\":{\"@type\":\"ImageObject\",\"inLanguage\":\"fr-FR\",\"@id\":\"https:\\\/\\\/secure.gravatar.com\\\/avatar\\\/aa9d3d24c83f2141e5e2709d0f63d09a99f6be6bb7a50abc4915838d9f54501a?s=96&d=mm&r=g\",\"url\":\"https:\\\/\\\/secure.gravatar.com\\\/avatar\\\/aa9d3d24c83f2141e5e2709d0f63d09a99f6be6bb7a50abc4915838d9f54501a?s=96&d=mm&r=g\",\"contentUrl\":\"https:\\\/\\\/secure.gravatar.com\\\/avatar\\\/aa9d3d24c83f2141e5e2709d0f63d09a99f6be6bb7a50abc4915838d9f54501a?s=96&d=mm&r=g\",\"caption\":\"Mathieu\"},\"url\":\"https:\\\/\\\/www.altercampagne.net\\\/?author=214\"}]}<\/script>\n<!-- \/ Yoast SEO plugin. -->","yoast_head_json":{"title":"Plut\u00f4t que le Tour, l\u2019AlterTour ! - AlterTour","robots":{"index":"index","follow":"follow","max-snippet":"max-snippet:-1","max-image-preview":"max-image-preview:large","max-video-preview":"max-video-preview:-1"},"canonical":"https:\/\/www.altercampagne.net\/?p=4162","og_locale":"fr_FR","og_type":"article","og_title":"Plut\u00f4t que le Tour, l\u2019AlterTour ! - AlterTour","og_description":"Tandis que les dop\u00e9s du Tour de France p\u00e9dalent, l\u2019AlterTour se pr\u00e9pare, afin de relier \u00e0 v\u00e9lo une multitude d\u2019Alternatives concr\u00e8tes qui construisent une soci\u00e9t\u00e9 plus solidaire, \u00e9cologiquement et socialement durable. La 6\u00e8me \u00e9dition de l\u2019AlterTour se d\u00e9roulera du 18 juillet au 20 ao\u00fbt 2013. Il passera par le Loiret, ... Read More","og_url":"https:\/\/www.altercampagne.net\/?p=4162","og_site_name":"AlterTour","article_published_time":"2013-07-02T16:39:30+00:00","article_modified_time":"2016-04-13T16:40:39+00:00","author":"Mathieu","twitter_card":"summary_large_image","twitter_misc":{"\u00c9crit par":"Mathieu"},"schema":{"@context":"https:\/\/schema.org","@graph":[{"@type":"Article","@id":"https:\/\/www.altercampagne.net\/?p=4162#article","isPartOf":{"@id":"https:\/\/www.altercampagne.net\/?p=4162"},"author":{"name":"Mathieu","@id":"https:\/\/www.altercampagne.net\/#\/schema\/person\/0f261460c09e430caa0f9bcffa319109"},"headline":"Plut\u00f4t que le Tour, l\u2019AlterTour !","datePublished":"2013-07-02T16:39:30+00:00","dateModified":"2016-04-13T16:40:39+00:00","mainEntityOfPage":{"@id":"https:\/\/www.altercampagne.net\/?p=4162"},"wordCount":106,"keywords":["AlterTour 2013","2013"],"articleSection":["Revue de presse"],"inLanguage":"fr-FR"},{"@type":"WebPage","@id":"https:\/\/www.altercampagne.net\/?p=4162","url":"https:\/\/www.altercampagne.net\/?p=4162","name":"Plut\u00f4t que le Tour, l\u2019AlterTour ! - AlterTour","isPartOf":{"@id":"https:\/\/www.altercampagne.net\/#website"},"datePublished":"2013-07-02T16:39:30+00:00","dateModified":"2016-04-13T16:40:39+00:00","author":{"@id":"https:\/\/www.altercampagne.net\/#\/schema\/person\/0f261460c09e430caa0f9bcffa319109"},"breadcrumb":{"@id":"https:\/\/www.altercampagne.net\/?p=4162#breadcrumb"},"inLanguage":"fr-FR","potentialAction":[{"@type":"ReadAction","target":["https:\/\/www.altercampagne.net\/?p=4162"]}]},{"@type":"BreadcrumbList","@id":"https:\/\/www.altercampagne.net\/?p=4162#breadcrumb","itemListElement":[{"@type":"ListItem","position":1,"name":"Accueil","item":"https:\/\/www.altercampagne.net\/"},{"@type":"ListItem","position":2,"name":"Plut\u00f4t que le Tour, l\u2019AlterTour !"}]},{"@type":"WebSite","@id":"https:\/\/www.altercampagne.net\/#website","url":"https:\/\/www.altercampagne.net\/","name":"AlterTour","description":"Reliez les Alternatives \u00e0 v\u00e9lo","potentialAction":[{"@type":"SearchAction","target":{"@type":"EntryPoint","urlTemplate":"https:\/\/www.altercampagne.net\/?s={search_term_string}"},"query-input":{"@type":"PropertyValueSpecification","valueRequired":true,"valueName":"search_term_string"}}],"inLanguage":"fr-FR"},{"@type":"Person","@id":"https:\/\/www.altercampagne.net\/#\/schema\/person\/0f261460c09e430caa0f9bcffa319109","name":"Mathieu","image":{"@type":"ImageObject","inLanguage":"fr-FR","@id":"https:\/\/secure.gravatar.com\/avatar\/aa9d3d24c83f2141e5e2709d0f63d09a99f6be6bb7a50abc4915838d9f54501a?s=96&d=mm&r=g","url":"https:\/\/secure.gravatar.com\/avatar\/aa9d3d24c83f2141e5e2709d0f63d09a99f6be6bb7a50abc4915838d9f54501a?s=96&d=mm&r=g","contentUrl":"https:\/\/secure.gravatar.com\/avatar\/aa9d3d24c83f2141e5e2709d0f63d09a99f6be6bb7a50abc4915838d9f54501a?s=96&d=mm&r=g","caption":"Mathieu"},"url":"https:\/\/www.altercampagne.net\/?author=214"}]}},"_links":{"self":[{"href":"https:\/\/www.altercampagne.net\/index.php?rest_route=\/wp\/v2\/posts\/4162","targetHints":{"allow":["GET"]}}],"collection":[{"href":"https:\/\/www.altercampagne.net\/index.php?rest_route=\/wp\/v2\/posts"}],"about":[{"href":"https:\/\/www.altercampagne.net\/index.php?rest_route=\/wp\/v2\/types\/post"}],"author":[{"embeddable":true,"href":"https:\/\/www.altercampagne.net\/index.php?rest_route=\/wp\/v2\/users\/214"}],"replies":[{"embeddable":true,"href":"https:\/\/www.altercampagne.net\/index.php?rest_route=%2Fwp%2Fv2%2Fcomments&post=4162"}],"version-history":[{"count":0,"href":"https:\/\/www.altercampagne.net\/index.php?rest_route=\/wp\/v2\/posts\/4162\/revisions"}],"wp:attachment":[{"href":"https:\/\/www.altercampagne.net\/index.php?rest_route=%2Fwp%2Fv2%2Fmedia&parent=4162"}],"wp:term":[{"taxonomy":"category","embeddable":true,"href":"https:\/\/www.altercampagne.net\/index.php?rest_route=%2Fwp%2Fv2%2Fcategories&post=4162"},{"taxonomy":"post_tag","embeddable":true,"href":"https:\/\/www.altercampagne.net\/index.php?rest_route=%2Fwp%2Fv2%2Ftags&post=4162"}],"curies":[{"name":"wp","href":"https:\/\/api.w.org\/{rel}","templated":true}]}}