{"id":4164,"date":"2013-06-26T18:41:48","date_gmt":"2013-06-26T16:41:48","guid":{"rendered":"http:\/\/www.altercampagne.net\/?p=4164"},"modified":"2024-08-27T17:19:56","modified_gmt":"2024-08-27T15:19:56","slug":"laltertour-un-anti-tour-de-france-ouvert-a-tous-pourquoi-pas-vous","status":"publish","type":"post","link":"https:\/\/www.altercampagne.net\/?p=4164","title":{"rendered":"L\u2019AlterTour, un anti-Tour de France ouvert \u00e0 tous, pourquoi pas vous ?"},"content":{"rendered":"<p><img loading=\"lazy\" decoding=\"async\" class=\" alignleft\" src=\"http:\/\/www.frequenceterre.com\/Wordpress\/wp-content\/uploads\/2013\/06\/visuel-1-655x310.jpg\" alt=\"\" width=\"655\" height=\"310\" \/>Mathieu Fromont est mon invit\u00e9, il est le coordinateur de l\u2019AlterTour, cet anti-Tour de France, o\u00f9 les gens qui le veulent viennent p\u00e9daler pendant une ou plusieurs \u00e9tapes. Le but n\u2019est pas la vitesse ni la performance, mais le plaisir et le partage avec les autres participants. Le message des organisateurs est clair : \u00ab\u00a0Venez p\u00e9daler, go\u00fbter \u00e0 l\u2019autogestion, partager une belle tranche de vie collective dans la simplicit\u00e9 volontaire ! L\u2019AlterTour est un relais solidaire ouvert \u00e0 tous sans exigence de performance ou de dur\u00e9e.\u00a0\u00bb Cette ann\u00e9e l\u2019<a href=\"http:\/\/www.altertour.net\/\">AlterTour\u00a0<\/a>est plac\u00e9 sous le signe des Petits Projets Grandement Utiles. Explications avec Mathieu Fromont.<\/p>\n<p>\u00c9couter l&rsquo;\u00e9mission : <a href=\"http:\/\/www.frequenceterre.com\/ecoute\/popunder-ecoute.html\" target=\"_blank\" rel=\"noopener\">http:\/\/www.frequenceterre.com\/ecoute\/popunder-ecoute.html<\/a><\/p>\n","protected":false},"excerpt":{"rendered":"<p>Mathieu Fromont est mon invit\u00e9, il est le coordinateur de l\u2019AlterTour, cet anti-Tour de France, o\u00f9 les gens qui le veulent viennent p\u00e9daler pendant une ou plusieurs \u00e9tapes. Le but n\u2019est pas la vitesse ni la performance, mais le plaisir et le partage avec les autres participants. Le message des &#8230; <\/p>\n<div><a href=\"https:\/\/www.altercampagne.net\/?p=4164\" class=\"more-link\">Read More<\/a><\/div>\n","protected":false},"author":214,"featured_media":0,"comment_status":"closed","ping_status":"closed","sticky":false,"template":"","format":"standard","meta":{"footnotes":""},"categories":[239],"tags":[694,1656],"class_list":["post-4164","post","type-post","status-publish","format-standard","hentry","category-revue-de-presse","tag-altertour-2013","tag-1656","no-post-thumbnail"],"yoast_head":"<!-- This site is optimized with the Yoast SEO plugin v27.3 - https:\/\/yoast.com\/product\/yoast-seo-wordpress\/ -->\n<title>L\u2019AlterTour, un anti-Tour de France ouvert \u00e0 tous, pourquoi pas vous ? - AlterTour<\/title>\n<meta name=\"robots\" content=\"index, follow, max-snippet:-1, max-image-preview:large, max-video-preview:-1\" \/>\n<link rel=\"canonical\" href=\"https:\/\/www.altercampagne.net\/?p=4164\" \/>\n<meta property=\"og:locale\" content=\"fr_FR\" \/>\n<meta property=\"og:type\" content=\"article\" \/>\n<meta property=\"og:title\" content=\"L\u2019AlterTour, un anti-Tour de France ouvert \u00e0 tous, pourquoi pas vous ? - AlterTour\" \/>\n<meta property=\"og:description\" content=\"Mathieu Fromont est mon invit\u00e9, il est le coordinateur de l\u2019AlterTour, cet anti-Tour de France, o\u00f9 les gens qui le veulent viennent p\u00e9daler pendant une ou plusieurs \u00e9tapes. Le but n\u2019est pas la vitesse ni la performance, mais le plaisir et le partage avec les autres participants. Le message des ... Read More\" \/>\n<meta property=\"og:url\" content=\"https:\/\/www.altercampagne.net\/?p=4164\" \/>\n<meta property=\"og:site_name\" content=\"AlterTour\" \/>\n<meta property=\"article:published_time\" content=\"2013-06-26T16:41:48+00:00\" \/>\n<meta property=\"article:modified_time\" content=\"2024-08-27T15:19:56+00:00\" \/>\n<meta property=\"og:image\" content=\"http:\/\/www.frequenceterre.com\/Wordpress\/wp-content\/uploads\/2013\/06\/visuel-1-655x310.jpg\" \/>\n<meta name=\"author\" content=\"Mathieu\" \/>\n<meta name=\"twitter:card\" content=\"summary_large_image\" \/>\n<meta name=\"twitter:label1\" content=\"\u00c9crit par\" \/>\n\t<meta name=\"twitter:data1\" content=\"Mathieu\" \/>\n\t<meta name=\"twitter:label2\" content=\"Dur\u00e9e de lecture estim\u00e9e\" \/>\n\t<meta name=\"twitter:data2\" content=\"1 minute\" \/>\n<script type=\"application\/ld+json\" class=\"yoast-schema-graph\">{\"@context\":\"https:\\\/\\\/schema.org\",\"@graph\":[{\"@type\":\"Article\",\"@id\":\"https:\\\/\\\/www.altercampagne.net\\\/?p=4164#article\",\"isPartOf\":{\"@id\":\"https:\\\/\\\/www.altercampagne.net\\\/?p=4164\"},\"author\":{\"name\":\"Mathieu\",\"@id\":\"https:\\\/\\\/www.altercampagne.net\\\/#\\\/schema\\\/person\\\/0f261460c09e430caa0f9bcffa319109\"},\"headline\":\"L\u2019AlterTour, un anti-Tour de France ouvert \u00e0 tous, pourquoi pas vous ?\",\"datePublished\":\"2013-06-26T16:41:48+00:00\",\"dateModified\":\"2024-08-27T15:19:56+00:00\",\"mainEntityOfPage\":{\"@id\":\"https:\\\/\\\/www.altercampagne.net\\\/?p=4164\"},\"wordCount\":130,\"image\":{\"@id\":\"https:\\\/\\\/www.altercampagne.net\\\/?p=4164#primaryimage\"},\"thumbnailUrl\":\"http:\\\/\\\/www.frequenceterre.com\\\/Wordpress\\\/wp-content\\\/uploads\\\/2013\\\/06\\\/visuel-1-655x310.jpg\",\"keywords\":[\"AlterTour 2013\",\"2013\"],\"articleSection\":[\"Revue de presse\"],\"inLanguage\":\"fr-FR\"},{\"@type\":\"WebPage\",\"@id\":\"https:\\\/\\\/www.altercampagne.net\\\/?p=4164\",\"url\":\"https:\\\/\\\/www.altercampagne.net\\\/?p=4164\",\"name\":\"L\u2019AlterTour, un anti-Tour de France ouvert \u00e0 tous, pourquoi pas vous ? - AlterTour\",\"isPartOf\":{\"@id\":\"https:\\\/\\\/www.altercampagne.net\\\/#website\"},\"primaryImageOfPage\":{\"@id\":\"https:\\\/\\\/www.altercampagne.net\\\/?p=4164#primaryimage\"},\"image\":{\"@id\":\"https:\\\/\\\/www.altercampagne.net\\\/?p=4164#primaryimage\"},\"thumbnailUrl\":\"http:\\\/\\\/www.frequenceterre.com\\\/Wordpress\\\/wp-content\\\/uploads\\\/2013\\\/06\\\/visuel-1-655x310.jpg\",\"datePublished\":\"2013-06-26T16:41:48+00:00\",\"dateModified\":\"2024-08-27T15:19:56+00:00\",\"author\":{\"@id\":\"https:\\\/\\\/www.altercampagne.net\\\/#\\\/schema\\\/person\\\/0f261460c09e430caa0f9bcffa319109\"},\"breadcrumb\":{\"@id\":\"https:\\\/\\\/www.altercampagne.net\\\/?p=4164#breadcrumb\"},\"inLanguage\":\"fr-FR\",\"potentialAction\":[{\"@type\":\"ReadAction\",\"target\":[\"https:\\\/\\\/www.altercampagne.net\\\/?p=4164\"]}]},{\"@type\":\"ImageObject\",\"inLanguage\":\"fr-FR\",\"@id\":\"https:\\\/\\\/www.altercampagne.net\\\/?p=4164#primaryimage\",\"url\":\"http:\\\/\\\/www.frequenceterre.com\\\/Wordpress\\\/wp-content\\\/uploads\\\/2013\\\/06\\\/visuel-1-655x310.jpg\",\"contentUrl\":\"http:\\\/\\\/www.frequenceterre.com\\\/Wordpress\\\/wp-content\\\/uploads\\\/2013\\\/06\\\/visuel-1-655x310.jpg\"},{\"@type\":\"BreadcrumbList\",\"@id\":\"https:\\\/\\\/www.altercampagne.net\\\/?p=4164#breadcrumb\",\"itemListElement\":[{\"@type\":\"ListItem\",\"position\":1,\"name\":\"Accueil\",\"item\":\"https:\\\/\\\/www.altercampagne.net\\\/\"},{\"@type\":\"ListItem\",\"position\":2,\"name\":\"L\u2019AlterTour, un anti-Tour de France ouvert \u00e0 tous, pourquoi pas vous ?\"}]},{\"@type\":\"WebSite\",\"@id\":\"https:\\\/\\\/www.altercampagne.net\\\/#website\",\"url\":\"https:\\\/\\\/www.altercampagne.net\\\/\",\"name\":\"AlterTour\",\"description\":\"Reliez les Alternatives \u00e0 v\u00e9lo\",\"potentialAction\":[{\"@type\":\"SearchAction\",\"target\":{\"@type\":\"EntryPoint\",\"urlTemplate\":\"https:\\\/\\\/www.altercampagne.net\\\/?s={search_term_string}\"},\"query-input\":{\"@type\":\"PropertyValueSpecification\",\"valueRequired\":true,\"valueName\":\"search_term_string\"}}],\"inLanguage\":\"fr-FR\"},{\"@type\":\"Person\",\"@id\":\"https:\\\/\\\/www.altercampagne.net\\\/#\\\/schema\\\/person\\\/0f261460c09e430caa0f9bcffa319109\",\"name\":\"Mathieu\",\"image\":{\"@type\":\"ImageObject\",\"inLanguage\":\"fr-FR\",\"@id\":\"https:\\\/\\\/secure.gravatar.com\\\/avatar\\\/aa9d3d24c83f2141e5e2709d0f63d09a99f6be6bb7a50abc4915838d9f54501a?s=96&d=mm&r=g\",\"url\":\"https:\\\/\\\/secure.gravatar.com\\\/avatar\\\/aa9d3d24c83f2141e5e2709d0f63d09a99f6be6bb7a50abc4915838d9f54501a?s=96&d=mm&r=g\",\"contentUrl\":\"https:\\\/\\\/secure.gravatar.com\\\/avatar\\\/aa9d3d24c83f2141e5e2709d0f63d09a99f6be6bb7a50abc4915838d9f54501a?s=96&d=mm&r=g\",\"caption\":\"Mathieu\"},\"url\":\"https:\\\/\\\/www.altercampagne.net\\\/?author=214\"}]}<\/script>\n<!-- \/ Yoast SEO plugin. -->","yoast_head_json":{"title":"L\u2019AlterTour, un anti-Tour de France ouvert \u00e0 tous, pourquoi pas vous ? - AlterTour","robots":{"index":"index","follow":"follow","max-snippet":"max-snippet:-1","max-image-preview":"max-image-preview:large","max-video-preview":"max-video-preview:-1"},"canonical":"https:\/\/www.altercampagne.net\/?p=4164","og_locale":"fr_FR","og_type":"article","og_title":"L\u2019AlterTour, un anti-Tour de France ouvert \u00e0 tous, pourquoi pas vous ? - AlterTour","og_description":"Mathieu Fromont est mon invit\u00e9, il est le coordinateur de l\u2019AlterTour, cet anti-Tour de France, o\u00f9 les gens qui le veulent viennent p\u00e9daler pendant une ou plusieurs \u00e9tapes. Le but n\u2019est pas la vitesse ni la performance, mais le plaisir et le partage avec les autres participants. Le message des ... Read More","og_url":"https:\/\/www.altercampagne.net\/?p=4164","og_site_name":"AlterTour","article_published_time":"2013-06-26T16:41:48+00:00","article_modified_time":"2024-08-27T15:19:56+00:00","og_image":[{"url":"http:\/\/www.frequenceterre.com\/Wordpress\/wp-content\/uploads\/2013\/06\/visuel-1-655x310.jpg","type":"","width":"","height":""}],"author":"Mathieu","twitter_card":"summary_large_image","twitter_misc":{"\u00c9crit par":"Mathieu","Dur\u00e9e de lecture estim\u00e9e":"1 minute"},"schema":{"@context":"https:\/\/schema.org","@graph":[{"@type":"Article","@id":"https:\/\/www.altercampagne.net\/?p=4164#article","isPartOf":{"@id":"https:\/\/www.altercampagne.net\/?p=4164"},"author":{"name":"Mathieu","@id":"https:\/\/www.altercampagne.net\/#\/schema\/person\/0f261460c09e430caa0f9bcffa319109"},"headline":"L\u2019AlterTour, un anti-Tour de France ouvert \u00e0 tous, pourquoi pas vous ?","datePublished":"2013-06-26T16:41:48+00:00","dateModified":"2024-08-27T15:19:56+00:00","mainEntityOfPage":{"@id":"https:\/\/www.altercampagne.net\/?p=4164"},"wordCount":130,"image":{"@id":"https:\/\/www.altercampagne.net\/?p=4164#primaryimage"},"thumbnailUrl":"http:\/\/www.frequenceterre.com\/Wordpress\/wp-content\/uploads\/2013\/06\/visuel-1-655x310.jpg","keywords":["AlterTour 2013","2013"],"articleSection":["Revue de presse"],"inLanguage":"fr-FR"},{"@type":"WebPage","@id":"https:\/\/www.altercampagne.net\/?p=4164","url":"https:\/\/www.altercampagne.net\/?p=4164","name":"L\u2019AlterTour, un anti-Tour de France ouvert \u00e0 tous, pourquoi pas vous ? - AlterTour","isPartOf":{"@id":"https:\/\/www.altercampagne.net\/#website"},"primaryImageOfPage":{"@id":"https:\/\/www.altercampagne.net\/?p=4164#primaryimage"},"image":{"@id":"https:\/\/www.altercampagne.net\/?p=4164#primaryimage"},"thumbnailUrl":"http:\/\/www.frequenceterre.com\/Wordpress\/wp-content\/uploads\/2013\/06\/visuel-1-655x310.jpg","datePublished":"2013-06-26T16:41:48+00:00","dateModified":"2024-08-27T15:19:56+00:00","author":{"@id":"https:\/\/www.altercampagne.net\/#\/schema\/person\/0f261460c09e430caa0f9bcffa319109"},"breadcrumb":{"@id":"https:\/\/www.altercampagne.net\/?p=4164#breadcrumb"},"inLanguage":"fr-FR","potentialAction":[{"@type":"ReadAction","target":["https:\/\/www.altercampagne.net\/?p=4164"]}]},{"@type":"ImageObject","inLanguage":"fr-FR","@id":"https:\/\/www.altercampagne.net\/?p=4164#primaryimage","url":"http:\/\/www.frequenceterre.com\/Wordpress\/wp-content\/uploads\/2013\/06\/visuel-1-655x310.jpg","contentUrl":"http:\/\/www.frequenceterre.com\/Wordpress\/wp-content\/uploads\/2013\/06\/visuel-1-655x310.jpg"},{"@type":"BreadcrumbList","@id":"https:\/\/www.altercampagne.net\/?p=4164#breadcrumb","itemListElement":[{"@type":"ListItem","position":1,"name":"Accueil","item":"https:\/\/www.altercampagne.net\/"},{"@type":"ListItem","position":2,"name":"L\u2019AlterTour, un anti-Tour de France ouvert \u00e0 tous, pourquoi pas vous ?"}]},{"@type":"WebSite","@id":"https:\/\/www.altercampagne.net\/#website","url":"https:\/\/www.altercampagne.net\/","name":"AlterTour","description":"Reliez les Alternatives \u00e0 v\u00e9lo","potentialAction":[{"@type":"SearchAction","target":{"@type":"EntryPoint","urlTemplate":"https:\/\/www.altercampagne.net\/?s={search_term_string}"},"query-input":{"@type":"PropertyValueSpecification","valueRequired":true,"valueName":"search_term_string"}}],"inLanguage":"fr-FR"},{"@type":"Person","@id":"https:\/\/www.altercampagne.net\/#\/schema\/person\/0f261460c09e430caa0f9bcffa319109","name":"Mathieu","image":{"@type":"ImageObject","inLanguage":"fr-FR","@id":"https:\/\/secure.gravatar.com\/avatar\/aa9d3d24c83f2141e5e2709d0f63d09a99f6be6bb7a50abc4915838d9f54501a?s=96&d=mm&r=g","url":"https:\/\/secure.gravatar.com\/avatar\/aa9d3d24c83f2141e5e2709d0f63d09a99f6be6bb7a50abc4915838d9f54501a?s=96&d=mm&r=g","contentUrl":"https:\/\/secure.gravatar.com\/avatar\/aa9d3d24c83f2141e5e2709d0f63d09a99f6be6bb7a50abc4915838d9f54501a?s=96&d=mm&r=g","caption":"Mathieu"},"url":"https:\/\/www.altercampagne.net\/?author=214"}]}},"_links":{"self":[{"href":"https:\/\/www.altercampagne.net\/index.php?rest_route=\/wp\/v2\/posts\/4164","targetHints":{"allow":["GET"]}}],"collection":[{"href":"https:\/\/www.altercampagne.net\/index.php?rest_route=\/wp\/v2\/posts"}],"about":[{"href":"https:\/\/www.altercampagne.net\/index.php?rest_route=\/wp\/v2\/types\/post"}],"author":[{"embeddable":true,"href":"https:\/\/www.altercampagne.net\/index.php?rest_route=\/wp\/v2\/users\/214"}],"replies":[{"embeddable":true,"href":"https:\/\/www.altercampagne.net\/index.php?rest_route=%2Fwp%2Fv2%2Fcomments&post=4164"}],"version-history":[{"count":1,"href":"https:\/\/www.altercampagne.net\/index.php?rest_route=\/wp\/v2\/posts\/4164\/revisions"}],"predecessor-version":[{"id":28653,"href":"https:\/\/www.altercampagne.net\/index.php?rest_route=\/wp\/v2\/posts\/4164\/revisions\/28653"}],"wp:attachment":[{"href":"https:\/\/www.altercampagne.net\/index.php?rest_route=%2Fwp%2Fv2%2Fmedia&parent=4164"}],"wp:term":[{"taxonomy":"category","embeddable":true,"href":"https:\/\/www.altercampagne.net\/index.php?rest_route=%2Fwp%2Fv2%2Fcategories&post=4164"},{"taxonomy":"post_tag","embeddable":true,"href":"https:\/\/www.altercampagne.net\/index.php?rest_route=%2Fwp%2Fv2%2Ftags&post=4164"}],"curies":[{"name":"wp","href":"https:\/\/api.w.org\/{rel}","templated":true}]}}