{"id":4176,"date":"2013-06-05T10:15:37","date_gmt":"2013-06-05T08:15:37","guid":{"rendered":"http:\/\/www.altercampagne.net\/?p=4176"},"modified":"2016-04-14T10:20:29","modified_gmt":"2016-04-14T08:20:29","slug":"4176","status":"publish","type":"post","link":"https:\/\/www.altercampagne.net\/?p=4176","title":{"rendered":"L&rsquo;AlterTour \u00e0 Venarey-les-Laumes le 25 juillet"},"content":{"rendered":"<p class=\"Style271 Style138 Style152 Style142\" align=\"justify\">La 6\u00e8me \u00e9dition de l\u2019AlterTour se d\u00e9roulera du 18 juillet au 20 ao\u00fbt 2013 ao\u00fbt en r\u00e9gion Centre, Bourgogne et Franche-Comt\u00e9. Il s\u2019arr\u00eatera \u00e0 Venarey-les-Laumes le 25 juillet au soir.<\/p>\n<p class=\"Style271 Style138 Style152 Style142\" align=\"justify\">Le lendemain une halte avec un naturaliste de l\u2019association Tussiliiq est aussi pr\u00e9vue.<br \/>\nL\u2019AlterTour est ouvert aux personnes qui aiment le v\u00e9lo, sans exigence de performance. En relais solidaire, les altercyclistes voyagent ensemble \u00e0 la rencontre d\u2019Alternatives. C\u2019est un tour \u00ab \u00e0 la carte \u00bb, en autogestion pour celles et ceux qui souhaitent partager une belle tranche de vie collective dans la simplicit\u00e9 volontaire, d\u00e9couvrir des terroirs pr\u00e9serv\u00e9s, avoir une activit\u00e9 physique source de sant\u00e9, et dire ensemble : \u00ab Nous voulons un monde sans dopages, plus \u00e9quitable et plus juste \u00bb.<\/p>\n<p>L\u2019AlterTour r\u00e9siste \u00e0 l\u2019esprit de comp\u00e9tition qui conduit aux dopages sous toutes ses formes :<br \/>\n\u2013 dans le sport o\u00f9 la sant\u00e9 passe apr\u00e8s les b\u00e9n\u00e9fices de la soci\u00e9t\u00e9 du spectacle.<br \/>\n\u2013 dans l\u2019agriculture industrielle, o\u00f9 agrotoxiques et OGM portent atteinte aux paysans et \u00e0 la biodiversit\u00e9 aux b\u00e9n\u00e9fices d\u2019une poign\u00e9e de multinationales.<br \/>\n\u2013 dans l\u2019\u00e9conomie de march\u00e9, o\u00f9 sub-primes et autres paradis fiscaux amplifient les in\u00e9galit\u00e9s.<br \/>\n\u2013 dans la soci\u00e9t\u00e9 de consommation, du greenwashing et de l\u2019obsolescence programm\u00e9e o\u00f9 l\u2019offre conditionne la demande \u00e0 grand renfort de publicit\u00e9.<\/p>\n<p>Parall\u00e8lement aux Grands Projets Inutiles et Impos\u00e9s se multiplient les Alternatives concr\u00e8tes en vue d\u2019une soci\u00e9t\u00e9 \u00e9cologiquement et socialement durable, une soci\u00e9t\u00e9 solidaire de coop\u00e9ration. Ce sont ces Petits Projets Grandement Utiles et sans dopage financier que l\u2019AlterTour valorise d\u2019ann\u00e9e en ann\u00e9e en leur rendant visite.<\/p>\n<p>Source : <a href=\"http:\/\/www.ecolomag.fr\/?PRES_DE_CHEZ_VOUS%2F21_Cote-d_Or\" target=\"_blank\">http:\/\/www.ecolomag.fr\/?PRES_DE_CHEZ_VOUS%2F21_Cote-d_Or<\/a><\/p>\n","protected":false},"excerpt":{"rendered":"<p>La 6\u00e8me \u00e9dition de l\u2019AlterTour se d\u00e9roulera du 18 juillet au 20 ao\u00fbt 2013 ao\u00fbt en r\u00e9gion Centre, Bourgogne et Franche-Comt\u00e9. Il s\u2019arr\u00eatera \u00e0 Venarey-les-Laumes le 25 juillet au soir. Le lendemain une halte avec un naturaliste de l\u2019association Tussiliiq est aussi pr\u00e9vue. L\u2019AlterTour est ouvert aux personnes qui aiment &#8230; <\/p>\n<div><a href=\"https:\/\/www.altercampagne.net\/?p=4176\" class=\"more-link\">Read More<\/a><\/div>\n","protected":false},"author":214,"featured_media":0,"comment_status":"closed","ping_status":"closed","sticky":false,"template":"","format":"standard","meta":{"footnotes":""},"categories":[239],"tags":[649,694,1017,1038,1656,1749,1811],"class_list":["post-4176","post","type-post","status-publish","format-standard","hentry","category-revue-de-presse","tag-ecolomag","tag-altertour-2013","tag-bourgogne","tag-cote-dor","tag-1656","tag-venarey-les-laumes","tag-tussiliq","no-post-thumbnail"],"yoast_head":"<!-- This site is optimized with the Yoast SEO plugin v27.3 - https:\/\/yoast.com\/product\/yoast-seo-wordpress\/ -->\n<title>L&#039;AlterTour \u00e0 Venarey-les-Laumes le 25 juillet - AlterTour<\/title>\n<meta name=\"robots\" content=\"index, follow, max-snippet:-1, max-image-preview:large, max-video-preview:-1\" \/>\n<link rel=\"canonical\" href=\"https:\/\/www.altercampagne.net\/?p=4176\" \/>\n<meta property=\"og:locale\" content=\"fr_FR\" \/>\n<meta property=\"og:type\" content=\"article\" \/>\n<meta property=\"og:title\" content=\"L&#039;AlterTour \u00e0 Venarey-les-Laumes le 25 juillet - AlterTour\" \/>\n<meta property=\"og:description\" content=\"La 6\u00e8me \u00e9dition de l\u2019AlterTour se d\u00e9roulera du 18 juillet au 20 ao\u00fbt 2013 ao\u00fbt en r\u00e9gion Centre, Bourgogne et Franche-Comt\u00e9. Il s\u2019arr\u00eatera \u00e0 Venarey-les-Laumes le 25 juillet au soir. Le lendemain une halte avec un naturaliste de l\u2019association Tussiliiq est aussi pr\u00e9vue. L\u2019AlterTour est ouvert aux personnes qui aiment ... Read More\" \/>\n<meta property=\"og:url\" content=\"https:\/\/www.altercampagne.net\/?p=4176\" \/>\n<meta property=\"og:site_name\" content=\"AlterTour\" \/>\n<meta property=\"article:published_time\" content=\"2013-06-05T08:15:37+00:00\" \/>\n<meta property=\"article:modified_time\" content=\"2016-04-14T08:20:29+00:00\" \/>\n<meta name=\"author\" content=\"Mathieu\" \/>\n<meta name=\"twitter:card\" content=\"summary_large_image\" \/>\n<meta name=\"twitter:label1\" content=\"\u00c9crit par\" \/>\n\t<meta name=\"twitter:data1\" content=\"Mathieu\" \/>\n\t<meta name=\"twitter:label2\" content=\"Dur\u00e9e de lecture estim\u00e9e\" \/>\n\t<meta name=\"twitter:data2\" content=\"1 minute\" \/>\n<script type=\"application\/ld+json\" class=\"yoast-schema-graph\">{\"@context\":\"https:\\\/\\\/schema.org\",\"@graph\":[{\"@type\":\"Article\",\"@id\":\"https:\\\/\\\/www.altercampagne.net\\\/?p=4176#article\",\"isPartOf\":{\"@id\":\"https:\\\/\\\/www.altercampagne.net\\\/?p=4176\"},\"author\":{\"name\":\"Mathieu\",\"@id\":\"https:\\\/\\\/www.altercampagne.net\\\/#\\\/schema\\\/person\\\/0f261460c09e430caa0f9bcffa319109\"},\"headline\":\"L&rsquo;AlterTour \u00e0 Venarey-les-Laumes le 25 juillet\",\"datePublished\":\"2013-06-05T08:15:37+00:00\",\"dateModified\":\"2016-04-14T08:20:29+00:00\",\"mainEntityOfPage\":{\"@id\":\"https:\\\/\\\/www.altercampagne.net\\\/?p=4176\"},\"wordCount\":301,\"keywords\":[\"Ecolomag\",\"AlterTour 2013\",\"Bourgogne\",\"c\u00f4te-d'or\",\"2013\",\"Venarey-Les Laumes\",\"Tussiliq\"],\"articleSection\":[\"Revue de presse\"],\"inLanguage\":\"fr-FR\"},{\"@type\":\"WebPage\",\"@id\":\"https:\\\/\\\/www.altercampagne.net\\\/?p=4176\",\"url\":\"https:\\\/\\\/www.altercampagne.net\\\/?p=4176\",\"name\":\"L'AlterTour \u00e0 Venarey-les-Laumes le 25 juillet - AlterTour\",\"isPartOf\":{\"@id\":\"https:\\\/\\\/www.altercampagne.net\\\/#website\"},\"datePublished\":\"2013-06-05T08:15:37+00:00\",\"dateModified\":\"2016-04-14T08:20:29+00:00\",\"author\":{\"@id\":\"https:\\\/\\\/www.altercampagne.net\\\/#\\\/schema\\\/person\\\/0f261460c09e430caa0f9bcffa319109\"},\"breadcrumb\":{\"@id\":\"https:\\\/\\\/www.altercampagne.net\\\/?p=4176#breadcrumb\"},\"inLanguage\":\"fr-FR\",\"potentialAction\":[{\"@type\":\"ReadAction\",\"target\":[\"https:\\\/\\\/www.altercampagne.net\\\/?p=4176\"]}]},{\"@type\":\"BreadcrumbList\",\"@id\":\"https:\\\/\\\/www.altercampagne.net\\\/?p=4176#breadcrumb\",\"itemListElement\":[{\"@type\":\"ListItem\",\"position\":1,\"name\":\"Accueil\",\"item\":\"https:\\\/\\\/www.altercampagne.net\\\/\"},{\"@type\":\"ListItem\",\"position\":2,\"name\":\"L&rsquo;AlterTour \u00e0 Venarey-les-Laumes le 25 juillet\"}]},{\"@type\":\"WebSite\",\"@id\":\"https:\\\/\\\/www.altercampagne.net\\\/#website\",\"url\":\"https:\\\/\\\/www.altercampagne.net\\\/\",\"name\":\"AlterTour\",\"description\":\"Reliez les Alternatives \u00e0 v\u00e9lo\",\"potentialAction\":[{\"@type\":\"SearchAction\",\"target\":{\"@type\":\"EntryPoint\",\"urlTemplate\":\"https:\\\/\\\/www.altercampagne.net\\\/?s={search_term_string}\"},\"query-input\":{\"@type\":\"PropertyValueSpecification\",\"valueRequired\":true,\"valueName\":\"search_term_string\"}}],\"inLanguage\":\"fr-FR\"},{\"@type\":\"Person\",\"@id\":\"https:\\\/\\\/www.altercampagne.net\\\/#\\\/schema\\\/person\\\/0f261460c09e430caa0f9bcffa319109\",\"name\":\"Mathieu\",\"image\":{\"@type\":\"ImageObject\",\"inLanguage\":\"fr-FR\",\"@id\":\"https:\\\/\\\/secure.gravatar.com\\\/avatar\\\/aa9d3d24c83f2141e5e2709d0f63d09a99f6be6bb7a50abc4915838d9f54501a?s=96&d=mm&r=g\",\"url\":\"https:\\\/\\\/secure.gravatar.com\\\/avatar\\\/aa9d3d24c83f2141e5e2709d0f63d09a99f6be6bb7a50abc4915838d9f54501a?s=96&d=mm&r=g\",\"contentUrl\":\"https:\\\/\\\/secure.gravatar.com\\\/avatar\\\/aa9d3d24c83f2141e5e2709d0f63d09a99f6be6bb7a50abc4915838d9f54501a?s=96&d=mm&r=g\",\"caption\":\"Mathieu\"},\"url\":\"https:\\\/\\\/www.altercampagne.net\\\/?author=214\"}]}<\/script>\n<!-- \/ Yoast SEO plugin. -->","yoast_head_json":{"title":"L'AlterTour \u00e0 Venarey-les-Laumes le 25 juillet - AlterTour","robots":{"index":"index","follow":"follow","max-snippet":"max-snippet:-1","max-image-preview":"max-image-preview:large","max-video-preview":"max-video-preview:-1"},"canonical":"https:\/\/www.altercampagne.net\/?p=4176","og_locale":"fr_FR","og_type":"article","og_title":"L'AlterTour \u00e0 Venarey-les-Laumes le 25 juillet - AlterTour","og_description":"La 6\u00e8me \u00e9dition de l\u2019AlterTour se d\u00e9roulera du 18 juillet au 20 ao\u00fbt 2013 ao\u00fbt en r\u00e9gion Centre, Bourgogne et Franche-Comt\u00e9. Il s\u2019arr\u00eatera \u00e0 Venarey-les-Laumes le 25 juillet au soir. Le lendemain une halte avec un naturaliste de l\u2019association Tussiliiq est aussi pr\u00e9vue. L\u2019AlterTour est ouvert aux personnes qui aiment ... Read More","og_url":"https:\/\/www.altercampagne.net\/?p=4176","og_site_name":"AlterTour","article_published_time":"2013-06-05T08:15:37+00:00","article_modified_time":"2016-04-14T08:20:29+00:00","author":"Mathieu","twitter_card":"summary_large_image","twitter_misc":{"\u00c9crit par":"Mathieu","Dur\u00e9e de lecture estim\u00e9e":"1 minute"},"schema":{"@context":"https:\/\/schema.org","@graph":[{"@type":"Article","@id":"https:\/\/www.altercampagne.net\/?p=4176#article","isPartOf":{"@id":"https:\/\/www.altercampagne.net\/?p=4176"},"author":{"name":"Mathieu","@id":"https:\/\/www.altercampagne.net\/#\/schema\/person\/0f261460c09e430caa0f9bcffa319109"},"headline":"L&rsquo;AlterTour \u00e0 Venarey-les-Laumes le 25 juillet","datePublished":"2013-06-05T08:15:37+00:00","dateModified":"2016-04-14T08:20:29+00:00","mainEntityOfPage":{"@id":"https:\/\/www.altercampagne.net\/?p=4176"},"wordCount":301,"keywords":["Ecolomag","AlterTour 2013","Bourgogne","c\u00f4te-d'or","2013","Venarey-Les Laumes","Tussiliq"],"articleSection":["Revue de presse"],"inLanguage":"fr-FR"},{"@type":"WebPage","@id":"https:\/\/www.altercampagne.net\/?p=4176","url":"https:\/\/www.altercampagne.net\/?p=4176","name":"L'AlterTour \u00e0 Venarey-les-Laumes le 25 juillet - AlterTour","isPartOf":{"@id":"https:\/\/www.altercampagne.net\/#website"},"datePublished":"2013-06-05T08:15:37+00:00","dateModified":"2016-04-14T08:20:29+00:00","author":{"@id":"https:\/\/www.altercampagne.net\/#\/schema\/person\/0f261460c09e430caa0f9bcffa319109"},"breadcrumb":{"@id":"https:\/\/www.altercampagne.net\/?p=4176#breadcrumb"},"inLanguage":"fr-FR","potentialAction":[{"@type":"ReadAction","target":["https:\/\/www.altercampagne.net\/?p=4176"]}]},{"@type":"BreadcrumbList","@id":"https:\/\/www.altercampagne.net\/?p=4176#breadcrumb","itemListElement":[{"@type":"ListItem","position":1,"name":"Accueil","item":"https:\/\/www.altercampagne.net\/"},{"@type":"ListItem","position":2,"name":"L&rsquo;AlterTour \u00e0 Venarey-les-Laumes le 25 juillet"}]},{"@type":"WebSite","@id":"https:\/\/www.altercampagne.net\/#website","url":"https:\/\/www.altercampagne.net\/","name":"AlterTour","description":"Reliez les Alternatives \u00e0 v\u00e9lo","potentialAction":[{"@type":"SearchAction","target":{"@type":"EntryPoint","urlTemplate":"https:\/\/www.altercampagne.net\/?s={search_term_string}"},"query-input":{"@type":"PropertyValueSpecification","valueRequired":true,"valueName":"search_term_string"}}],"inLanguage":"fr-FR"},{"@type":"Person","@id":"https:\/\/www.altercampagne.net\/#\/schema\/person\/0f261460c09e430caa0f9bcffa319109","name":"Mathieu","image":{"@type":"ImageObject","inLanguage":"fr-FR","@id":"https:\/\/secure.gravatar.com\/avatar\/aa9d3d24c83f2141e5e2709d0f63d09a99f6be6bb7a50abc4915838d9f54501a?s=96&d=mm&r=g","url":"https:\/\/secure.gravatar.com\/avatar\/aa9d3d24c83f2141e5e2709d0f63d09a99f6be6bb7a50abc4915838d9f54501a?s=96&d=mm&r=g","contentUrl":"https:\/\/secure.gravatar.com\/avatar\/aa9d3d24c83f2141e5e2709d0f63d09a99f6be6bb7a50abc4915838d9f54501a?s=96&d=mm&r=g","caption":"Mathieu"},"url":"https:\/\/www.altercampagne.net\/?author=214"}]}},"_links":{"self":[{"href":"https:\/\/www.altercampagne.net\/index.php?rest_route=\/wp\/v2\/posts\/4176","targetHints":{"allow":["GET"]}}],"collection":[{"href":"https:\/\/www.altercampagne.net\/index.php?rest_route=\/wp\/v2\/posts"}],"about":[{"href":"https:\/\/www.altercampagne.net\/index.php?rest_route=\/wp\/v2\/types\/post"}],"author":[{"embeddable":true,"href":"https:\/\/www.altercampagne.net\/index.php?rest_route=\/wp\/v2\/users\/214"}],"replies":[{"embeddable":true,"href":"https:\/\/www.altercampagne.net\/index.php?rest_route=%2Fwp%2Fv2%2Fcomments&post=4176"}],"version-history":[{"count":0,"href":"https:\/\/www.altercampagne.net\/index.php?rest_route=\/wp\/v2\/posts\/4176\/revisions"}],"wp:attachment":[{"href":"https:\/\/www.altercampagne.net\/index.php?rest_route=%2Fwp%2Fv2%2Fmedia&parent=4176"}],"wp:term":[{"taxonomy":"category","embeddable":true,"href":"https:\/\/www.altercampagne.net\/index.php?rest_route=%2Fwp%2Fv2%2Fcategories&post=4176"},{"taxonomy":"post_tag","embeddable":true,"href":"https:\/\/www.altercampagne.net\/index.php?rest_route=%2Fwp%2Fv2%2Ftags&post=4176"}],"curies":[{"name":"wp","href":"https:\/\/api.w.org\/{rel}","templated":true}]}}