{"id":4184,"date":"2013-05-22T10:40:19","date_gmt":"2013-05-22T08:40:19","guid":{"rendered":"http:\/\/www.altercampagne.net\/?p=4184"},"modified":"2018-03-02T17:50:46","modified_gmt":"2018-03-02T16:50:46","slug":"en-2013-laltertour-sillonne-la-bourgogne-et-rend-visite-a-passerelle-eco","status":"publish","type":"post","link":"https:\/\/www.altercampagne.net\/?p=4184","title":{"rendered":"En 2013, l\u2019AlterTour sillonne la Bourgogne et rend visite \u00e0 Passerelle Eco"},"content":{"rendered":"<p class=\"Style271 Style138 Style152 Style142\">Aux Grands Projets Inutiles et Impos\u00e9s (tel l\u2019a\u00e9roport de Notre Dame Des Landes) s\u2019\u2019opposent une multitude d\u2019\u2019Alternatives concr\u00e8tes qui construisent une soci\u00e9t\u00e9 plus solidaire, \u00e9cologiquement et socialement durable. Ce sont ces Petits Projets Grandement Utiles que l\u2019AlterTour soutient d\u2019ann\u00e9e en ann\u00e9e en leur rendant visite \u00e0 v\u00e9lo.<\/p>\n<p class=\"Style271 Style138 Style152 Style142\">La 6\u00e8me \u00e9dition de l\u2019AlterTour se d\u00e9roulera du 18 juillet au 20 ao\u00fbt 2013. Il passera par le Loiret, la Ni\u00e8vre, l\u2019Yonne, la C\u00f4te d\u2019Or, la Sa\u00f4ne-et-Loire, le Jura et le Doubs&#8230; et le 2 Ao\u00fbt, sa route passera par l\u2019\u00e9colieu d\u2019exp\u00e9rimentation de Passerelle Eco !<\/p>\n<p id=\"ecolieux_fetes_conferences_et_ateliers_pratiques_lors_des_etapes\" class=\"spip\">\u00c9colieux, f\u00eates, conf\u00e9rences et ateliers pratiques lors des \u00e9tapes<\/p>\n<p id=\"resister_a_tous_les_dopages\" class=\"spip\"><strong>R\u00e9sister \u00e0 tous les dopages<\/strong><\/p>\n<p>L\u2019AlterTour r\u00e9siste \u00e0 l\u2019esprit de comp\u00e9tition qui conduit \u00e0 toutes sortes de dopage\u00a0:<\/p>\n<p><img loading=\"lazy\" decoding=\"async\" class=\"puce\" src=\"http:\/\/www.passerelleco.info\/local\/cache-vignettes\/L11xH10\/puce-04703.gif\" alt=\"-\" width=\"11\" height=\"10\" \/>\u00a0dans le sport o\u00f9 la sant\u00e9 passe apr\u00e8s les b\u00e9n\u00e9fices de la soci\u00e9t\u00e9 du spectacle\u00a0;<\/p>\n<p><img loading=\"lazy\" decoding=\"async\" class=\"puce\" src=\"http:\/\/www.passerelleco.info\/local\/cache-vignettes\/L11xH10\/puce-04703.gif\" alt=\"-\" width=\"11\" height=\"10\" \/>\u00a0dans l\u2019agriculture industrielle, o\u00f9 pesticides et OGM portent atteinte aux paysans et \u00e0 la biodiversit\u00e9 au seul profit d\u2019une poign\u00e9e de multinationales\u00a0;<\/p>\n<p><img loading=\"lazy\" decoding=\"async\" class=\"puce\" src=\"http:\/\/www.passerelleco.info\/local\/cache-vignettes\/L11xH10\/puce-04703.gif\" alt=\"-\" width=\"11\" height=\"10\" \/>\u00a0dans l\u2019\u00e9conomie de march\u00e9, o\u00f9 subprimes et paradis fiscaux amplifient les in\u00e9galit\u00e9s\u00a0;<\/p>\n<p><img loading=\"lazy\" decoding=\"async\" class=\"puce\" src=\"http:\/\/www.passerelleco.info\/local\/cache-vignettes\/L11xH10\/puce-04703.gif\" alt=\"-\" width=\"11\" height=\"10\" \/>\u00a0dans la soci\u00e9t\u00e9 de consommation, du greenwashing et de l\u2019obsolescence programm\u00e9e o\u00f9 l\u2019offre conditionne la demande \u00e0 grand renfort de publicit\u00e9.<\/p>\n<p>Le num\u00e9ro de juin 2013 de la revue S!lence consacr\u00e9 aux grands projets inutiles contiendra le recueil d\u2019Alternatives de l\u2019AlterTour avec les coordonn\u00e9es des accueillants.<\/p>\n<p>Source : <a href=\"http:\/\/www.passerelleco.info\/article.php?id_article=1747\" target=\"_blank\" rel=\"noopener\">http:\/\/www.passerelleco.info\/article.php?id_article=1747<\/a><\/p>\n","protected":false},"excerpt":{"rendered":"<p>Aux Grands Projets Inutiles et Impos\u00e9s (tel l\u2019a\u00e9roport de Notre Dame Des Landes) s\u2019\u2019opposent une multitude d\u2019\u2019Alternatives concr\u00e8tes qui construisent une soci\u00e9t\u00e9 plus solidaire, \u00e9cologiquement et socialement durable. Ce sont ces Petits Projets Grandement Utiles que l\u2019AlterTour soutient d\u2019ann\u00e9e en ann\u00e9e en leur rendant visite \u00e0 v\u00e9lo. La 6\u00e8me \u00e9dition &#8230; <\/p>\n<div><a href=\"https:\/\/www.altercampagne.net\/?p=4184\" class=\"more-link\">Read More<\/a><\/div>\n","protected":false},"author":214,"featured_media":0,"comment_status":"closed","ping_status":"closed","sticky":false,"template":"","format":"standard","meta":{"footnotes":""},"categories":[3495,239,3462],"tags":[418,694,1017,1058,1656,1770],"class_list":["post-4184","post","type-post","status-publish","format-standard","hentry","category-bourgogne-franche-comte","category-revue-de-presse","category-edition-2013","tag-passerelle-eco","tag-altertour-2013","tag-bourgogne","tag-saone-et-loire","tag-1656","tag-la-chapelle-sous-uchon","no-post-thumbnail"],"yoast_head":"<!-- This site is optimized with the Yoast SEO plugin v27.3 - https:\/\/yoast.com\/product\/yoast-seo-wordpress\/ -->\n<title>En 2013, l\u2019AlterTour sillonne la Bourgogne et rend visite \u00e0 Passerelle Eco - AlterTour<\/title>\n<meta name=\"robots\" content=\"index, follow, max-snippet:-1, max-image-preview:large, max-video-preview:-1\" \/>\n<link rel=\"canonical\" href=\"https:\/\/www.altercampagne.net\/?p=4184\" \/>\n<meta property=\"og:locale\" content=\"fr_FR\" \/>\n<meta property=\"og:type\" content=\"article\" \/>\n<meta property=\"og:title\" content=\"En 2013, l\u2019AlterTour sillonne la Bourgogne et rend visite \u00e0 Passerelle Eco - AlterTour\" \/>\n<meta property=\"og:description\" content=\"Aux Grands Projets Inutiles et Impos\u00e9s (tel l\u2019a\u00e9roport de Notre Dame Des Landes) s\u2019\u2019opposent une multitude d\u2019\u2019Alternatives concr\u00e8tes qui construisent une soci\u00e9t\u00e9 plus solidaire, \u00e9cologiquement et socialement durable. Ce sont ces Petits Projets Grandement Utiles que l\u2019AlterTour soutient d\u2019ann\u00e9e en ann\u00e9e en leur rendant visite \u00e0 v\u00e9lo. La 6\u00e8me \u00e9dition ... Read More\" \/>\n<meta property=\"og:url\" content=\"https:\/\/www.altercampagne.net\/?p=4184\" \/>\n<meta property=\"og:site_name\" content=\"AlterTour\" \/>\n<meta property=\"article:published_time\" content=\"2013-05-22T08:40:19+00:00\" \/>\n<meta property=\"article:modified_time\" content=\"2018-03-02T16:50:46+00:00\" \/>\n<meta property=\"og:image\" content=\"http:\/\/www.passerelleco.info\/local\/cache-vignettes\/L11xH10\/puce-04703.gif\" \/>\n<meta name=\"author\" content=\"Mathieu\" \/>\n<meta name=\"twitter:card\" content=\"summary_large_image\" \/>\n<meta name=\"twitter:label1\" content=\"\u00c9crit par\" \/>\n\t<meta name=\"twitter:data1\" content=\"Mathieu\" \/>\n\t<meta name=\"twitter:label2\" content=\"Dur\u00e9e de lecture estim\u00e9e\" \/>\n\t<meta name=\"twitter:data2\" content=\"1 minute\" \/>\n<script type=\"application\/ld+json\" class=\"yoast-schema-graph\">{\"@context\":\"https:\\\/\\\/schema.org\",\"@graph\":[{\"@type\":\"Article\",\"@id\":\"https:\\\/\\\/www.altercampagne.net\\\/?p=4184#article\",\"isPartOf\":{\"@id\":\"https:\\\/\\\/www.altercampagne.net\\\/?p=4184\"},\"author\":{\"name\":\"Mathieu\",\"@id\":\"https:\\\/\\\/www.altercampagne.net\\\/#\\\/schema\\\/person\\\/0f261460c09e430caa0f9bcffa319109\"},\"headline\":\"En 2013, l\u2019AlterTour sillonne la Bourgogne et rend visite \u00e0 Passerelle Eco\",\"datePublished\":\"2013-05-22T08:40:19+00:00\",\"dateModified\":\"2018-03-02T16:50:46+00:00\",\"mainEntityOfPage\":{\"@id\":\"https:\\\/\\\/www.altercampagne.net\\\/?p=4184\"},\"wordCount\":273,\"image\":{\"@id\":\"https:\\\/\\\/www.altercampagne.net\\\/?p=4184#primaryimage\"},\"thumbnailUrl\":\"http:\\\/\\\/www.passerelleco.info\\\/local\\\/cache-vignettes\\\/L11xH10\\\/puce-04703.gif\",\"keywords\":[\"passerelle eco\",\"AlterTour 2013\",\"Bourgogne\",\"sa\u00f4ne et loire\",\"2013\",\"La-Chapelle-sous-Uchon\"],\"articleSection\":[\"Bourgogne-Franche-Comt\u00e9\",\"Revue de presse\",\"\u00c9dition 2013\"],\"inLanguage\":\"fr-FR\"},{\"@type\":\"WebPage\",\"@id\":\"https:\\\/\\\/www.altercampagne.net\\\/?p=4184\",\"url\":\"https:\\\/\\\/www.altercampagne.net\\\/?p=4184\",\"name\":\"En 2013, l\u2019AlterTour sillonne la Bourgogne et rend visite \u00e0 Passerelle Eco - AlterTour\",\"isPartOf\":{\"@id\":\"https:\\\/\\\/www.altercampagne.net\\\/#website\"},\"primaryImageOfPage\":{\"@id\":\"https:\\\/\\\/www.altercampagne.net\\\/?p=4184#primaryimage\"},\"image\":{\"@id\":\"https:\\\/\\\/www.altercampagne.net\\\/?p=4184#primaryimage\"},\"thumbnailUrl\":\"http:\\\/\\\/www.passerelleco.info\\\/local\\\/cache-vignettes\\\/L11xH10\\\/puce-04703.gif\",\"datePublished\":\"2013-05-22T08:40:19+00:00\",\"dateModified\":\"2018-03-02T16:50:46+00:00\",\"author\":{\"@id\":\"https:\\\/\\\/www.altercampagne.net\\\/#\\\/schema\\\/person\\\/0f261460c09e430caa0f9bcffa319109\"},\"breadcrumb\":{\"@id\":\"https:\\\/\\\/www.altercampagne.net\\\/?p=4184#breadcrumb\"},\"inLanguage\":\"fr-FR\",\"potentialAction\":[{\"@type\":\"ReadAction\",\"target\":[\"https:\\\/\\\/www.altercampagne.net\\\/?p=4184\"]}]},{\"@type\":\"ImageObject\",\"inLanguage\":\"fr-FR\",\"@id\":\"https:\\\/\\\/www.altercampagne.net\\\/?p=4184#primaryimage\",\"url\":\"http:\\\/\\\/www.passerelleco.info\\\/local\\\/cache-vignettes\\\/L11xH10\\\/puce-04703.gif\",\"contentUrl\":\"http:\\\/\\\/www.passerelleco.info\\\/local\\\/cache-vignettes\\\/L11xH10\\\/puce-04703.gif\"},{\"@type\":\"BreadcrumbList\",\"@id\":\"https:\\\/\\\/www.altercampagne.net\\\/?p=4184#breadcrumb\",\"itemListElement\":[{\"@type\":\"ListItem\",\"position\":1,\"name\":\"Accueil\",\"item\":\"https:\\\/\\\/www.altercampagne.net\\\/\"},{\"@type\":\"ListItem\",\"position\":2,\"name\":\"En 2013, l\u2019AlterTour sillonne la Bourgogne et rend visite \u00e0 Passerelle Eco\"}]},{\"@type\":\"WebSite\",\"@id\":\"https:\\\/\\\/www.altercampagne.net\\\/#website\",\"url\":\"https:\\\/\\\/www.altercampagne.net\\\/\",\"name\":\"AlterTour\",\"description\":\"Reliez les Alternatives \u00e0 v\u00e9lo\",\"potentialAction\":[{\"@type\":\"SearchAction\",\"target\":{\"@type\":\"EntryPoint\",\"urlTemplate\":\"https:\\\/\\\/www.altercampagne.net\\\/?s={search_term_string}\"},\"query-input\":{\"@type\":\"PropertyValueSpecification\",\"valueRequired\":true,\"valueName\":\"search_term_string\"}}],\"inLanguage\":\"fr-FR\"},{\"@type\":\"Person\",\"@id\":\"https:\\\/\\\/www.altercampagne.net\\\/#\\\/schema\\\/person\\\/0f261460c09e430caa0f9bcffa319109\",\"name\":\"Mathieu\",\"image\":{\"@type\":\"ImageObject\",\"inLanguage\":\"fr-FR\",\"@id\":\"https:\\\/\\\/secure.gravatar.com\\\/avatar\\\/aa9d3d24c83f2141e5e2709d0f63d09a99f6be6bb7a50abc4915838d9f54501a?s=96&d=mm&r=g\",\"url\":\"https:\\\/\\\/secure.gravatar.com\\\/avatar\\\/aa9d3d24c83f2141e5e2709d0f63d09a99f6be6bb7a50abc4915838d9f54501a?s=96&d=mm&r=g\",\"contentUrl\":\"https:\\\/\\\/secure.gravatar.com\\\/avatar\\\/aa9d3d24c83f2141e5e2709d0f63d09a99f6be6bb7a50abc4915838d9f54501a?s=96&d=mm&r=g\",\"caption\":\"Mathieu\"},\"url\":\"https:\\\/\\\/www.altercampagne.net\\\/?author=214\"}]}<\/script>\n<!-- \/ Yoast SEO plugin. -->","yoast_head_json":{"title":"En 2013, l\u2019AlterTour sillonne la Bourgogne et rend visite \u00e0 Passerelle Eco - AlterTour","robots":{"index":"index","follow":"follow","max-snippet":"max-snippet:-1","max-image-preview":"max-image-preview:large","max-video-preview":"max-video-preview:-1"},"canonical":"https:\/\/www.altercampagne.net\/?p=4184","og_locale":"fr_FR","og_type":"article","og_title":"En 2013, l\u2019AlterTour sillonne la Bourgogne et rend visite \u00e0 Passerelle Eco - AlterTour","og_description":"Aux Grands Projets Inutiles et Impos\u00e9s (tel l\u2019a\u00e9roport de Notre Dame Des Landes) s\u2019\u2019opposent une multitude d\u2019\u2019Alternatives concr\u00e8tes qui construisent une soci\u00e9t\u00e9 plus solidaire, \u00e9cologiquement et socialement durable. Ce sont ces Petits Projets Grandement Utiles que l\u2019AlterTour soutient d\u2019ann\u00e9e en ann\u00e9e en leur rendant visite \u00e0 v\u00e9lo. La 6\u00e8me \u00e9dition ... Read More","og_url":"https:\/\/www.altercampagne.net\/?p=4184","og_site_name":"AlterTour","article_published_time":"2013-05-22T08:40:19+00:00","article_modified_time":"2018-03-02T16:50:46+00:00","og_image":[{"url":"http:\/\/www.passerelleco.info\/local\/cache-vignettes\/L11xH10\/puce-04703.gif","type":"","width":"","height":""}],"author":"Mathieu","twitter_card":"summary_large_image","twitter_misc":{"\u00c9crit par":"Mathieu","Dur\u00e9e de lecture estim\u00e9e":"1 minute"},"schema":{"@context":"https:\/\/schema.org","@graph":[{"@type":"Article","@id":"https:\/\/www.altercampagne.net\/?p=4184#article","isPartOf":{"@id":"https:\/\/www.altercampagne.net\/?p=4184"},"author":{"name":"Mathieu","@id":"https:\/\/www.altercampagne.net\/#\/schema\/person\/0f261460c09e430caa0f9bcffa319109"},"headline":"En 2013, l\u2019AlterTour sillonne la Bourgogne et rend visite \u00e0 Passerelle Eco","datePublished":"2013-05-22T08:40:19+00:00","dateModified":"2018-03-02T16:50:46+00:00","mainEntityOfPage":{"@id":"https:\/\/www.altercampagne.net\/?p=4184"},"wordCount":273,"image":{"@id":"https:\/\/www.altercampagne.net\/?p=4184#primaryimage"},"thumbnailUrl":"http:\/\/www.passerelleco.info\/local\/cache-vignettes\/L11xH10\/puce-04703.gif","keywords":["passerelle eco","AlterTour 2013","Bourgogne","sa\u00f4ne et loire","2013","La-Chapelle-sous-Uchon"],"articleSection":["Bourgogne-Franche-Comt\u00e9","Revue de presse","\u00c9dition 2013"],"inLanguage":"fr-FR"},{"@type":"WebPage","@id":"https:\/\/www.altercampagne.net\/?p=4184","url":"https:\/\/www.altercampagne.net\/?p=4184","name":"En 2013, l\u2019AlterTour sillonne la Bourgogne et rend visite \u00e0 Passerelle Eco - AlterTour","isPartOf":{"@id":"https:\/\/www.altercampagne.net\/#website"},"primaryImageOfPage":{"@id":"https:\/\/www.altercampagne.net\/?p=4184#primaryimage"},"image":{"@id":"https:\/\/www.altercampagne.net\/?p=4184#primaryimage"},"thumbnailUrl":"http:\/\/www.passerelleco.info\/local\/cache-vignettes\/L11xH10\/puce-04703.gif","datePublished":"2013-05-22T08:40:19+00:00","dateModified":"2018-03-02T16:50:46+00:00","author":{"@id":"https:\/\/www.altercampagne.net\/#\/schema\/person\/0f261460c09e430caa0f9bcffa319109"},"breadcrumb":{"@id":"https:\/\/www.altercampagne.net\/?p=4184#breadcrumb"},"inLanguage":"fr-FR","potentialAction":[{"@type":"ReadAction","target":["https:\/\/www.altercampagne.net\/?p=4184"]}]},{"@type":"ImageObject","inLanguage":"fr-FR","@id":"https:\/\/www.altercampagne.net\/?p=4184#primaryimage","url":"http:\/\/www.passerelleco.info\/local\/cache-vignettes\/L11xH10\/puce-04703.gif","contentUrl":"http:\/\/www.passerelleco.info\/local\/cache-vignettes\/L11xH10\/puce-04703.gif"},{"@type":"BreadcrumbList","@id":"https:\/\/www.altercampagne.net\/?p=4184#breadcrumb","itemListElement":[{"@type":"ListItem","position":1,"name":"Accueil","item":"https:\/\/www.altercampagne.net\/"},{"@type":"ListItem","position":2,"name":"En 2013, l\u2019AlterTour sillonne la Bourgogne et rend visite \u00e0 Passerelle Eco"}]},{"@type":"WebSite","@id":"https:\/\/www.altercampagne.net\/#website","url":"https:\/\/www.altercampagne.net\/","name":"AlterTour","description":"Reliez les Alternatives \u00e0 v\u00e9lo","potentialAction":[{"@type":"SearchAction","target":{"@type":"EntryPoint","urlTemplate":"https:\/\/www.altercampagne.net\/?s={search_term_string}"},"query-input":{"@type":"PropertyValueSpecification","valueRequired":true,"valueName":"search_term_string"}}],"inLanguage":"fr-FR"},{"@type":"Person","@id":"https:\/\/www.altercampagne.net\/#\/schema\/person\/0f261460c09e430caa0f9bcffa319109","name":"Mathieu","image":{"@type":"ImageObject","inLanguage":"fr-FR","@id":"https:\/\/secure.gravatar.com\/avatar\/aa9d3d24c83f2141e5e2709d0f63d09a99f6be6bb7a50abc4915838d9f54501a?s=96&d=mm&r=g","url":"https:\/\/secure.gravatar.com\/avatar\/aa9d3d24c83f2141e5e2709d0f63d09a99f6be6bb7a50abc4915838d9f54501a?s=96&d=mm&r=g","contentUrl":"https:\/\/secure.gravatar.com\/avatar\/aa9d3d24c83f2141e5e2709d0f63d09a99f6be6bb7a50abc4915838d9f54501a?s=96&d=mm&r=g","caption":"Mathieu"},"url":"https:\/\/www.altercampagne.net\/?author=214"}]}},"_links":{"self":[{"href":"https:\/\/www.altercampagne.net\/index.php?rest_route=\/wp\/v2\/posts\/4184","targetHints":{"allow":["GET"]}}],"collection":[{"href":"https:\/\/www.altercampagne.net\/index.php?rest_route=\/wp\/v2\/posts"}],"about":[{"href":"https:\/\/www.altercampagne.net\/index.php?rest_route=\/wp\/v2\/types\/post"}],"author":[{"embeddable":true,"href":"https:\/\/www.altercampagne.net\/index.php?rest_route=\/wp\/v2\/users\/214"}],"replies":[{"embeddable":true,"href":"https:\/\/www.altercampagne.net\/index.php?rest_route=%2Fwp%2Fv2%2Fcomments&post=4184"}],"version-history":[{"count":0,"href":"https:\/\/www.altercampagne.net\/index.php?rest_route=\/wp\/v2\/posts\/4184\/revisions"}],"wp:attachment":[{"href":"https:\/\/www.altercampagne.net\/index.php?rest_route=%2Fwp%2Fv2%2Fmedia&parent=4184"}],"wp:term":[{"taxonomy":"category","embeddable":true,"href":"https:\/\/www.altercampagne.net\/index.php?rest_route=%2Fwp%2Fv2%2Fcategories&post=4184"},{"taxonomy":"post_tag","embeddable":true,"href":"https:\/\/www.altercampagne.net\/index.php?rest_route=%2Fwp%2Fv2%2Ftags&post=4184"}],"curies":[{"name":"wp","href":"https:\/\/api.w.org\/{rel}","templated":true}]}}