{"id":4196,"date":"2012-08-22T10:58:57","date_gmt":"2012-08-22T08:58:57","guid":{"rendered":"http:\/\/www.altercampagne.net\/?p=4196"},"modified":"2016-04-14T11:03:10","modified_gmt":"2016-04-14T09:03:10","slug":"arbus-une-etape-de-laltertour","status":"publish","type":"post","link":"https:\/\/www.altercampagne.net\/?p=4196","title":{"rendered":"Arbus : une \u00e9tape de l&rsquo;AlterTour"},"content":{"rendered":"<p class=\"Style153\" align=\"justify\"><img loading=\"lazy\" decoding=\"async\" class=\" alignleft\" src=\"http:\/\/images.larepubliquedespyrenees.fr\/images\/2012\/08\/22\/lors-du-passage-de-l-altertour-les-participants-ont-echange_904627_490x328p.jpg\" alt=\"\" width=\"400\" height=\"268\" \/>Lors du passage de l&rsquo;AlterTour, les participants ont \u00e9chang\u00e9 leurs points de vue (christiane alvarez)<\/p>\n<p class=\"Style153\" align=\"justify\">Cinq ans d\u00e9j\u00e0 que l&rsquo;Altertour parcourt chaque \u00e9t\u00e9 les r\u00e9gions de notre pays \u00e0 la recherche d&rsquo;un dialogue avec la France \u00ab\u00a0profonde\u00a0\u00bb. Ce week-end, il \u00e9tait dans le B\u00e9arn.<\/p>\n<p class=\"Style153\" align=\"justify\">Pour sa 5e \u00e9dition, l&rsquo;Altertour passait par Arbus pour un pique-nique offert par le comit\u00e9 d&rsquo;Arbus-Code B\u00e9arn et compos\u00e9 uniquement de produits locaux.<\/p>\n<p class=\"Style153\" align=\"justify\">Les \u00ab\u00a0alter cyclistes\u00a0\u00bb voyagent ensemble \u00e0 la rencontre d&rsquo;alternatives. A la politique du toujours plus fort, toujours plus vite, toujours plus loin, l&rsquo;Altertour oppose une recherche de la d\u00e9croissance, de l&rsquo;esprit solidaire et du dialogue.<\/p>\n<p class=\"Style153\" align=\"justify\">Dans ce contexte, un \u00e9change de points de vue fort fructueux s&rsquo;est engag\u00e9 sur les alternatives au co\u00fbteux projet d&rsquo;une route Poey-de-Lescar &#8211; Oloron. Apr\u00e8s cette pause, les alter cyclistes ont pris le chemin de la ferme Priou pour d\u00e9couvrir le groupement foncier agricole mutuel (GFAM) du B\u00e9arn avant de terminer la journ\u00e9e \u00e0 Pr\u00e9cilhon.<\/p>\n<p class=\"Style153\" align=\"justify\">Source : <a href=\"http:\/\/www.larepubliquedespyrenees.fr\/2012\/08\/22\/une-etape-de-l-altertour,1094908.php\" target=\"_blank\">http:\/\/www.larepubliquedespyrenees.fr\/2012\/08\/22\/une-etape-de-l-altertour,1094908.php<\/a><\/p>\n","protected":false},"excerpt":{"rendered":"<p>Lors du passage de l&rsquo;AlterTour, les participants ont \u00e9chang\u00e9 leurs points de vue (christiane alvarez) Cinq ans d\u00e9j\u00e0 que l&rsquo;Altertour parcourt chaque \u00e9t\u00e9 les r\u00e9gions de notre pays \u00e0 la recherche d&rsquo;un dialogue avec la France \u00ab\u00a0profonde\u00a0\u00bb. Ce week-end, il \u00e9tait dans le B\u00e9arn. Pour sa 5e \u00e9dition, l&rsquo;Altertour passait &#8230; <\/p>\n<div><a href=\"https:\/\/www.altercampagne.net\/?p=4196\" class=\"more-link\">Read More<\/a><\/div>\n","protected":false},"author":214,"featured_media":0,"comment_status":"closed","ping_status":"closed","sticky":false,"template":"","format":"standard","meta":{"footnotes":""},"categories":[239],"tags":[852,892,1153,1154,1814,1815,1822,1823,1824,1825],"class_list":["post-4196","post","type-post","status-publish","format-standard","hentry","category-revue-de-presse","tag-altertour-2012","tag-aquitaine","tag-arbus-code-bearn","tag-gfam-du-bearn","tag-1814","tag-pyrenees-atlantiques","tag-arbus","tag-bearn","tag-ferme-priou","tag-precilhon","no-post-thumbnail"],"yoast_head":"<!-- This site is optimized with the Yoast SEO plugin v27.3 - https:\/\/yoast.com\/product\/yoast-seo-wordpress\/ -->\n<title>Arbus : une \u00e9tape de l&#039;AlterTour - AlterTour<\/title>\n<meta name=\"robots\" content=\"index, follow, max-snippet:-1, max-image-preview:large, max-video-preview:-1\" \/>\n<link rel=\"canonical\" href=\"https:\/\/www.altercampagne.net\/?p=4196\" \/>\n<meta property=\"og:locale\" content=\"fr_FR\" \/>\n<meta property=\"og:type\" content=\"article\" \/>\n<meta property=\"og:title\" content=\"Arbus : une \u00e9tape de l&#039;AlterTour - AlterTour\" \/>\n<meta property=\"og:description\" content=\"Lors du passage de l&rsquo;AlterTour, les participants ont \u00e9chang\u00e9 leurs points de vue (christiane alvarez) Cinq ans d\u00e9j\u00e0 que l&rsquo;Altertour parcourt chaque \u00e9t\u00e9 les r\u00e9gions de notre pays \u00e0 la recherche d&rsquo;un dialogue avec la France \u00ab\u00a0profonde\u00a0\u00bb. Ce week-end, il \u00e9tait dans le B\u00e9arn. Pour sa 5e \u00e9dition, l&rsquo;Altertour passait ... Read More\" \/>\n<meta property=\"og:url\" content=\"https:\/\/www.altercampagne.net\/?p=4196\" \/>\n<meta property=\"og:site_name\" content=\"AlterTour\" \/>\n<meta property=\"article:published_time\" content=\"2012-08-22T08:58:57+00:00\" \/>\n<meta property=\"article:modified_time\" content=\"2016-04-14T09:03:10+00:00\" \/>\n<meta property=\"og:image\" content=\"http:\/\/images.larepubliquedespyrenees.fr\/images\/2012\/08\/22\/lors-du-passage-de-l-altertour-les-participants-ont-echange_904627_490x328p.jpg\" \/>\n<meta name=\"author\" content=\"Mathieu\" \/>\n<meta name=\"twitter:card\" content=\"summary_large_image\" \/>\n<meta name=\"twitter:label1\" content=\"\u00c9crit par\" \/>\n\t<meta name=\"twitter:data1\" content=\"Mathieu\" \/>\n\t<meta name=\"twitter:label2\" content=\"Dur\u00e9e de lecture estim\u00e9e\" \/>\n\t<meta name=\"twitter:data2\" content=\"1 minute\" \/>\n<script type=\"application\/ld+json\" class=\"yoast-schema-graph\">{\"@context\":\"https:\\\/\\\/schema.org\",\"@graph\":[{\"@type\":\"Article\",\"@id\":\"https:\\\/\\\/www.altercampagne.net\\\/?p=4196#article\",\"isPartOf\":{\"@id\":\"https:\\\/\\\/www.altercampagne.net\\\/?p=4196\"},\"author\":{\"name\":\"Mathieu\",\"@id\":\"https:\\\/\\\/www.altercampagne.net\\\/#\\\/schema\\\/person\\\/0f261460c09e430caa0f9bcffa319109\"},\"headline\":\"Arbus : une \u00e9tape de l&rsquo;AlterTour\",\"datePublished\":\"2012-08-22T08:58:57+00:00\",\"dateModified\":\"2016-04-14T09:03:10+00:00\",\"mainEntityOfPage\":{\"@id\":\"https:\\\/\\\/www.altercampagne.net\\\/?p=4196\"},\"wordCount\":188,\"image\":{\"@id\":\"https:\\\/\\\/www.altercampagne.net\\\/?p=4196#primaryimage\"},\"thumbnailUrl\":\"http:\\\/\\\/images.larepubliquedespyrenees.fr\\\/images\\\/2012\\\/08\\\/22\\\/lors-du-passage-de-l-altertour-les-participants-ont-echange_904627_490x328p.jpg\",\"keywords\":[\"AlterTour 2012\",\"Aquitaine\",\"Arbus-Code B\u00e9arn\",\"GFAM du B\u00e9arn\",\"2012\",\"Pyr\u00e9n\u00e9es-Atlantiques\",\"Arbus\",\"B\u00e9arn\",\"ferme Priou\",\"Pr\u00e9cilhon\"],\"articleSection\":[\"Revue de presse\"],\"inLanguage\":\"fr-FR\"},{\"@type\":\"WebPage\",\"@id\":\"https:\\\/\\\/www.altercampagne.net\\\/?p=4196\",\"url\":\"https:\\\/\\\/www.altercampagne.net\\\/?p=4196\",\"name\":\"Arbus : une \u00e9tape de l'AlterTour - AlterTour\",\"isPartOf\":{\"@id\":\"https:\\\/\\\/www.altercampagne.net\\\/#website\"},\"primaryImageOfPage\":{\"@id\":\"https:\\\/\\\/www.altercampagne.net\\\/?p=4196#primaryimage\"},\"image\":{\"@id\":\"https:\\\/\\\/www.altercampagne.net\\\/?p=4196#primaryimage\"},\"thumbnailUrl\":\"http:\\\/\\\/images.larepubliquedespyrenees.fr\\\/images\\\/2012\\\/08\\\/22\\\/lors-du-passage-de-l-altertour-les-participants-ont-echange_904627_490x328p.jpg\",\"datePublished\":\"2012-08-22T08:58:57+00:00\",\"dateModified\":\"2016-04-14T09:03:10+00:00\",\"author\":{\"@id\":\"https:\\\/\\\/www.altercampagne.net\\\/#\\\/schema\\\/person\\\/0f261460c09e430caa0f9bcffa319109\"},\"breadcrumb\":{\"@id\":\"https:\\\/\\\/www.altercampagne.net\\\/?p=4196#breadcrumb\"},\"inLanguage\":\"fr-FR\",\"potentialAction\":[{\"@type\":\"ReadAction\",\"target\":[\"https:\\\/\\\/www.altercampagne.net\\\/?p=4196\"]}]},{\"@type\":\"ImageObject\",\"inLanguage\":\"fr-FR\",\"@id\":\"https:\\\/\\\/www.altercampagne.net\\\/?p=4196#primaryimage\",\"url\":\"http:\\\/\\\/images.larepubliquedespyrenees.fr\\\/images\\\/2012\\\/08\\\/22\\\/lors-du-passage-de-l-altertour-les-participants-ont-echange_904627_490x328p.jpg\",\"contentUrl\":\"http:\\\/\\\/images.larepubliquedespyrenees.fr\\\/images\\\/2012\\\/08\\\/22\\\/lors-du-passage-de-l-altertour-les-participants-ont-echange_904627_490x328p.jpg\"},{\"@type\":\"BreadcrumbList\",\"@id\":\"https:\\\/\\\/www.altercampagne.net\\\/?p=4196#breadcrumb\",\"itemListElement\":[{\"@type\":\"ListItem\",\"position\":1,\"name\":\"Accueil\",\"item\":\"https:\\\/\\\/www.altercampagne.net\\\/\"},{\"@type\":\"ListItem\",\"position\":2,\"name\":\"Arbus : une \u00e9tape de l&rsquo;AlterTour\"}]},{\"@type\":\"WebSite\",\"@id\":\"https:\\\/\\\/www.altercampagne.net\\\/#website\",\"url\":\"https:\\\/\\\/www.altercampagne.net\\\/\",\"name\":\"AlterTour\",\"description\":\"Reliez les Alternatives \u00e0 v\u00e9lo\",\"potentialAction\":[{\"@type\":\"SearchAction\",\"target\":{\"@type\":\"EntryPoint\",\"urlTemplate\":\"https:\\\/\\\/www.altercampagne.net\\\/?s={search_term_string}\"},\"query-input\":{\"@type\":\"PropertyValueSpecification\",\"valueRequired\":true,\"valueName\":\"search_term_string\"}}],\"inLanguage\":\"fr-FR\"},{\"@type\":\"Person\",\"@id\":\"https:\\\/\\\/www.altercampagne.net\\\/#\\\/schema\\\/person\\\/0f261460c09e430caa0f9bcffa319109\",\"name\":\"Mathieu\",\"image\":{\"@type\":\"ImageObject\",\"inLanguage\":\"fr-FR\",\"@id\":\"https:\\\/\\\/secure.gravatar.com\\\/avatar\\\/aa9d3d24c83f2141e5e2709d0f63d09a99f6be6bb7a50abc4915838d9f54501a?s=96&d=mm&r=g\",\"url\":\"https:\\\/\\\/secure.gravatar.com\\\/avatar\\\/aa9d3d24c83f2141e5e2709d0f63d09a99f6be6bb7a50abc4915838d9f54501a?s=96&d=mm&r=g\",\"contentUrl\":\"https:\\\/\\\/secure.gravatar.com\\\/avatar\\\/aa9d3d24c83f2141e5e2709d0f63d09a99f6be6bb7a50abc4915838d9f54501a?s=96&d=mm&r=g\",\"caption\":\"Mathieu\"},\"url\":\"https:\\\/\\\/www.altercampagne.net\\\/?author=214\"}]}<\/script>\n<!-- \/ Yoast SEO plugin. -->","yoast_head_json":{"title":"Arbus : une \u00e9tape de l'AlterTour - AlterTour","robots":{"index":"index","follow":"follow","max-snippet":"max-snippet:-1","max-image-preview":"max-image-preview:large","max-video-preview":"max-video-preview:-1"},"canonical":"https:\/\/www.altercampagne.net\/?p=4196","og_locale":"fr_FR","og_type":"article","og_title":"Arbus : une \u00e9tape de l'AlterTour - AlterTour","og_description":"Lors du passage de l&rsquo;AlterTour, les participants ont \u00e9chang\u00e9 leurs points de vue (christiane alvarez) Cinq ans d\u00e9j\u00e0 que l&rsquo;Altertour parcourt chaque \u00e9t\u00e9 les r\u00e9gions de notre pays \u00e0 la recherche d&rsquo;un dialogue avec la France \u00ab\u00a0profonde\u00a0\u00bb. Ce week-end, il \u00e9tait dans le B\u00e9arn. Pour sa 5e \u00e9dition, l&rsquo;Altertour passait ... Read More","og_url":"https:\/\/www.altercampagne.net\/?p=4196","og_site_name":"AlterTour","article_published_time":"2012-08-22T08:58:57+00:00","article_modified_time":"2016-04-14T09:03:10+00:00","og_image":[{"url":"http:\/\/images.larepubliquedespyrenees.fr\/images\/2012\/08\/22\/lors-du-passage-de-l-altertour-les-participants-ont-echange_904627_490x328p.jpg","type":"","width":"","height":""}],"author":"Mathieu","twitter_card":"summary_large_image","twitter_misc":{"\u00c9crit par":"Mathieu","Dur\u00e9e de lecture estim\u00e9e":"1 minute"},"schema":{"@context":"https:\/\/schema.org","@graph":[{"@type":"Article","@id":"https:\/\/www.altercampagne.net\/?p=4196#article","isPartOf":{"@id":"https:\/\/www.altercampagne.net\/?p=4196"},"author":{"name":"Mathieu","@id":"https:\/\/www.altercampagne.net\/#\/schema\/person\/0f261460c09e430caa0f9bcffa319109"},"headline":"Arbus : une \u00e9tape de l&rsquo;AlterTour","datePublished":"2012-08-22T08:58:57+00:00","dateModified":"2016-04-14T09:03:10+00:00","mainEntityOfPage":{"@id":"https:\/\/www.altercampagne.net\/?p=4196"},"wordCount":188,"image":{"@id":"https:\/\/www.altercampagne.net\/?p=4196#primaryimage"},"thumbnailUrl":"http:\/\/images.larepubliquedespyrenees.fr\/images\/2012\/08\/22\/lors-du-passage-de-l-altertour-les-participants-ont-echange_904627_490x328p.jpg","keywords":["AlterTour 2012","Aquitaine","Arbus-Code B\u00e9arn","GFAM du B\u00e9arn","2012","Pyr\u00e9n\u00e9es-Atlantiques","Arbus","B\u00e9arn","ferme Priou","Pr\u00e9cilhon"],"articleSection":["Revue de presse"],"inLanguage":"fr-FR"},{"@type":"WebPage","@id":"https:\/\/www.altercampagne.net\/?p=4196","url":"https:\/\/www.altercampagne.net\/?p=4196","name":"Arbus : une \u00e9tape de l'AlterTour - AlterTour","isPartOf":{"@id":"https:\/\/www.altercampagne.net\/#website"},"primaryImageOfPage":{"@id":"https:\/\/www.altercampagne.net\/?p=4196#primaryimage"},"image":{"@id":"https:\/\/www.altercampagne.net\/?p=4196#primaryimage"},"thumbnailUrl":"http:\/\/images.larepubliquedespyrenees.fr\/images\/2012\/08\/22\/lors-du-passage-de-l-altertour-les-participants-ont-echange_904627_490x328p.jpg","datePublished":"2012-08-22T08:58:57+00:00","dateModified":"2016-04-14T09:03:10+00:00","author":{"@id":"https:\/\/www.altercampagne.net\/#\/schema\/person\/0f261460c09e430caa0f9bcffa319109"},"breadcrumb":{"@id":"https:\/\/www.altercampagne.net\/?p=4196#breadcrumb"},"inLanguage":"fr-FR","potentialAction":[{"@type":"ReadAction","target":["https:\/\/www.altercampagne.net\/?p=4196"]}]},{"@type":"ImageObject","inLanguage":"fr-FR","@id":"https:\/\/www.altercampagne.net\/?p=4196#primaryimage","url":"http:\/\/images.larepubliquedespyrenees.fr\/images\/2012\/08\/22\/lors-du-passage-de-l-altertour-les-participants-ont-echange_904627_490x328p.jpg","contentUrl":"http:\/\/images.larepubliquedespyrenees.fr\/images\/2012\/08\/22\/lors-du-passage-de-l-altertour-les-participants-ont-echange_904627_490x328p.jpg"},{"@type":"BreadcrumbList","@id":"https:\/\/www.altercampagne.net\/?p=4196#breadcrumb","itemListElement":[{"@type":"ListItem","position":1,"name":"Accueil","item":"https:\/\/www.altercampagne.net\/"},{"@type":"ListItem","position":2,"name":"Arbus : une \u00e9tape de l&rsquo;AlterTour"}]},{"@type":"WebSite","@id":"https:\/\/www.altercampagne.net\/#website","url":"https:\/\/www.altercampagne.net\/","name":"AlterTour","description":"Reliez les Alternatives \u00e0 v\u00e9lo","potentialAction":[{"@type":"SearchAction","target":{"@type":"EntryPoint","urlTemplate":"https:\/\/www.altercampagne.net\/?s={search_term_string}"},"query-input":{"@type":"PropertyValueSpecification","valueRequired":true,"valueName":"search_term_string"}}],"inLanguage":"fr-FR"},{"@type":"Person","@id":"https:\/\/www.altercampagne.net\/#\/schema\/person\/0f261460c09e430caa0f9bcffa319109","name":"Mathieu","image":{"@type":"ImageObject","inLanguage":"fr-FR","@id":"https:\/\/secure.gravatar.com\/avatar\/aa9d3d24c83f2141e5e2709d0f63d09a99f6be6bb7a50abc4915838d9f54501a?s=96&d=mm&r=g","url":"https:\/\/secure.gravatar.com\/avatar\/aa9d3d24c83f2141e5e2709d0f63d09a99f6be6bb7a50abc4915838d9f54501a?s=96&d=mm&r=g","contentUrl":"https:\/\/secure.gravatar.com\/avatar\/aa9d3d24c83f2141e5e2709d0f63d09a99f6be6bb7a50abc4915838d9f54501a?s=96&d=mm&r=g","caption":"Mathieu"},"url":"https:\/\/www.altercampagne.net\/?author=214"}]}},"_links":{"self":[{"href":"https:\/\/www.altercampagne.net\/index.php?rest_route=\/wp\/v2\/posts\/4196","targetHints":{"allow":["GET"]}}],"collection":[{"href":"https:\/\/www.altercampagne.net\/index.php?rest_route=\/wp\/v2\/posts"}],"about":[{"href":"https:\/\/www.altercampagne.net\/index.php?rest_route=\/wp\/v2\/types\/post"}],"author":[{"embeddable":true,"href":"https:\/\/www.altercampagne.net\/index.php?rest_route=\/wp\/v2\/users\/214"}],"replies":[{"embeddable":true,"href":"https:\/\/www.altercampagne.net\/index.php?rest_route=%2Fwp%2Fv2%2Fcomments&post=4196"}],"version-history":[{"count":0,"href":"https:\/\/www.altercampagne.net\/index.php?rest_route=\/wp\/v2\/posts\/4196\/revisions"}],"wp:attachment":[{"href":"https:\/\/www.altercampagne.net\/index.php?rest_route=%2Fwp%2Fv2%2Fmedia&parent=4196"}],"wp:term":[{"taxonomy":"category","embeddable":true,"href":"https:\/\/www.altercampagne.net\/index.php?rest_route=%2Fwp%2Fv2%2Fcategories&post=4196"},{"taxonomy":"post_tag","embeddable":true,"href":"https:\/\/www.altercampagne.net\/index.php?rest_route=%2Fwp%2Fv2%2Ftags&post=4196"}],"curies":[{"name":"wp","href":"https:\/\/api.w.org\/{rel}","templated":true}]}}