{"id":4199,"date":"2012-08-19T11:03:18","date_gmt":"2012-08-19T09:03:18","guid":{"rendered":"http:\/\/www.altercampagne.net\/?p=4199"},"modified":"2016-04-14T11:08:34","modified_gmt":"2016-04-14T09:08:34","slug":"bedous-le-final-de-laltertour-2012","status":"publish","type":"post","link":"https:\/\/www.altercampagne.net\/?p=4199","title":{"rendered":"Bedous : le final de l&rsquo;AlterTour 2012"},"content":{"rendered":"<p class=\"Style153\" align=\"justify\"><img loading=\"lazy\" decoding=\"async\" class=\" alignleft\" src=\"http:\/\/accous.blogs.larepubliquedespyrenees.fr\/media\/02\/02\/628412367.jpg\" alt=\"\" width=\"500\" height=\"375\" \/>La chaleur n&rsquo;a pas eu prise sur les alter-cyclistes qui ont achev\u00e9 \u00e0 Bedous samedi leur circuit de 5 semaines en v\u00e9lo.<\/p>\n<p class=\"Style153\" align=\"justify\">D\u00e9couvrant des initiatives solidaires tout au long de leur p\u00e9riple, ils avaient fait une halte \u00e0 Gey rencontrer Jean-Jo\u00ebl Torregrosa qui a repris l&rsquo;exploitation de Muriel et G\u00e9rard avec le soutien du GFAM (Groupement Foncier Agricole Mutuel) du B\u00e9arn.<\/p>\n<p class=\"Style153\" align=\"justify\">En d\u00e9but de soir\u00e9e, un \u00e9change s&rsquo;est ouvert au frais sous la halle, avec les aspois pr\u00e9sents, principalement des membres des associations accueillantes, le GFAM, les Phonies Berg\u00e8res et Aspe Solidaire.<\/p>\n<p class=\"Style153\" align=\"justify\">Accueillis par le maire de Bedous, Henri Bellegarde, les alter-cyclistes se sont interrog\u00e9s comment on pouvait vivre dans une vall\u00e9e si \u00e9tendue avec 2700 habitants.<\/p>\n<p class=\"Style153\" align=\"justify\"><em>\u00ab\u00a0Et bien oui, nous avons deux m\u00e9decins, un projet de maison de la sant\u00e9, un cabinet d&rsquo;infirmi\u00e8res, des artisans qui ont fait le choix de s&rsquo;installer dans la vall\u00e9e\u00a0\u00bb<\/em>\u00a0ont affirm\u00e9 les aspois. B\u00e9mol, les transports\u00a0<em>\u00ab\u00a0le projet de r\u00e9ouverture de la voie ferr\u00e9e n&rsquo;est pas un projet pour les populations puisque le choix est de ne pas faire des arr\u00eats dans les villages, \u00e0 Asasp, Sarrance<\/em>\u00a0\u00bb a rappel\u00e9 Muriel.<\/p>\n<p class=\"Style153\" align=\"justify\"><img loading=\"lazy\" decoding=\"async\" class=\" alignright\" src=\"http:\/\/accous.blogs.larepubliquedespyrenees.fr\/media\/00\/02\/678084488.jpg\" alt=\"\" width=\"240\" height=\"180\" \/>Eric P\u00e9tetin a fait une apparition rapide pour rappeler l&rsquo;existence de la Goutte d&rsquo;Eau\u00a0<em>\u00ab\u00a0des ch\u00f4meurs qui ont r\u00e9quisitionn\u00e9 un b\u00e2timent de RFF, mais on est rejet\u00e9 par la population locale, nous somme les cagots modernes\u00a0\u00bb<\/em> devait lancer l&rsquo;indien, avant de repartir tranquillement.<\/p>\n<p class=\"Style153\" align=\"justify\">Jean-Louis Miramon a pr\u00e9sent\u00e9 la d\u00e9marche de SAS Graine, mis en place par des agriculteurs pour \u00a0soutenir des jeunes ayant un projet avec la gestion d&rsquo;une couveuse d&rsquo;entreprise agricole de proximit\u00e9.<\/p>\n<p class=\"Style153\" align=\"justify\">Avant d&rsquo;attaquer l&rsquo;ap\u00e9ritif, les Alter-cyclistes ont ouvert \u00ab\u00a0la cri\u00e9e\u00a0\u00bb, une petite bo\u00eete o\u00f9 chacun \u00e9crit son petit billet d&rsquo;humeur ou coup de c\u0153ur. Globalement, la richesse des \u00e9changes, la solidarit\u00e9, ont pris le pas sur les difficult\u00e9s de la route, les cha\u00eenes de v\u00e9los qui annoncent qu&rsquo;elles vont sauter, en couinant dans la mont\u00e9e, mais aussi pour am\u00e9liorer l&rsquo;ordinaire \u00a0<em>\u00a0\u00bb \u00e0 quand un four solaire pour faire un crumble avec les fruits des bords des routes ?\u00a0\u00bb<\/em><\/p>\n<p class=\"Style153\" align=\"justify\">Source : <a href=\"http:\/\/accous.blogs.larepubliquedespyrenees.fr\/archive\/2012\/08\/19\/bedous-le-final-de-l-alter-tour-2012.html\" target=\"_blank\">http:\/\/accous.blogs.larepubliquedespyrenees.fr\/archive\/2012\/08\/19\/bedous-le-final-de-l-alter-tour-2012.html<\/a><\/p>\n","protected":false},"excerpt":{"rendered":"<p>La chaleur n&rsquo;a pas eu prise sur les alter-cyclistes qui ont achev\u00e9 \u00e0 Bedous samedi leur circuit de 5 semaines en v\u00e9lo. D\u00e9couvrant des initiatives solidaires tout au long de leur p\u00e9riple, ils avaient fait une halte \u00e0 Gey rencontrer Jean-Jo\u00ebl Torregrosa qui a repris l&rsquo;exploitation de Muriel et G\u00e9rard &#8230; <\/p>\n<div><a href=\"https:\/\/www.altercampagne.net\/?p=4199\" class=\"more-link\">Read More<\/a><\/div>\n","protected":false},"author":214,"featured_media":0,"comment_status":"closed","ping_status":"closed","sticky":false,"template":"","format":"standard","meta":{"footnotes":""},"categories":[239],"tags":[852,892,1148,1150,1154,1814,1815,1816,1817,1818,1819,1820,1826,1827,1828],"class_list":["post-4199","post","type-post","status-publish","format-standard","hentry","category-revue-de-presse","tag-altertour-2012","tag-aquitaine","tag-bedous","tag-phonies-bergeres","tag-gfam-du-bearn","tag-1814","tag-pyrenees-atlantiques","tag-gey","tag-jean-joel-torregrosa","tag-aspe-solidaire","tag-henri-bellegarde","tag-jean-louis-miramon","tag-eric-petetin","tag-la-goutte-deau","tag-sas-graine","no-post-thumbnail"],"yoast_head":"<!-- This site is optimized with the Yoast SEO plugin v27.3 - https:\/\/yoast.com\/product\/yoast-seo-wordpress\/ -->\n<title>Bedous : le final de l&#039;AlterTour 2012 - AlterTour<\/title>\n<meta name=\"robots\" content=\"index, follow, max-snippet:-1, max-image-preview:large, max-video-preview:-1\" \/>\n<link rel=\"canonical\" href=\"https:\/\/www.altercampagne.net\/?p=4199\" \/>\n<meta property=\"og:locale\" content=\"fr_FR\" \/>\n<meta property=\"og:type\" content=\"article\" \/>\n<meta property=\"og:title\" content=\"Bedous : le final de l&#039;AlterTour 2012 - AlterTour\" \/>\n<meta property=\"og:description\" content=\"La chaleur n&rsquo;a pas eu prise sur les alter-cyclistes qui ont achev\u00e9 \u00e0 Bedous samedi leur circuit de 5 semaines en v\u00e9lo. D\u00e9couvrant des initiatives solidaires tout au long de leur p\u00e9riple, ils avaient fait une halte \u00e0 Gey rencontrer Jean-Jo\u00ebl Torregrosa qui a repris l&rsquo;exploitation de Muriel et G\u00e9rard ... Read More\" \/>\n<meta property=\"og:url\" content=\"https:\/\/www.altercampagne.net\/?p=4199\" \/>\n<meta property=\"og:site_name\" content=\"AlterTour\" \/>\n<meta property=\"article:published_time\" content=\"2012-08-19T09:03:18+00:00\" \/>\n<meta property=\"article:modified_time\" content=\"2016-04-14T09:08:34+00:00\" \/>\n<meta property=\"og:image\" content=\"http:\/\/accous.blogs.larepubliquedespyrenees.fr\/media\/02\/02\/628412367.jpg\" \/>\n<meta name=\"author\" content=\"Mathieu\" \/>\n<meta name=\"twitter:card\" content=\"summary_large_image\" \/>\n<meta name=\"twitter:label1\" content=\"\u00c9crit par\" \/>\n\t<meta name=\"twitter:data1\" content=\"Mathieu\" \/>\n\t<meta name=\"twitter:label2\" content=\"Dur\u00e9e de lecture estim\u00e9e\" \/>\n\t<meta name=\"twitter:data2\" content=\"2 minutes\" \/>\n<script type=\"application\/ld+json\" class=\"yoast-schema-graph\">{\"@context\":\"https:\\\/\\\/schema.org\",\"@graph\":[{\"@type\":\"Article\",\"@id\":\"https:\\\/\\\/www.altercampagne.net\\\/?p=4199#article\",\"isPartOf\":{\"@id\":\"https:\\\/\\\/www.altercampagne.net\\\/?p=4199\"},\"author\":{\"name\":\"Mathieu\",\"@id\":\"https:\\\/\\\/www.altercampagne.net\\\/#\\\/schema\\\/person\\\/0f261460c09e430caa0f9bcffa319109\"},\"headline\":\"Bedous : le final de l&rsquo;AlterTour 2012\",\"datePublished\":\"2012-08-19T09:03:18+00:00\",\"dateModified\":\"2016-04-14T09:08:34+00:00\",\"mainEntityOfPage\":{\"@id\":\"https:\\\/\\\/www.altercampagne.net\\\/?p=4199\"},\"wordCount\":395,\"image\":{\"@id\":\"https:\\\/\\\/www.altercampagne.net\\\/?p=4199#primaryimage\"},\"thumbnailUrl\":\"http:\\\/\\\/accous.blogs.larepubliquedespyrenees.fr\\\/media\\\/02\\\/02\\\/628412367.jpg\",\"keywords\":[\"AlterTour 2012\",\"Aquitaine\",\"Bedous\",\"Phonies Berg\u00e8res\",\"GFAM du B\u00e9arn\",\"2012\",\"Pyr\u00e9n\u00e9es-Atlantiques\",\"Gey\",\"Jean-Jo\u00ebl Torregrosa\",\"Aspe Solidaire\",\"Henri Bellegarde\",\"Jean-Louis Miramon\",\"Eric P\u00e9tetin\",\"la Goutte d'Eau\",\"SAS Graine\"],\"articleSection\":[\"Revue de presse\"],\"inLanguage\":\"fr-FR\"},{\"@type\":\"WebPage\",\"@id\":\"https:\\\/\\\/www.altercampagne.net\\\/?p=4199\",\"url\":\"https:\\\/\\\/www.altercampagne.net\\\/?p=4199\",\"name\":\"Bedous : le final de l'AlterTour 2012 - AlterTour\",\"isPartOf\":{\"@id\":\"https:\\\/\\\/www.altercampagne.net\\\/#website\"},\"primaryImageOfPage\":{\"@id\":\"https:\\\/\\\/www.altercampagne.net\\\/?p=4199#primaryimage\"},\"image\":{\"@id\":\"https:\\\/\\\/www.altercampagne.net\\\/?p=4199#primaryimage\"},\"thumbnailUrl\":\"http:\\\/\\\/accous.blogs.larepubliquedespyrenees.fr\\\/media\\\/02\\\/02\\\/628412367.jpg\",\"datePublished\":\"2012-08-19T09:03:18+00:00\",\"dateModified\":\"2016-04-14T09:08:34+00:00\",\"author\":{\"@id\":\"https:\\\/\\\/www.altercampagne.net\\\/#\\\/schema\\\/person\\\/0f261460c09e430caa0f9bcffa319109\"},\"breadcrumb\":{\"@id\":\"https:\\\/\\\/www.altercampagne.net\\\/?p=4199#breadcrumb\"},\"inLanguage\":\"fr-FR\",\"potentialAction\":[{\"@type\":\"ReadAction\",\"target\":[\"https:\\\/\\\/www.altercampagne.net\\\/?p=4199\"]}]},{\"@type\":\"ImageObject\",\"inLanguage\":\"fr-FR\",\"@id\":\"https:\\\/\\\/www.altercampagne.net\\\/?p=4199#primaryimage\",\"url\":\"http:\\\/\\\/accous.blogs.larepubliquedespyrenees.fr\\\/media\\\/02\\\/02\\\/628412367.jpg\",\"contentUrl\":\"http:\\\/\\\/accous.blogs.larepubliquedespyrenees.fr\\\/media\\\/02\\\/02\\\/628412367.jpg\"},{\"@type\":\"BreadcrumbList\",\"@id\":\"https:\\\/\\\/www.altercampagne.net\\\/?p=4199#breadcrumb\",\"itemListElement\":[{\"@type\":\"ListItem\",\"position\":1,\"name\":\"Accueil\",\"item\":\"https:\\\/\\\/www.altercampagne.net\\\/\"},{\"@type\":\"ListItem\",\"position\":2,\"name\":\"Bedous : le final de l&rsquo;AlterTour 2012\"}]},{\"@type\":\"WebSite\",\"@id\":\"https:\\\/\\\/www.altercampagne.net\\\/#website\",\"url\":\"https:\\\/\\\/www.altercampagne.net\\\/\",\"name\":\"AlterTour\",\"description\":\"Reliez les Alternatives \u00e0 v\u00e9lo\",\"potentialAction\":[{\"@type\":\"SearchAction\",\"target\":{\"@type\":\"EntryPoint\",\"urlTemplate\":\"https:\\\/\\\/www.altercampagne.net\\\/?s={search_term_string}\"},\"query-input\":{\"@type\":\"PropertyValueSpecification\",\"valueRequired\":true,\"valueName\":\"search_term_string\"}}],\"inLanguage\":\"fr-FR\"},{\"@type\":\"Person\",\"@id\":\"https:\\\/\\\/www.altercampagne.net\\\/#\\\/schema\\\/person\\\/0f261460c09e430caa0f9bcffa319109\",\"name\":\"Mathieu\",\"image\":{\"@type\":\"ImageObject\",\"inLanguage\":\"fr-FR\",\"@id\":\"https:\\\/\\\/secure.gravatar.com\\\/avatar\\\/aa9d3d24c83f2141e5e2709d0f63d09a99f6be6bb7a50abc4915838d9f54501a?s=96&d=mm&r=g\",\"url\":\"https:\\\/\\\/secure.gravatar.com\\\/avatar\\\/aa9d3d24c83f2141e5e2709d0f63d09a99f6be6bb7a50abc4915838d9f54501a?s=96&d=mm&r=g\",\"contentUrl\":\"https:\\\/\\\/secure.gravatar.com\\\/avatar\\\/aa9d3d24c83f2141e5e2709d0f63d09a99f6be6bb7a50abc4915838d9f54501a?s=96&d=mm&r=g\",\"caption\":\"Mathieu\"},\"url\":\"https:\\\/\\\/www.altercampagne.net\\\/?author=214\"}]}<\/script>\n<!-- \/ Yoast SEO plugin. -->","yoast_head_json":{"title":"Bedous : le final de l'AlterTour 2012 - AlterTour","robots":{"index":"index","follow":"follow","max-snippet":"max-snippet:-1","max-image-preview":"max-image-preview:large","max-video-preview":"max-video-preview:-1"},"canonical":"https:\/\/www.altercampagne.net\/?p=4199","og_locale":"fr_FR","og_type":"article","og_title":"Bedous : le final de l'AlterTour 2012 - AlterTour","og_description":"La chaleur n&rsquo;a pas eu prise sur les alter-cyclistes qui ont achev\u00e9 \u00e0 Bedous samedi leur circuit de 5 semaines en v\u00e9lo. D\u00e9couvrant des initiatives solidaires tout au long de leur p\u00e9riple, ils avaient fait une halte \u00e0 Gey rencontrer Jean-Jo\u00ebl Torregrosa qui a repris l&rsquo;exploitation de Muriel et G\u00e9rard ... Read More","og_url":"https:\/\/www.altercampagne.net\/?p=4199","og_site_name":"AlterTour","article_published_time":"2012-08-19T09:03:18+00:00","article_modified_time":"2016-04-14T09:08:34+00:00","og_image":[{"url":"http:\/\/accous.blogs.larepubliquedespyrenees.fr\/media\/02\/02\/628412367.jpg","type":"","width":"","height":""}],"author":"Mathieu","twitter_card":"summary_large_image","twitter_misc":{"\u00c9crit par":"Mathieu","Dur\u00e9e de lecture estim\u00e9e":"2 minutes"},"schema":{"@context":"https:\/\/schema.org","@graph":[{"@type":"Article","@id":"https:\/\/www.altercampagne.net\/?p=4199#article","isPartOf":{"@id":"https:\/\/www.altercampagne.net\/?p=4199"},"author":{"name":"Mathieu","@id":"https:\/\/www.altercampagne.net\/#\/schema\/person\/0f261460c09e430caa0f9bcffa319109"},"headline":"Bedous : le final de l&rsquo;AlterTour 2012","datePublished":"2012-08-19T09:03:18+00:00","dateModified":"2016-04-14T09:08:34+00:00","mainEntityOfPage":{"@id":"https:\/\/www.altercampagne.net\/?p=4199"},"wordCount":395,"image":{"@id":"https:\/\/www.altercampagne.net\/?p=4199#primaryimage"},"thumbnailUrl":"http:\/\/accous.blogs.larepubliquedespyrenees.fr\/media\/02\/02\/628412367.jpg","keywords":["AlterTour 2012","Aquitaine","Bedous","Phonies Berg\u00e8res","GFAM du B\u00e9arn","2012","Pyr\u00e9n\u00e9es-Atlantiques","Gey","Jean-Jo\u00ebl Torregrosa","Aspe Solidaire","Henri Bellegarde","Jean-Louis Miramon","Eric P\u00e9tetin","la Goutte d'Eau","SAS Graine"],"articleSection":["Revue de presse"],"inLanguage":"fr-FR"},{"@type":"WebPage","@id":"https:\/\/www.altercampagne.net\/?p=4199","url":"https:\/\/www.altercampagne.net\/?p=4199","name":"Bedous : le final de l'AlterTour 2012 - AlterTour","isPartOf":{"@id":"https:\/\/www.altercampagne.net\/#website"},"primaryImageOfPage":{"@id":"https:\/\/www.altercampagne.net\/?p=4199#primaryimage"},"image":{"@id":"https:\/\/www.altercampagne.net\/?p=4199#primaryimage"},"thumbnailUrl":"http:\/\/accous.blogs.larepubliquedespyrenees.fr\/media\/02\/02\/628412367.jpg","datePublished":"2012-08-19T09:03:18+00:00","dateModified":"2016-04-14T09:08:34+00:00","author":{"@id":"https:\/\/www.altercampagne.net\/#\/schema\/person\/0f261460c09e430caa0f9bcffa319109"},"breadcrumb":{"@id":"https:\/\/www.altercampagne.net\/?p=4199#breadcrumb"},"inLanguage":"fr-FR","potentialAction":[{"@type":"ReadAction","target":["https:\/\/www.altercampagne.net\/?p=4199"]}]},{"@type":"ImageObject","inLanguage":"fr-FR","@id":"https:\/\/www.altercampagne.net\/?p=4199#primaryimage","url":"http:\/\/accous.blogs.larepubliquedespyrenees.fr\/media\/02\/02\/628412367.jpg","contentUrl":"http:\/\/accous.blogs.larepubliquedespyrenees.fr\/media\/02\/02\/628412367.jpg"},{"@type":"BreadcrumbList","@id":"https:\/\/www.altercampagne.net\/?p=4199#breadcrumb","itemListElement":[{"@type":"ListItem","position":1,"name":"Accueil","item":"https:\/\/www.altercampagne.net\/"},{"@type":"ListItem","position":2,"name":"Bedous : le final de l&rsquo;AlterTour 2012"}]},{"@type":"WebSite","@id":"https:\/\/www.altercampagne.net\/#website","url":"https:\/\/www.altercampagne.net\/","name":"AlterTour","description":"Reliez les Alternatives \u00e0 v\u00e9lo","potentialAction":[{"@type":"SearchAction","target":{"@type":"EntryPoint","urlTemplate":"https:\/\/www.altercampagne.net\/?s={search_term_string}"},"query-input":{"@type":"PropertyValueSpecification","valueRequired":true,"valueName":"search_term_string"}}],"inLanguage":"fr-FR"},{"@type":"Person","@id":"https:\/\/www.altercampagne.net\/#\/schema\/person\/0f261460c09e430caa0f9bcffa319109","name":"Mathieu","image":{"@type":"ImageObject","inLanguage":"fr-FR","@id":"https:\/\/secure.gravatar.com\/avatar\/aa9d3d24c83f2141e5e2709d0f63d09a99f6be6bb7a50abc4915838d9f54501a?s=96&d=mm&r=g","url":"https:\/\/secure.gravatar.com\/avatar\/aa9d3d24c83f2141e5e2709d0f63d09a99f6be6bb7a50abc4915838d9f54501a?s=96&d=mm&r=g","contentUrl":"https:\/\/secure.gravatar.com\/avatar\/aa9d3d24c83f2141e5e2709d0f63d09a99f6be6bb7a50abc4915838d9f54501a?s=96&d=mm&r=g","caption":"Mathieu"},"url":"https:\/\/www.altercampagne.net\/?author=214"}]}},"_links":{"self":[{"href":"https:\/\/www.altercampagne.net\/index.php?rest_route=\/wp\/v2\/posts\/4199","targetHints":{"allow":["GET"]}}],"collection":[{"href":"https:\/\/www.altercampagne.net\/index.php?rest_route=\/wp\/v2\/posts"}],"about":[{"href":"https:\/\/www.altercampagne.net\/index.php?rest_route=\/wp\/v2\/types\/post"}],"author":[{"embeddable":true,"href":"https:\/\/www.altercampagne.net\/index.php?rest_route=\/wp\/v2\/users\/214"}],"replies":[{"embeddable":true,"href":"https:\/\/www.altercampagne.net\/index.php?rest_route=%2Fwp%2Fv2%2Fcomments&post=4199"}],"version-history":[{"count":0,"href":"https:\/\/www.altercampagne.net\/index.php?rest_route=\/wp\/v2\/posts\/4199\/revisions"}],"wp:attachment":[{"href":"https:\/\/www.altercampagne.net\/index.php?rest_route=%2Fwp%2Fv2%2Fmedia&parent=4199"}],"wp:term":[{"taxonomy":"category","embeddable":true,"href":"https:\/\/www.altercampagne.net\/index.php?rest_route=%2Fwp%2Fv2%2Fcategories&post=4199"},{"taxonomy":"post_tag","embeddable":true,"href":"https:\/\/www.altercampagne.net\/index.php?rest_route=%2Fwp%2Fv2%2Ftags&post=4199"}],"curies":[{"name":"wp","href":"https:\/\/api.w.org\/{rel}","templated":true}]}}