{"id":4201,"date":"2012-08-19T11:08:55","date_gmt":"2012-08-19T09:08:55","guid":{"rendered":"http:\/\/www.altercampagne.net\/?p=4201"},"modified":"2016-04-14T11:12:46","modified_gmt":"2016-04-14T09:12:46","slug":"montaut-laltertour-chez-remy-peres","status":"publish","type":"post","link":"https:\/\/www.altercampagne.net\/?p=4201","title":{"rendered":"Montaut. L&rsquo;AlterTour chez Remy Peres"},"content":{"rendered":"<p class=\"Style153\" align=\"justify\"><img loading=\"lazy\" decoding=\"async\" class=\" alignleft\" src=\"http:\/\/static.ladepeche.fr\/content\/photo\/biz\/2012\/08\/19\/201208190938_w350.jpg\" alt=\"\" width=\"350\" height=\"191\" \/>Depuis que Remy Peres a restaur\u00e9 sa maison ancienne avec des mat\u00e9riaux \u00e9cologiques et traditionnels de grande qualit\u00e9, qu&rsquo;il s&rsquo;y sent bien, l&rsquo;id\u00e9e lui est venue de cr\u00e9er sa propre entreprise et de fabriquer \u00e0 son tour des mat\u00e9riaux respirants (brique de terre cuite ou crue). Aujourd&rsquo;hui il est associ\u00e9 avec Annie Poulin. Il a un employ\u00e9 Antoine Janssen.<\/p>\n<p class=\"Style153\" align=\"justify\">Ces derniers jours, l&rsquo;AlterTour est venu \u00e0 la rencontre de Remy Peres. Il rassemble des hommes et femmes de diff\u00e9rentes r\u00e9gions de France, mais aussi d&rsquo;Europe (Allemands, Belges, Suisses, Espagnols), dont le moyen de locomotion est la bicyclette. \u00abNous allons \u00e0 la rencontre d&rsquo;associations, de collectif, de personnes exp\u00e9rimentant d&rsquo;autres modes de vie et de production (\u00e9nergies alternatives, recyclages, \u00e9ducation \u00e0 l&rsquo;environnement et \u00e0 la d\u00e9croissance.)<\/p>\n<p class=\"Style153\" align=\"justify\">Nous voulons une plan\u00e8te moins dop\u00e9e, nous exp\u00e9rimentons l&rsquo;autogestion, qu&rsquo;est-ce qui pourrait \u00e9voluer dans la soci\u00e9t\u00e9, nous prenons les bonnes id\u00e9es chez les uns et les autres\u00bb, disent-ils. L&rsquo;entreprise de Remy Per\u00e8s, <span class=\"st\">Astarac Patrimoine Innovation<\/span>, les a int\u00e9ress\u00e9s, ils y ont fait \u00e9tape une soir\u00e9e venant de Isle Arn\u00e9, se dirigeant vers Pau.<\/p>\n<p class=\"Style153\" align=\"justify\">Annie Poulin leur a pr\u00e9sent\u00e9 l&rsquo;entreprise et une construction en cours m\u00ealant pierre, terre, chaux, roseau et bois, ce qui correspondait en tous points de vue \u00e0 l&rsquo;id\u00e9e qu&rsquo;ils se faisaient de l&rsquo;environnement. Les fanions de leurs bicyclettes donnaient une id\u00e9e de leur vision du monde : \u00abLa Paix, antinucl\u00e9aire, une voiture non merci j&rsquo;ai un v\u00e9lo.\u00bb<\/p>\n<p class=\"Style153\" align=\"right\">La D\u00e9p\u00eache du Midi<\/p>\n<p class=\"Style153\" style=\"text-align: left;\" align=\"right\">Source : <a href=\"http:\/\/www.ladepeche.fr\/article\/2012\/08\/19\/1421274-montaut-l-alter-tour-chez-remy-peres.html\" target=\"_blank\">http:\/\/www.ladepeche.fr\/article\/2012\/08\/19\/1421274-montaut-l-alter-tour-chez-remy-peres.html<\/a><\/p>\n","protected":false},"excerpt":{"rendered":"<p>Depuis que Remy Peres a restaur\u00e9 sa maison ancienne avec des mat\u00e9riaux \u00e9cologiques et traditionnels de grande qualit\u00e9, qu&rsquo;il s&rsquo;y sent bien, l&rsquo;id\u00e9e lui est venue de cr\u00e9er sa propre entreprise et de fabriquer \u00e0 son tour des mat\u00e9riaux respirants (brique de terre cuite ou crue). Aujourd&rsquo;hui il est associ\u00e9 &#8230; <\/p>\n<div><a href=\"https:\/\/www.altercampagne.net\/?p=4201\" class=\"more-link\">Read More<\/a><\/div>\n","protected":false},"author":214,"featured_media":0,"comment_status":"closed","ping_status":"closed","sticky":false,"template":"","format":"standard","meta":{"footnotes":""},"categories":[239],"tags":[852,892,1162,1814,1815,1829,1830,1831,1832,1833],"class_list":["post-4201","post","type-post","status-publish","format-standard","hentry","category-revue-de-presse","tag-altertour-2012","tag-aquitaine","tag-montaut","tag-1814","tag-pyrenees-atlantiques","tag-remy-peres","tag-annie-poulin","tag-antoine-janssen","tag-astarac-patrimoine-innovation","tag-isle-arne","no-post-thumbnail"],"yoast_head":"<!-- This site is optimized with the Yoast SEO plugin v27.3 - https:\/\/yoast.com\/product\/yoast-seo-wordpress\/ -->\n<title>Montaut. L&#039;AlterTour chez Remy Peres - AlterTour<\/title>\n<meta name=\"robots\" content=\"index, follow, max-snippet:-1, max-image-preview:large, max-video-preview:-1\" \/>\n<link rel=\"canonical\" href=\"https:\/\/www.altercampagne.net\/?p=4201\" \/>\n<meta property=\"og:locale\" content=\"fr_FR\" \/>\n<meta property=\"og:type\" content=\"article\" \/>\n<meta property=\"og:title\" content=\"Montaut. L&#039;AlterTour chez Remy Peres - AlterTour\" \/>\n<meta property=\"og:description\" content=\"Depuis que Remy Peres a restaur\u00e9 sa maison ancienne avec des mat\u00e9riaux \u00e9cologiques et traditionnels de grande qualit\u00e9, qu&rsquo;il s&rsquo;y sent bien, l&rsquo;id\u00e9e lui est venue de cr\u00e9er sa propre entreprise et de fabriquer \u00e0 son tour des mat\u00e9riaux respirants (brique de terre cuite ou crue). Aujourd&rsquo;hui il est associ\u00e9 ... Read More\" \/>\n<meta property=\"og:url\" content=\"https:\/\/www.altercampagne.net\/?p=4201\" \/>\n<meta property=\"og:site_name\" content=\"AlterTour\" \/>\n<meta property=\"article:published_time\" content=\"2012-08-19T09:08:55+00:00\" \/>\n<meta property=\"article:modified_time\" content=\"2016-04-14T09:12:46+00:00\" \/>\n<meta property=\"og:image\" content=\"http:\/\/static.ladepeche.fr\/content\/photo\/biz\/2012\/08\/19\/201208190938_w350.jpg\" \/>\n<meta name=\"author\" content=\"Mathieu\" \/>\n<meta name=\"twitter:card\" content=\"summary_large_image\" \/>\n<meta name=\"twitter:label1\" content=\"\u00c9crit par\" \/>\n\t<meta name=\"twitter:data1\" content=\"Mathieu\" \/>\n\t<meta name=\"twitter:label2\" content=\"Dur\u00e9e de lecture estim\u00e9e\" \/>\n\t<meta name=\"twitter:data2\" content=\"1 minute\" \/>\n<script type=\"application\/ld+json\" class=\"yoast-schema-graph\">{\"@context\":\"https:\\\/\\\/schema.org\",\"@graph\":[{\"@type\":\"Article\",\"@id\":\"https:\\\/\\\/www.altercampagne.net\\\/?p=4201#article\",\"isPartOf\":{\"@id\":\"https:\\\/\\\/www.altercampagne.net\\\/?p=4201\"},\"author\":{\"name\":\"Mathieu\",\"@id\":\"https:\\\/\\\/www.altercampagne.net\\\/#\\\/schema\\\/person\\\/0f261460c09e430caa0f9bcffa319109\"},\"headline\":\"Montaut. L&rsquo;AlterTour chez Remy Peres\",\"datePublished\":\"2012-08-19T09:08:55+00:00\",\"dateModified\":\"2016-04-14T09:12:46+00:00\",\"mainEntityOfPage\":{\"@id\":\"https:\\\/\\\/www.altercampagne.net\\\/?p=4201\"},\"wordCount\":288,\"image\":{\"@id\":\"https:\\\/\\\/www.altercampagne.net\\\/?p=4201#primaryimage\"},\"thumbnailUrl\":\"http:\\\/\\\/static.ladepeche.fr\\\/content\\\/photo\\\/biz\\\/2012\\\/08\\\/19\\\/201208190938_w350.jpg\",\"keywords\":[\"AlterTour 2012\",\"Aquitaine\",\"Montaut\",\"2012\",\"Pyr\u00e9n\u00e9es-Atlantiques\",\"Remy Peres\",\"Annie Poulin\",\"Antoine Janssen\",\"Astarac Patrimoine Innovation\",\"Isle Arn\u00e9\"],\"articleSection\":[\"Revue de presse\"],\"inLanguage\":\"fr-FR\"},{\"@type\":\"WebPage\",\"@id\":\"https:\\\/\\\/www.altercampagne.net\\\/?p=4201\",\"url\":\"https:\\\/\\\/www.altercampagne.net\\\/?p=4201\",\"name\":\"Montaut. L'AlterTour chez Remy Peres - AlterTour\",\"isPartOf\":{\"@id\":\"https:\\\/\\\/www.altercampagne.net\\\/#website\"},\"primaryImageOfPage\":{\"@id\":\"https:\\\/\\\/www.altercampagne.net\\\/?p=4201#primaryimage\"},\"image\":{\"@id\":\"https:\\\/\\\/www.altercampagne.net\\\/?p=4201#primaryimage\"},\"thumbnailUrl\":\"http:\\\/\\\/static.ladepeche.fr\\\/content\\\/photo\\\/biz\\\/2012\\\/08\\\/19\\\/201208190938_w350.jpg\",\"datePublished\":\"2012-08-19T09:08:55+00:00\",\"dateModified\":\"2016-04-14T09:12:46+00:00\",\"author\":{\"@id\":\"https:\\\/\\\/www.altercampagne.net\\\/#\\\/schema\\\/person\\\/0f261460c09e430caa0f9bcffa319109\"},\"breadcrumb\":{\"@id\":\"https:\\\/\\\/www.altercampagne.net\\\/?p=4201#breadcrumb\"},\"inLanguage\":\"fr-FR\",\"potentialAction\":[{\"@type\":\"ReadAction\",\"target\":[\"https:\\\/\\\/www.altercampagne.net\\\/?p=4201\"]}]},{\"@type\":\"ImageObject\",\"inLanguage\":\"fr-FR\",\"@id\":\"https:\\\/\\\/www.altercampagne.net\\\/?p=4201#primaryimage\",\"url\":\"http:\\\/\\\/static.ladepeche.fr\\\/content\\\/photo\\\/biz\\\/2012\\\/08\\\/19\\\/201208190938_w350.jpg\",\"contentUrl\":\"http:\\\/\\\/static.ladepeche.fr\\\/content\\\/photo\\\/biz\\\/2012\\\/08\\\/19\\\/201208190938_w350.jpg\"},{\"@type\":\"BreadcrumbList\",\"@id\":\"https:\\\/\\\/www.altercampagne.net\\\/?p=4201#breadcrumb\",\"itemListElement\":[{\"@type\":\"ListItem\",\"position\":1,\"name\":\"Accueil\",\"item\":\"https:\\\/\\\/www.altercampagne.net\\\/\"},{\"@type\":\"ListItem\",\"position\":2,\"name\":\"Montaut. L&rsquo;AlterTour chez Remy Peres\"}]},{\"@type\":\"WebSite\",\"@id\":\"https:\\\/\\\/www.altercampagne.net\\\/#website\",\"url\":\"https:\\\/\\\/www.altercampagne.net\\\/\",\"name\":\"AlterTour\",\"description\":\"Reliez les Alternatives \u00e0 v\u00e9lo\",\"potentialAction\":[{\"@type\":\"SearchAction\",\"target\":{\"@type\":\"EntryPoint\",\"urlTemplate\":\"https:\\\/\\\/www.altercampagne.net\\\/?s={search_term_string}\"},\"query-input\":{\"@type\":\"PropertyValueSpecification\",\"valueRequired\":true,\"valueName\":\"search_term_string\"}}],\"inLanguage\":\"fr-FR\"},{\"@type\":\"Person\",\"@id\":\"https:\\\/\\\/www.altercampagne.net\\\/#\\\/schema\\\/person\\\/0f261460c09e430caa0f9bcffa319109\",\"name\":\"Mathieu\",\"image\":{\"@type\":\"ImageObject\",\"inLanguage\":\"fr-FR\",\"@id\":\"https:\\\/\\\/secure.gravatar.com\\\/avatar\\\/aa9d3d24c83f2141e5e2709d0f63d09a99f6be6bb7a50abc4915838d9f54501a?s=96&d=mm&r=g\",\"url\":\"https:\\\/\\\/secure.gravatar.com\\\/avatar\\\/aa9d3d24c83f2141e5e2709d0f63d09a99f6be6bb7a50abc4915838d9f54501a?s=96&d=mm&r=g\",\"contentUrl\":\"https:\\\/\\\/secure.gravatar.com\\\/avatar\\\/aa9d3d24c83f2141e5e2709d0f63d09a99f6be6bb7a50abc4915838d9f54501a?s=96&d=mm&r=g\",\"caption\":\"Mathieu\"},\"url\":\"https:\\\/\\\/www.altercampagne.net\\\/?author=214\"}]}<\/script>\n<!-- \/ Yoast SEO plugin. -->","yoast_head_json":{"title":"Montaut. L'AlterTour chez Remy Peres - AlterTour","robots":{"index":"index","follow":"follow","max-snippet":"max-snippet:-1","max-image-preview":"max-image-preview:large","max-video-preview":"max-video-preview:-1"},"canonical":"https:\/\/www.altercampagne.net\/?p=4201","og_locale":"fr_FR","og_type":"article","og_title":"Montaut. L'AlterTour chez Remy Peres - AlterTour","og_description":"Depuis que Remy Peres a restaur\u00e9 sa maison ancienne avec des mat\u00e9riaux \u00e9cologiques et traditionnels de grande qualit\u00e9, qu&rsquo;il s&rsquo;y sent bien, l&rsquo;id\u00e9e lui est venue de cr\u00e9er sa propre entreprise et de fabriquer \u00e0 son tour des mat\u00e9riaux respirants (brique de terre cuite ou crue). Aujourd&rsquo;hui il est associ\u00e9 ... Read More","og_url":"https:\/\/www.altercampagne.net\/?p=4201","og_site_name":"AlterTour","article_published_time":"2012-08-19T09:08:55+00:00","article_modified_time":"2016-04-14T09:12:46+00:00","og_image":[{"url":"http:\/\/static.ladepeche.fr\/content\/photo\/biz\/2012\/08\/19\/201208190938_w350.jpg","type":"","width":"","height":""}],"author":"Mathieu","twitter_card":"summary_large_image","twitter_misc":{"\u00c9crit par":"Mathieu","Dur\u00e9e de lecture estim\u00e9e":"1 minute"},"schema":{"@context":"https:\/\/schema.org","@graph":[{"@type":"Article","@id":"https:\/\/www.altercampagne.net\/?p=4201#article","isPartOf":{"@id":"https:\/\/www.altercampagne.net\/?p=4201"},"author":{"name":"Mathieu","@id":"https:\/\/www.altercampagne.net\/#\/schema\/person\/0f261460c09e430caa0f9bcffa319109"},"headline":"Montaut. L&rsquo;AlterTour chez Remy Peres","datePublished":"2012-08-19T09:08:55+00:00","dateModified":"2016-04-14T09:12:46+00:00","mainEntityOfPage":{"@id":"https:\/\/www.altercampagne.net\/?p=4201"},"wordCount":288,"image":{"@id":"https:\/\/www.altercampagne.net\/?p=4201#primaryimage"},"thumbnailUrl":"http:\/\/static.ladepeche.fr\/content\/photo\/biz\/2012\/08\/19\/201208190938_w350.jpg","keywords":["AlterTour 2012","Aquitaine","Montaut","2012","Pyr\u00e9n\u00e9es-Atlantiques","Remy Peres","Annie Poulin","Antoine Janssen","Astarac Patrimoine Innovation","Isle Arn\u00e9"],"articleSection":["Revue de presse"],"inLanguage":"fr-FR"},{"@type":"WebPage","@id":"https:\/\/www.altercampagne.net\/?p=4201","url":"https:\/\/www.altercampagne.net\/?p=4201","name":"Montaut. L'AlterTour chez Remy Peres - AlterTour","isPartOf":{"@id":"https:\/\/www.altercampagne.net\/#website"},"primaryImageOfPage":{"@id":"https:\/\/www.altercampagne.net\/?p=4201#primaryimage"},"image":{"@id":"https:\/\/www.altercampagne.net\/?p=4201#primaryimage"},"thumbnailUrl":"http:\/\/static.ladepeche.fr\/content\/photo\/biz\/2012\/08\/19\/201208190938_w350.jpg","datePublished":"2012-08-19T09:08:55+00:00","dateModified":"2016-04-14T09:12:46+00:00","author":{"@id":"https:\/\/www.altercampagne.net\/#\/schema\/person\/0f261460c09e430caa0f9bcffa319109"},"breadcrumb":{"@id":"https:\/\/www.altercampagne.net\/?p=4201#breadcrumb"},"inLanguage":"fr-FR","potentialAction":[{"@type":"ReadAction","target":["https:\/\/www.altercampagne.net\/?p=4201"]}]},{"@type":"ImageObject","inLanguage":"fr-FR","@id":"https:\/\/www.altercampagne.net\/?p=4201#primaryimage","url":"http:\/\/static.ladepeche.fr\/content\/photo\/biz\/2012\/08\/19\/201208190938_w350.jpg","contentUrl":"http:\/\/static.ladepeche.fr\/content\/photo\/biz\/2012\/08\/19\/201208190938_w350.jpg"},{"@type":"BreadcrumbList","@id":"https:\/\/www.altercampagne.net\/?p=4201#breadcrumb","itemListElement":[{"@type":"ListItem","position":1,"name":"Accueil","item":"https:\/\/www.altercampagne.net\/"},{"@type":"ListItem","position":2,"name":"Montaut. L&rsquo;AlterTour chez Remy Peres"}]},{"@type":"WebSite","@id":"https:\/\/www.altercampagne.net\/#website","url":"https:\/\/www.altercampagne.net\/","name":"AlterTour","description":"Reliez les Alternatives \u00e0 v\u00e9lo","potentialAction":[{"@type":"SearchAction","target":{"@type":"EntryPoint","urlTemplate":"https:\/\/www.altercampagne.net\/?s={search_term_string}"},"query-input":{"@type":"PropertyValueSpecification","valueRequired":true,"valueName":"search_term_string"}}],"inLanguage":"fr-FR"},{"@type":"Person","@id":"https:\/\/www.altercampagne.net\/#\/schema\/person\/0f261460c09e430caa0f9bcffa319109","name":"Mathieu","image":{"@type":"ImageObject","inLanguage":"fr-FR","@id":"https:\/\/secure.gravatar.com\/avatar\/aa9d3d24c83f2141e5e2709d0f63d09a99f6be6bb7a50abc4915838d9f54501a?s=96&d=mm&r=g","url":"https:\/\/secure.gravatar.com\/avatar\/aa9d3d24c83f2141e5e2709d0f63d09a99f6be6bb7a50abc4915838d9f54501a?s=96&d=mm&r=g","contentUrl":"https:\/\/secure.gravatar.com\/avatar\/aa9d3d24c83f2141e5e2709d0f63d09a99f6be6bb7a50abc4915838d9f54501a?s=96&d=mm&r=g","caption":"Mathieu"},"url":"https:\/\/www.altercampagne.net\/?author=214"}]}},"_links":{"self":[{"href":"https:\/\/www.altercampagne.net\/index.php?rest_route=\/wp\/v2\/posts\/4201","targetHints":{"allow":["GET"]}}],"collection":[{"href":"https:\/\/www.altercampagne.net\/index.php?rest_route=\/wp\/v2\/posts"}],"about":[{"href":"https:\/\/www.altercampagne.net\/index.php?rest_route=\/wp\/v2\/types\/post"}],"author":[{"embeddable":true,"href":"https:\/\/www.altercampagne.net\/index.php?rest_route=\/wp\/v2\/users\/214"}],"replies":[{"embeddable":true,"href":"https:\/\/www.altercampagne.net\/index.php?rest_route=%2Fwp%2Fv2%2Fcomments&post=4201"}],"version-history":[{"count":0,"href":"https:\/\/www.altercampagne.net\/index.php?rest_route=\/wp\/v2\/posts\/4201\/revisions"}],"wp:attachment":[{"href":"https:\/\/www.altercampagne.net\/index.php?rest_route=%2Fwp%2Fv2%2Fmedia&parent=4201"}],"wp:term":[{"taxonomy":"category","embeddable":true,"href":"https:\/\/www.altercampagne.net\/index.php?rest_route=%2Fwp%2Fv2%2Fcategories&post=4201"},{"taxonomy":"post_tag","embeddable":true,"href":"https:\/\/www.altercampagne.net\/index.php?rest_route=%2Fwp%2Fv2%2Ftags&post=4201"}],"curies":[{"name":"wp","href":"https:\/\/api.w.org\/{rel}","templated":true}]}}