{"id":4203,"date":"2012-08-18T11:13:06","date_gmt":"2012-08-18T09:13:06","guid":{"rendered":"http:\/\/www.altercampagne.net\/?p=4203"},"modified":"2016-04-14T11:16:18","modified_gmt":"2016-04-14T09:16:18","slug":"laltertour-se-cloture-en-aspe-aujourdhui","status":"publish","type":"post","link":"https:\/\/www.altercampagne.net\/?p=4203","title":{"rendered":"L&rsquo;AlterTour se cl\u00f4ture en Aspe aujourd&rsquo;hui"},"content":{"rendered":"<p class=\"Style153\" align=\"justify\">Parti mi-juillet d&rsquo;Ari\u00e8ge, l&rsquo;Alter Tour 2012 se terminera ce week-end en vall\u00e9e d&rsquo;Aspe. Derni\u00e8re \u00e9tape, samedi 18 avec un d\u00e9part de Pr\u00e9cilhon pour une \u00e9tape qui les m\u00e8nera en Aspe. Vers midi, visite d&rsquo;une exploitation agricole soutenue par le Groupement foncier agricole mutuel (GFAM) \u00e0 Gey avant d&rsquo;arriver au campement \u00e0 Bedous aux abords de la salle polyvalente.<\/p>\n<p class=\"Style153\" align=\"justify\">A 18h, rencontre, discussion, \u00e9change sous la halle de Bedous avec les associations locales partenaires : Aspe Solidaire 2011, les Phonies Berg\u00e8res et le GFAM. Ap\u00e9ritif, repas et soir\u00e9e festive anim\u00e9e par Vath d&rsquo;Aspa. Le lendemain, dimanche 19 ao\u00fbt, un Cercle de Parole \u00e0 10h permettra un dernier \u00e9change avant le d\u00e9part.<\/p>\n<p class=\"Style142\"><strong>Cinq semaines<\/strong><\/p>\n<p class=\"Style153\" align=\"justify\">L&rsquo;Alter Tour, qui existe depuis maintenant plus de 5 ans, est un \u00ab\u00a0tour cycliste familial en relais solidaire pour une Nature sans dopage.\u00a0\u00bb Il est ouvert aux personnes qui aiment le v\u00e9lo, sans exigence de performance. Le circuit de 5 semaines se fait en relais et \u00e0 la carte : chaque participant emprunte une des altercyclettes partag\u00e9es, accomplit un cha\u00eenon de quelques kilom\u00e8tres, puis transmet le relais et sa bicyclette \u00e0 un partenaire qui parcourt le cha\u00eenon suivant, et ainsi de suite tout le long du circuit.<\/p>\n<p class=\"Style153\" align=\"justify\">Et les locaux peuvent s&rsquo;y joindre pour une journ\u00e9e ou deux. Partie de Foix le 11 juillet, la caravane de l&rsquo;AlterTour a fait escale \u00e0 Rodez, P\u00e9rigueux, Bordeaux, Agen, Toulouse, Auch, Pau, et autant de petites communes du grand sud-ouest. Chaque soir\u00e9e, ils sont accueillis par des locaux porteurs d&rsquo;initiatives environnementales et solidaires.<\/p>\n<p class=\"Style153\" align=\"justify\">Source : <a href=\"http:\/\/www.larepubliquedespyrenees.fr\/2012\/08\/18\/l-alter-tour-se-cloture-en-aspe-aujourd-hui,1094547.php\" target=\"_blank\">http:\/\/www.larepubliquedespyrenees.fr\/2012\/08\/18\/l-alter-tour-se-cloture-en-aspe-aujourd-hui,1094547.php<\/a><\/p>\n","protected":false},"excerpt":{"rendered":"<p>Parti mi-juillet d&rsquo;Ari\u00e8ge, l&rsquo;Alter Tour 2012 se terminera ce week-end en vall\u00e9e d&rsquo;Aspe. Derni\u00e8re \u00e9tape, samedi 18 avec un d\u00e9part de Pr\u00e9cilhon pour une \u00e9tape qui les m\u00e8nera en Aspe. Vers midi, visite d&rsquo;une exploitation agricole soutenue par le Groupement foncier agricole mutuel (GFAM) \u00e0 Gey avant d&rsquo;arriver au campement &#8230; <\/p>\n<div><a href=\"https:\/\/www.altercampagne.net\/?p=4203\" class=\"more-link\">Read More<\/a><\/div>\n","protected":false},"author":214,"featured_media":0,"comment_status":"closed","ping_status":"closed","sticky":false,"template":"","format":"standard","meta":{"footnotes":""},"categories":[239],"tags":[852,892,1148,1150,1154,1155,1814,1815,1816,1818,1823,1825,1834],"class_list":["post-4203","post","type-post","status-publish","format-standard","hentry","category-revue-de-presse","tag-altertour-2012","tag-aquitaine","tag-bedous","tag-phonies-bergeres","tag-gfam-du-bearn","tag-vallee-daspe","tag-1814","tag-pyrenees-atlantiques","tag-gey","tag-aspe-solidaire","tag-bearn","tag-precilhon","tag-aspe","no-post-thumbnail"],"yoast_head":"<!-- This site is optimized with the Yoast SEO plugin v27.3 - https:\/\/yoast.com\/product\/yoast-seo-wordpress\/ -->\n<title>L&#039;AlterTour se cl\u00f4ture en Aspe aujourd&#039;hui - AlterTour<\/title>\n<meta name=\"robots\" content=\"index, follow, max-snippet:-1, max-image-preview:large, max-video-preview:-1\" \/>\n<link rel=\"canonical\" href=\"https:\/\/www.altercampagne.net\/?p=4203\" \/>\n<meta property=\"og:locale\" content=\"fr_FR\" \/>\n<meta property=\"og:type\" content=\"article\" \/>\n<meta property=\"og:title\" content=\"L&#039;AlterTour se cl\u00f4ture en Aspe aujourd&#039;hui - AlterTour\" \/>\n<meta property=\"og:description\" content=\"Parti mi-juillet d&rsquo;Ari\u00e8ge, l&rsquo;Alter Tour 2012 se terminera ce week-end en vall\u00e9e d&rsquo;Aspe. Derni\u00e8re \u00e9tape, samedi 18 avec un d\u00e9part de Pr\u00e9cilhon pour une \u00e9tape qui les m\u00e8nera en Aspe. Vers midi, visite d&rsquo;une exploitation agricole soutenue par le Groupement foncier agricole mutuel (GFAM) \u00e0 Gey avant d&rsquo;arriver au campement ... Read More\" \/>\n<meta property=\"og:url\" content=\"https:\/\/www.altercampagne.net\/?p=4203\" \/>\n<meta property=\"og:site_name\" content=\"AlterTour\" \/>\n<meta property=\"article:published_time\" content=\"2012-08-18T09:13:06+00:00\" \/>\n<meta property=\"article:modified_time\" content=\"2016-04-14T09:16:18+00:00\" \/>\n<meta name=\"author\" content=\"Mathieu\" \/>\n<meta name=\"twitter:card\" content=\"summary_large_image\" \/>\n<meta name=\"twitter:label1\" content=\"\u00c9crit par\" \/>\n\t<meta name=\"twitter:data1\" content=\"Mathieu\" \/>\n\t<meta name=\"twitter:label2\" content=\"Dur\u00e9e de lecture estim\u00e9e\" \/>\n\t<meta name=\"twitter:data2\" content=\"1 minute\" \/>\n<script type=\"application\/ld+json\" class=\"yoast-schema-graph\">{\"@context\":\"https:\\\/\\\/schema.org\",\"@graph\":[{\"@type\":\"Article\",\"@id\":\"https:\\\/\\\/www.altercampagne.net\\\/?p=4203#article\",\"isPartOf\":{\"@id\":\"https:\\\/\\\/www.altercampagne.net\\\/?p=4203\"},\"author\":{\"name\":\"Mathieu\",\"@id\":\"https:\\\/\\\/www.altercampagne.net\\\/#\\\/schema\\\/person\\\/0f261460c09e430caa0f9bcffa319109\"},\"headline\":\"L&rsquo;AlterTour se cl\u00f4ture en Aspe aujourd&rsquo;hui\",\"datePublished\":\"2012-08-18T09:13:06+00:00\",\"dateModified\":\"2016-04-14T09:16:18+00:00\",\"mainEntityOfPage\":{\"@id\":\"https:\\\/\\\/www.altercampagne.net\\\/?p=4203\"},\"wordCount\":283,\"keywords\":[\"AlterTour 2012\",\"Aquitaine\",\"Bedous\",\"Phonies Berg\u00e8res\",\"GFAM du B\u00e9arn\",\"Vall\u00e9e d'Aspe\",\"2012\",\"Pyr\u00e9n\u00e9es-Atlantiques\",\"Gey\",\"Aspe Solidaire\",\"B\u00e9arn\",\"Pr\u00e9cilhon\",\"Aspe\"],\"articleSection\":[\"Revue de presse\"],\"inLanguage\":\"fr-FR\"},{\"@type\":\"WebPage\",\"@id\":\"https:\\\/\\\/www.altercampagne.net\\\/?p=4203\",\"url\":\"https:\\\/\\\/www.altercampagne.net\\\/?p=4203\",\"name\":\"L'AlterTour se cl\u00f4ture en Aspe aujourd'hui - AlterTour\",\"isPartOf\":{\"@id\":\"https:\\\/\\\/www.altercampagne.net\\\/#website\"},\"datePublished\":\"2012-08-18T09:13:06+00:00\",\"dateModified\":\"2016-04-14T09:16:18+00:00\",\"author\":{\"@id\":\"https:\\\/\\\/www.altercampagne.net\\\/#\\\/schema\\\/person\\\/0f261460c09e430caa0f9bcffa319109\"},\"breadcrumb\":{\"@id\":\"https:\\\/\\\/www.altercampagne.net\\\/?p=4203#breadcrumb\"},\"inLanguage\":\"fr-FR\",\"potentialAction\":[{\"@type\":\"ReadAction\",\"target\":[\"https:\\\/\\\/www.altercampagne.net\\\/?p=4203\"]}]},{\"@type\":\"BreadcrumbList\",\"@id\":\"https:\\\/\\\/www.altercampagne.net\\\/?p=4203#breadcrumb\",\"itemListElement\":[{\"@type\":\"ListItem\",\"position\":1,\"name\":\"Accueil\",\"item\":\"https:\\\/\\\/www.altercampagne.net\\\/\"},{\"@type\":\"ListItem\",\"position\":2,\"name\":\"L&rsquo;AlterTour se cl\u00f4ture en Aspe aujourd&rsquo;hui\"}]},{\"@type\":\"WebSite\",\"@id\":\"https:\\\/\\\/www.altercampagne.net\\\/#website\",\"url\":\"https:\\\/\\\/www.altercampagne.net\\\/\",\"name\":\"AlterTour\",\"description\":\"Reliez les Alternatives \u00e0 v\u00e9lo\",\"potentialAction\":[{\"@type\":\"SearchAction\",\"target\":{\"@type\":\"EntryPoint\",\"urlTemplate\":\"https:\\\/\\\/www.altercampagne.net\\\/?s={search_term_string}\"},\"query-input\":{\"@type\":\"PropertyValueSpecification\",\"valueRequired\":true,\"valueName\":\"search_term_string\"}}],\"inLanguage\":\"fr-FR\"},{\"@type\":\"Person\",\"@id\":\"https:\\\/\\\/www.altercampagne.net\\\/#\\\/schema\\\/person\\\/0f261460c09e430caa0f9bcffa319109\",\"name\":\"Mathieu\",\"image\":{\"@type\":\"ImageObject\",\"inLanguage\":\"fr-FR\",\"@id\":\"https:\\\/\\\/secure.gravatar.com\\\/avatar\\\/aa9d3d24c83f2141e5e2709d0f63d09a99f6be6bb7a50abc4915838d9f54501a?s=96&d=mm&r=g\",\"url\":\"https:\\\/\\\/secure.gravatar.com\\\/avatar\\\/aa9d3d24c83f2141e5e2709d0f63d09a99f6be6bb7a50abc4915838d9f54501a?s=96&d=mm&r=g\",\"contentUrl\":\"https:\\\/\\\/secure.gravatar.com\\\/avatar\\\/aa9d3d24c83f2141e5e2709d0f63d09a99f6be6bb7a50abc4915838d9f54501a?s=96&d=mm&r=g\",\"caption\":\"Mathieu\"},\"url\":\"https:\\\/\\\/www.altercampagne.net\\\/?author=214\"}]}<\/script>\n<!-- \/ Yoast SEO plugin. -->","yoast_head_json":{"title":"L'AlterTour se cl\u00f4ture en Aspe aujourd'hui - AlterTour","robots":{"index":"index","follow":"follow","max-snippet":"max-snippet:-1","max-image-preview":"max-image-preview:large","max-video-preview":"max-video-preview:-1"},"canonical":"https:\/\/www.altercampagne.net\/?p=4203","og_locale":"fr_FR","og_type":"article","og_title":"L'AlterTour se cl\u00f4ture en Aspe aujourd'hui - AlterTour","og_description":"Parti mi-juillet d&rsquo;Ari\u00e8ge, l&rsquo;Alter Tour 2012 se terminera ce week-end en vall\u00e9e d&rsquo;Aspe. Derni\u00e8re \u00e9tape, samedi 18 avec un d\u00e9part de Pr\u00e9cilhon pour une \u00e9tape qui les m\u00e8nera en Aspe. Vers midi, visite d&rsquo;une exploitation agricole soutenue par le Groupement foncier agricole mutuel (GFAM) \u00e0 Gey avant d&rsquo;arriver au campement ... Read More","og_url":"https:\/\/www.altercampagne.net\/?p=4203","og_site_name":"AlterTour","article_published_time":"2012-08-18T09:13:06+00:00","article_modified_time":"2016-04-14T09:16:18+00:00","author":"Mathieu","twitter_card":"summary_large_image","twitter_misc":{"\u00c9crit par":"Mathieu","Dur\u00e9e de lecture estim\u00e9e":"1 minute"},"schema":{"@context":"https:\/\/schema.org","@graph":[{"@type":"Article","@id":"https:\/\/www.altercampagne.net\/?p=4203#article","isPartOf":{"@id":"https:\/\/www.altercampagne.net\/?p=4203"},"author":{"name":"Mathieu","@id":"https:\/\/www.altercampagne.net\/#\/schema\/person\/0f261460c09e430caa0f9bcffa319109"},"headline":"L&rsquo;AlterTour se cl\u00f4ture en Aspe aujourd&rsquo;hui","datePublished":"2012-08-18T09:13:06+00:00","dateModified":"2016-04-14T09:16:18+00:00","mainEntityOfPage":{"@id":"https:\/\/www.altercampagne.net\/?p=4203"},"wordCount":283,"keywords":["AlterTour 2012","Aquitaine","Bedous","Phonies Berg\u00e8res","GFAM du B\u00e9arn","Vall\u00e9e d'Aspe","2012","Pyr\u00e9n\u00e9es-Atlantiques","Gey","Aspe Solidaire","B\u00e9arn","Pr\u00e9cilhon","Aspe"],"articleSection":["Revue de presse"],"inLanguage":"fr-FR"},{"@type":"WebPage","@id":"https:\/\/www.altercampagne.net\/?p=4203","url":"https:\/\/www.altercampagne.net\/?p=4203","name":"L'AlterTour se cl\u00f4ture en Aspe aujourd'hui - AlterTour","isPartOf":{"@id":"https:\/\/www.altercampagne.net\/#website"},"datePublished":"2012-08-18T09:13:06+00:00","dateModified":"2016-04-14T09:16:18+00:00","author":{"@id":"https:\/\/www.altercampagne.net\/#\/schema\/person\/0f261460c09e430caa0f9bcffa319109"},"breadcrumb":{"@id":"https:\/\/www.altercampagne.net\/?p=4203#breadcrumb"},"inLanguage":"fr-FR","potentialAction":[{"@type":"ReadAction","target":["https:\/\/www.altercampagne.net\/?p=4203"]}]},{"@type":"BreadcrumbList","@id":"https:\/\/www.altercampagne.net\/?p=4203#breadcrumb","itemListElement":[{"@type":"ListItem","position":1,"name":"Accueil","item":"https:\/\/www.altercampagne.net\/"},{"@type":"ListItem","position":2,"name":"L&rsquo;AlterTour se cl\u00f4ture en Aspe aujourd&rsquo;hui"}]},{"@type":"WebSite","@id":"https:\/\/www.altercampagne.net\/#website","url":"https:\/\/www.altercampagne.net\/","name":"AlterTour","description":"Reliez les Alternatives \u00e0 v\u00e9lo","potentialAction":[{"@type":"SearchAction","target":{"@type":"EntryPoint","urlTemplate":"https:\/\/www.altercampagne.net\/?s={search_term_string}"},"query-input":{"@type":"PropertyValueSpecification","valueRequired":true,"valueName":"search_term_string"}}],"inLanguage":"fr-FR"},{"@type":"Person","@id":"https:\/\/www.altercampagne.net\/#\/schema\/person\/0f261460c09e430caa0f9bcffa319109","name":"Mathieu","image":{"@type":"ImageObject","inLanguage":"fr-FR","@id":"https:\/\/secure.gravatar.com\/avatar\/aa9d3d24c83f2141e5e2709d0f63d09a99f6be6bb7a50abc4915838d9f54501a?s=96&d=mm&r=g","url":"https:\/\/secure.gravatar.com\/avatar\/aa9d3d24c83f2141e5e2709d0f63d09a99f6be6bb7a50abc4915838d9f54501a?s=96&d=mm&r=g","contentUrl":"https:\/\/secure.gravatar.com\/avatar\/aa9d3d24c83f2141e5e2709d0f63d09a99f6be6bb7a50abc4915838d9f54501a?s=96&d=mm&r=g","caption":"Mathieu"},"url":"https:\/\/www.altercampagne.net\/?author=214"}]}},"_links":{"self":[{"href":"https:\/\/www.altercampagne.net\/index.php?rest_route=\/wp\/v2\/posts\/4203","targetHints":{"allow":["GET"]}}],"collection":[{"href":"https:\/\/www.altercampagne.net\/index.php?rest_route=\/wp\/v2\/posts"}],"about":[{"href":"https:\/\/www.altercampagne.net\/index.php?rest_route=\/wp\/v2\/types\/post"}],"author":[{"embeddable":true,"href":"https:\/\/www.altercampagne.net\/index.php?rest_route=\/wp\/v2\/users\/214"}],"replies":[{"embeddable":true,"href":"https:\/\/www.altercampagne.net\/index.php?rest_route=%2Fwp%2Fv2%2Fcomments&post=4203"}],"version-history":[{"count":0,"href":"https:\/\/www.altercampagne.net\/index.php?rest_route=\/wp\/v2\/posts\/4203\/revisions"}],"wp:attachment":[{"href":"https:\/\/www.altercampagne.net\/index.php?rest_route=%2Fwp%2Fv2%2Fmedia&parent=4203"}],"wp:term":[{"taxonomy":"category","embeddable":true,"href":"https:\/\/www.altercampagne.net\/index.php?rest_route=%2Fwp%2Fv2%2Fcategories&post=4203"},{"taxonomy":"post_tag","embeddable":true,"href":"https:\/\/www.altercampagne.net\/index.php?rest_route=%2Fwp%2Fv2%2Ftags&post=4203"}],"curies":[{"name":"wp","href":"https:\/\/api.w.org\/{rel}","templated":true}]}}