{"id":4205,"date":"2012-08-18T11:16:23","date_gmt":"2012-08-18T09:16:23","guid":{"rendered":"http:\/\/www.altercampagne.net\/?p=4205"},"modified":"2016-04-14T11:18:47","modified_gmt":"2016-04-14T09:18:47","slug":"arbus-pau-oloron-le-village-aux-aguets","status":"publish","type":"post","link":"https:\/\/www.altercampagne.net\/?p=4205","title":{"rendered":"Arbus. Pau &#8211; Oloron : le village aux aguets"},"content":{"rendered":"<p class=\"Style153\" align=\"justify\"><img loading=\"lazy\" decoding=\"async\" class=\" alignleft\" src=\"http:\/\/www.sudouest.fr\/images\/2012\/08\/18\/797676_21076803_460x306.jpg\" alt=\"\" width=\"460\" height=\"306\" \/>Vendredi 17 ao\u00fbt, le comit\u00e9 territorial d&rsquo;Arbus &#8211; code B\u00e9arn a offert la pause pique-nique aux participants de l&rsquo;Altertour. Tout sauf un hasard.<\/p>\n<p class=\"Style153\" align=\"justify\">Cette course cycliste solidaire qui valorise, sur son parcours, les initiatives locales en faveur de l&rsquo;\u00eatre humain et de la nature, s&rsquo;est pench\u00e9e ici sur la r\u00e9sistance au projet de route Pau-Oloron.<\/p>\n<p class=\"Style153\" align=\"justify\">En effet, m\u00eame pendant l&rsquo;\u00e9t\u00e9, la vigilance et la combativit\u00e9 des Arbusiens ne faiblit pas. \u00ab On ne dort pas \u00bb, d\u00e9clarent-ils de concert.<\/p>\n<p class=\"Style153\" align=\"justify\">Informations sur : <a href=\"http:\/\/www.codebearn.org\" target=\"_blank\">www.codebearn.org<\/a><\/p>\n<p class=\"Style153\" align=\"justify\">Source : <a href=\"http:\/\/www.sudouest.fr\/2012\/08\/18\/pau-oloron-le-village-aux-aguets-797676-3957.php\" target=\"_blank\">http:\/\/www.sudouest.fr\/2012\/08\/18\/pau-oloron-le-village-aux-aguets-797676-3957.php<\/a><\/p>\n","protected":false},"excerpt":{"rendered":"<p>Vendredi 17 ao\u00fbt, le comit\u00e9 territorial d&rsquo;Arbus &#8211; code B\u00e9arn a offert la pause pique-nique aux participants de l&rsquo;Altertour. Tout sauf un hasard. Cette course cycliste solidaire qui valorise, sur son parcours, les initiatives locales en faveur de l&rsquo;\u00eatre humain et de la nature, s&rsquo;est pench\u00e9e ici sur la r\u00e9sistance &#8230; <\/p>\n<div><a href=\"https:\/\/www.altercampagne.net\/?p=4205\" class=\"more-link\">Read More<\/a><\/div>\n","protected":false},"author":214,"featured_media":0,"comment_status":"closed","ping_status":"closed","sticky":false,"template":"","format":"standard","meta":{"footnotes":""},"categories":[239],"tags":[852,892,1159,1814,1815,1822,1835,1836],"class_list":["post-4205","post","type-post","status-publish","format-standard","hentry","category-revue-de-presse","tag-altertour-2012","tag-aquitaine","tag-pau","tag-1814","tag-pyrenees-atlantiques","tag-arbus","tag-oloron","tag-code-bearn","no-post-thumbnail"],"yoast_head":"<!-- This site is optimized with the Yoast SEO plugin v27.3 - https:\/\/yoast.com\/product\/yoast-seo-wordpress\/ -->\n<title>Arbus. Pau - Oloron : le village aux aguets - AlterTour<\/title>\n<meta name=\"robots\" content=\"index, follow, max-snippet:-1, max-image-preview:large, max-video-preview:-1\" \/>\n<link rel=\"canonical\" href=\"https:\/\/www.altercampagne.net\/?p=4205\" \/>\n<meta property=\"og:locale\" content=\"fr_FR\" \/>\n<meta property=\"og:type\" content=\"article\" \/>\n<meta property=\"og:title\" content=\"Arbus. Pau - Oloron : le village aux aguets - AlterTour\" \/>\n<meta property=\"og:description\" content=\"Vendredi 17 ao\u00fbt, le comit\u00e9 territorial d&rsquo;Arbus &#8211; code B\u00e9arn a offert la pause pique-nique aux participants de l&rsquo;Altertour. Tout sauf un hasard. Cette course cycliste solidaire qui valorise, sur son parcours, les initiatives locales en faveur de l&rsquo;\u00eatre humain et de la nature, s&rsquo;est pench\u00e9e ici sur la r\u00e9sistance ... Read More\" \/>\n<meta property=\"og:url\" content=\"https:\/\/www.altercampagne.net\/?p=4205\" \/>\n<meta property=\"og:site_name\" content=\"AlterTour\" \/>\n<meta property=\"article:published_time\" content=\"2012-08-18T09:16:23+00:00\" \/>\n<meta property=\"article:modified_time\" content=\"2016-04-14T09:18:47+00:00\" \/>\n<meta property=\"og:image\" content=\"http:\/\/www.sudouest.fr\/images\/2012\/08\/18\/797676_21076803_460x306.jpg\" \/>\n<meta name=\"author\" content=\"Mathieu\" \/>\n<meta name=\"twitter:card\" content=\"summary_large_image\" \/>\n<meta name=\"twitter:label1\" content=\"\u00c9crit par\" \/>\n\t<meta name=\"twitter:data1\" content=\"Mathieu\" \/>\n<script type=\"application\/ld+json\" class=\"yoast-schema-graph\">{\"@context\":\"https:\\\/\\\/schema.org\",\"@graph\":[{\"@type\":\"Article\",\"@id\":\"https:\\\/\\\/www.altercampagne.net\\\/?p=4205#article\",\"isPartOf\":{\"@id\":\"https:\\\/\\\/www.altercampagne.net\\\/?p=4205\"},\"author\":{\"name\":\"Mathieu\",\"@id\":\"https:\\\/\\\/www.altercampagne.net\\\/#\\\/schema\\\/person\\\/0f261460c09e430caa0f9bcffa319109\"},\"headline\":\"Arbus. Pau &#8211; Oloron : le village aux aguets\",\"datePublished\":\"2012-08-18T09:16:23+00:00\",\"dateModified\":\"2016-04-14T09:18:47+00:00\",\"mainEntityOfPage\":{\"@id\":\"https:\\\/\\\/www.altercampagne.net\\\/?p=4205\"},\"wordCount\":108,\"image\":{\"@id\":\"https:\\\/\\\/www.altercampagne.net\\\/?p=4205#primaryimage\"},\"thumbnailUrl\":\"http:\\\/\\\/www.sudouest.fr\\\/images\\\/2012\\\/08\\\/18\\\/797676_21076803_460x306.jpg\",\"keywords\":[\"AlterTour 2012\",\"Aquitaine\",\"pau\",\"2012\",\"Pyr\u00e9n\u00e9es-Atlantiques\",\"Arbus\",\"Oloron\",\"code B\u00e9arn\"],\"articleSection\":[\"Revue de presse\"],\"inLanguage\":\"fr-FR\"},{\"@type\":\"WebPage\",\"@id\":\"https:\\\/\\\/www.altercampagne.net\\\/?p=4205\",\"url\":\"https:\\\/\\\/www.altercampagne.net\\\/?p=4205\",\"name\":\"Arbus. Pau - Oloron : le village aux aguets - AlterTour\",\"isPartOf\":{\"@id\":\"https:\\\/\\\/www.altercampagne.net\\\/#website\"},\"primaryImageOfPage\":{\"@id\":\"https:\\\/\\\/www.altercampagne.net\\\/?p=4205#primaryimage\"},\"image\":{\"@id\":\"https:\\\/\\\/www.altercampagne.net\\\/?p=4205#primaryimage\"},\"thumbnailUrl\":\"http:\\\/\\\/www.sudouest.fr\\\/images\\\/2012\\\/08\\\/18\\\/797676_21076803_460x306.jpg\",\"datePublished\":\"2012-08-18T09:16:23+00:00\",\"dateModified\":\"2016-04-14T09:18:47+00:00\",\"author\":{\"@id\":\"https:\\\/\\\/www.altercampagne.net\\\/#\\\/schema\\\/person\\\/0f261460c09e430caa0f9bcffa319109\"},\"breadcrumb\":{\"@id\":\"https:\\\/\\\/www.altercampagne.net\\\/?p=4205#breadcrumb\"},\"inLanguage\":\"fr-FR\",\"potentialAction\":[{\"@type\":\"ReadAction\",\"target\":[\"https:\\\/\\\/www.altercampagne.net\\\/?p=4205\"]}]},{\"@type\":\"ImageObject\",\"inLanguage\":\"fr-FR\",\"@id\":\"https:\\\/\\\/www.altercampagne.net\\\/?p=4205#primaryimage\",\"url\":\"http:\\\/\\\/www.sudouest.fr\\\/images\\\/2012\\\/08\\\/18\\\/797676_21076803_460x306.jpg\",\"contentUrl\":\"http:\\\/\\\/www.sudouest.fr\\\/images\\\/2012\\\/08\\\/18\\\/797676_21076803_460x306.jpg\"},{\"@type\":\"BreadcrumbList\",\"@id\":\"https:\\\/\\\/www.altercampagne.net\\\/?p=4205#breadcrumb\",\"itemListElement\":[{\"@type\":\"ListItem\",\"position\":1,\"name\":\"Accueil\",\"item\":\"https:\\\/\\\/www.altercampagne.net\\\/\"},{\"@type\":\"ListItem\",\"position\":2,\"name\":\"Arbus. Pau &#8211; Oloron : le village aux aguets\"}]},{\"@type\":\"WebSite\",\"@id\":\"https:\\\/\\\/www.altercampagne.net\\\/#website\",\"url\":\"https:\\\/\\\/www.altercampagne.net\\\/\",\"name\":\"AlterTour\",\"description\":\"Reliez les Alternatives \u00e0 v\u00e9lo\",\"potentialAction\":[{\"@type\":\"SearchAction\",\"target\":{\"@type\":\"EntryPoint\",\"urlTemplate\":\"https:\\\/\\\/www.altercampagne.net\\\/?s={search_term_string}\"},\"query-input\":{\"@type\":\"PropertyValueSpecification\",\"valueRequired\":true,\"valueName\":\"search_term_string\"}}],\"inLanguage\":\"fr-FR\"},{\"@type\":\"Person\",\"@id\":\"https:\\\/\\\/www.altercampagne.net\\\/#\\\/schema\\\/person\\\/0f261460c09e430caa0f9bcffa319109\",\"name\":\"Mathieu\",\"image\":{\"@type\":\"ImageObject\",\"inLanguage\":\"fr-FR\",\"@id\":\"https:\\\/\\\/secure.gravatar.com\\\/avatar\\\/aa9d3d24c83f2141e5e2709d0f63d09a99f6be6bb7a50abc4915838d9f54501a?s=96&d=mm&r=g\",\"url\":\"https:\\\/\\\/secure.gravatar.com\\\/avatar\\\/aa9d3d24c83f2141e5e2709d0f63d09a99f6be6bb7a50abc4915838d9f54501a?s=96&d=mm&r=g\",\"contentUrl\":\"https:\\\/\\\/secure.gravatar.com\\\/avatar\\\/aa9d3d24c83f2141e5e2709d0f63d09a99f6be6bb7a50abc4915838d9f54501a?s=96&d=mm&r=g\",\"caption\":\"Mathieu\"},\"url\":\"https:\\\/\\\/www.altercampagne.net\\\/?author=214\"}]}<\/script>\n<!-- \/ Yoast SEO plugin. -->","yoast_head_json":{"title":"Arbus. Pau - Oloron : le village aux aguets - AlterTour","robots":{"index":"index","follow":"follow","max-snippet":"max-snippet:-1","max-image-preview":"max-image-preview:large","max-video-preview":"max-video-preview:-1"},"canonical":"https:\/\/www.altercampagne.net\/?p=4205","og_locale":"fr_FR","og_type":"article","og_title":"Arbus. Pau - Oloron : le village aux aguets - AlterTour","og_description":"Vendredi 17 ao\u00fbt, le comit\u00e9 territorial d&rsquo;Arbus &#8211; code B\u00e9arn a offert la pause pique-nique aux participants de l&rsquo;Altertour. Tout sauf un hasard. Cette course cycliste solidaire qui valorise, sur son parcours, les initiatives locales en faveur de l&rsquo;\u00eatre humain et de la nature, s&rsquo;est pench\u00e9e ici sur la r\u00e9sistance ... Read More","og_url":"https:\/\/www.altercampagne.net\/?p=4205","og_site_name":"AlterTour","article_published_time":"2012-08-18T09:16:23+00:00","article_modified_time":"2016-04-14T09:18:47+00:00","og_image":[{"url":"http:\/\/www.sudouest.fr\/images\/2012\/08\/18\/797676_21076803_460x306.jpg","type":"","width":"","height":""}],"author":"Mathieu","twitter_card":"summary_large_image","twitter_misc":{"\u00c9crit par":"Mathieu"},"schema":{"@context":"https:\/\/schema.org","@graph":[{"@type":"Article","@id":"https:\/\/www.altercampagne.net\/?p=4205#article","isPartOf":{"@id":"https:\/\/www.altercampagne.net\/?p=4205"},"author":{"name":"Mathieu","@id":"https:\/\/www.altercampagne.net\/#\/schema\/person\/0f261460c09e430caa0f9bcffa319109"},"headline":"Arbus. Pau &#8211; Oloron : le village aux aguets","datePublished":"2012-08-18T09:16:23+00:00","dateModified":"2016-04-14T09:18:47+00:00","mainEntityOfPage":{"@id":"https:\/\/www.altercampagne.net\/?p=4205"},"wordCount":108,"image":{"@id":"https:\/\/www.altercampagne.net\/?p=4205#primaryimage"},"thumbnailUrl":"http:\/\/www.sudouest.fr\/images\/2012\/08\/18\/797676_21076803_460x306.jpg","keywords":["AlterTour 2012","Aquitaine","pau","2012","Pyr\u00e9n\u00e9es-Atlantiques","Arbus","Oloron","code B\u00e9arn"],"articleSection":["Revue de presse"],"inLanguage":"fr-FR"},{"@type":"WebPage","@id":"https:\/\/www.altercampagne.net\/?p=4205","url":"https:\/\/www.altercampagne.net\/?p=4205","name":"Arbus. Pau - Oloron : le village aux aguets - AlterTour","isPartOf":{"@id":"https:\/\/www.altercampagne.net\/#website"},"primaryImageOfPage":{"@id":"https:\/\/www.altercampagne.net\/?p=4205#primaryimage"},"image":{"@id":"https:\/\/www.altercampagne.net\/?p=4205#primaryimage"},"thumbnailUrl":"http:\/\/www.sudouest.fr\/images\/2012\/08\/18\/797676_21076803_460x306.jpg","datePublished":"2012-08-18T09:16:23+00:00","dateModified":"2016-04-14T09:18:47+00:00","author":{"@id":"https:\/\/www.altercampagne.net\/#\/schema\/person\/0f261460c09e430caa0f9bcffa319109"},"breadcrumb":{"@id":"https:\/\/www.altercampagne.net\/?p=4205#breadcrumb"},"inLanguage":"fr-FR","potentialAction":[{"@type":"ReadAction","target":["https:\/\/www.altercampagne.net\/?p=4205"]}]},{"@type":"ImageObject","inLanguage":"fr-FR","@id":"https:\/\/www.altercampagne.net\/?p=4205#primaryimage","url":"http:\/\/www.sudouest.fr\/images\/2012\/08\/18\/797676_21076803_460x306.jpg","contentUrl":"http:\/\/www.sudouest.fr\/images\/2012\/08\/18\/797676_21076803_460x306.jpg"},{"@type":"BreadcrumbList","@id":"https:\/\/www.altercampagne.net\/?p=4205#breadcrumb","itemListElement":[{"@type":"ListItem","position":1,"name":"Accueil","item":"https:\/\/www.altercampagne.net\/"},{"@type":"ListItem","position":2,"name":"Arbus. Pau &#8211; Oloron : le village aux aguets"}]},{"@type":"WebSite","@id":"https:\/\/www.altercampagne.net\/#website","url":"https:\/\/www.altercampagne.net\/","name":"AlterTour","description":"Reliez les Alternatives \u00e0 v\u00e9lo","potentialAction":[{"@type":"SearchAction","target":{"@type":"EntryPoint","urlTemplate":"https:\/\/www.altercampagne.net\/?s={search_term_string}"},"query-input":{"@type":"PropertyValueSpecification","valueRequired":true,"valueName":"search_term_string"}}],"inLanguage":"fr-FR"},{"@type":"Person","@id":"https:\/\/www.altercampagne.net\/#\/schema\/person\/0f261460c09e430caa0f9bcffa319109","name":"Mathieu","image":{"@type":"ImageObject","inLanguage":"fr-FR","@id":"https:\/\/secure.gravatar.com\/avatar\/aa9d3d24c83f2141e5e2709d0f63d09a99f6be6bb7a50abc4915838d9f54501a?s=96&d=mm&r=g","url":"https:\/\/secure.gravatar.com\/avatar\/aa9d3d24c83f2141e5e2709d0f63d09a99f6be6bb7a50abc4915838d9f54501a?s=96&d=mm&r=g","contentUrl":"https:\/\/secure.gravatar.com\/avatar\/aa9d3d24c83f2141e5e2709d0f63d09a99f6be6bb7a50abc4915838d9f54501a?s=96&d=mm&r=g","caption":"Mathieu"},"url":"https:\/\/www.altercampagne.net\/?author=214"}]}},"_links":{"self":[{"href":"https:\/\/www.altercampagne.net\/index.php?rest_route=\/wp\/v2\/posts\/4205","targetHints":{"allow":["GET"]}}],"collection":[{"href":"https:\/\/www.altercampagne.net\/index.php?rest_route=\/wp\/v2\/posts"}],"about":[{"href":"https:\/\/www.altercampagne.net\/index.php?rest_route=\/wp\/v2\/types\/post"}],"author":[{"embeddable":true,"href":"https:\/\/www.altercampagne.net\/index.php?rest_route=\/wp\/v2\/users\/214"}],"replies":[{"embeddable":true,"href":"https:\/\/www.altercampagne.net\/index.php?rest_route=%2Fwp%2Fv2%2Fcomments&post=4205"}],"version-history":[{"count":0,"href":"https:\/\/www.altercampagne.net\/index.php?rest_route=\/wp\/v2\/posts\/4205\/revisions"}],"wp:attachment":[{"href":"https:\/\/www.altercampagne.net\/index.php?rest_route=%2Fwp%2Fv2%2Fmedia&parent=4205"}],"wp:term":[{"taxonomy":"category","embeddable":true,"href":"https:\/\/www.altercampagne.net\/index.php?rest_route=%2Fwp%2Fv2%2Fcategories&post=4205"},{"taxonomy":"post_tag","embeddable":true,"href":"https:\/\/www.altercampagne.net\/index.php?rest_route=%2Fwp%2Fv2%2Ftags&post=4205"}],"curies":[{"name":"wp","href":"https:\/\/api.w.org\/{rel}","templated":true}]}}