{"id":4207,"date":"2012-08-17T11:19:12","date_gmt":"2012-08-17T09:19:12","guid":{"rendered":"http:\/\/www.altercampagne.net\/?p=4207"},"modified":"2024-08-27T17:18:25","modified_gmt":"2024-08-27T15:18:25","slug":"laltertour-arrive-a-bedous-le-19-aout","status":"publish","type":"post","link":"https:\/\/www.altercampagne.net\/?p=4207","title":{"rendered":"\u00ab\u00a0L&rsquo;AlterTour\u00a0\u00bb arrive \u00e0 Bedous le 19 ao\u00fbt"},"content":{"rendered":"<p class=\"Style153\" align=\"justify\"><img loading=\"lazy\" decoding=\"async\" class=\" alignleft\" src=\"http:\/\/images.larepubliquedespyrenees.fr\/images\/2012\/08\/17\/les-militants-a-la-maison-de-la-nature-et-de_903990_490x368p.jpg\" alt=\"\" width=\"400\" height=\"300\" \/>En cet \u00e9t\u00e9 charg\u00e9 d&rsquo;\u00e9v\u00e9nements sportifs tr\u00e8s m\u00e9diatiques, ces \u00ab\u00a0alter cyclistes\u00a0\u00bb d\u00e9tonnent. Hier soir, une cinquantaine de coureurs ont donn\u00e9 rendez-vous aux partisans de leurs nombreuses causes \u00e0 la Maison de la Nature et de l&rsquo;Environnement \u00e0 Pau. Ces sportifs amateurs qui rejettent sans sourciller le sport business, les OGM ou notre soci\u00e9t\u00e9 capitaliste font, depuis 2008, partager leurs id\u00e9aux dans les quatre coins de la France. Le plaisir, avant tout.<\/p>\n<p class=\"Style153\" align=\"justify\">\u00ab\u00a0L&rsquo;AlterTour\u00a0\u00bb a \u00e9t\u00e9 mis en place pour d\u00e9montrer que le sport et en particulier le cyclisme, pouvait \u00eatre tout autre que ce que l&rsquo;on voit \u00e0 la t\u00e9l\u00e9. Pour le co-organisateur, Mathieu Fromont : \u00ab\u00a0Nous voulons dissocier la pratique physique du sport professionnel, reflet de la soci\u00e9t\u00e9 capitaliste\u00a0\u00bb. Pour propager leurs id\u00e9es, ces militants parcourent cette ann\u00e9e tout le Sud-Ouest. Leur p\u00e9riple a d\u00e9but\u00e9 le 11 juillet \u00e0 Foix en Ari\u00e8ge. Ils se sont ensuite rendus \u00e0 Castres puis Agen en faisant escale \u00e0 Bordeaux.<\/p>\n<h2 class=\"Style142\">La joyeuse troupe en tourn\u00e9e b\u00e9arnaise<\/h2>\n<p class=\"Style153\" align=\"justify\">Cette joyeuse troupe verra son \u00ab\u00a0AlterTour\u00a0\u00bb se terminer le 19 ao\u00fbt \u00e0 Bedous. Chaque soir ces derniers s&rsquo;arr\u00eatent dans des villages pour d\u00e9battre, discuter, partager avec leurs convives. \u00ab\u00a0Les \u00e9changes sont nombreux. L&rsquo;accueil est fantastique\u00a0\u00bb clament-ils \u00e0 l&rsquo;unisson.<\/p>\n<p class=\"Style153\" align=\"right\">J\u00e9remie Lamothe<\/p>\n<p class=\"Style153\" style=\"text-align: left;\" align=\"right\">Source : <a href=\"http:\/\/www.larepubliquedespyrenees.fr\/2012\/08\/17\/,1094401.php\" target=\"_blank\" rel=\"noopener\">http:\/\/www.larepubliquedespyrenees.fr\/2012\/08\/17\/,1094401.php<\/a><\/p>\n","protected":false},"excerpt":{"rendered":"<p>En cet \u00e9t\u00e9 charg\u00e9 d&rsquo;\u00e9v\u00e9nements sportifs tr\u00e8s m\u00e9diatiques, ces \u00ab\u00a0alter cyclistes\u00a0\u00bb d\u00e9tonnent. Hier soir, une cinquantaine de coureurs ont donn\u00e9 rendez-vous aux partisans de leurs nombreuses causes \u00e0 la Maison de la Nature et de l&rsquo;Environnement \u00e0 Pau. Ces sportifs amateurs qui rejettent sans sourciller le sport business, les OGM &#8230; <\/p>\n<div><a href=\"https:\/\/www.altercampagne.net\/?p=4207\" class=\"more-link\">Read More<\/a><\/div>\n","protected":false},"author":214,"featured_media":0,"comment_status":"closed","ping_status":"closed","sticky":false,"template":"","format":"standard","meta":{"footnotes":""},"categories":[239],"tags":[852,892,1148,1158,1159,1814,1815,1823],"class_list":["post-4207","post","type-post","status-publish","format-standard","hentry","category-revue-de-presse","tag-altertour-2012","tag-aquitaine","tag-bedous","tag-maison-de-la-nature-et-de-lenvironnement","tag-pau","tag-1814","tag-pyrenees-atlantiques","tag-bearn","no-post-thumbnail"],"yoast_head":"<!-- This site is optimized with the Yoast SEO plugin v27.3 - https:\/\/yoast.com\/product\/yoast-seo-wordpress\/ -->\n<title>&quot;L&#039;AlterTour&quot; arrive \u00e0 Bedous le 19 ao\u00fbt - AlterTour<\/title>\n<meta name=\"robots\" content=\"index, follow, max-snippet:-1, max-image-preview:large, max-video-preview:-1\" \/>\n<link rel=\"canonical\" href=\"https:\/\/www.altercampagne.net\/?p=4207\" \/>\n<meta property=\"og:locale\" content=\"fr_FR\" \/>\n<meta property=\"og:type\" content=\"article\" \/>\n<meta property=\"og:title\" content=\"&quot;L&#039;AlterTour&quot; arrive \u00e0 Bedous le 19 ao\u00fbt - AlterTour\" \/>\n<meta property=\"og:description\" content=\"En cet \u00e9t\u00e9 charg\u00e9 d&rsquo;\u00e9v\u00e9nements sportifs tr\u00e8s m\u00e9diatiques, ces \u00ab\u00a0alter cyclistes\u00a0\u00bb d\u00e9tonnent. Hier soir, une cinquantaine de coureurs ont donn\u00e9 rendez-vous aux partisans de leurs nombreuses causes \u00e0 la Maison de la Nature et de l&rsquo;Environnement \u00e0 Pau. Ces sportifs amateurs qui rejettent sans sourciller le sport business, les OGM ... Read More\" \/>\n<meta property=\"og:url\" content=\"https:\/\/www.altercampagne.net\/?p=4207\" \/>\n<meta property=\"og:site_name\" content=\"AlterTour\" \/>\n<meta property=\"article:published_time\" content=\"2012-08-17T09:19:12+00:00\" \/>\n<meta property=\"article:modified_time\" content=\"2024-08-27T15:18:25+00:00\" \/>\n<meta property=\"og:image\" content=\"http:\/\/images.larepubliquedespyrenees.fr\/images\/2012\/08\/17\/les-militants-a-la-maison-de-la-nature-et-de_903990_490x368p.jpg\" \/>\n<meta name=\"author\" content=\"Mathieu\" \/>\n<meta name=\"twitter:card\" content=\"summary_large_image\" \/>\n<meta name=\"twitter:label1\" content=\"\u00c9crit par\" \/>\n\t<meta name=\"twitter:data1\" content=\"Mathieu\" \/>\n\t<meta name=\"twitter:label2\" content=\"Dur\u00e9e de lecture estim\u00e9e\" \/>\n\t<meta name=\"twitter:data2\" content=\"2 minutes\" \/>\n<script type=\"application\/ld+json\" class=\"yoast-schema-graph\">{\"@context\":\"https:\\\/\\\/schema.org\",\"@graph\":[{\"@type\":\"Article\",\"@id\":\"https:\\\/\\\/www.altercampagne.net\\\/?p=4207#article\",\"isPartOf\":{\"@id\":\"https:\\\/\\\/www.altercampagne.net\\\/?p=4207\"},\"author\":{\"name\":\"Mathieu\",\"@id\":\"https:\\\/\\\/www.altercampagne.net\\\/#\\\/schema\\\/person\\\/0f261460c09e430caa0f9bcffa319109\"},\"headline\":\"\u00ab\u00a0L&rsquo;AlterTour\u00a0\u00bb arrive \u00e0 Bedous le 19 ao\u00fbt\",\"datePublished\":\"2012-08-17T09:19:12+00:00\",\"dateModified\":\"2024-08-27T15:18:25+00:00\",\"mainEntityOfPage\":{\"@id\":\"https:\\\/\\\/www.altercampagne.net\\\/?p=4207\"},\"wordCount\":230,\"image\":{\"@id\":\"https:\\\/\\\/www.altercampagne.net\\\/?p=4207#primaryimage\"},\"thumbnailUrl\":\"http:\\\/\\\/images.larepubliquedespyrenees.fr\\\/images\\\/2012\\\/08\\\/17\\\/les-militants-a-la-maison-de-la-nature-et-de_903990_490x368p.jpg\",\"keywords\":[\"AlterTour 2012\",\"Aquitaine\",\"Bedous\",\"Maison de la Nature et de l\u2019Environnement\",\"pau\",\"2012\",\"Pyr\u00e9n\u00e9es-Atlantiques\",\"B\u00e9arn\"],\"articleSection\":[\"Revue de presse\"],\"inLanguage\":\"fr-FR\"},{\"@type\":\"WebPage\",\"@id\":\"https:\\\/\\\/www.altercampagne.net\\\/?p=4207\",\"url\":\"https:\\\/\\\/www.altercampagne.net\\\/?p=4207\",\"name\":\"\\\"L'AlterTour\\\" arrive \u00e0 Bedous le 19 ao\u00fbt - AlterTour\",\"isPartOf\":{\"@id\":\"https:\\\/\\\/www.altercampagne.net\\\/#website\"},\"primaryImageOfPage\":{\"@id\":\"https:\\\/\\\/www.altercampagne.net\\\/?p=4207#primaryimage\"},\"image\":{\"@id\":\"https:\\\/\\\/www.altercampagne.net\\\/?p=4207#primaryimage\"},\"thumbnailUrl\":\"http:\\\/\\\/images.larepubliquedespyrenees.fr\\\/images\\\/2012\\\/08\\\/17\\\/les-militants-a-la-maison-de-la-nature-et-de_903990_490x368p.jpg\",\"datePublished\":\"2012-08-17T09:19:12+00:00\",\"dateModified\":\"2024-08-27T15:18:25+00:00\",\"author\":{\"@id\":\"https:\\\/\\\/www.altercampagne.net\\\/#\\\/schema\\\/person\\\/0f261460c09e430caa0f9bcffa319109\"},\"breadcrumb\":{\"@id\":\"https:\\\/\\\/www.altercampagne.net\\\/?p=4207#breadcrumb\"},\"inLanguage\":\"fr-FR\",\"potentialAction\":[{\"@type\":\"ReadAction\",\"target\":[\"https:\\\/\\\/www.altercampagne.net\\\/?p=4207\"]}]},{\"@type\":\"ImageObject\",\"inLanguage\":\"fr-FR\",\"@id\":\"https:\\\/\\\/www.altercampagne.net\\\/?p=4207#primaryimage\",\"url\":\"http:\\\/\\\/images.larepubliquedespyrenees.fr\\\/images\\\/2012\\\/08\\\/17\\\/les-militants-a-la-maison-de-la-nature-et-de_903990_490x368p.jpg\",\"contentUrl\":\"http:\\\/\\\/images.larepubliquedespyrenees.fr\\\/images\\\/2012\\\/08\\\/17\\\/les-militants-a-la-maison-de-la-nature-et-de_903990_490x368p.jpg\"},{\"@type\":\"BreadcrumbList\",\"@id\":\"https:\\\/\\\/www.altercampagne.net\\\/?p=4207#breadcrumb\",\"itemListElement\":[{\"@type\":\"ListItem\",\"position\":1,\"name\":\"Accueil\",\"item\":\"https:\\\/\\\/www.altercampagne.net\\\/\"},{\"@type\":\"ListItem\",\"position\":2,\"name\":\"\u00ab\u00a0L&rsquo;AlterTour\u00a0\u00bb arrive \u00e0 Bedous le 19 ao\u00fbt\"}]},{\"@type\":\"WebSite\",\"@id\":\"https:\\\/\\\/www.altercampagne.net\\\/#website\",\"url\":\"https:\\\/\\\/www.altercampagne.net\\\/\",\"name\":\"AlterTour\",\"description\":\"Reliez les Alternatives \u00e0 v\u00e9lo\",\"potentialAction\":[{\"@type\":\"SearchAction\",\"target\":{\"@type\":\"EntryPoint\",\"urlTemplate\":\"https:\\\/\\\/www.altercampagne.net\\\/?s={search_term_string}\"},\"query-input\":{\"@type\":\"PropertyValueSpecification\",\"valueRequired\":true,\"valueName\":\"search_term_string\"}}],\"inLanguage\":\"fr-FR\"},{\"@type\":\"Person\",\"@id\":\"https:\\\/\\\/www.altercampagne.net\\\/#\\\/schema\\\/person\\\/0f261460c09e430caa0f9bcffa319109\",\"name\":\"Mathieu\",\"image\":{\"@type\":\"ImageObject\",\"inLanguage\":\"fr-FR\",\"@id\":\"https:\\\/\\\/secure.gravatar.com\\\/avatar\\\/aa9d3d24c83f2141e5e2709d0f63d09a99f6be6bb7a50abc4915838d9f54501a?s=96&d=mm&r=g\",\"url\":\"https:\\\/\\\/secure.gravatar.com\\\/avatar\\\/aa9d3d24c83f2141e5e2709d0f63d09a99f6be6bb7a50abc4915838d9f54501a?s=96&d=mm&r=g\",\"contentUrl\":\"https:\\\/\\\/secure.gravatar.com\\\/avatar\\\/aa9d3d24c83f2141e5e2709d0f63d09a99f6be6bb7a50abc4915838d9f54501a?s=96&d=mm&r=g\",\"caption\":\"Mathieu\"},\"url\":\"https:\\\/\\\/www.altercampagne.net\\\/?author=214\"}]}<\/script>\n<!-- \/ Yoast SEO plugin. -->","yoast_head_json":{"title":"\"L'AlterTour\" arrive \u00e0 Bedous le 19 ao\u00fbt - AlterTour","robots":{"index":"index","follow":"follow","max-snippet":"max-snippet:-1","max-image-preview":"max-image-preview:large","max-video-preview":"max-video-preview:-1"},"canonical":"https:\/\/www.altercampagne.net\/?p=4207","og_locale":"fr_FR","og_type":"article","og_title":"\"L'AlterTour\" arrive \u00e0 Bedous le 19 ao\u00fbt - AlterTour","og_description":"En cet \u00e9t\u00e9 charg\u00e9 d&rsquo;\u00e9v\u00e9nements sportifs tr\u00e8s m\u00e9diatiques, ces \u00ab\u00a0alter cyclistes\u00a0\u00bb d\u00e9tonnent. Hier soir, une cinquantaine de coureurs ont donn\u00e9 rendez-vous aux partisans de leurs nombreuses causes \u00e0 la Maison de la Nature et de l&rsquo;Environnement \u00e0 Pau. Ces sportifs amateurs qui rejettent sans sourciller le sport business, les OGM ... Read More","og_url":"https:\/\/www.altercampagne.net\/?p=4207","og_site_name":"AlterTour","article_published_time":"2012-08-17T09:19:12+00:00","article_modified_time":"2024-08-27T15:18:25+00:00","og_image":[{"url":"http:\/\/images.larepubliquedespyrenees.fr\/images\/2012\/08\/17\/les-militants-a-la-maison-de-la-nature-et-de_903990_490x368p.jpg","type":"","width":"","height":""}],"author":"Mathieu","twitter_card":"summary_large_image","twitter_misc":{"\u00c9crit par":"Mathieu","Dur\u00e9e de lecture estim\u00e9e":"2 minutes"},"schema":{"@context":"https:\/\/schema.org","@graph":[{"@type":"Article","@id":"https:\/\/www.altercampagne.net\/?p=4207#article","isPartOf":{"@id":"https:\/\/www.altercampagne.net\/?p=4207"},"author":{"name":"Mathieu","@id":"https:\/\/www.altercampagne.net\/#\/schema\/person\/0f261460c09e430caa0f9bcffa319109"},"headline":"\u00ab\u00a0L&rsquo;AlterTour\u00a0\u00bb arrive \u00e0 Bedous le 19 ao\u00fbt","datePublished":"2012-08-17T09:19:12+00:00","dateModified":"2024-08-27T15:18:25+00:00","mainEntityOfPage":{"@id":"https:\/\/www.altercampagne.net\/?p=4207"},"wordCount":230,"image":{"@id":"https:\/\/www.altercampagne.net\/?p=4207#primaryimage"},"thumbnailUrl":"http:\/\/images.larepubliquedespyrenees.fr\/images\/2012\/08\/17\/les-militants-a-la-maison-de-la-nature-et-de_903990_490x368p.jpg","keywords":["AlterTour 2012","Aquitaine","Bedous","Maison de la Nature et de l\u2019Environnement","pau","2012","Pyr\u00e9n\u00e9es-Atlantiques","B\u00e9arn"],"articleSection":["Revue de presse"],"inLanguage":"fr-FR"},{"@type":"WebPage","@id":"https:\/\/www.altercampagne.net\/?p=4207","url":"https:\/\/www.altercampagne.net\/?p=4207","name":"\"L'AlterTour\" arrive \u00e0 Bedous le 19 ao\u00fbt - AlterTour","isPartOf":{"@id":"https:\/\/www.altercampagne.net\/#website"},"primaryImageOfPage":{"@id":"https:\/\/www.altercampagne.net\/?p=4207#primaryimage"},"image":{"@id":"https:\/\/www.altercampagne.net\/?p=4207#primaryimage"},"thumbnailUrl":"http:\/\/images.larepubliquedespyrenees.fr\/images\/2012\/08\/17\/les-militants-a-la-maison-de-la-nature-et-de_903990_490x368p.jpg","datePublished":"2012-08-17T09:19:12+00:00","dateModified":"2024-08-27T15:18:25+00:00","author":{"@id":"https:\/\/www.altercampagne.net\/#\/schema\/person\/0f261460c09e430caa0f9bcffa319109"},"breadcrumb":{"@id":"https:\/\/www.altercampagne.net\/?p=4207#breadcrumb"},"inLanguage":"fr-FR","potentialAction":[{"@type":"ReadAction","target":["https:\/\/www.altercampagne.net\/?p=4207"]}]},{"@type":"ImageObject","inLanguage":"fr-FR","@id":"https:\/\/www.altercampagne.net\/?p=4207#primaryimage","url":"http:\/\/images.larepubliquedespyrenees.fr\/images\/2012\/08\/17\/les-militants-a-la-maison-de-la-nature-et-de_903990_490x368p.jpg","contentUrl":"http:\/\/images.larepubliquedespyrenees.fr\/images\/2012\/08\/17\/les-militants-a-la-maison-de-la-nature-et-de_903990_490x368p.jpg"},{"@type":"BreadcrumbList","@id":"https:\/\/www.altercampagne.net\/?p=4207#breadcrumb","itemListElement":[{"@type":"ListItem","position":1,"name":"Accueil","item":"https:\/\/www.altercampagne.net\/"},{"@type":"ListItem","position":2,"name":"\u00ab\u00a0L&rsquo;AlterTour\u00a0\u00bb arrive \u00e0 Bedous le 19 ao\u00fbt"}]},{"@type":"WebSite","@id":"https:\/\/www.altercampagne.net\/#website","url":"https:\/\/www.altercampagne.net\/","name":"AlterTour","description":"Reliez les Alternatives \u00e0 v\u00e9lo","potentialAction":[{"@type":"SearchAction","target":{"@type":"EntryPoint","urlTemplate":"https:\/\/www.altercampagne.net\/?s={search_term_string}"},"query-input":{"@type":"PropertyValueSpecification","valueRequired":true,"valueName":"search_term_string"}}],"inLanguage":"fr-FR"},{"@type":"Person","@id":"https:\/\/www.altercampagne.net\/#\/schema\/person\/0f261460c09e430caa0f9bcffa319109","name":"Mathieu","image":{"@type":"ImageObject","inLanguage":"fr-FR","@id":"https:\/\/secure.gravatar.com\/avatar\/aa9d3d24c83f2141e5e2709d0f63d09a99f6be6bb7a50abc4915838d9f54501a?s=96&d=mm&r=g","url":"https:\/\/secure.gravatar.com\/avatar\/aa9d3d24c83f2141e5e2709d0f63d09a99f6be6bb7a50abc4915838d9f54501a?s=96&d=mm&r=g","contentUrl":"https:\/\/secure.gravatar.com\/avatar\/aa9d3d24c83f2141e5e2709d0f63d09a99f6be6bb7a50abc4915838d9f54501a?s=96&d=mm&r=g","caption":"Mathieu"},"url":"https:\/\/www.altercampagne.net\/?author=214"}]}},"_links":{"self":[{"href":"https:\/\/www.altercampagne.net\/index.php?rest_route=\/wp\/v2\/posts\/4207","targetHints":{"allow":["GET"]}}],"collection":[{"href":"https:\/\/www.altercampagne.net\/index.php?rest_route=\/wp\/v2\/posts"}],"about":[{"href":"https:\/\/www.altercampagne.net\/index.php?rest_route=\/wp\/v2\/types\/post"}],"author":[{"embeddable":true,"href":"https:\/\/www.altercampagne.net\/index.php?rest_route=\/wp\/v2\/users\/214"}],"replies":[{"embeddable":true,"href":"https:\/\/www.altercampagne.net\/index.php?rest_route=%2Fwp%2Fv2%2Fcomments&post=4207"}],"version-history":[{"count":1,"href":"https:\/\/www.altercampagne.net\/index.php?rest_route=\/wp\/v2\/posts\/4207\/revisions"}],"predecessor-version":[{"id":28651,"href":"https:\/\/www.altercampagne.net\/index.php?rest_route=\/wp\/v2\/posts\/4207\/revisions\/28651"}],"wp:attachment":[{"href":"https:\/\/www.altercampagne.net\/index.php?rest_route=%2Fwp%2Fv2%2Fmedia&parent=4207"}],"wp:term":[{"taxonomy":"category","embeddable":true,"href":"https:\/\/www.altercampagne.net\/index.php?rest_route=%2Fwp%2Fv2%2Fcategories&post=4207"},{"taxonomy":"post_tag","embeddable":true,"href":"https:\/\/www.altercampagne.net\/index.php?rest_route=%2Fwp%2Fv2%2Ftags&post=4207"}],"curies":[{"name":"wp","href":"https:\/\/api.w.org\/{rel}","templated":true}]}}