{"id":4211,"date":"2012-08-17T10:26:48","date_gmt":"2012-08-17T08:26:48","guid":{"rendered":"http:\/\/www.altercampagne.net\/?p=4211"},"modified":"2016-04-14T11:32:42","modified_gmt":"2016-04-14T09:32:42","slug":"canals-a-lecoute-des-molex","status":"publish","type":"post","link":"https:\/\/www.altercampagne.net\/?p=4211","title":{"rendered":"Canals. \u00c0 l&rsquo;\u00e9coute des Molex"},"content":{"rendered":"<p class=\"Style153\" align=\"justify\"><img loading=\"lazy\" decoding=\"async\" class=\" alignleft\" src=\"http:\/\/static.ladepeche.fr\/content\/photo\/biz\/2012\/08\/17\/201208171720_w350.jpg\" alt=\"\" width=\"350\" height=\"428\" \/>Les participants de l&rsquo;AlterTour ont particip\u00e9 \u00e0 une causerie-d\u00e9bat en plein air sur le th\u00e8me de l&rsquo;entreprise Molex de Villemur-sur-Tarn.<\/p>\n<p class=\"Style153\" align=\"justify\">Guy Pavan, ancien d\u00e9l\u00e9gu\u00e9 CGT de l&rsquo;entreprise, a fait l&rsquo;historique du combat men\u00e9 contre la fermeture de l&rsquo;usine et les licenciements de ses salari\u00e9s, dont un petit nombre a \u00e9t\u00e9 repris par VMI, la nouvelle entit\u00e9 (46 sur pr\u00e8s de 300), combat men\u00e9 avec un soutien local qui aurait pu \u00eatre plus fort, mais avec l&rsquo;appui inattendu du cur\u00e9 du lieu.<\/p>\n<p class=\"Style153\" align=\"justify\">Son intervention a \u00e9t\u00e9 un plaidoyer pour une alternative au syst\u00e8me capitaliste. Eric Cabanis, photographe de l&rsquo;AFP et syndicalise CGT, auteur d&rsquo;un album photo sur le mouvement des Molex, a d\u00e9plor\u00e9 le peu de place donn\u00e9e au monde ouvrier dans les m\u00e9dias, avec une information biais\u00e9e qui privil\u00e9gie la personnalisation au d\u00e9triment du mouvement social.<\/p>\n<p class=\"Style153\" align=\"right\">La D\u00e9p\u00eache du Midi<\/p>\n<p class=\"Style153\" style=\"text-align: left;\" align=\"right\">Source : <a href=\"http:\/\/www.ladepeche.fr\/article\/2012\/08\/17\/1420243-canals-a-l-ecoute-des-molex.html\" target=\"_blank\">http:\/\/www.ladepeche.fr\/article\/2012\/08\/17\/1420243-canals-a-l-ecoute-des-molex.html<\/a><\/p>\n","protected":false},"excerpt":{"rendered":"<p>Les participants de l&rsquo;AlterTour ont particip\u00e9 \u00e0 une causerie-d\u00e9bat en plein air sur le th\u00e8me de l&rsquo;entreprise Molex de Villemur-sur-Tarn. Guy Pavan, ancien d\u00e9l\u00e9gu\u00e9 CGT de l&rsquo;entreprise, a fait l&rsquo;historique du combat men\u00e9 contre la fermeture de l&rsquo;usine et les licenciements de ses salari\u00e9s, dont un petit nombre a \u00e9t\u00e9 &#8230; <\/p>\n<div><a href=\"https:\/\/www.altercampagne.net\/?p=4211\" class=\"more-link\">Read More<\/a><\/div>\n","protected":false},"author":214,"featured_media":0,"comment_status":"closed","ping_status":"closed","sticky":false,"template":"","format":"standard","meta":{"footnotes":""},"categories":[239],"tags":[852,1814,1837,1838,1839,1840,1841,1842,1843,1844],"class_list":["post-4211","post","type-post","status-publish","format-standard","hentry","category-revue-de-presse","tag-altertour-2012","tag-1814","tag-canals","tag-molex","tag-villemur-sur-tarn","tag-guy-pavan","tag-cgt","tag-eric-cabanis","tag-tarn-et-garonne","tag-midi-pyrenees","no-post-thumbnail"],"yoast_head":"<!-- This site is optimized with the Yoast SEO plugin v27.3 - https:\/\/yoast.com\/product\/yoast-seo-wordpress\/ -->\n<title>Canals. \u00c0 l&#039;\u00e9coute des Molex - AlterTour<\/title>\n<meta name=\"robots\" content=\"index, follow, max-snippet:-1, max-image-preview:large, max-video-preview:-1\" \/>\n<link rel=\"canonical\" href=\"https:\/\/www.altercampagne.net\/?p=4211\" \/>\n<meta property=\"og:locale\" content=\"fr_FR\" \/>\n<meta property=\"og:type\" content=\"article\" \/>\n<meta property=\"og:title\" content=\"Canals. \u00c0 l&#039;\u00e9coute des Molex - AlterTour\" \/>\n<meta property=\"og:description\" content=\"Les participants de l&rsquo;AlterTour ont particip\u00e9 \u00e0 une causerie-d\u00e9bat en plein air sur le th\u00e8me de l&rsquo;entreprise Molex de Villemur-sur-Tarn. Guy Pavan, ancien d\u00e9l\u00e9gu\u00e9 CGT de l&rsquo;entreprise, a fait l&rsquo;historique du combat men\u00e9 contre la fermeture de l&rsquo;usine et les licenciements de ses salari\u00e9s, dont un petit nombre a \u00e9t\u00e9 ... Read More\" \/>\n<meta property=\"og:url\" content=\"https:\/\/www.altercampagne.net\/?p=4211\" \/>\n<meta property=\"og:site_name\" content=\"AlterTour\" \/>\n<meta property=\"article:published_time\" content=\"2012-08-17T08:26:48+00:00\" \/>\n<meta property=\"article:modified_time\" content=\"2016-04-14T09:32:42+00:00\" \/>\n<meta property=\"og:image\" content=\"http:\/\/static.ladepeche.fr\/content\/photo\/biz\/2012\/08\/17\/201208171720_w350.jpg\" \/>\n<meta name=\"author\" content=\"Mathieu\" \/>\n<meta name=\"twitter:card\" content=\"summary_large_image\" \/>\n<meta name=\"twitter:label1\" content=\"\u00c9crit par\" \/>\n\t<meta name=\"twitter:data1\" content=\"Mathieu\" \/>\n\t<meta name=\"twitter:label2\" content=\"Dur\u00e9e de lecture estim\u00e9e\" \/>\n\t<meta name=\"twitter:data2\" content=\"1 minute\" \/>\n<script type=\"application\/ld+json\" class=\"yoast-schema-graph\">{\"@context\":\"https:\\\/\\\/schema.org\",\"@graph\":[{\"@type\":\"Article\",\"@id\":\"https:\\\/\\\/www.altercampagne.net\\\/?p=4211#article\",\"isPartOf\":{\"@id\":\"https:\\\/\\\/www.altercampagne.net\\\/?p=4211\"},\"author\":{\"name\":\"Mathieu\",\"@id\":\"https:\\\/\\\/www.altercampagne.net\\\/#\\\/schema\\\/person\\\/0f261460c09e430caa0f9bcffa319109\"},\"headline\":\"Canals. \u00c0 l&rsquo;\u00e9coute des Molex\",\"datePublished\":\"2012-08-17T08:26:48+00:00\",\"dateModified\":\"2016-04-14T09:32:42+00:00\",\"mainEntityOfPage\":{\"@id\":\"https:\\\/\\\/www.altercampagne.net\\\/?p=4211\"},\"wordCount\":173,\"image\":{\"@id\":\"https:\\\/\\\/www.altercampagne.net\\\/?p=4211#primaryimage\"},\"thumbnailUrl\":\"http:\\\/\\\/static.ladepeche.fr\\\/content\\\/photo\\\/biz\\\/2012\\\/08\\\/17\\\/201208171720_w350.jpg\",\"keywords\":[\"AlterTour 2012\",\"2012\",\"Canals\",\"Molex\",\"Villemur-sur-Tarn\",\"Guy Pavan\",\"CGT\",\"Eric Cabanis\",\"Tarn-et-Garonne\",\"Midi-Pyr\u00e9n\u00e9es\"],\"articleSection\":[\"Revue de presse\"],\"inLanguage\":\"fr-FR\"},{\"@type\":\"WebPage\",\"@id\":\"https:\\\/\\\/www.altercampagne.net\\\/?p=4211\",\"url\":\"https:\\\/\\\/www.altercampagne.net\\\/?p=4211\",\"name\":\"Canals. \u00c0 l'\u00e9coute des Molex - AlterTour\",\"isPartOf\":{\"@id\":\"https:\\\/\\\/www.altercampagne.net\\\/#website\"},\"primaryImageOfPage\":{\"@id\":\"https:\\\/\\\/www.altercampagne.net\\\/?p=4211#primaryimage\"},\"image\":{\"@id\":\"https:\\\/\\\/www.altercampagne.net\\\/?p=4211#primaryimage\"},\"thumbnailUrl\":\"http:\\\/\\\/static.ladepeche.fr\\\/content\\\/photo\\\/biz\\\/2012\\\/08\\\/17\\\/201208171720_w350.jpg\",\"datePublished\":\"2012-08-17T08:26:48+00:00\",\"dateModified\":\"2016-04-14T09:32:42+00:00\",\"author\":{\"@id\":\"https:\\\/\\\/www.altercampagne.net\\\/#\\\/schema\\\/person\\\/0f261460c09e430caa0f9bcffa319109\"},\"breadcrumb\":{\"@id\":\"https:\\\/\\\/www.altercampagne.net\\\/?p=4211#breadcrumb\"},\"inLanguage\":\"fr-FR\",\"potentialAction\":[{\"@type\":\"ReadAction\",\"target\":[\"https:\\\/\\\/www.altercampagne.net\\\/?p=4211\"]}]},{\"@type\":\"ImageObject\",\"inLanguage\":\"fr-FR\",\"@id\":\"https:\\\/\\\/www.altercampagne.net\\\/?p=4211#primaryimage\",\"url\":\"http:\\\/\\\/static.ladepeche.fr\\\/content\\\/photo\\\/biz\\\/2012\\\/08\\\/17\\\/201208171720_w350.jpg\",\"contentUrl\":\"http:\\\/\\\/static.ladepeche.fr\\\/content\\\/photo\\\/biz\\\/2012\\\/08\\\/17\\\/201208171720_w350.jpg\"},{\"@type\":\"BreadcrumbList\",\"@id\":\"https:\\\/\\\/www.altercampagne.net\\\/?p=4211#breadcrumb\",\"itemListElement\":[{\"@type\":\"ListItem\",\"position\":1,\"name\":\"Accueil\",\"item\":\"https:\\\/\\\/www.altercampagne.net\\\/\"},{\"@type\":\"ListItem\",\"position\":2,\"name\":\"Canals. \u00c0 l&rsquo;\u00e9coute des Molex\"}]},{\"@type\":\"WebSite\",\"@id\":\"https:\\\/\\\/www.altercampagne.net\\\/#website\",\"url\":\"https:\\\/\\\/www.altercampagne.net\\\/\",\"name\":\"AlterTour\",\"description\":\"Reliez les Alternatives \u00e0 v\u00e9lo\",\"potentialAction\":[{\"@type\":\"SearchAction\",\"target\":{\"@type\":\"EntryPoint\",\"urlTemplate\":\"https:\\\/\\\/www.altercampagne.net\\\/?s={search_term_string}\"},\"query-input\":{\"@type\":\"PropertyValueSpecification\",\"valueRequired\":true,\"valueName\":\"search_term_string\"}}],\"inLanguage\":\"fr-FR\"},{\"@type\":\"Person\",\"@id\":\"https:\\\/\\\/www.altercampagne.net\\\/#\\\/schema\\\/person\\\/0f261460c09e430caa0f9bcffa319109\",\"name\":\"Mathieu\",\"image\":{\"@type\":\"ImageObject\",\"inLanguage\":\"fr-FR\",\"@id\":\"https:\\\/\\\/secure.gravatar.com\\\/avatar\\\/aa9d3d24c83f2141e5e2709d0f63d09a99f6be6bb7a50abc4915838d9f54501a?s=96&d=mm&r=g\",\"url\":\"https:\\\/\\\/secure.gravatar.com\\\/avatar\\\/aa9d3d24c83f2141e5e2709d0f63d09a99f6be6bb7a50abc4915838d9f54501a?s=96&d=mm&r=g\",\"contentUrl\":\"https:\\\/\\\/secure.gravatar.com\\\/avatar\\\/aa9d3d24c83f2141e5e2709d0f63d09a99f6be6bb7a50abc4915838d9f54501a?s=96&d=mm&r=g\",\"caption\":\"Mathieu\"},\"url\":\"https:\\\/\\\/www.altercampagne.net\\\/?author=214\"}]}<\/script>\n<!-- \/ Yoast SEO plugin. -->","yoast_head_json":{"title":"Canals. \u00c0 l'\u00e9coute des Molex - AlterTour","robots":{"index":"index","follow":"follow","max-snippet":"max-snippet:-1","max-image-preview":"max-image-preview:large","max-video-preview":"max-video-preview:-1"},"canonical":"https:\/\/www.altercampagne.net\/?p=4211","og_locale":"fr_FR","og_type":"article","og_title":"Canals. \u00c0 l'\u00e9coute des Molex - AlterTour","og_description":"Les participants de l&rsquo;AlterTour ont particip\u00e9 \u00e0 une causerie-d\u00e9bat en plein air sur le th\u00e8me de l&rsquo;entreprise Molex de Villemur-sur-Tarn. Guy Pavan, ancien d\u00e9l\u00e9gu\u00e9 CGT de l&rsquo;entreprise, a fait l&rsquo;historique du combat men\u00e9 contre la fermeture de l&rsquo;usine et les licenciements de ses salari\u00e9s, dont un petit nombre a \u00e9t\u00e9 ... Read More","og_url":"https:\/\/www.altercampagne.net\/?p=4211","og_site_name":"AlterTour","article_published_time":"2012-08-17T08:26:48+00:00","article_modified_time":"2016-04-14T09:32:42+00:00","og_image":[{"url":"http:\/\/static.ladepeche.fr\/content\/photo\/biz\/2012\/08\/17\/201208171720_w350.jpg","type":"","width":"","height":""}],"author":"Mathieu","twitter_card":"summary_large_image","twitter_misc":{"\u00c9crit par":"Mathieu","Dur\u00e9e de lecture estim\u00e9e":"1 minute"},"schema":{"@context":"https:\/\/schema.org","@graph":[{"@type":"Article","@id":"https:\/\/www.altercampagne.net\/?p=4211#article","isPartOf":{"@id":"https:\/\/www.altercampagne.net\/?p=4211"},"author":{"name":"Mathieu","@id":"https:\/\/www.altercampagne.net\/#\/schema\/person\/0f261460c09e430caa0f9bcffa319109"},"headline":"Canals. \u00c0 l&rsquo;\u00e9coute des Molex","datePublished":"2012-08-17T08:26:48+00:00","dateModified":"2016-04-14T09:32:42+00:00","mainEntityOfPage":{"@id":"https:\/\/www.altercampagne.net\/?p=4211"},"wordCount":173,"image":{"@id":"https:\/\/www.altercampagne.net\/?p=4211#primaryimage"},"thumbnailUrl":"http:\/\/static.ladepeche.fr\/content\/photo\/biz\/2012\/08\/17\/201208171720_w350.jpg","keywords":["AlterTour 2012","2012","Canals","Molex","Villemur-sur-Tarn","Guy Pavan","CGT","Eric Cabanis","Tarn-et-Garonne","Midi-Pyr\u00e9n\u00e9es"],"articleSection":["Revue de presse"],"inLanguage":"fr-FR"},{"@type":"WebPage","@id":"https:\/\/www.altercampagne.net\/?p=4211","url":"https:\/\/www.altercampagne.net\/?p=4211","name":"Canals. \u00c0 l'\u00e9coute des Molex - AlterTour","isPartOf":{"@id":"https:\/\/www.altercampagne.net\/#website"},"primaryImageOfPage":{"@id":"https:\/\/www.altercampagne.net\/?p=4211#primaryimage"},"image":{"@id":"https:\/\/www.altercampagne.net\/?p=4211#primaryimage"},"thumbnailUrl":"http:\/\/static.ladepeche.fr\/content\/photo\/biz\/2012\/08\/17\/201208171720_w350.jpg","datePublished":"2012-08-17T08:26:48+00:00","dateModified":"2016-04-14T09:32:42+00:00","author":{"@id":"https:\/\/www.altercampagne.net\/#\/schema\/person\/0f261460c09e430caa0f9bcffa319109"},"breadcrumb":{"@id":"https:\/\/www.altercampagne.net\/?p=4211#breadcrumb"},"inLanguage":"fr-FR","potentialAction":[{"@type":"ReadAction","target":["https:\/\/www.altercampagne.net\/?p=4211"]}]},{"@type":"ImageObject","inLanguage":"fr-FR","@id":"https:\/\/www.altercampagne.net\/?p=4211#primaryimage","url":"http:\/\/static.ladepeche.fr\/content\/photo\/biz\/2012\/08\/17\/201208171720_w350.jpg","contentUrl":"http:\/\/static.ladepeche.fr\/content\/photo\/biz\/2012\/08\/17\/201208171720_w350.jpg"},{"@type":"BreadcrumbList","@id":"https:\/\/www.altercampagne.net\/?p=4211#breadcrumb","itemListElement":[{"@type":"ListItem","position":1,"name":"Accueil","item":"https:\/\/www.altercampagne.net\/"},{"@type":"ListItem","position":2,"name":"Canals. \u00c0 l&rsquo;\u00e9coute des Molex"}]},{"@type":"WebSite","@id":"https:\/\/www.altercampagne.net\/#website","url":"https:\/\/www.altercampagne.net\/","name":"AlterTour","description":"Reliez les Alternatives \u00e0 v\u00e9lo","potentialAction":[{"@type":"SearchAction","target":{"@type":"EntryPoint","urlTemplate":"https:\/\/www.altercampagne.net\/?s={search_term_string}"},"query-input":{"@type":"PropertyValueSpecification","valueRequired":true,"valueName":"search_term_string"}}],"inLanguage":"fr-FR"},{"@type":"Person","@id":"https:\/\/www.altercampagne.net\/#\/schema\/person\/0f261460c09e430caa0f9bcffa319109","name":"Mathieu","image":{"@type":"ImageObject","inLanguage":"fr-FR","@id":"https:\/\/secure.gravatar.com\/avatar\/aa9d3d24c83f2141e5e2709d0f63d09a99f6be6bb7a50abc4915838d9f54501a?s=96&d=mm&r=g","url":"https:\/\/secure.gravatar.com\/avatar\/aa9d3d24c83f2141e5e2709d0f63d09a99f6be6bb7a50abc4915838d9f54501a?s=96&d=mm&r=g","contentUrl":"https:\/\/secure.gravatar.com\/avatar\/aa9d3d24c83f2141e5e2709d0f63d09a99f6be6bb7a50abc4915838d9f54501a?s=96&d=mm&r=g","caption":"Mathieu"},"url":"https:\/\/www.altercampagne.net\/?author=214"}]}},"_links":{"self":[{"href":"https:\/\/www.altercampagne.net\/index.php?rest_route=\/wp\/v2\/posts\/4211","targetHints":{"allow":["GET"]}}],"collection":[{"href":"https:\/\/www.altercampagne.net\/index.php?rest_route=\/wp\/v2\/posts"}],"about":[{"href":"https:\/\/www.altercampagne.net\/index.php?rest_route=\/wp\/v2\/types\/post"}],"author":[{"embeddable":true,"href":"https:\/\/www.altercampagne.net\/index.php?rest_route=\/wp\/v2\/users\/214"}],"replies":[{"embeddable":true,"href":"https:\/\/www.altercampagne.net\/index.php?rest_route=%2Fwp%2Fv2%2Fcomments&post=4211"}],"version-history":[{"count":0,"href":"https:\/\/www.altercampagne.net\/index.php?rest_route=\/wp\/v2\/posts\/4211\/revisions"}],"wp:attachment":[{"href":"https:\/\/www.altercampagne.net\/index.php?rest_route=%2Fwp%2Fv2%2Fmedia&parent=4211"}],"wp:term":[{"taxonomy":"category","embeddable":true,"href":"https:\/\/www.altercampagne.net\/index.php?rest_route=%2Fwp%2Fv2%2Fcategories&post=4211"},{"taxonomy":"post_tag","embeddable":true,"href":"https:\/\/www.altercampagne.net\/index.php?rest_route=%2Fwp%2Fv2%2Ftags&post=4211"}],"curies":[{"name":"wp","href":"https:\/\/api.w.org\/{rel}","templated":true}]}}