{"id":4215,"date":"2012-08-16T11:40:03","date_gmt":"2012-08-16T09:40:03","guid":{"rendered":"http:\/\/www.altercampagne.net\/?p=4215"},"modified":"2016-04-14T12:45:27","modified_gmt":"2016-04-14T10:45:27","slug":"laltertour-est-en-bearn","status":"publish","type":"post","link":"https:\/\/www.altercampagne.net\/?p=4215","title":{"rendered":"L&rsquo;AlterTour est en B\u00e9arn"},"content":{"rendered":"<p><img loading=\"lazy\" decoding=\"async\" class=\" alignleft\" src=\"http:\/\/www.sudouest.fr\/images\/2012\/08\/16\/795741_21055827_460x306.jpg\" alt=\"\" width=\"460\" height=\"306\" \/>Le tour cycliste passera par Lescar, Arbus puis Bedous vendredi et samedi.<\/p>\n<p class=\"Style153\" align=\"justify\">\u00ab L&rsquo;AlterTour est ouvert aux personnes qui aiment le v\u00e9lo, sans exigence de performance. En relais solidaire, les alter cyclistes voyagent ensemble \u00e0 la rencontre d&rsquo;Alternatives \u00bb expliquent les organisateurs.<\/p>\n<p class=\"Style153\" align=\"justify\">Le peloton parti de Foix le 11 juillet s&rsquo;arr\u00eatera en B\u00e9arn au domaine de Sers (Pau) ce soir aux alentours de 18 heures, accueilli par la Maison de la nature et de l&rsquo;environnement. Demain, \u00e9tape \u00e0 Emma\u00fcs Lescar vers 11 h 30 puis travers\u00e9e d&rsquo;Artiguelouve et halte pique-nique au stade d&rsquo;Arbus. L\u00e0, les alter cyclistes seront accueillis par les opposants de la liaison Pau-Oloron, avant d&rsquo;aller visiter une ferme du GFAM (Groupement foncier agricole mutuel) entre 12 h et 14 h.<\/p>\n<p class=\"Style153\" align=\"justify\">Les cyclotouristes repartiront de Lacommande, passeront \u00e0 Lasseube puis Pr\u00e9cilhon, terme de cette \u00e9tape qui se terminera par une soir\u00e9e militante avec film et discussions.<\/p>\n<p class=\"Style153\" align=\"justify\">Samedi, d\u00e9part de Pr\u00e9cilhon pour la derni\u00e8re \u00e9tape de l&rsquo;AlterTour. Midi, arriv\u00e9e \u00e0 Pont-Suzon et mont\u00e9e \u00e0 Gey pour la visite de l&rsquo;exploitation agricole soutenue par le GFAM. \u00c0 15 h, installation du campement aux abords de la salle polyvalente \u00e0 Bedous ; \u00e0 18 h, discussions \u00e9changes sous la halle de Bedous puis ap\u00e9ritif, repas, musique et danse (avec Vath d&rsquo;Aspa).<\/p>\n<p class=\"Style142\"><strong>Contre tous les dopages<\/strong><\/p>\n<p class=\"Style153\" align=\"justify\">C&rsquo;est un tour \u00ab \u00e0 la carte \u00bb, en autogestion pour celles et ceux qui souhaitent partager une tranche de vie collective. \u00ab Nous voulons un monde sans dopage, plus \u00e9quitable et plus juste \u00bb. L&rsquo;AlterTour veut r\u00e9sister \u00e0 \u00ab l&rsquo;esprit de comp\u00e9tition qui conduit au dopage sous toutes ses formes dans le sport, dans l&rsquo;agriculture, dans l&rsquo;\u00e9conomie, dans la soci\u00e9t\u00e9 de consommation \u00bb.<\/p>\n<p class=\"Style153\" align=\"justify\">Source : <a href=\"http:\/\/www.sudouest.fr\/2012\/08\/16\/l-alter-tour-est-en-bearn-795741-4720.php\" target=\"_blank\">http:\/\/www.sudouest.fr\/2012\/08\/16\/l-alter-tour-est-en-bearn-795741-4720.php<\/a><\/p>\n","protected":false},"excerpt":{"rendered":"<p>Le tour cycliste passera par Lescar, Arbus puis Bedous vendredi et samedi. \u00ab L&rsquo;AlterTour est ouvert aux personnes qui aiment le v\u00e9lo, sans exigence de performance. En relais solidaire, les alter cyclistes voyagent ensemble \u00e0 la rencontre d&rsquo;Alternatives \u00bb expliquent les organisateurs. Le peloton parti de Foix le 11 juillet &#8230; <\/p>\n<div><a href=\"https:\/\/www.altercampagne.net\/?p=4215\" class=\"more-link\">Read More<\/a><\/div>\n","protected":false},"author":214,"featured_media":0,"comment_status":"closed","ping_status":"closed","sticky":false,"template":"","format":"standard","meta":{"footnotes":""},"categories":[239],"tags":[852,892,1148,1152,1154,1814,1815,1816,1822,1823,1825,1853,1854],"class_list":["post-4215","post","type-post","status-publish","format-standard","hentry","category-revue-de-presse","tag-altertour-2012","tag-aquitaine","tag-bedous","tag-emmaus-lescar-pau","tag-gfam-du-bearn","tag-1814","tag-pyrenees-atlantiques","tag-gey","tag-arbus","tag-bearn","tag-precilhon","tag-lescar","tag-lacommande","no-post-thumbnail"],"yoast_head":"<!-- This site is optimized with the Yoast SEO plugin v27.3 - https:\/\/yoast.com\/product\/yoast-seo-wordpress\/ -->\n<title>L&#039;AlterTour est en B\u00e9arn - AlterTour<\/title>\n<meta name=\"robots\" content=\"index, follow, max-snippet:-1, max-image-preview:large, max-video-preview:-1\" \/>\n<link rel=\"canonical\" href=\"https:\/\/www.altercampagne.net\/?p=4215\" \/>\n<meta property=\"og:locale\" content=\"fr_FR\" \/>\n<meta property=\"og:type\" content=\"article\" \/>\n<meta property=\"og:title\" content=\"L&#039;AlterTour est en B\u00e9arn - AlterTour\" \/>\n<meta property=\"og:description\" content=\"Le tour cycliste passera par Lescar, Arbus puis Bedous vendredi et samedi. \u00ab L&rsquo;AlterTour est ouvert aux personnes qui aiment le v\u00e9lo, sans exigence de performance. En relais solidaire, les alter cyclistes voyagent ensemble \u00e0 la rencontre d&rsquo;Alternatives \u00bb expliquent les organisateurs. Le peloton parti de Foix le 11 juillet ... Read More\" \/>\n<meta property=\"og:url\" content=\"https:\/\/www.altercampagne.net\/?p=4215\" \/>\n<meta property=\"og:site_name\" content=\"AlterTour\" \/>\n<meta property=\"article:published_time\" content=\"2012-08-16T09:40:03+00:00\" \/>\n<meta property=\"article:modified_time\" content=\"2016-04-14T10:45:27+00:00\" \/>\n<meta property=\"og:image\" content=\"http:\/\/www.sudouest.fr\/images\/2012\/08\/16\/795741_21055827_460x306.jpg\" \/>\n<meta name=\"author\" content=\"Mathieu\" \/>\n<meta name=\"twitter:card\" content=\"summary_large_image\" \/>\n<meta name=\"twitter:label1\" content=\"\u00c9crit par\" \/>\n\t<meta name=\"twitter:data1\" content=\"Mathieu\" \/>\n\t<meta name=\"twitter:label2\" content=\"Dur\u00e9e de lecture estim\u00e9e\" \/>\n\t<meta name=\"twitter:data2\" content=\"1 minute\" \/>\n<script type=\"application\/ld+json\" class=\"yoast-schema-graph\">{\"@context\":\"https:\\\/\\\/schema.org\",\"@graph\":[{\"@type\":\"Article\",\"@id\":\"https:\\\/\\\/www.altercampagne.net\\\/?p=4215#article\",\"isPartOf\":{\"@id\":\"https:\\\/\\\/www.altercampagne.net\\\/?p=4215\"},\"author\":{\"name\":\"Mathieu\",\"@id\":\"https:\\\/\\\/www.altercampagne.net\\\/#\\\/schema\\\/person\\\/0f261460c09e430caa0f9bcffa319109\"},\"headline\":\"L&rsquo;AlterTour est en B\u00e9arn\",\"datePublished\":\"2012-08-16T09:40:03+00:00\",\"dateModified\":\"2016-04-14T10:45:27+00:00\",\"mainEntityOfPage\":{\"@id\":\"https:\\\/\\\/www.altercampagne.net\\\/?p=4215\"},\"wordCount\":296,\"image\":{\"@id\":\"https:\\\/\\\/www.altercampagne.net\\\/?p=4215#primaryimage\"},\"thumbnailUrl\":\"http:\\\/\\\/www.sudouest.fr\\\/images\\\/2012\\\/08\\\/16\\\/795741_21055827_460x306.jpg\",\"keywords\":[\"AlterTour 2012\",\"Aquitaine\",\"Bedous\",\"Emma\u00fcs Lescar Pau\",\"GFAM du B\u00e9arn\",\"2012\",\"Pyr\u00e9n\u00e9es-Atlantiques\",\"Gey\",\"Arbus\",\"B\u00e9arn\",\"Pr\u00e9cilhon\",\"Lescar\",\"Lacommande\"],\"articleSection\":[\"Revue de presse\"],\"inLanguage\":\"fr-FR\"},{\"@type\":\"WebPage\",\"@id\":\"https:\\\/\\\/www.altercampagne.net\\\/?p=4215\",\"url\":\"https:\\\/\\\/www.altercampagne.net\\\/?p=4215\",\"name\":\"L'AlterTour est en B\u00e9arn - AlterTour\",\"isPartOf\":{\"@id\":\"https:\\\/\\\/www.altercampagne.net\\\/#website\"},\"primaryImageOfPage\":{\"@id\":\"https:\\\/\\\/www.altercampagne.net\\\/?p=4215#primaryimage\"},\"image\":{\"@id\":\"https:\\\/\\\/www.altercampagne.net\\\/?p=4215#primaryimage\"},\"thumbnailUrl\":\"http:\\\/\\\/www.sudouest.fr\\\/images\\\/2012\\\/08\\\/16\\\/795741_21055827_460x306.jpg\",\"datePublished\":\"2012-08-16T09:40:03+00:00\",\"dateModified\":\"2016-04-14T10:45:27+00:00\",\"author\":{\"@id\":\"https:\\\/\\\/www.altercampagne.net\\\/#\\\/schema\\\/person\\\/0f261460c09e430caa0f9bcffa319109\"},\"breadcrumb\":{\"@id\":\"https:\\\/\\\/www.altercampagne.net\\\/?p=4215#breadcrumb\"},\"inLanguage\":\"fr-FR\",\"potentialAction\":[{\"@type\":\"ReadAction\",\"target\":[\"https:\\\/\\\/www.altercampagne.net\\\/?p=4215\"]}]},{\"@type\":\"ImageObject\",\"inLanguage\":\"fr-FR\",\"@id\":\"https:\\\/\\\/www.altercampagne.net\\\/?p=4215#primaryimage\",\"url\":\"http:\\\/\\\/www.sudouest.fr\\\/images\\\/2012\\\/08\\\/16\\\/795741_21055827_460x306.jpg\",\"contentUrl\":\"http:\\\/\\\/www.sudouest.fr\\\/images\\\/2012\\\/08\\\/16\\\/795741_21055827_460x306.jpg\"},{\"@type\":\"BreadcrumbList\",\"@id\":\"https:\\\/\\\/www.altercampagne.net\\\/?p=4215#breadcrumb\",\"itemListElement\":[{\"@type\":\"ListItem\",\"position\":1,\"name\":\"Accueil\",\"item\":\"https:\\\/\\\/www.altercampagne.net\\\/\"},{\"@type\":\"ListItem\",\"position\":2,\"name\":\"L&rsquo;AlterTour est en B\u00e9arn\"}]},{\"@type\":\"WebSite\",\"@id\":\"https:\\\/\\\/www.altercampagne.net\\\/#website\",\"url\":\"https:\\\/\\\/www.altercampagne.net\\\/\",\"name\":\"AlterTour\",\"description\":\"Reliez les Alternatives \u00e0 v\u00e9lo\",\"potentialAction\":[{\"@type\":\"SearchAction\",\"target\":{\"@type\":\"EntryPoint\",\"urlTemplate\":\"https:\\\/\\\/www.altercampagne.net\\\/?s={search_term_string}\"},\"query-input\":{\"@type\":\"PropertyValueSpecification\",\"valueRequired\":true,\"valueName\":\"search_term_string\"}}],\"inLanguage\":\"fr-FR\"},{\"@type\":\"Person\",\"@id\":\"https:\\\/\\\/www.altercampagne.net\\\/#\\\/schema\\\/person\\\/0f261460c09e430caa0f9bcffa319109\",\"name\":\"Mathieu\",\"image\":{\"@type\":\"ImageObject\",\"inLanguage\":\"fr-FR\",\"@id\":\"https:\\\/\\\/secure.gravatar.com\\\/avatar\\\/aa9d3d24c83f2141e5e2709d0f63d09a99f6be6bb7a50abc4915838d9f54501a?s=96&d=mm&r=g\",\"url\":\"https:\\\/\\\/secure.gravatar.com\\\/avatar\\\/aa9d3d24c83f2141e5e2709d0f63d09a99f6be6bb7a50abc4915838d9f54501a?s=96&d=mm&r=g\",\"contentUrl\":\"https:\\\/\\\/secure.gravatar.com\\\/avatar\\\/aa9d3d24c83f2141e5e2709d0f63d09a99f6be6bb7a50abc4915838d9f54501a?s=96&d=mm&r=g\",\"caption\":\"Mathieu\"},\"url\":\"https:\\\/\\\/www.altercampagne.net\\\/?author=214\"}]}<\/script>\n<!-- \/ Yoast SEO plugin. -->","yoast_head_json":{"title":"L'AlterTour est en B\u00e9arn - AlterTour","robots":{"index":"index","follow":"follow","max-snippet":"max-snippet:-1","max-image-preview":"max-image-preview:large","max-video-preview":"max-video-preview:-1"},"canonical":"https:\/\/www.altercampagne.net\/?p=4215","og_locale":"fr_FR","og_type":"article","og_title":"L'AlterTour est en B\u00e9arn - AlterTour","og_description":"Le tour cycliste passera par Lescar, Arbus puis Bedous vendredi et samedi. \u00ab L&rsquo;AlterTour est ouvert aux personnes qui aiment le v\u00e9lo, sans exigence de performance. En relais solidaire, les alter cyclistes voyagent ensemble \u00e0 la rencontre d&rsquo;Alternatives \u00bb expliquent les organisateurs. Le peloton parti de Foix le 11 juillet ... Read More","og_url":"https:\/\/www.altercampagne.net\/?p=4215","og_site_name":"AlterTour","article_published_time":"2012-08-16T09:40:03+00:00","article_modified_time":"2016-04-14T10:45:27+00:00","og_image":[{"url":"http:\/\/www.sudouest.fr\/images\/2012\/08\/16\/795741_21055827_460x306.jpg","type":"","width":"","height":""}],"author":"Mathieu","twitter_card":"summary_large_image","twitter_misc":{"\u00c9crit par":"Mathieu","Dur\u00e9e de lecture estim\u00e9e":"1 minute"},"schema":{"@context":"https:\/\/schema.org","@graph":[{"@type":"Article","@id":"https:\/\/www.altercampagne.net\/?p=4215#article","isPartOf":{"@id":"https:\/\/www.altercampagne.net\/?p=4215"},"author":{"name":"Mathieu","@id":"https:\/\/www.altercampagne.net\/#\/schema\/person\/0f261460c09e430caa0f9bcffa319109"},"headline":"L&rsquo;AlterTour est en B\u00e9arn","datePublished":"2012-08-16T09:40:03+00:00","dateModified":"2016-04-14T10:45:27+00:00","mainEntityOfPage":{"@id":"https:\/\/www.altercampagne.net\/?p=4215"},"wordCount":296,"image":{"@id":"https:\/\/www.altercampagne.net\/?p=4215#primaryimage"},"thumbnailUrl":"http:\/\/www.sudouest.fr\/images\/2012\/08\/16\/795741_21055827_460x306.jpg","keywords":["AlterTour 2012","Aquitaine","Bedous","Emma\u00fcs Lescar Pau","GFAM du B\u00e9arn","2012","Pyr\u00e9n\u00e9es-Atlantiques","Gey","Arbus","B\u00e9arn","Pr\u00e9cilhon","Lescar","Lacommande"],"articleSection":["Revue de presse"],"inLanguage":"fr-FR"},{"@type":"WebPage","@id":"https:\/\/www.altercampagne.net\/?p=4215","url":"https:\/\/www.altercampagne.net\/?p=4215","name":"L'AlterTour est en B\u00e9arn - AlterTour","isPartOf":{"@id":"https:\/\/www.altercampagne.net\/#website"},"primaryImageOfPage":{"@id":"https:\/\/www.altercampagne.net\/?p=4215#primaryimage"},"image":{"@id":"https:\/\/www.altercampagne.net\/?p=4215#primaryimage"},"thumbnailUrl":"http:\/\/www.sudouest.fr\/images\/2012\/08\/16\/795741_21055827_460x306.jpg","datePublished":"2012-08-16T09:40:03+00:00","dateModified":"2016-04-14T10:45:27+00:00","author":{"@id":"https:\/\/www.altercampagne.net\/#\/schema\/person\/0f261460c09e430caa0f9bcffa319109"},"breadcrumb":{"@id":"https:\/\/www.altercampagne.net\/?p=4215#breadcrumb"},"inLanguage":"fr-FR","potentialAction":[{"@type":"ReadAction","target":["https:\/\/www.altercampagne.net\/?p=4215"]}]},{"@type":"ImageObject","inLanguage":"fr-FR","@id":"https:\/\/www.altercampagne.net\/?p=4215#primaryimage","url":"http:\/\/www.sudouest.fr\/images\/2012\/08\/16\/795741_21055827_460x306.jpg","contentUrl":"http:\/\/www.sudouest.fr\/images\/2012\/08\/16\/795741_21055827_460x306.jpg"},{"@type":"BreadcrumbList","@id":"https:\/\/www.altercampagne.net\/?p=4215#breadcrumb","itemListElement":[{"@type":"ListItem","position":1,"name":"Accueil","item":"https:\/\/www.altercampagne.net\/"},{"@type":"ListItem","position":2,"name":"L&rsquo;AlterTour est en B\u00e9arn"}]},{"@type":"WebSite","@id":"https:\/\/www.altercampagne.net\/#website","url":"https:\/\/www.altercampagne.net\/","name":"AlterTour","description":"Reliez les Alternatives \u00e0 v\u00e9lo","potentialAction":[{"@type":"SearchAction","target":{"@type":"EntryPoint","urlTemplate":"https:\/\/www.altercampagne.net\/?s={search_term_string}"},"query-input":{"@type":"PropertyValueSpecification","valueRequired":true,"valueName":"search_term_string"}}],"inLanguage":"fr-FR"},{"@type":"Person","@id":"https:\/\/www.altercampagne.net\/#\/schema\/person\/0f261460c09e430caa0f9bcffa319109","name":"Mathieu","image":{"@type":"ImageObject","inLanguage":"fr-FR","@id":"https:\/\/secure.gravatar.com\/avatar\/aa9d3d24c83f2141e5e2709d0f63d09a99f6be6bb7a50abc4915838d9f54501a?s=96&d=mm&r=g","url":"https:\/\/secure.gravatar.com\/avatar\/aa9d3d24c83f2141e5e2709d0f63d09a99f6be6bb7a50abc4915838d9f54501a?s=96&d=mm&r=g","contentUrl":"https:\/\/secure.gravatar.com\/avatar\/aa9d3d24c83f2141e5e2709d0f63d09a99f6be6bb7a50abc4915838d9f54501a?s=96&d=mm&r=g","caption":"Mathieu"},"url":"https:\/\/www.altercampagne.net\/?author=214"}]}},"_links":{"self":[{"href":"https:\/\/www.altercampagne.net\/index.php?rest_route=\/wp\/v2\/posts\/4215","targetHints":{"allow":["GET"]}}],"collection":[{"href":"https:\/\/www.altercampagne.net\/index.php?rest_route=\/wp\/v2\/posts"}],"about":[{"href":"https:\/\/www.altercampagne.net\/index.php?rest_route=\/wp\/v2\/types\/post"}],"author":[{"embeddable":true,"href":"https:\/\/www.altercampagne.net\/index.php?rest_route=\/wp\/v2\/users\/214"}],"replies":[{"embeddable":true,"href":"https:\/\/www.altercampagne.net\/index.php?rest_route=%2Fwp%2Fv2%2Fcomments&post=4215"}],"version-history":[{"count":0,"href":"https:\/\/www.altercampagne.net\/index.php?rest_route=\/wp\/v2\/posts\/4215\/revisions"}],"wp:attachment":[{"href":"https:\/\/www.altercampagne.net\/index.php?rest_route=%2Fwp%2Fv2%2Fmedia&parent=4215"}],"wp:term":[{"taxonomy":"category","embeddable":true,"href":"https:\/\/www.altercampagne.net\/index.php?rest_route=%2Fwp%2Fv2%2Fcategories&post=4215"},{"taxonomy":"post_tag","embeddable":true,"href":"https:\/\/www.altercampagne.net\/index.php?rest_route=%2Fwp%2Fv2%2Ftags&post=4215"}],"curies":[{"name":"wp","href":"https:\/\/api.w.org\/{rel}","templated":true}]}}