{"id":4218,"date":"2012-08-14T12:41:53","date_gmt":"2012-08-14T10:41:53","guid":{"rendered":"http:\/\/www.altercampagne.net\/?p=4218"},"modified":"2016-04-14T12:45:02","modified_gmt":"2016-04-14T10:45:02","slug":"a-velo-vers-lecologie","status":"publish","type":"post","link":"https:\/\/www.altercampagne.net\/?p=4218","title":{"rendered":"\u00c0 v\u00e9lo vers l&rsquo;\u00e9cologie"},"content":{"rendered":"<p class=\"Style153\" align=\"justify\"><img loading=\"lazy\" decoding=\"async\" class=\" alignleft\" src=\"http:\/\/www.sudouest.fr\/images\/2012\/08\/14\/793834_21039795_460x306.jpg\" alt=\"\" width=\"460\" height=\"306\" \/>\u00c0 l&rsquo;origine, il y avait un collectif qui souhaitait manifester son opposition aux OGM. Sept ans plus tard, 200 cyclistes amateurs se relaient depuis le 19 juin pour participer \u00e0 l&rsquo;AlterTour. Soixante d&rsquo;entre eux font \u00e9tape dans le Gers jusqu&rsquo;\u00e0 demain.<\/p>\n<p class=\"Style153\" align=\"justify\">Ce pseudo Tour de France se moque ouvertement des d\u00e9rives de la comp\u00e9tition, ainsi que des habitudes occidentales de consommation. Son slogan ? \u00ab Une autre faim du monde est possible \u00bb. L&rsquo;AlterTour propose donc de promouvoir des solutions \u00e9cologiques qui ont fait leurs preuves en allant \u00e0 leur rencontre. De l&rsquo;agriculture biologique, \u00e0 l&rsquo;habitat group\u00e9, en passant par les entreprises en autogestion, les \u00e9tapes de l&rsquo;AlterTour r\u00e9pondent \u00e0 de nombreuses probl\u00e9matiques. Ainsi hier les cyclistes ont ralli\u00e9 L&rsquo;Isle-Arn\u00e9 pour rencontrer les g\u00e9rants de l&rsquo;entreprise CalTerra qui promeut une technique traditionnelle d&rsquo;isolation \u00e0 base de terre crue. Des activit\u00e9s ouvertes au public sont aussi organis\u00e9es sous forme de conf\u00e9rences, de projections de films ou de d\u00e9bats.<\/p>\n<p class=\"Style153\" align=\"justify\">Source : <a href=\"http:\/\/www.sudouest.fr\/2012\/08\/14\/a-velo-vers-l-ecologie-793834-706.php\" target=\"_blank\">http:\/\/www.sudouest.fr\/2012\/08\/14\/a-velo-vers-l-ecologie-793834-706.php<\/a><\/p>\n","protected":false},"excerpt":{"rendered":"<p>\u00c0 l&rsquo;origine, il y avait un collectif qui souhaitait manifester son opposition aux OGM. Sept ans plus tard, 200 cyclistes amateurs se relaient depuis le 19 juin pour participer \u00e0 l&rsquo;AlterTour. Soixante d&rsquo;entre eux font \u00e9tape dans le Gers jusqu&rsquo;\u00e0 demain. Ce pseudo Tour de France se moque ouvertement des &#8230; <\/p>\n<div><a href=\"https:\/\/www.altercampagne.net\/?p=4218\" class=\"more-link\">Read More<\/a><\/div>\n","protected":false},"author":214,"featured_media":0,"comment_status":"closed","ping_status":"closed","sticky":false,"template":"","format":"standard","meta":{"footnotes":""},"categories":[239],"tags":[852,1179,1814,1833,1844,1855],"class_list":["post-4218","post","type-post","status-publish","format-standard","hentry","category-revue-de-presse","tag-altertour-2012","tag-calterra","tag-1814","tag-isle-arne","tag-midi-pyrenees","tag-gers","no-post-thumbnail"],"yoast_head":"<!-- This site is optimized with the Yoast SEO plugin v27.3 - https:\/\/yoast.com\/product\/yoast-seo-wordpress\/ -->\n<title>\u00c0 v\u00e9lo vers l&#039;\u00e9cologie - AlterTour<\/title>\n<meta name=\"robots\" content=\"index, follow, max-snippet:-1, max-image-preview:large, max-video-preview:-1\" \/>\n<link rel=\"canonical\" href=\"https:\/\/www.altercampagne.net\/?p=4218\" \/>\n<meta property=\"og:locale\" content=\"fr_FR\" \/>\n<meta property=\"og:type\" content=\"article\" \/>\n<meta property=\"og:title\" content=\"\u00c0 v\u00e9lo vers l&#039;\u00e9cologie - AlterTour\" \/>\n<meta property=\"og:description\" content=\"\u00c0 l&rsquo;origine, il y avait un collectif qui souhaitait manifester son opposition aux OGM. Sept ans plus tard, 200 cyclistes amateurs se relaient depuis le 19 juin pour participer \u00e0 l&rsquo;AlterTour. Soixante d&rsquo;entre eux font \u00e9tape dans le Gers jusqu&rsquo;\u00e0 demain. Ce pseudo Tour de France se moque ouvertement des ... Read More\" \/>\n<meta property=\"og:url\" content=\"https:\/\/www.altercampagne.net\/?p=4218\" \/>\n<meta property=\"og:site_name\" content=\"AlterTour\" \/>\n<meta property=\"article:published_time\" content=\"2012-08-14T10:41:53+00:00\" \/>\n<meta property=\"article:modified_time\" content=\"2016-04-14T10:45:02+00:00\" \/>\n<meta property=\"og:image\" content=\"http:\/\/www.sudouest.fr\/images\/2012\/08\/14\/793834_21039795_460x306.jpg\" \/>\n<meta name=\"author\" content=\"Mathieu\" \/>\n<meta name=\"twitter:card\" content=\"summary_large_image\" \/>\n<meta name=\"twitter:label1\" content=\"\u00c9crit par\" \/>\n\t<meta name=\"twitter:data1\" content=\"Mathieu\" \/>\n\t<meta name=\"twitter:label2\" content=\"Dur\u00e9e de lecture estim\u00e9e\" \/>\n\t<meta name=\"twitter:data2\" content=\"1 minute\" \/>\n<script type=\"application\/ld+json\" class=\"yoast-schema-graph\">{\"@context\":\"https:\\\/\\\/schema.org\",\"@graph\":[{\"@type\":\"Article\",\"@id\":\"https:\\\/\\\/www.altercampagne.net\\\/?p=4218#article\",\"isPartOf\":{\"@id\":\"https:\\\/\\\/www.altercampagne.net\\\/?p=4218\"},\"author\":{\"name\":\"Mathieu\",\"@id\":\"https:\\\/\\\/www.altercampagne.net\\\/#\\\/schema\\\/person\\\/0f261460c09e430caa0f9bcffa319109\"},\"headline\":\"\u00c0 v\u00e9lo vers l&rsquo;\u00e9cologie\",\"datePublished\":\"2012-08-14T10:41:53+00:00\",\"dateModified\":\"2016-04-14T10:45:02+00:00\",\"mainEntityOfPage\":{\"@id\":\"https:\\\/\\\/www.altercampagne.net\\\/?p=4218\"},\"wordCount\":178,\"image\":{\"@id\":\"https:\\\/\\\/www.altercampagne.net\\\/?p=4218#primaryimage\"},\"thumbnailUrl\":\"http:\\\/\\\/www.sudouest.fr\\\/images\\\/2012\\\/08\\\/14\\\/793834_21039795_460x306.jpg\",\"keywords\":[\"AlterTour 2012\",\"calterra\",\"2012\",\"Isle Arn\u00e9\",\"Midi-Pyr\u00e9n\u00e9es\",\"Gers\"],\"articleSection\":[\"Revue de presse\"],\"inLanguage\":\"fr-FR\"},{\"@type\":\"WebPage\",\"@id\":\"https:\\\/\\\/www.altercampagne.net\\\/?p=4218\",\"url\":\"https:\\\/\\\/www.altercampagne.net\\\/?p=4218\",\"name\":\"\u00c0 v\u00e9lo vers l'\u00e9cologie - AlterTour\",\"isPartOf\":{\"@id\":\"https:\\\/\\\/www.altercampagne.net\\\/#website\"},\"primaryImageOfPage\":{\"@id\":\"https:\\\/\\\/www.altercampagne.net\\\/?p=4218#primaryimage\"},\"image\":{\"@id\":\"https:\\\/\\\/www.altercampagne.net\\\/?p=4218#primaryimage\"},\"thumbnailUrl\":\"http:\\\/\\\/www.sudouest.fr\\\/images\\\/2012\\\/08\\\/14\\\/793834_21039795_460x306.jpg\",\"datePublished\":\"2012-08-14T10:41:53+00:00\",\"dateModified\":\"2016-04-14T10:45:02+00:00\",\"author\":{\"@id\":\"https:\\\/\\\/www.altercampagne.net\\\/#\\\/schema\\\/person\\\/0f261460c09e430caa0f9bcffa319109\"},\"breadcrumb\":{\"@id\":\"https:\\\/\\\/www.altercampagne.net\\\/?p=4218#breadcrumb\"},\"inLanguage\":\"fr-FR\",\"potentialAction\":[{\"@type\":\"ReadAction\",\"target\":[\"https:\\\/\\\/www.altercampagne.net\\\/?p=4218\"]}]},{\"@type\":\"ImageObject\",\"inLanguage\":\"fr-FR\",\"@id\":\"https:\\\/\\\/www.altercampagne.net\\\/?p=4218#primaryimage\",\"url\":\"http:\\\/\\\/www.sudouest.fr\\\/images\\\/2012\\\/08\\\/14\\\/793834_21039795_460x306.jpg\",\"contentUrl\":\"http:\\\/\\\/www.sudouest.fr\\\/images\\\/2012\\\/08\\\/14\\\/793834_21039795_460x306.jpg\"},{\"@type\":\"BreadcrumbList\",\"@id\":\"https:\\\/\\\/www.altercampagne.net\\\/?p=4218#breadcrumb\",\"itemListElement\":[{\"@type\":\"ListItem\",\"position\":1,\"name\":\"Accueil\",\"item\":\"https:\\\/\\\/www.altercampagne.net\\\/\"},{\"@type\":\"ListItem\",\"position\":2,\"name\":\"\u00c0 v\u00e9lo vers l&rsquo;\u00e9cologie\"}]},{\"@type\":\"WebSite\",\"@id\":\"https:\\\/\\\/www.altercampagne.net\\\/#website\",\"url\":\"https:\\\/\\\/www.altercampagne.net\\\/\",\"name\":\"AlterTour\",\"description\":\"Reliez les Alternatives \u00e0 v\u00e9lo\",\"potentialAction\":[{\"@type\":\"SearchAction\",\"target\":{\"@type\":\"EntryPoint\",\"urlTemplate\":\"https:\\\/\\\/www.altercampagne.net\\\/?s={search_term_string}\"},\"query-input\":{\"@type\":\"PropertyValueSpecification\",\"valueRequired\":true,\"valueName\":\"search_term_string\"}}],\"inLanguage\":\"fr-FR\"},{\"@type\":\"Person\",\"@id\":\"https:\\\/\\\/www.altercampagne.net\\\/#\\\/schema\\\/person\\\/0f261460c09e430caa0f9bcffa319109\",\"name\":\"Mathieu\",\"image\":{\"@type\":\"ImageObject\",\"inLanguage\":\"fr-FR\",\"@id\":\"https:\\\/\\\/secure.gravatar.com\\\/avatar\\\/aa9d3d24c83f2141e5e2709d0f63d09a99f6be6bb7a50abc4915838d9f54501a?s=96&d=mm&r=g\",\"url\":\"https:\\\/\\\/secure.gravatar.com\\\/avatar\\\/aa9d3d24c83f2141e5e2709d0f63d09a99f6be6bb7a50abc4915838d9f54501a?s=96&d=mm&r=g\",\"contentUrl\":\"https:\\\/\\\/secure.gravatar.com\\\/avatar\\\/aa9d3d24c83f2141e5e2709d0f63d09a99f6be6bb7a50abc4915838d9f54501a?s=96&d=mm&r=g\",\"caption\":\"Mathieu\"},\"url\":\"https:\\\/\\\/www.altercampagne.net\\\/?author=214\"}]}<\/script>\n<!-- \/ Yoast SEO plugin. -->","yoast_head_json":{"title":"\u00c0 v\u00e9lo vers l'\u00e9cologie - AlterTour","robots":{"index":"index","follow":"follow","max-snippet":"max-snippet:-1","max-image-preview":"max-image-preview:large","max-video-preview":"max-video-preview:-1"},"canonical":"https:\/\/www.altercampagne.net\/?p=4218","og_locale":"fr_FR","og_type":"article","og_title":"\u00c0 v\u00e9lo vers l'\u00e9cologie - AlterTour","og_description":"\u00c0 l&rsquo;origine, il y avait un collectif qui souhaitait manifester son opposition aux OGM. Sept ans plus tard, 200 cyclistes amateurs se relaient depuis le 19 juin pour participer \u00e0 l&rsquo;AlterTour. Soixante d&rsquo;entre eux font \u00e9tape dans le Gers jusqu&rsquo;\u00e0 demain. Ce pseudo Tour de France se moque ouvertement des ... Read More","og_url":"https:\/\/www.altercampagne.net\/?p=4218","og_site_name":"AlterTour","article_published_time":"2012-08-14T10:41:53+00:00","article_modified_time":"2016-04-14T10:45:02+00:00","og_image":[{"url":"http:\/\/www.sudouest.fr\/images\/2012\/08\/14\/793834_21039795_460x306.jpg","type":"","width":"","height":""}],"author":"Mathieu","twitter_card":"summary_large_image","twitter_misc":{"\u00c9crit par":"Mathieu","Dur\u00e9e de lecture estim\u00e9e":"1 minute"},"schema":{"@context":"https:\/\/schema.org","@graph":[{"@type":"Article","@id":"https:\/\/www.altercampagne.net\/?p=4218#article","isPartOf":{"@id":"https:\/\/www.altercampagne.net\/?p=4218"},"author":{"name":"Mathieu","@id":"https:\/\/www.altercampagne.net\/#\/schema\/person\/0f261460c09e430caa0f9bcffa319109"},"headline":"\u00c0 v\u00e9lo vers l&rsquo;\u00e9cologie","datePublished":"2012-08-14T10:41:53+00:00","dateModified":"2016-04-14T10:45:02+00:00","mainEntityOfPage":{"@id":"https:\/\/www.altercampagne.net\/?p=4218"},"wordCount":178,"image":{"@id":"https:\/\/www.altercampagne.net\/?p=4218#primaryimage"},"thumbnailUrl":"http:\/\/www.sudouest.fr\/images\/2012\/08\/14\/793834_21039795_460x306.jpg","keywords":["AlterTour 2012","calterra","2012","Isle Arn\u00e9","Midi-Pyr\u00e9n\u00e9es","Gers"],"articleSection":["Revue de presse"],"inLanguage":"fr-FR"},{"@type":"WebPage","@id":"https:\/\/www.altercampagne.net\/?p=4218","url":"https:\/\/www.altercampagne.net\/?p=4218","name":"\u00c0 v\u00e9lo vers l'\u00e9cologie - AlterTour","isPartOf":{"@id":"https:\/\/www.altercampagne.net\/#website"},"primaryImageOfPage":{"@id":"https:\/\/www.altercampagne.net\/?p=4218#primaryimage"},"image":{"@id":"https:\/\/www.altercampagne.net\/?p=4218#primaryimage"},"thumbnailUrl":"http:\/\/www.sudouest.fr\/images\/2012\/08\/14\/793834_21039795_460x306.jpg","datePublished":"2012-08-14T10:41:53+00:00","dateModified":"2016-04-14T10:45:02+00:00","author":{"@id":"https:\/\/www.altercampagne.net\/#\/schema\/person\/0f261460c09e430caa0f9bcffa319109"},"breadcrumb":{"@id":"https:\/\/www.altercampagne.net\/?p=4218#breadcrumb"},"inLanguage":"fr-FR","potentialAction":[{"@type":"ReadAction","target":["https:\/\/www.altercampagne.net\/?p=4218"]}]},{"@type":"ImageObject","inLanguage":"fr-FR","@id":"https:\/\/www.altercampagne.net\/?p=4218#primaryimage","url":"http:\/\/www.sudouest.fr\/images\/2012\/08\/14\/793834_21039795_460x306.jpg","contentUrl":"http:\/\/www.sudouest.fr\/images\/2012\/08\/14\/793834_21039795_460x306.jpg"},{"@type":"BreadcrumbList","@id":"https:\/\/www.altercampagne.net\/?p=4218#breadcrumb","itemListElement":[{"@type":"ListItem","position":1,"name":"Accueil","item":"https:\/\/www.altercampagne.net\/"},{"@type":"ListItem","position":2,"name":"\u00c0 v\u00e9lo vers l&rsquo;\u00e9cologie"}]},{"@type":"WebSite","@id":"https:\/\/www.altercampagne.net\/#website","url":"https:\/\/www.altercampagne.net\/","name":"AlterTour","description":"Reliez les Alternatives \u00e0 v\u00e9lo","potentialAction":[{"@type":"SearchAction","target":{"@type":"EntryPoint","urlTemplate":"https:\/\/www.altercampagne.net\/?s={search_term_string}"},"query-input":{"@type":"PropertyValueSpecification","valueRequired":true,"valueName":"search_term_string"}}],"inLanguage":"fr-FR"},{"@type":"Person","@id":"https:\/\/www.altercampagne.net\/#\/schema\/person\/0f261460c09e430caa0f9bcffa319109","name":"Mathieu","image":{"@type":"ImageObject","inLanguage":"fr-FR","@id":"https:\/\/secure.gravatar.com\/avatar\/aa9d3d24c83f2141e5e2709d0f63d09a99f6be6bb7a50abc4915838d9f54501a?s=96&d=mm&r=g","url":"https:\/\/secure.gravatar.com\/avatar\/aa9d3d24c83f2141e5e2709d0f63d09a99f6be6bb7a50abc4915838d9f54501a?s=96&d=mm&r=g","contentUrl":"https:\/\/secure.gravatar.com\/avatar\/aa9d3d24c83f2141e5e2709d0f63d09a99f6be6bb7a50abc4915838d9f54501a?s=96&d=mm&r=g","caption":"Mathieu"},"url":"https:\/\/www.altercampagne.net\/?author=214"}]}},"_links":{"self":[{"href":"https:\/\/www.altercampagne.net\/index.php?rest_route=\/wp\/v2\/posts\/4218","targetHints":{"allow":["GET"]}}],"collection":[{"href":"https:\/\/www.altercampagne.net\/index.php?rest_route=\/wp\/v2\/posts"}],"about":[{"href":"https:\/\/www.altercampagne.net\/index.php?rest_route=\/wp\/v2\/types\/post"}],"author":[{"embeddable":true,"href":"https:\/\/www.altercampagne.net\/index.php?rest_route=\/wp\/v2\/users\/214"}],"replies":[{"embeddable":true,"href":"https:\/\/www.altercampagne.net\/index.php?rest_route=%2Fwp%2Fv2%2Fcomments&post=4218"}],"version-history":[{"count":0,"href":"https:\/\/www.altercampagne.net\/index.php?rest_route=\/wp\/v2\/posts\/4218\/revisions"}],"wp:attachment":[{"href":"https:\/\/www.altercampagne.net\/index.php?rest_route=%2Fwp%2Fv2%2Fmedia&parent=4218"}],"wp:term":[{"taxonomy":"category","embeddable":true,"href":"https:\/\/www.altercampagne.net\/index.php?rest_route=%2Fwp%2Fv2%2Fcategories&post=4218"},{"taxonomy":"post_tag","embeddable":true,"href":"https:\/\/www.altercampagne.net\/index.php?rest_route=%2Fwp%2Fv2%2Ftags&post=4218"}],"curies":[{"name":"wp","href":"https:\/\/api.w.org\/{rel}","templated":true}]}}