{"id":4220,"date":"2012-08-14T12:00:18","date_gmt":"2012-08-14T10:00:18","guid":{"rendered":"http:\/\/www.altercampagne.net\/?p=4220"},"modified":"2024-08-27T17:16:50","modified_gmt":"2024-08-27T15:16:50","slug":"ramonville-saint-agne-altertour-lautre-tour-de-france-est-passe","status":"publish","type":"post","link":"https:\/\/www.altercampagne.net\/?p=4220","title":{"rendered":"Ramonville-Saint-Agne. AlterTour : l&rsquo;autre Tour de France est pass\u00e9"},"content":{"rendered":"<p class=\"Style153\" align=\"justify\"><img loading=\"lazy\" decoding=\"async\" class=\" alignleft\" src=\"http:\/\/static.ladepeche.fr\/content\/photo\/biz\/2012\/08\/14\/201208140070_w350.jpg\" alt=\"\" width=\"350\" height=\"231\" \/>Une soixantaine de cyclistes d&rsquo;AlterTour repartaient ce lundi matin depuis la Maison de l&rsquo;\u00e9conomie solidaire (MES). Aux petites heures de la matin\u00e9e, ils se joignaient au mouvement de soutien au Centre social autog\u00e9r\u00e9 CREA \u00e0 Toulouse puis se dirigeaient vers le Gers.<\/p>\n<p class=\"Style153\" align=\"justify\">Des gens venus de toutes les r\u00e9gions, de tous les milieux sociaux et de tous les \u00e2ges se retrouvent cet \u00e9t\u00e9 dans une d\u00e9marche alternative, pour un autre Tour de France \u00e0 v\u00e9lo.<br \/>\n\u00abPour nous, le v\u00e9lo n&rsquo;est qu&rsquo;un moyen de transport ; on est anti Tour de France\u00bb, explique le coordinateur d&rsquo;AlterTour, Mathieu Fromont.<\/p>\n<p class=\"Style153\" align=\"justify\">Leur itin\u00e9raire, le 5e du genre, compte de nombreuses \u00e9tapes et il regroupe des personnes qui s&rsquo;int\u00e9ressent \u00e0 l&rsquo;alter mondialisme, \u00e0 l&rsquo;\u00e9cologie, \u00e0 la d\u00e9croissance, \u00e0 la d\u00e9sob\u00e9issance civile\u2026<\/p>\n<p class=\"Style153\" align=\"justify\">\u00abNous sommes dans la d\u00e9nonciation du syst\u00e8me actuel qui est comp\u00e9titif et d&rsquo;une soci\u00e9t\u00e9 organis\u00e9e autour de la finance, le tout ayant des effets d\u00e9l\u00e9t\u00e8res. La monoculture, les intrants chimiques et les OGM en sont des exemples comme l&rsquo;\u00e9nergie nucl\u00e9aire ou l&rsquo;exploitation des gaz de schiste\u00bb, signale le coordinateur.<\/p>\n<p class=\"Style153\" align=\"justify\">Pointant l&rsquo;origine de la crise actuelle par les subprimes, le groupe d&rsquo;AlterTour souhaite \u00e0 l&rsquo;oppos\u00e9 adopter une d\u00e9marche en rendant visite aux alternatives concr\u00e8tes comme les entreprises en autogestion, les producteurs d&rsquo;\u00e9nergies alternatives, les \u00e9co-constructeurs ou les diff\u00e9rents acteurs engag\u00e9s dans le secteur de l&rsquo;\u00e9conomie sociale et solidaire\u2026 \u00abIl faut que les infos et qu&rsquo;une dynamique circulent dans un contexte festif afin de cr\u00e9er des r\u00e9seaux ; le militantisme se fait au contact des gens\u00bb, signale ainsi Dominique Gilbon, membre de la MES et de l&rsquo;association Caracole.<\/p>\n<p class=\"Style142\"><strong>PORTER UN \u00c9CLAIRAGE SUR CHAQUE SOLUTION ALTERNATIVE<\/strong><\/p>\n<p class=\"Style153\" align=\"justify\">En venant \u00e0 Ramonville, Mathieu a trouv\u00e9 une structure qui regroupe dans une d\u00e9marche coh\u00e9rente, les grands courants de l&rsquo;entreprise sociale et solidaire ; \u00abIl y a du sens ici\u00bb, dit-il.<\/p>\n<p class=\"Style153\" align=\"justify\">Pour AlterTour, pas question de pessimisme : \u00abIl faut faire le constat tous ensemble que les ressources vont \u00e0 l&rsquo;\u00e9puisement et que l&rsquo;augmentation des prix est in\u00e9luctable\u00bb. Le Ramonvillois de l&rsquo;\u00e9tape pr\u00e9sent lors du d\u00e9part d&rsquo;AlterTour ajoute : \u00abNous pouvons, dans notre pays, nous organiser sans avoir peur ; il faut anticiper les moments difficiles et (re) mettre les solutions alternatives en route\u00bb. Pour ces militants, la communication entre les r\u00e9seaux, nombreux mais dispers\u00e9s, reste primordiale afin d&rsquo;inverser le cours d&rsquo;une crise cr\u00e9\u00e9e par l&rsquo;obsession du profit.<\/p>\n<p class=\"Style142\"><strong>RE\u00c7US PAR LES HABITANTS<\/strong><\/p>\n<p class=\"Style153\" align=\"justify\">Partis le 11 juillet de Foix, les cyclistes ont p\u00e9dal\u00e9 dans le grand Sud et sont arriv\u00e9s \u00e0 Ramonville suivis par leur voiture-balai. Accueillis \u00e0 la Maison de l&rsquo;\u00e9conomie solidaire, l&rsquo;\u00e9quipe d&rsquo;Alter Tour a \u00e9galement re\u00e7u une visite des futurs occupants de l&rsquo;habitat group\u00e9 du Canal actuellement en construction et d&rsquo;habitants du Hameau de Mange Pommes.<\/p>\n<p class=\"Style153\" align=\"right\"><em>M-A.D<\/em><\/p>\n<p class=\"Style153\" style=\"text-align: left;\" align=\"right\">Source : <a href=\"http:\/\/www.ladepeche.fr\/article\/2012\/08\/14\/1418575-ramonville-saint-agne-alter-tour-l-autre-tour-de-france-est-passe.html\" target=\"_blank\" rel=\"noopener\">http:\/\/www.ladepeche.fr\/article\/2012\/08\/14\/1418575-ramonville-saint-agne-alter-tour-l-autre-tour-de-france-est-passe.html<\/a><\/p>\n","protected":false},"excerpt":{"rendered":"<p>Une soixantaine de cyclistes d&rsquo;AlterTour repartaient ce lundi matin depuis la Maison de l&rsquo;\u00e9conomie solidaire (MES). Aux petites heures de la matin\u00e9e, ils se joignaient au mouvement de soutien au Centre social autog\u00e9r\u00e9 CREA \u00e0 Toulouse puis se dirigeaient vers le Gers. Des gens venus de toutes les r\u00e9gions, de &#8230; <\/p>\n<div><a href=\"https:\/\/www.altercampagne.net\/?p=4220\" class=\"more-link\">Read More<\/a><\/div>\n","protected":false},"author":214,"featured_media":0,"comment_status":"closed","ping_status":"closed","sticky":false,"template":"","format":"standard","meta":{"footnotes":""},"categories":[239],"tags":[85,88,852,1173,1814,1844,1851,1856,1857,1858,1859,1860,1861],"class_list":["post-4220","post","type-post","status-publish","format-standard","hentry","category-revue-de-presse","tag-haute-garonne","tag-toulouse","tag-altertour-2012","tag-crea","tag-1814","tag-midi-pyrenees","tag-maison-de-leconomie-solidaire","tag-mes","tag-centre-social-autogere","tag-ramonville-saint-agne","tag-dominique-gilbon","tag-caracole","tag-hameau-de-mange-pommes","no-post-thumbnail"],"yoast_head":"<!-- This site is optimized with the Yoast SEO plugin v27.3 - https:\/\/yoast.com\/product\/yoast-seo-wordpress\/ -->\n<title>Ramonville-Saint-Agne. AlterTour : l&#039;autre Tour de France est pass\u00e9 - AlterTour<\/title>\n<meta name=\"robots\" content=\"index, follow, max-snippet:-1, max-image-preview:large, max-video-preview:-1\" \/>\n<link rel=\"canonical\" href=\"https:\/\/www.altercampagne.net\/?p=4220\" \/>\n<meta property=\"og:locale\" content=\"fr_FR\" \/>\n<meta property=\"og:type\" content=\"article\" \/>\n<meta property=\"og:title\" content=\"Ramonville-Saint-Agne. AlterTour : l&#039;autre Tour de France est pass\u00e9 - AlterTour\" \/>\n<meta property=\"og:description\" content=\"Une soixantaine de cyclistes d&rsquo;AlterTour repartaient ce lundi matin depuis la Maison de l&rsquo;\u00e9conomie solidaire (MES). Aux petites heures de la matin\u00e9e, ils se joignaient au mouvement de soutien au Centre social autog\u00e9r\u00e9 CREA \u00e0 Toulouse puis se dirigeaient vers le Gers. Des gens venus de toutes les r\u00e9gions, de ... Read More\" \/>\n<meta property=\"og:url\" content=\"https:\/\/www.altercampagne.net\/?p=4220\" \/>\n<meta property=\"og:site_name\" content=\"AlterTour\" \/>\n<meta property=\"article:published_time\" content=\"2012-08-14T10:00:18+00:00\" \/>\n<meta property=\"article:modified_time\" content=\"2024-08-27T15:16:50+00:00\" \/>\n<meta property=\"og:image\" content=\"http:\/\/static.ladepeche.fr\/content\/photo\/biz\/2012\/08\/14\/201208140070_w350.jpg\" \/>\n<meta name=\"author\" content=\"Mathieu\" \/>\n<meta name=\"twitter:card\" content=\"summary_large_image\" \/>\n<meta name=\"twitter:label1\" content=\"\u00c9crit par\" \/>\n\t<meta name=\"twitter:data1\" content=\"Mathieu\" \/>\n\t<meta name=\"twitter:label2\" content=\"Dur\u00e9e de lecture estim\u00e9e\" \/>\n\t<meta name=\"twitter:data2\" content=\"3 minutes\" \/>\n<script type=\"application\/ld+json\" class=\"yoast-schema-graph\">{\"@context\":\"https:\\\/\\\/schema.org\",\"@graph\":[{\"@type\":\"Article\",\"@id\":\"https:\\\/\\\/www.altercampagne.net\\\/?p=4220#article\",\"isPartOf\":{\"@id\":\"https:\\\/\\\/www.altercampagne.net\\\/?p=4220\"},\"author\":{\"name\":\"Mathieu\",\"@id\":\"https:\\\/\\\/www.altercampagne.net\\\/#\\\/schema\\\/person\\\/0f261460c09e430caa0f9bcffa319109\"},\"headline\":\"Ramonville-Saint-Agne. AlterTour : l&rsquo;autre Tour de France est pass\u00e9\",\"datePublished\":\"2012-08-14T10:00:18+00:00\",\"dateModified\":\"2024-08-27T15:16:50+00:00\",\"mainEntityOfPage\":{\"@id\":\"https:\\\/\\\/www.altercampagne.net\\\/?p=4220\"},\"wordCount\":517,\"image\":{\"@id\":\"https:\\\/\\\/www.altercampagne.net\\\/?p=4220#primaryimage\"},\"thumbnailUrl\":\"http:\\\/\\\/static.ladepeche.fr\\\/content\\\/photo\\\/biz\\\/2012\\\/08\\\/14\\\/201208140070_w350.jpg\",\"keywords\":[\"Haute-Garonne\",\"Toulouse\",\"AlterTour 2012\",\"CREA\",\"2012\",\"Midi-Pyr\u00e9n\u00e9es\",\"Maison de l\u2019Economie Solidaire\",\"MES\",\"Centre social autog\u00e9r\u00e9\",\"Ramonville-Saint-Agne\",\"Dominique Gilbon\",\"Caracole\",\"Hameau de Mange Pommes\"],\"articleSection\":[\"Revue de presse\"],\"inLanguage\":\"fr-FR\"},{\"@type\":\"WebPage\",\"@id\":\"https:\\\/\\\/www.altercampagne.net\\\/?p=4220\",\"url\":\"https:\\\/\\\/www.altercampagne.net\\\/?p=4220\",\"name\":\"Ramonville-Saint-Agne. AlterTour : l'autre Tour de France est pass\u00e9 - AlterTour\",\"isPartOf\":{\"@id\":\"https:\\\/\\\/www.altercampagne.net\\\/#website\"},\"primaryImageOfPage\":{\"@id\":\"https:\\\/\\\/www.altercampagne.net\\\/?p=4220#primaryimage\"},\"image\":{\"@id\":\"https:\\\/\\\/www.altercampagne.net\\\/?p=4220#primaryimage\"},\"thumbnailUrl\":\"http:\\\/\\\/static.ladepeche.fr\\\/content\\\/photo\\\/biz\\\/2012\\\/08\\\/14\\\/201208140070_w350.jpg\",\"datePublished\":\"2012-08-14T10:00:18+00:00\",\"dateModified\":\"2024-08-27T15:16:50+00:00\",\"author\":{\"@id\":\"https:\\\/\\\/www.altercampagne.net\\\/#\\\/schema\\\/person\\\/0f261460c09e430caa0f9bcffa319109\"},\"breadcrumb\":{\"@id\":\"https:\\\/\\\/www.altercampagne.net\\\/?p=4220#breadcrumb\"},\"inLanguage\":\"fr-FR\",\"potentialAction\":[{\"@type\":\"ReadAction\",\"target\":[\"https:\\\/\\\/www.altercampagne.net\\\/?p=4220\"]}]},{\"@type\":\"ImageObject\",\"inLanguage\":\"fr-FR\",\"@id\":\"https:\\\/\\\/www.altercampagne.net\\\/?p=4220#primaryimage\",\"url\":\"http:\\\/\\\/static.ladepeche.fr\\\/content\\\/photo\\\/biz\\\/2012\\\/08\\\/14\\\/201208140070_w350.jpg\",\"contentUrl\":\"http:\\\/\\\/static.ladepeche.fr\\\/content\\\/photo\\\/biz\\\/2012\\\/08\\\/14\\\/201208140070_w350.jpg\"},{\"@type\":\"BreadcrumbList\",\"@id\":\"https:\\\/\\\/www.altercampagne.net\\\/?p=4220#breadcrumb\",\"itemListElement\":[{\"@type\":\"ListItem\",\"position\":1,\"name\":\"Accueil\",\"item\":\"https:\\\/\\\/www.altercampagne.net\\\/\"},{\"@type\":\"ListItem\",\"position\":2,\"name\":\"Ramonville-Saint-Agne. AlterTour : l&rsquo;autre Tour de France est pass\u00e9\"}]},{\"@type\":\"WebSite\",\"@id\":\"https:\\\/\\\/www.altercampagne.net\\\/#website\",\"url\":\"https:\\\/\\\/www.altercampagne.net\\\/\",\"name\":\"AlterTour\",\"description\":\"Reliez les Alternatives \u00e0 v\u00e9lo\",\"potentialAction\":[{\"@type\":\"SearchAction\",\"target\":{\"@type\":\"EntryPoint\",\"urlTemplate\":\"https:\\\/\\\/www.altercampagne.net\\\/?s={search_term_string}\"},\"query-input\":{\"@type\":\"PropertyValueSpecification\",\"valueRequired\":true,\"valueName\":\"search_term_string\"}}],\"inLanguage\":\"fr-FR\"},{\"@type\":\"Person\",\"@id\":\"https:\\\/\\\/www.altercampagne.net\\\/#\\\/schema\\\/person\\\/0f261460c09e430caa0f9bcffa319109\",\"name\":\"Mathieu\",\"image\":{\"@type\":\"ImageObject\",\"inLanguage\":\"fr-FR\",\"@id\":\"https:\\\/\\\/secure.gravatar.com\\\/avatar\\\/aa9d3d24c83f2141e5e2709d0f63d09a99f6be6bb7a50abc4915838d9f54501a?s=96&d=mm&r=g\",\"url\":\"https:\\\/\\\/secure.gravatar.com\\\/avatar\\\/aa9d3d24c83f2141e5e2709d0f63d09a99f6be6bb7a50abc4915838d9f54501a?s=96&d=mm&r=g\",\"contentUrl\":\"https:\\\/\\\/secure.gravatar.com\\\/avatar\\\/aa9d3d24c83f2141e5e2709d0f63d09a99f6be6bb7a50abc4915838d9f54501a?s=96&d=mm&r=g\",\"caption\":\"Mathieu\"},\"url\":\"https:\\\/\\\/www.altercampagne.net\\\/?author=214\"}]}<\/script>\n<!-- \/ Yoast SEO plugin. -->","yoast_head_json":{"title":"Ramonville-Saint-Agne. AlterTour : l'autre Tour de France est pass\u00e9 - AlterTour","robots":{"index":"index","follow":"follow","max-snippet":"max-snippet:-1","max-image-preview":"max-image-preview:large","max-video-preview":"max-video-preview:-1"},"canonical":"https:\/\/www.altercampagne.net\/?p=4220","og_locale":"fr_FR","og_type":"article","og_title":"Ramonville-Saint-Agne. AlterTour : l'autre Tour de France est pass\u00e9 - AlterTour","og_description":"Une soixantaine de cyclistes d&rsquo;AlterTour repartaient ce lundi matin depuis la Maison de l&rsquo;\u00e9conomie solidaire (MES). Aux petites heures de la matin\u00e9e, ils se joignaient au mouvement de soutien au Centre social autog\u00e9r\u00e9 CREA \u00e0 Toulouse puis se dirigeaient vers le Gers. Des gens venus de toutes les r\u00e9gions, de ... Read More","og_url":"https:\/\/www.altercampagne.net\/?p=4220","og_site_name":"AlterTour","article_published_time":"2012-08-14T10:00:18+00:00","article_modified_time":"2024-08-27T15:16:50+00:00","og_image":[{"url":"http:\/\/static.ladepeche.fr\/content\/photo\/biz\/2012\/08\/14\/201208140070_w350.jpg","type":"","width":"","height":""}],"author":"Mathieu","twitter_card":"summary_large_image","twitter_misc":{"\u00c9crit par":"Mathieu","Dur\u00e9e de lecture estim\u00e9e":"3 minutes"},"schema":{"@context":"https:\/\/schema.org","@graph":[{"@type":"Article","@id":"https:\/\/www.altercampagne.net\/?p=4220#article","isPartOf":{"@id":"https:\/\/www.altercampagne.net\/?p=4220"},"author":{"name":"Mathieu","@id":"https:\/\/www.altercampagne.net\/#\/schema\/person\/0f261460c09e430caa0f9bcffa319109"},"headline":"Ramonville-Saint-Agne. AlterTour : l&rsquo;autre Tour de France est pass\u00e9","datePublished":"2012-08-14T10:00:18+00:00","dateModified":"2024-08-27T15:16:50+00:00","mainEntityOfPage":{"@id":"https:\/\/www.altercampagne.net\/?p=4220"},"wordCount":517,"image":{"@id":"https:\/\/www.altercampagne.net\/?p=4220#primaryimage"},"thumbnailUrl":"http:\/\/static.ladepeche.fr\/content\/photo\/biz\/2012\/08\/14\/201208140070_w350.jpg","keywords":["Haute-Garonne","Toulouse","AlterTour 2012","CREA","2012","Midi-Pyr\u00e9n\u00e9es","Maison de l\u2019Economie Solidaire","MES","Centre social autog\u00e9r\u00e9","Ramonville-Saint-Agne","Dominique Gilbon","Caracole","Hameau de Mange Pommes"],"articleSection":["Revue de presse"],"inLanguage":"fr-FR"},{"@type":"WebPage","@id":"https:\/\/www.altercampagne.net\/?p=4220","url":"https:\/\/www.altercampagne.net\/?p=4220","name":"Ramonville-Saint-Agne. AlterTour : l'autre Tour de France est pass\u00e9 - AlterTour","isPartOf":{"@id":"https:\/\/www.altercampagne.net\/#website"},"primaryImageOfPage":{"@id":"https:\/\/www.altercampagne.net\/?p=4220#primaryimage"},"image":{"@id":"https:\/\/www.altercampagne.net\/?p=4220#primaryimage"},"thumbnailUrl":"http:\/\/static.ladepeche.fr\/content\/photo\/biz\/2012\/08\/14\/201208140070_w350.jpg","datePublished":"2012-08-14T10:00:18+00:00","dateModified":"2024-08-27T15:16:50+00:00","author":{"@id":"https:\/\/www.altercampagne.net\/#\/schema\/person\/0f261460c09e430caa0f9bcffa319109"},"breadcrumb":{"@id":"https:\/\/www.altercampagne.net\/?p=4220#breadcrumb"},"inLanguage":"fr-FR","potentialAction":[{"@type":"ReadAction","target":["https:\/\/www.altercampagne.net\/?p=4220"]}]},{"@type":"ImageObject","inLanguage":"fr-FR","@id":"https:\/\/www.altercampagne.net\/?p=4220#primaryimage","url":"http:\/\/static.ladepeche.fr\/content\/photo\/biz\/2012\/08\/14\/201208140070_w350.jpg","contentUrl":"http:\/\/static.ladepeche.fr\/content\/photo\/biz\/2012\/08\/14\/201208140070_w350.jpg"},{"@type":"BreadcrumbList","@id":"https:\/\/www.altercampagne.net\/?p=4220#breadcrumb","itemListElement":[{"@type":"ListItem","position":1,"name":"Accueil","item":"https:\/\/www.altercampagne.net\/"},{"@type":"ListItem","position":2,"name":"Ramonville-Saint-Agne. AlterTour : l&rsquo;autre Tour de France est pass\u00e9"}]},{"@type":"WebSite","@id":"https:\/\/www.altercampagne.net\/#website","url":"https:\/\/www.altercampagne.net\/","name":"AlterTour","description":"Reliez les Alternatives \u00e0 v\u00e9lo","potentialAction":[{"@type":"SearchAction","target":{"@type":"EntryPoint","urlTemplate":"https:\/\/www.altercampagne.net\/?s={search_term_string}"},"query-input":{"@type":"PropertyValueSpecification","valueRequired":true,"valueName":"search_term_string"}}],"inLanguage":"fr-FR"},{"@type":"Person","@id":"https:\/\/www.altercampagne.net\/#\/schema\/person\/0f261460c09e430caa0f9bcffa319109","name":"Mathieu","image":{"@type":"ImageObject","inLanguage":"fr-FR","@id":"https:\/\/secure.gravatar.com\/avatar\/aa9d3d24c83f2141e5e2709d0f63d09a99f6be6bb7a50abc4915838d9f54501a?s=96&d=mm&r=g","url":"https:\/\/secure.gravatar.com\/avatar\/aa9d3d24c83f2141e5e2709d0f63d09a99f6be6bb7a50abc4915838d9f54501a?s=96&d=mm&r=g","contentUrl":"https:\/\/secure.gravatar.com\/avatar\/aa9d3d24c83f2141e5e2709d0f63d09a99f6be6bb7a50abc4915838d9f54501a?s=96&d=mm&r=g","caption":"Mathieu"},"url":"https:\/\/www.altercampagne.net\/?author=214"}]}},"_links":{"self":[{"href":"https:\/\/www.altercampagne.net\/index.php?rest_route=\/wp\/v2\/posts\/4220","targetHints":{"allow":["GET"]}}],"collection":[{"href":"https:\/\/www.altercampagne.net\/index.php?rest_route=\/wp\/v2\/posts"}],"about":[{"href":"https:\/\/www.altercampagne.net\/index.php?rest_route=\/wp\/v2\/types\/post"}],"author":[{"embeddable":true,"href":"https:\/\/www.altercampagne.net\/index.php?rest_route=\/wp\/v2\/users\/214"}],"replies":[{"embeddable":true,"href":"https:\/\/www.altercampagne.net\/index.php?rest_route=%2Fwp%2Fv2%2Fcomments&post=4220"}],"version-history":[{"count":1,"href":"https:\/\/www.altercampagne.net\/index.php?rest_route=\/wp\/v2\/posts\/4220\/revisions"}],"predecessor-version":[{"id":28650,"href":"https:\/\/www.altercampagne.net\/index.php?rest_route=\/wp\/v2\/posts\/4220\/revisions\/28650"}],"wp:attachment":[{"href":"https:\/\/www.altercampagne.net\/index.php?rest_route=%2Fwp%2Fv2%2Fmedia&parent=4220"}],"wp:term":[{"taxonomy":"category","embeddable":true,"href":"https:\/\/www.altercampagne.net\/index.php?rest_route=%2Fwp%2Fv2%2Fcategories&post=4220"},{"taxonomy":"post_tag","embeddable":true,"href":"https:\/\/www.altercampagne.net\/index.php?rest_route=%2Fwp%2Fv2%2Ftags&post=4220"}],"curies":[{"name":"wp","href":"https:\/\/api.w.org\/{rel}","templated":true}]}}