{"id":4223,"date":"2012-08-14T11:51:58","date_gmt":"2012-08-14T09:51:58","guid":{"rendered":"http:\/\/www.altercampagne.net\/?p=4223"},"modified":"2016-04-14T12:54:03","modified_gmt":"2016-04-14T10:54:03","slug":"riscle-laltertour-sarretera-a-riscle","status":"publish","type":"post","link":"https:\/\/www.altercampagne.net\/?p=4223","title":{"rendered":"Riscle. L&rsquo;AlterTour s&rsquo;arr\u00eatera \u00e0 Riscle"},"content":{"rendered":"<p class=\"Style153\" align=\"justify\"><img loading=\"lazy\" decoding=\"async\" class=\" alignleft\" src=\"http:\/\/www.sudouest.fr\/images\/2012\/08\/14\/794148_21038428_460x306.jpg\" alt=\"\" width=\"460\" height=\"306\" \/>Le 12 juillet dernier, l&rsquo;AlterTour s&rsquo;est \u00e9lanc\u00e9 de Foix \u00e0 la rencontre des Alternatives, a travers\u00e9 le Sud-Ouest, et terminera son parcours dimanche Bedous dans les Pyr\u00e9n\u00e9es-Atlantiques.<\/p>\n<p class=\"Style153\" align=\"justify\">Cet autre tour de France familial et non-comp\u00e9titif propose une balade \u00e0 la rencontre d&rsquo;associations, de collectifs, d&rsquo;individus exp\u00e9rimentant d&rsquo;autres modes de vie, de production, les circuits courts, la production d&rsquo;\u00e9nergie alternative, le recyclage, l&rsquo;\u00e9ducation \u00e0 l&rsquo;environnement et \u00e0 la d\u00e9croissance\u2026<\/p>\n<p class=\"Style153\" align=\"justify\">Quelques dizaines de b\u00e9n\u00e9voles ont assur\u00e9 le relais entre l&rsquo;\u00e9dition 2011 et l&rsquo;\u00e9dition 2012, incluant la r\u00e9daction d&rsquo;un Guide des Alternatives rencontr\u00e9es cet \u00e9t\u00e9, disponible sur le tour.<\/p>\n<p class=\"Style153\" align=\"justify\">Pr\u00e8s d&rsquo;une trentaine d&rsquo;organisations, cinq collectivit\u00e9s et la Fondation un monde par tous, ont apport\u00e9 leur concours \u00e0 cette 5e \u00e9dition de l&rsquo;AlterTour.<\/p>\n<p class=\"Style153\" align=\"justify\">Demain, l&rsquo;AlterTour s&rsquo;arr\u00eatera \u00e0 Riscle en suivant ce programme : 7 h &#8211; 9 h : r\u00e9veil, petit-d\u00e9jeuner, rangement ; 9 h &#8211; 12 h : trajet Montaut\/Bassoues ; 12 h &#8211; 14 h : repas en autonomie \u00e0 la ferme du Guillomet ; 14 h &#8211; 18 h : trajet Bassoues\/Riscle ; 18 h &#8211; 19 h : installation du camp ; 19 h &#8211; 21 h : visite guid\u00e9e de l&rsquo;\u00e9cocentre Pierre et Terre ; 21 h : repas et le lendemain le groupe rejoindra Pau, capitale du B\u00e9arn.<\/p>\n<p class=\"Style153\" align=\"right\">Lionel Lemaire<\/p>\n","protected":false},"excerpt":{"rendered":"<p>Le 12 juillet dernier, l&rsquo;AlterTour s&rsquo;est \u00e9lanc\u00e9 de Foix \u00e0 la rencontre des Alternatives, a travers\u00e9 le Sud-Ouest, et terminera son parcours dimanche Bedous dans les Pyr\u00e9n\u00e9es-Atlantiques. Cet autre tour de France familial et non-comp\u00e9titif propose une balade \u00e0 la rencontre d&rsquo;associations, de collectifs, d&rsquo;individus exp\u00e9rimentant d&rsquo;autres modes de vie, &#8230; <\/p>\n<div><a href=\"https:\/\/www.altercampagne.net\/?p=4223\" class=\"more-link\">Read More<\/a><\/div>\n","protected":false},"author":214,"featured_media":0,"comment_status":"closed","ping_status":"closed","sticky":false,"template":"","format":"standard","meta":{"footnotes":""},"categories":[239],"tags":[852,1159,1166,1814,1823,1844,1855,1862],"class_list":["post-4223","post","type-post","status-publish","format-standard","hentry","category-revue-de-presse","tag-altertour-2012","tag-pau","tag-riscle","tag-1814","tag-bearn","tag-midi-pyrenees","tag-gers","tag-ecocentre-pierre-et-terre","no-post-thumbnail"],"yoast_head":"<!-- This site is optimized with the Yoast SEO plugin v27.3 - https:\/\/yoast.com\/product\/yoast-seo-wordpress\/ -->\n<title>Riscle. L&#039;AlterTour s&#039;arr\u00eatera \u00e0 Riscle - AlterTour<\/title>\n<meta name=\"robots\" content=\"index, follow, max-snippet:-1, max-image-preview:large, max-video-preview:-1\" \/>\n<link rel=\"canonical\" href=\"https:\/\/www.altercampagne.net\/?p=4223\" \/>\n<meta property=\"og:locale\" content=\"fr_FR\" \/>\n<meta property=\"og:type\" content=\"article\" \/>\n<meta property=\"og:title\" content=\"Riscle. L&#039;AlterTour s&#039;arr\u00eatera \u00e0 Riscle - AlterTour\" \/>\n<meta property=\"og:description\" content=\"Le 12 juillet dernier, l&rsquo;AlterTour s&rsquo;est \u00e9lanc\u00e9 de Foix \u00e0 la rencontre des Alternatives, a travers\u00e9 le Sud-Ouest, et terminera son parcours dimanche Bedous dans les Pyr\u00e9n\u00e9es-Atlantiques. Cet autre tour de France familial et non-comp\u00e9titif propose une balade \u00e0 la rencontre d&rsquo;associations, de collectifs, d&rsquo;individus exp\u00e9rimentant d&rsquo;autres modes de vie, ... Read More\" \/>\n<meta property=\"og:url\" content=\"https:\/\/www.altercampagne.net\/?p=4223\" \/>\n<meta property=\"og:site_name\" content=\"AlterTour\" \/>\n<meta property=\"article:published_time\" content=\"2012-08-14T09:51:58+00:00\" \/>\n<meta property=\"article:modified_time\" content=\"2016-04-14T10:54:03+00:00\" \/>\n<meta property=\"og:image\" content=\"http:\/\/www.sudouest.fr\/images\/2012\/08\/14\/794148_21038428_460x306.jpg\" \/>\n<meta name=\"author\" content=\"Mathieu\" \/>\n<meta name=\"twitter:card\" content=\"summary_large_image\" \/>\n<meta name=\"twitter:label1\" content=\"\u00c9crit par\" \/>\n\t<meta name=\"twitter:data1\" content=\"Mathieu\" \/>\n\t<meta name=\"twitter:label2\" content=\"Dur\u00e9e de lecture estim\u00e9e\" \/>\n\t<meta name=\"twitter:data2\" content=\"1 minute\" \/>\n<script type=\"application\/ld+json\" class=\"yoast-schema-graph\">{\"@context\":\"https:\\\/\\\/schema.org\",\"@graph\":[{\"@type\":\"Article\",\"@id\":\"https:\\\/\\\/www.altercampagne.net\\\/?p=4223#article\",\"isPartOf\":{\"@id\":\"https:\\\/\\\/www.altercampagne.net\\\/?p=4223\"},\"author\":{\"name\":\"Mathieu\",\"@id\":\"https:\\\/\\\/www.altercampagne.net\\\/#\\\/schema\\\/person\\\/0f261460c09e430caa0f9bcffa319109\"},\"headline\":\"Riscle. L&rsquo;AlterTour s&rsquo;arr\u00eatera \u00e0 Riscle\",\"datePublished\":\"2012-08-14T09:51:58+00:00\",\"dateModified\":\"2016-04-14T10:54:03+00:00\",\"mainEntityOfPage\":{\"@id\":\"https:\\\/\\\/www.altercampagne.net\\\/?p=4223\"},\"wordCount\":217,\"image\":{\"@id\":\"https:\\\/\\\/www.altercampagne.net\\\/?p=4223#primaryimage\"},\"thumbnailUrl\":\"http:\\\/\\\/www.sudouest.fr\\\/images\\\/2012\\\/08\\\/14\\\/794148_21038428_460x306.jpg\",\"keywords\":[\"AlterTour 2012\",\"pau\",\"Riscle\",\"2012\",\"B\u00e9arn\",\"Midi-Pyr\u00e9n\u00e9es\",\"Gers\",\"\u00e9cocentre Pierre et Terre\"],\"articleSection\":[\"Revue de presse\"],\"inLanguage\":\"fr-FR\"},{\"@type\":\"WebPage\",\"@id\":\"https:\\\/\\\/www.altercampagne.net\\\/?p=4223\",\"url\":\"https:\\\/\\\/www.altercampagne.net\\\/?p=4223\",\"name\":\"Riscle. L'AlterTour s'arr\u00eatera \u00e0 Riscle - AlterTour\",\"isPartOf\":{\"@id\":\"https:\\\/\\\/www.altercampagne.net\\\/#website\"},\"primaryImageOfPage\":{\"@id\":\"https:\\\/\\\/www.altercampagne.net\\\/?p=4223#primaryimage\"},\"image\":{\"@id\":\"https:\\\/\\\/www.altercampagne.net\\\/?p=4223#primaryimage\"},\"thumbnailUrl\":\"http:\\\/\\\/www.sudouest.fr\\\/images\\\/2012\\\/08\\\/14\\\/794148_21038428_460x306.jpg\",\"datePublished\":\"2012-08-14T09:51:58+00:00\",\"dateModified\":\"2016-04-14T10:54:03+00:00\",\"author\":{\"@id\":\"https:\\\/\\\/www.altercampagne.net\\\/#\\\/schema\\\/person\\\/0f261460c09e430caa0f9bcffa319109\"},\"breadcrumb\":{\"@id\":\"https:\\\/\\\/www.altercampagne.net\\\/?p=4223#breadcrumb\"},\"inLanguage\":\"fr-FR\",\"potentialAction\":[{\"@type\":\"ReadAction\",\"target\":[\"https:\\\/\\\/www.altercampagne.net\\\/?p=4223\"]}]},{\"@type\":\"ImageObject\",\"inLanguage\":\"fr-FR\",\"@id\":\"https:\\\/\\\/www.altercampagne.net\\\/?p=4223#primaryimage\",\"url\":\"http:\\\/\\\/www.sudouest.fr\\\/images\\\/2012\\\/08\\\/14\\\/794148_21038428_460x306.jpg\",\"contentUrl\":\"http:\\\/\\\/www.sudouest.fr\\\/images\\\/2012\\\/08\\\/14\\\/794148_21038428_460x306.jpg\"},{\"@type\":\"BreadcrumbList\",\"@id\":\"https:\\\/\\\/www.altercampagne.net\\\/?p=4223#breadcrumb\",\"itemListElement\":[{\"@type\":\"ListItem\",\"position\":1,\"name\":\"Accueil\",\"item\":\"https:\\\/\\\/www.altercampagne.net\\\/\"},{\"@type\":\"ListItem\",\"position\":2,\"name\":\"Riscle. L&rsquo;AlterTour s&rsquo;arr\u00eatera \u00e0 Riscle\"}]},{\"@type\":\"WebSite\",\"@id\":\"https:\\\/\\\/www.altercampagne.net\\\/#website\",\"url\":\"https:\\\/\\\/www.altercampagne.net\\\/\",\"name\":\"AlterTour\",\"description\":\"Reliez les Alternatives \u00e0 v\u00e9lo\",\"potentialAction\":[{\"@type\":\"SearchAction\",\"target\":{\"@type\":\"EntryPoint\",\"urlTemplate\":\"https:\\\/\\\/www.altercampagne.net\\\/?s={search_term_string}\"},\"query-input\":{\"@type\":\"PropertyValueSpecification\",\"valueRequired\":true,\"valueName\":\"search_term_string\"}}],\"inLanguage\":\"fr-FR\"},{\"@type\":\"Person\",\"@id\":\"https:\\\/\\\/www.altercampagne.net\\\/#\\\/schema\\\/person\\\/0f261460c09e430caa0f9bcffa319109\",\"name\":\"Mathieu\",\"image\":{\"@type\":\"ImageObject\",\"inLanguage\":\"fr-FR\",\"@id\":\"https:\\\/\\\/secure.gravatar.com\\\/avatar\\\/aa9d3d24c83f2141e5e2709d0f63d09a99f6be6bb7a50abc4915838d9f54501a?s=96&d=mm&r=g\",\"url\":\"https:\\\/\\\/secure.gravatar.com\\\/avatar\\\/aa9d3d24c83f2141e5e2709d0f63d09a99f6be6bb7a50abc4915838d9f54501a?s=96&d=mm&r=g\",\"contentUrl\":\"https:\\\/\\\/secure.gravatar.com\\\/avatar\\\/aa9d3d24c83f2141e5e2709d0f63d09a99f6be6bb7a50abc4915838d9f54501a?s=96&d=mm&r=g\",\"caption\":\"Mathieu\"},\"url\":\"https:\\\/\\\/www.altercampagne.net\\\/?author=214\"}]}<\/script>\n<!-- \/ Yoast SEO plugin. -->","yoast_head_json":{"title":"Riscle. L'AlterTour s'arr\u00eatera \u00e0 Riscle - AlterTour","robots":{"index":"index","follow":"follow","max-snippet":"max-snippet:-1","max-image-preview":"max-image-preview:large","max-video-preview":"max-video-preview:-1"},"canonical":"https:\/\/www.altercampagne.net\/?p=4223","og_locale":"fr_FR","og_type":"article","og_title":"Riscle. L'AlterTour s'arr\u00eatera \u00e0 Riscle - AlterTour","og_description":"Le 12 juillet dernier, l&rsquo;AlterTour s&rsquo;est \u00e9lanc\u00e9 de Foix \u00e0 la rencontre des Alternatives, a travers\u00e9 le Sud-Ouest, et terminera son parcours dimanche Bedous dans les Pyr\u00e9n\u00e9es-Atlantiques. Cet autre tour de France familial et non-comp\u00e9titif propose une balade \u00e0 la rencontre d&rsquo;associations, de collectifs, d&rsquo;individus exp\u00e9rimentant d&rsquo;autres modes de vie, ... Read More","og_url":"https:\/\/www.altercampagne.net\/?p=4223","og_site_name":"AlterTour","article_published_time":"2012-08-14T09:51:58+00:00","article_modified_time":"2016-04-14T10:54:03+00:00","og_image":[{"url":"http:\/\/www.sudouest.fr\/images\/2012\/08\/14\/794148_21038428_460x306.jpg","type":"","width":"","height":""}],"author":"Mathieu","twitter_card":"summary_large_image","twitter_misc":{"\u00c9crit par":"Mathieu","Dur\u00e9e de lecture estim\u00e9e":"1 minute"},"schema":{"@context":"https:\/\/schema.org","@graph":[{"@type":"Article","@id":"https:\/\/www.altercampagne.net\/?p=4223#article","isPartOf":{"@id":"https:\/\/www.altercampagne.net\/?p=4223"},"author":{"name":"Mathieu","@id":"https:\/\/www.altercampagne.net\/#\/schema\/person\/0f261460c09e430caa0f9bcffa319109"},"headline":"Riscle. L&rsquo;AlterTour s&rsquo;arr\u00eatera \u00e0 Riscle","datePublished":"2012-08-14T09:51:58+00:00","dateModified":"2016-04-14T10:54:03+00:00","mainEntityOfPage":{"@id":"https:\/\/www.altercampagne.net\/?p=4223"},"wordCount":217,"image":{"@id":"https:\/\/www.altercampagne.net\/?p=4223#primaryimage"},"thumbnailUrl":"http:\/\/www.sudouest.fr\/images\/2012\/08\/14\/794148_21038428_460x306.jpg","keywords":["AlterTour 2012","pau","Riscle","2012","B\u00e9arn","Midi-Pyr\u00e9n\u00e9es","Gers","\u00e9cocentre Pierre et Terre"],"articleSection":["Revue de presse"],"inLanguage":"fr-FR"},{"@type":"WebPage","@id":"https:\/\/www.altercampagne.net\/?p=4223","url":"https:\/\/www.altercampagne.net\/?p=4223","name":"Riscle. L'AlterTour s'arr\u00eatera \u00e0 Riscle - AlterTour","isPartOf":{"@id":"https:\/\/www.altercampagne.net\/#website"},"primaryImageOfPage":{"@id":"https:\/\/www.altercampagne.net\/?p=4223#primaryimage"},"image":{"@id":"https:\/\/www.altercampagne.net\/?p=4223#primaryimage"},"thumbnailUrl":"http:\/\/www.sudouest.fr\/images\/2012\/08\/14\/794148_21038428_460x306.jpg","datePublished":"2012-08-14T09:51:58+00:00","dateModified":"2016-04-14T10:54:03+00:00","author":{"@id":"https:\/\/www.altercampagne.net\/#\/schema\/person\/0f261460c09e430caa0f9bcffa319109"},"breadcrumb":{"@id":"https:\/\/www.altercampagne.net\/?p=4223#breadcrumb"},"inLanguage":"fr-FR","potentialAction":[{"@type":"ReadAction","target":["https:\/\/www.altercampagne.net\/?p=4223"]}]},{"@type":"ImageObject","inLanguage":"fr-FR","@id":"https:\/\/www.altercampagne.net\/?p=4223#primaryimage","url":"http:\/\/www.sudouest.fr\/images\/2012\/08\/14\/794148_21038428_460x306.jpg","contentUrl":"http:\/\/www.sudouest.fr\/images\/2012\/08\/14\/794148_21038428_460x306.jpg"},{"@type":"BreadcrumbList","@id":"https:\/\/www.altercampagne.net\/?p=4223#breadcrumb","itemListElement":[{"@type":"ListItem","position":1,"name":"Accueil","item":"https:\/\/www.altercampagne.net\/"},{"@type":"ListItem","position":2,"name":"Riscle. L&rsquo;AlterTour s&rsquo;arr\u00eatera \u00e0 Riscle"}]},{"@type":"WebSite","@id":"https:\/\/www.altercampagne.net\/#website","url":"https:\/\/www.altercampagne.net\/","name":"AlterTour","description":"Reliez les Alternatives \u00e0 v\u00e9lo","potentialAction":[{"@type":"SearchAction","target":{"@type":"EntryPoint","urlTemplate":"https:\/\/www.altercampagne.net\/?s={search_term_string}"},"query-input":{"@type":"PropertyValueSpecification","valueRequired":true,"valueName":"search_term_string"}}],"inLanguage":"fr-FR"},{"@type":"Person","@id":"https:\/\/www.altercampagne.net\/#\/schema\/person\/0f261460c09e430caa0f9bcffa319109","name":"Mathieu","image":{"@type":"ImageObject","inLanguage":"fr-FR","@id":"https:\/\/secure.gravatar.com\/avatar\/aa9d3d24c83f2141e5e2709d0f63d09a99f6be6bb7a50abc4915838d9f54501a?s=96&d=mm&r=g","url":"https:\/\/secure.gravatar.com\/avatar\/aa9d3d24c83f2141e5e2709d0f63d09a99f6be6bb7a50abc4915838d9f54501a?s=96&d=mm&r=g","contentUrl":"https:\/\/secure.gravatar.com\/avatar\/aa9d3d24c83f2141e5e2709d0f63d09a99f6be6bb7a50abc4915838d9f54501a?s=96&d=mm&r=g","caption":"Mathieu"},"url":"https:\/\/www.altercampagne.net\/?author=214"}]}},"_links":{"self":[{"href":"https:\/\/www.altercampagne.net\/index.php?rest_route=\/wp\/v2\/posts\/4223","targetHints":{"allow":["GET"]}}],"collection":[{"href":"https:\/\/www.altercampagne.net\/index.php?rest_route=\/wp\/v2\/posts"}],"about":[{"href":"https:\/\/www.altercampagne.net\/index.php?rest_route=\/wp\/v2\/types\/post"}],"author":[{"embeddable":true,"href":"https:\/\/www.altercampagne.net\/index.php?rest_route=\/wp\/v2\/users\/214"}],"replies":[{"embeddable":true,"href":"https:\/\/www.altercampagne.net\/index.php?rest_route=%2Fwp%2Fv2%2Fcomments&post=4223"}],"version-history":[{"count":0,"href":"https:\/\/www.altercampagne.net\/index.php?rest_route=\/wp\/v2\/posts\/4223\/revisions"}],"wp:attachment":[{"href":"https:\/\/www.altercampagne.net\/index.php?rest_route=%2Fwp%2Fv2%2Fmedia&parent=4223"}],"wp:term":[{"taxonomy":"category","embeddable":true,"href":"https:\/\/www.altercampagne.net\/index.php?rest_route=%2Fwp%2Fv2%2Fcategories&post=4223"},{"taxonomy":"post_tag","embeddable":true,"href":"https:\/\/www.altercampagne.net\/index.php?rest_route=%2Fwp%2Fv2%2Ftags&post=4223"}],"curies":[{"name":"wp","href":"https:\/\/api.w.org\/{rel}","templated":true}]}}