{"id":4230,"date":"2012-08-13T14:37:52","date_gmt":"2012-08-13T12:37:52","guid":{"rendered":"http:\/\/www.altercampagne.net\/?p=4230"},"modified":"2016-04-15T14:42:15","modified_gmt":"2016-04-15T12:42:15","slug":"laltertour-debarque-dans-le-departement","status":"publish","type":"post","link":"https:\/\/www.altercampagne.net\/?p=4230","title":{"rendered":"L&rsquo;AlterTour d\u00e9barque dans le d\u00e9partement"},"content":{"rendered":"<p class=\"Style153\" align=\"justify\">Ils roulent pour une cause : \u00ab Une autre faim du monde est possible \u00bb.<\/p>\n<p class=\"Style153\" align=\"justify\">Les 56 cyclistes de l&rsquo;AlterTour 2012 arrivent aujourd&rsquo;hui dans le Gers. Il s&rsquo;agit d&rsquo;un Tour de France alternatif organis\u00e9 depuis 2008 par l&rsquo;association AlterCampagne. Cette ann\u00e9e, l&rsquo;AlterTour parcours 1 600 km en 31 \u00e9tapes, du 11 juillet au 19 ao\u00fbt sous le slogan \u00ab Une autre faim du monde est possible \u00bb. Les cyclistes qui y participent parcourent chaque \u00e9t\u00e9 les routes de France \u00e0 la rencontre d&rsquo;initiatives alternatives (agricoles, sociales, \u00e9conomiques, \u00e9nerg\u00e9tiques, \u00e9cologiques et solidaires\u2026).<\/p>\n<p class=\"Style153\" align=\"justify\">Ils seront ce midi \u00e0 L\u00e9vignac (31) et feront halte ce soir vers 18 h 30 \u00e0 CalTerra une entreprise sp\u00e9cialis\u00e9e dans la construction et la r\u00e9novation \u00e0 base de terre crue, \u00e0 L&rsquo;Isle-Arn\u00e9.<\/p>\n<p class=\"Style153\" align=\"justify\">L&rsquo;AlterTour passera ensuite par Montaut-d&rsquo;Astarac, pour une \u00e9tape chez Astarac Patrimoine-Innovation, entreprise sp\u00e9cialis\u00e9e dans la construction et la r\u00e9novation d&rsquo;habitations \u00e0 base de mat\u00e9riaux \u00e9cologiques et traditionnels. Ils rejoindront mercredi soir l&rsquo;\u00e9cocentre Pierre et Terre de Riscle.<\/p>\n<p class=\"Style153\" align=\"justify\">Source : <a href=\"http:\/\/www.sudouest.fr\/2012\/08\/13\/l-altertour-debarque-dans-le-departement-793538-2458.php\" target=\"_blank\">http:\/\/www.sudouest.fr\/2012\/08\/13\/l-altertour-debarque-dans-le-departement-793538-2458.php<\/a><\/p>\n","protected":false},"excerpt":{"rendered":"<p>Ils roulent pour une cause : \u00ab Une autre faim du monde est possible \u00bb. Les 56 cyclistes de l&rsquo;AlterTour 2012 arrivent aujourd&rsquo;hui dans le Gers. Il s&rsquo;agit d&rsquo;un Tour de France alternatif organis\u00e9 depuis 2008 par l&rsquo;association AlterCampagne. Cette ann\u00e9e, l&rsquo;AlterTour parcours 1 600 km en 31 \u00e9tapes, du &#8230; <\/p>\n<div><a href=\"https:\/\/www.altercampagne.net\/?p=4230\" class=\"more-link\">Read More<\/a><\/div>\n","protected":false},"author":214,"featured_media":0,"comment_status":"closed","ping_status":"closed","sticky":false,"template":"","format":"standard","meta":{"footnotes":""},"categories":[239],"tags":[852,1163,1166,1174,1179,1814,1832,1844,1855,1862,1863,1864],"class_list":["post-4230","post","type-post","status-publish","format-standard","hentry","category-revue-de-presse","tag-altertour-2012","tag-astarac","tag-riscle","tag-levignac","tag-calterra","tag-1814","tag-astarac-patrimoine-innovation","tag-midi-pyrenees","tag-gers","tag-ecocentre-pierre-et-terre","tag-lisle-arne","tag-montaut-dastarac","no-post-thumbnail"],"yoast_head":"<!-- This site is optimized with the Yoast SEO plugin v27.3 - https:\/\/yoast.com\/product\/yoast-seo-wordpress\/ -->\n<title>L&#039;AlterTour d\u00e9barque dans le d\u00e9partement - AlterTour<\/title>\n<meta name=\"robots\" content=\"index, follow, max-snippet:-1, max-image-preview:large, max-video-preview:-1\" \/>\n<link rel=\"canonical\" href=\"https:\/\/www.altercampagne.net\/?p=4230\" \/>\n<meta property=\"og:locale\" content=\"fr_FR\" \/>\n<meta property=\"og:type\" content=\"article\" \/>\n<meta property=\"og:title\" content=\"L&#039;AlterTour d\u00e9barque dans le d\u00e9partement - AlterTour\" \/>\n<meta property=\"og:description\" content=\"Ils roulent pour une cause : \u00ab Une autre faim du monde est possible \u00bb. Les 56 cyclistes de l&rsquo;AlterTour 2012 arrivent aujourd&rsquo;hui dans le Gers. Il s&rsquo;agit d&rsquo;un Tour de France alternatif organis\u00e9 depuis 2008 par l&rsquo;association AlterCampagne. Cette ann\u00e9e, l&rsquo;AlterTour parcours 1 600 km en 31 \u00e9tapes, du ... Read More\" \/>\n<meta property=\"og:url\" content=\"https:\/\/www.altercampagne.net\/?p=4230\" \/>\n<meta property=\"og:site_name\" content=\"AlterTour\" \/>\n<meta property=\"article:published_time\" content=\"2012-08-13T12:37:52+00:00\" \/>\n<meta property=\"article:modified_time\" content=\"2016-04-15T12:42:15+00:00\" \/>\n<meta name=\"author\" content=\"Mathieu\" \/>\n<meta name=\"twitter:card\" content=\"summary_large_image\" \/>\n<meta name=\"twitter:label1\" content=\"\u00c9crit par\" \/>\n\t<meta name=\"twitter:data1\" content=\"Mathieu\" \/>\n\t<meta name=\"twitter:label2\" content=\"Dur\u00e9e de lecture estim\u00e9e\" \/>\n\t<meta name=\"twitter:data2\" content=\"1 minute\" \/>\n<script type=\"application\/ld+json\" class=\"yoast-schema-graph\">{\"@context\":\"https:\\\/\\\/schema.org\",\"@graph\":[{\"@type\":\"Article\",\"@id\":\"https:\\\/\\\/www.altercampagne.net\\\/?p=4230#article\",\"isPartOf\":{\"@id\":\"https:\\\/\\\/www.altercampagne.net\\\/?p=4230\"},\"author\":{\"name\":\"Mathieu\",\"@id\":\"https:\\\/\\\/www.altercampagne.net\\\/#\\\/schema\\\/person\\\/0f261460c09e430caa0f9bcffa319109\"},\"headline\":\"L&rsquo;AlterTour d\u00e9barque dans le d\u00e9partement\",\"datePublished\":\"2012-08-13T12:37:52+00:00\",\"dateModified\":\"2016-04-15T12:42:15+00:00\",\"mainEntityOfPage\":{\"@id\":\"https:\\\/\\\/www.altercampagne.net\\\/?p=4230\"},\"wordCount\":179,\"keywords\":[\"AlterTour 2012\",\"Astarac\",\"Riscle\",\"L\u00e9vignac\",\"calterra\",\"2012\",\"Astarac Patrimoine Innovation\",\"Midi-Pyr\u00e9n\u00e9es\",\"Gers\",\"\u00e9cocentre Pierre et Terre\",\"L'Isle-Arn\u00e9\",\"Montaut-d'Astarac\"],\"articleSection\":[\"Revue de presse\"],\"inLanguage\":\"fr-FR\"},{\"@type\":\"WebPage\",\"@id\":\"https:\\\/\\\/www.altercampagne.net\\\/?p=4230\",\"url\":\"https:\\\/\\\/www.altercampagne.net\\\/?p=4230\",\"name\":\"L'AlterTour d\u00e9barque dans le d\u00e9partement - AlterTour\",\"isPartOf\":{\"@id\":\"https:\\\/\\\/www.altercampagne.net\\\/#website\"},\"datePublished\":\"2012-08-13T12:37:52+00:00\",\"dateModified\":\"2016-04-15T12:42:15+00:00\",\"author\":{\"@id\":\"https:\\\/\\\/www.altercampagne.net\\\/#\\\/schema\\\/person\\\/0f261460c09e430caa0f9bcffa319109\"},\"breadcrumb\":{\"@id\":\"https:\\\/\\\/www.altercampagne.net\\\/?p=4230#breadcrumb\"},\"inLanguage\":\"fr-FR\",\"potentialAction\":[{\"@type\":\"ReadAction\",\"target\":[\"https:\\\/\\\/www.altercampagne.net\\\/?p=4230\"]}]},{\"@type\":\"BreadcrumbList\",\"@id\":\"https:\\\/\\\/www.altercampagne.net\\\/?p=4230#breadcrumb\",\"itemListElement\":[{\"@type\":\"ListItem\",\"position\":1,\"name\":\"Accueil\",\"item\":\"https:\\\/\\\/www.altercampagne.net\\\/\"},{\"@type\":\"ListItem\",\"position\":2,\"name\":\"L&rsquo;AlterTour d\u00e9barque dans le d\u00e9partement\"}]},{\"@type\":\"WebSite\",\"@id\":\"https:\\\/\\\/www.altercampagne.net\\\/#website\",\"url\":\"https:\\\/\\\/www.altercampagne.net\\\/\",\"name\":\"AlterTour\",\"description\":\"Reliez les Alternatives \u00e0 v\u00e9lo\",\"potentialAction\":[{\"@type\":\"SearchAction\",\"target\":{\"@type\":\"EntryPoint\",\"urlTemplate\":\"https:\\\/\\\/www.altercampagne.net\\\/?s={search_term_string}\"},\"query-input\":{\"@type\":\"PropertyValueSpecification\",\"valueRequired\":true,\"valueName\":\"search_term_string\"}}],\"inLanguage\":\"fr-FR\"},{\"@type\":\"Person\",\"@id\":\"https:\\\/\\\/www.altercampagne.net\\\/#\\\/schema\\\/person\\\/0f261460c09e430caa0f9bcffa319109\",\"name\":\"Mathieu\",\"image\":{\"@type\":\"ImageObject\",\"inLanguage\":\"fr-FR\",\"@id\":\"https:\\\/\\\/secure.gravatar.com\\\/avatar\\\/aa9d3d24c83f2141e5e2709d0f63d09a99f6be6bb7a50abc4915838d9f54501a?s=96&d=mm&r=g\",\"url\":\"https:\\\/\\\/secure.gravatar.com\\\/avatar\\\/aa9d3d24c83f2141e5e2709d0f63d09a99f6be6bb7a50abc4915838d9f54501a?s=96&d=mm&r=g\",\"contentUrl\":\"https:\\\/\\\/secure.gravatar.com\\\/avatar\\\/aa9d3d24c83f2141e5e2709d0f63d09a99f6be6bb7a50abc4915838d9f54501a?s=96&d=mm&r=g\",\"caption\":\"Mathieu\"},\"url\":\"https:\\\/\\\/www.altercampagne.net\\\/?author=214\"}]}<\/script>\n<!-- \/ Yoast SEO plugin. -->","yoast_head_json":{"title":"L'AlterTour d\u00e9barque dans le d\u00e9partement - AlterTour","robots":{"index":"index","follow":"follow","max-snippet":"max-snippet:-1","max-image-preview":"max-image-preview:large","max-video-preview":"max-video-preview:-1"},"canonical":"https:\/\/www.altercampagne.net\/?p=4230","og_locale":"fr_FR","og_type":"article","og_title":"L'AlterTour d\u00e9barque dans le d\u00e9partement - AlterTour","og_description":"Ils roulent pour une cause : \u00ab Une autre faim du monde est possible \u00bb. Les 56 cyclistes de l&rsquo;AlterTour 2012 arrivent aujourd&rsquo;hui dans le Gers. Il s&rsquo;agit d&rsquo;un Tour de France alternatif organis\u00e9 depuis 2008 par l&rsquo;association AlterCampagne. Cette ann\u00e9e, l&rsquo;AlterTour parcours 1 600 km en 31 \u00e9tapes, du ... Read More","og_url":"https:\/\/www.altercampagne.net\/?p=4230","og_site_name":"AlterTour","article_published_time":"2012-08-13T12:37:52+00:00","article_modified_time":"2016-04-15T12:42:15+00:00","author":"Mathieu","twitter_card":"summary_large_image","twitter_misc":{"\u00c9crit par":"Mathieu","Dur\u00e9e de lecture estim\u00e9e":"1 minute"},"schema":{"@context":"https:\/\/schema.org","@graph":[{"@type":"Article","@id":"https:\/\/www.altercampagne.net\/?p=4230#article","isPartOf":{"@id":"https:\/\/www.altercampagne.net\/?p=4230"},"author":{"name":"Mathieu","@id":"https:\/\/www.altercampagne.net\/#\/schema\/person\/0f261460c09e430caa0f9bcffa319109"},"headline":"L&rsquo;AlterTour d\u00e9barque dans le d\u00e9partement","datePublished":"2012-08-13T12:37:52+00:00","dateModified":"2016-04-15T12:42:15+00:00","mainEntityOfPage":{"@id":"https:\/\/www.altercampagne.net\/?p=4230"},"wordCount":179,"keywords":["AlterTour 2012","Astarac","Riscle","L\u00e9vignac","calterra","2012","Astarac Patrimoine Innovation","Midi-Pyr\u00e9n\u00e9es","Gers","\u00e9cocentre Pierre et Terre","L'Isle-Arn\u00e9","Montaut-d'Astarac"],"articleSection":["Revue de presse"],"inLanguage":"fr-FR"},{"@type":"WebPage","@id":"https:\/\/www.altercampagne.net\/?p=4230","url":"https:\/\/www.altercampagne.net\/?p=4230","name":"L'AlterTour d\u00e9barque dans le d\u00e9partement - AlterTour","isPartOf":{"@id":"https:\/\/www.altercampagne.net\/#website"},"datePublished":"2012-08-13T12:37:52+00:00","dateModified":"2016-04-15T12:42:15+00:00","author":{"@id":"https:\/\/www.altercampagne.net\/#\/schema\/person\/0f261460c09e430caa0f9bcffa319109"},"breadcrumb":{"@id":"https:\/\/www.altercampagne.net\/?p=4230#breadcrumb"},"inLanguage":"fr-FR","potentialAction":[{"@type":"ReadAction","target":["https:\/\/www.altercampagne.net\/?p=4230"]}]},{"@type":"BreadcrumbList","@id":"https:\/\/www.altercampagne.net\/?p=4230#breadcrumb","itemListElement":[{"@type":"ListItem","position":1,"name":"Accueil","item":"https:\/\/www.altercampagne.net\/"},{"@type":"ListItem","position":2,"name":"L&rsquo;AlterTour d\u00e9barque dans le d\u00e9partement"}]},{"@type":"WebSite","@id":"https:\/\/www.altercampagne.net\/#website","url":"https:\/\/www.altercampagne.net\/","name":"AlterTour","description":"Reliez les Alternatives \u00e0 v\u00e9lo","potentialAction":[{"@type":"SearchAction","target":{"@type":"EntryPoint","urlTemplate":"https:\/\/www.altercampagne.net\/?s={search_term_string}"},"query-input":{"@type":"PropertyValueSpecification","valueRequired":true,"valueName":"search_term_string"}}],"inLanguage":"fr-FR"},{"@type":"Person","@id":"https:\/\/www.altercampagne.net\/#\/schema\/person\/0f261460c09e430caa0f9bcffa319109","name":"Mathieu","image":{"@type":"ImageObject","inLanguage":"fr-FR","@id":"https:\/\/secure.gravatar.com\/avatar\/aa9d3d24c83f2141e5e2709d0f63d09a99f6be6bb7a50abc4915838d9f54501a?s=96&d=mm&r=g","url":"https:\/\/secure.gravatar.com\/avatar\/aa9d3d24c83f2141e5e2709d0f63d09a99f6be6bb7a50abc4915838d9f54501a?s=96&d=mm&r=g","contentUrl":"https:\/\/secure.gravatar.com\/avatar\/aa9d3d24c83f2141e5e2709d0f63d09a99f6be6bb7a50abc4915838d9f54501a?s=96&d=mm&r=g","caption":"Mathieu"},"url":"https:\/\/www.altercampagne.net\/?author=214"}]}},"_links":{"self":[{"href":"https:\/\/www.altercampagne.net\/index.php?rest_route=\/wp\/v2\/posts\/4230","targetHints":{"allow":["GET"]}}],"collection":[{"href":"https:\/\/www.altercampagne.net\/index.php?rest_route=\/wp\/v2\/posts"}],"about":[{"href":"https:\/\/www.altercampagne.net\/index.php?rest_route=\/wp\/v2\/types\/post"}],"author":[{"embeddable":true,"href":"https:\/\/www.altercampagne.net\/index.php?rest_route=\/wp\/v2\/users\/214"}],"replies":[{"embeddable":true,"href":"https:\/\/www.altercampagne.net\/index.php?rest_route=%2Fwp%2Fv2%2Fcomments&post=4230"}],"version-history":[{"count":0,"href":"https:\/\/www.altercampagne.net\/index.php?rest_route=\/wp\/v2\/posts\/4230\/revisions"}],"wp:attachment":[{"href":"https:\/\/www.altercampagne.net\/index.php?rest_route=%2Fwp%2Fv2%2Fmedia&parent=4230"}],"wp:term":[{"taxonomy":"category","embeddable":true,"href":"https:\/\/www.altercampagne.net\/index.php?rest_route=%2Fwp%2Fv2%2Fcategories&post=4230"},{"taxonomy":"post_tag","embeddable":true,"href":"https:\/\/www.altercampagne.net\/index.php?rest_route=%2Fwp%2Fv2%2Ftags&post=4230"}],"curies":[{"name":"wp","href":"https:\/\/api.w.org\/{rel}","templated":true}]}}