{"id":4232,"date":"2012-08-12T14:42:33","date_gmt":"2012-08-12T12:42:33","guid":{"rendered":"http:\/\/www.altercampagne.net\/?p=4232"},"modified":"2016-04-15T14:45:51","modified_gmt":"2016-04-15T12:45:51","slug":"riscle-laltertour-de-passage","status":"publish","type":"post","link":"https:\/\/www.altercampagne.net\/?p=4232","title":{"rendered":"Riscle. L&rsquo;AlterTour de passage"},"content":{"rendered":"<p class=\"Style153\" align=\"justify\">Le 12 juillet, l&rsquo;AlterTour s&rsquo;est \u00e9lanc\u00e9 de Foix \u00e0 la rencontre des Alternatives dans plusieurs d\u00e9partements de France. Ses altercyclistes termineront leur parcours le 19 ao\u00fbt \u00e0 Bedous dans les Pyr\u00e9n\u00e9es-Altantiques.<\/p>\n<p class=\"Style153\" align=\"justify\">Cet autre tour de France familial et non-comp\u00e9titif propose une balade \u00e0 la rencontre d&rsquo;associations, de collectifs, d&rsquo;individus exp\u00e9rimentant d&rsquo;autres modes de vie, de production.<\/p>\n<p class=\"Style153\" align=\"justify\">Mardi 14 ao\u00fbt, l&rsquo;AlterTour arrivera \u00e0 Montaut en provenance de L&rsquo;Isle-Arn\u00e9\/Juilles avec une pause \u00e0 la ferme Les ch\u00e8vres du Saraille \u00e0 midi. Le soir, il visitera Astarac Patrimoine Innovation ; \u00e0 21 heures, soir\u00e9e documentaire et d\u00e9bat avec le collectif Non au Gaz De Schiste 32. Le 15 ao\u00fbt, d\u00e9part vers Riscle avec une \u00e9tape \u00e0 Bassoues ; \u00e0 midi, repas en autonomie \u00e0 la ferme du Guillomet. le soir il fera une visite guid\u00e9e de l&rsquo;\u00e9cocentre Pierre et Terre.<\/p>\n<p class=\"Style153\" align=\"right\"><em>L<\/em><em>a D\u00e9p\u00eache du Midi<\/em><\/p>\n<p class=\"Style153\" style=\"text-align: left;\" align=\"right\">Source : <a href=\"http:\/\/www.ladepeche.fr\/article\/2012\/08\/12\/1417612-riscle-l-altertour-de-passage.html\" target=\"_blank\">http:\/\/www.ladepeche.fr\/article\/2012\/08\/12\/1417612-riscle-l-altertour-de-passage.html<\/a><\/p>\n","protected":false},"excerpt":{"rendered":"<p>Le 12 juillet, l&rsquo;AlterTour s&rsquo;est \u00e9lanc\u00e9 de Foix \u00e0 la rencontre des Alternatives dans plusieurs d\u00e9partements de France. Ses altercyclistes termineront leur parcours le 19 ao\u00fbt \u00e0 Bedous dans les Pyr\u00e9n\u00e9es-Altantiques. Cet autre tour de France familial et non-comp\u00e9titif propose une balade \u00e0 la rencontre d&rsquo;associations, de collectifs, d&rsquo;individus exp\u00e9rimentant &#8230; <\/p>\n<div><a href=\"https:\/\/www.altercampagne.net\/?p=4232\" class=\"more-link\">Read More<\/a><\/div>\n","protected":false},"author":214,"featured_media":0,"comment_status":"closed","ping_status":"closed","sticky":false,"template":"","format":"standard","meta":{"footnotes":""},"categories":[239],"tags":[852,1162,1163,1166,1814,1832,1844,1855,1862,1863,1865,1866,1867,1868,1869],"class_list":["post-4232","post","type-post","status-publish","format-standard","hentry","category-revue-de-presse","tag-altertour-2012","tag-montaut","tag-astarac","tag-riscle","tag-1814","tag-astarac-patrimoine-innovation","tag-midi-pyrenees","tag-gers","tag-ecocentre-pierre-et-terre","tag-lisle-arne","tag-juilles","tag-ferme-les-chevres-du-saraille","tag-collectif-non-au-gaz-de-schiste-32","tag-bassoues","tag-ferme-du-guillomet","no-post-thumbnail"],"yoast_head":"<!-- This site is optimized with the Yoast SEO plugin v27.3 - https:\/\/yoast.com\/product\/yoast-seo-wordpress\/ -->\n<title>Riscle. L&#039;AlterTour de passage - AlterTour<\/title>\n<meta name=\"robots\" content=\"index, follow, max-snippet:-1, max-image-preview:large, max-video-preview:-1\" \/>\n<link rel=\"canonical\" href=\"https:\/\/www.altercampagne.net\/?p=4232\" \/>\n<meta property=\"og:locale\" content=\"fr_FR\" \/>\n<meta property=\"og:type\" content=\"article\" \/>\n<meta property=\"og:title\" content=\"Riscle. L&#039;AlterTour de passage - AlterTour\" \/>\n<meta property=\"og:description\" content=\"Le 12 juillet, l&rsquo;AlterTour s&rsquo;est \u00e9lanc\u00e9 de Foix \u00e0 la rencontre des Alternatives dans plusieurs d\u00e9partements de France. Ses altercyclistes termineront leur parcours le 19 ao\u00fbt \u00e0 Bedous dans les Pyr\u00e9n\u00e9es-Altantiques. Cet autre tour de France familial et non-comp\u00e9titif propose une balade \u00e0 la rencontre d&rsquo;associations, de collectifs, d&rsquo;individus exp\u00e9rimentant ... Read More\" \/>\n<meta property=\"og:url\" content=\"https:\/\/www.altercampagne.net\/?p=4232\" \/>\n<meta property=\"og:site_name\" content=\"AlterTour\" \/>\n<meta property=\"article:published_time\" content=\"2012-08-12T12:42:33+00:00\" \/>\n<meta property=\"article:modified_time\" content=\"2016-04-15T12:45:51+00:00\" \/>\n<meta name=\"author\" content=\"Mathieu\" \/>\n<meta name=\"twitter:card\" content=\"summary_large_image\" \/>\n<meta name=\"twitter:label1\" content=\"\u00c9crit par\" \/>\n\t<meta name=\"twitter:data1\" content=\"Mathieu\" \/>\n\t<meta name=\"twitter:label2\" content=\"Dur\u00e9e de lecture estim\u00e9e\" \/>\n\t<meta name=\"twitter:data2\" content=\"1 minute\" \/>\n<script type=\"application\/ld+json\" class=\"yoast-schema-graph\">{\"@context\":\"https:\\\/\\\/schema.org\",\"@graph\":[{\"@type\":\"Article\",\"@id\":\"https:\\\/\\\/www.altercampagne.net\\\/?p=4232#article\",\"isPartOf\":{\"@id\":\"https:\\\/\\\/www.altercampagne.net\\\/?p=4232\"},\"author\":{\"name\":\"Mathieu\",\"@id\":\"https:\\\/\\\/www.altercampagne.net\\\/#\\\/schema\\\/person\\\/0f261460c09e430caa0f9bcffa319109\"},\"headline\":\"Riscle. L&rsquo;AlterTour de passage\",\"datePublished\":\"2012-08-12T12:42:33+00:00\",\"dateModified\":\"2016-04-15T12:45:51+00:00\",\"mainEntityOfPage\":{\"@id\":\"https:\\\/\\\/www.altercampagne.net\\\/?p=4232\"},\"wordCount\":161,\"keywords\":[\"AlterTour 2012\",\"Montaut\",\"Astarac\",\"Riscle\",\"2012\",\"Astarac Patrimoine Innovation\",\"Midi-Pyr\u00e9n\u00e9es\",\"Gers\",\"\u00e9cocentre Pierre et Terre\",\"L'Isle-Arn\u00e9\",\"Juilles\",\"ferme Les ch\u00e8vres du Saraille\",\"collectif Non au Gaz De Schiste 32\",\"Bassoues\",\"ferme du Guillomet\"],\"articleSection\":[\"Revue de presse\"],\"inLanguage\":\"fr-FR\"},{\"@type\":\"WebPage\",\"@id\":\"https:\\\/\\\/www.altercampagne.net\\\/?p=4232\",\"url\":\"https:\\\/\\\/www.altercampagne.net\\\/?p=4232\",\"name\":\"Riscle. L'AlterTour de passage - AlterTour\",\"isPartOf\":{\"@id\":\"https:\\\/\\\/www.altercampagne.net\\\/#website\"},\"datePublished\":\"2012-08-12T12:42:33+00:00\",\"dateModified\":\"2016-04-15T12:45:51+00:00\",\"author\":{\"@id\":\"https:\\\/\\\/www.altercampagne.net\\\/#\\\/schema\\\/person\\\/0f261460c09e430caa0f9bcffa319109\"},\"breadcrumb\":{\"@id\":\"https:\\\/\\\/www.altercampagne.net\\\/?p=4232#breadcrumb\"},\"inLanguage\":\"fr-FR\",\"potentialAction\":[{\"@type\":\"ReadAction\",\"target\":[\"https:\\\/\\\/www.altercampagne.net\\\/?p=4232\"]}]},{\"@type\":\"BreadcrumbList\",\"@id\":\"https:\\\/\\\/www.altercampagne.net\\\/?p=4232#breadcrumb\",\"itemListElement\":[{\"@type\":\"ListItem\",\"position\":1,\"name\":\"Accueil\",\"item\":\"https:\\\/\\\/www.altercampagne.net\\\/\"},{\"@type\":\"ListItem\",\"position\":2,\"name\":\"Riscle. L&rsquo;AlterTour de passage\"}]},{\"@type\":\"WebSite\",\"@id\":\"https:\\\/\\\/www.altercampagne.net\\\/#website\",\"url\":\"https:\\\/\\\/www.altercampagne.net\\\/\",\"name\":\"AlterTour\",\"description\":\"Reliez les Alternatives \u00e0 v\u00e9lo\",\"potentialAction\":[{\"@type\":\"SearchAction\",\"target\":{\"@type\":\"EntryPoint\",\"urlTemplate\":\"https:\\\/\\\/www.altercampagne.net\\\/?s={search_term_string}\"},\"query-input\":{\"@type\":\"PropertyValueSpecification\",\"valueRequired\":true,\"valueName\":\"search_term_string\"}}],\"inLanguage\":\"fr-FR\"},{\"@type\":\"Person\",\"@id\":\"https:\\\/\\\/www.altercampagne.net\\\/#\\\/schema\\\/person\\\/0f261460c09e430caa0f9bcffa319109\",\"name\":\"Mathieu\",\"image\":{\"@type\":\"ImageObject\",\"inLanguage\":\"fr-FR\",\"@id\":\"https:\\\/\\\/secure.gravatar.com\\\/avatar\\\/aa9d3d24c83f2141e5e2709d0f63d09a99f6be6bb7a50abc4915838d9f54501a?s=96&d=mm&r=g\",\"url\":\"https:\\\/\\\/secure.gravatar.com\\\/avatar\\\/aa9d3d24c83f2141e5e2709d0f63d09a99f6be6bb7a50abc4915838d9f54501a?s=96&d=mm&r=g\",\"contentUrl\":\"https:\\\/\\\/secure.gravatar.com\\\/avatar\\\/aa9d3d24c83f2141e5e2709d0f63d09a99f6be6bb7a50abc4915838d9f54501a?s=96&d=mm&r=g\",\"caption\":\"Mathieu\"},\"url\":\"https:\\\/\\\/www.altercampagne.net\\\/?author=214\"}]}<\/script>\n<!-- \/ Yoast SEO plugin. -->","yoast_head_json":{"title":"Riscle. L'AlterTour de passage - AlterTour","robots":{"index":"index","follow":"follow","max-snippet":"max-snippet:-1","max-image-preview":"max-image-preview:large","max-video-preview":"max-video-preview:-1"},"canonical":"https:\/\/www.altercampagne.net\/?p=4232","og_locale":"fr_FR","og_type":"article","og_title":"Riscle. L'AlterTour de passage - AlterTour","og_description":"Le 12 juillet, l&rsquo;AlterTour s&rsquo;est \u00e9lanc\u00e9 de Foix \u00e0 la rencontre des Alternatives dans plusieurs d\u00e9partements de France. Ses altercyclistes termineront leur parcours le 19 ao\u00fbt \u00e0 Bedous dans les Pyr\u00e9n\u00e9es-Altantiques. Cet autre tour de France familial et non-comp\u00e9titif propose une balade \u00e0 la rencontre d&rsquo;associations, de collectifs, d&rsquo;individus exp\u00e9rimentant ... Read More","og_url":"https:\/\/www.altercampagne.net\/?p=4232","og_site_name":"AlterTour","article_published_time":"2012-08-12T12:42:33+00:00","article_modified_time":"2016-04-15T12:45:51+00:00","author":"Mathieu","twitter_card":"summary_large_image","twitter_misc":{"\u00c9crit par":"Mathieu","Dur\u00e9e de lecture estim\u00e9e":"1 minute"},"schema":{"@context":"https:\/\/schema.org","@graph":[{"@type":"Article","@id":"https:\/\/www.altercampagne.net\/?p=4232#article","isPartOf":{"@id":"https:\/\/www.altercampagne.net\/?p=4232"},"author":{"name":"Mathieu","@id":"https:\/\/www.altercampagne.net\/#\/schema\/person\/0f261460c09e430caa0f9bcffa319109"},"headline":"Riscle. L&rsquo;AlterTour de passage","datePublished":"2012-08-12T12:42:33+00:00","dateModified":"2016-04-15T12:45:51+00:00","mainEntityOfPage":{"@id":"https:\/\/www.altercampagne.net\/?p=4232"},"wordCount":161,"keywords":["AlterTour 2012","Montaut","Astarac","Riscle","2012","Astarac Patrimoine Innovation","Midi-Pyr\u00e9n\u00e9es","Gers","\u00e9cocentre Pierre et Terre","L'Isle-Arn\u00e9","Juilles","ferme Les ch\u00e8vres du Saraille","collectif Non au Gaz De Schiste 32","Bassoues","ferme du Guillomet"],"articleSection":["Revue de presse"],"inLanguage":"fr-FR"},{"@type":"WebPage","@id":"https:\/\/www.altercampagne.net\/?p=4232","url":"https:\/\/www.altercampagne.net\/?p=4232","name":"Riscle. L'AlterTour de passage - AlterTour","isPartOf":{"@id":"https:\/\/www.altercampagne.net\/#website"},"datePublished":"2012-08-12T12:42:33+00:00","dateModified":"2016-04-15T12:45:51+00:00","author":{"@id":"https:\/\/www.altercampagne.net\/#\/schema\/person\/0f261460c09e430caa0f9bcffa319109"},"breadcrumb":{"@id":"https:\/\/www.altercampagne.net\/?p=4232#breadcrumb"},"inLanguage":"fr-FR","potentialAction":[{"@type":"ReadAction","target":["https:\/\/www.altercampagne.net\/?p=4232"]}]},{"@type":"BreadcrumbList","@id":"https:\/\/www.altercampagne.net\/?p=4232#breadcrumb","itemListElement":[{"@type":"ListItem","position":1,"name":"Accueil","item":"https:\/\/www.altercampagne.net\/"},{"@type":"ListItem","position":2,"name":"Riscle. L&rsquo;AlterTour de passage"}]},{"@type":"WebSite","@id":"https:\/\/www.altercampagne.net\/#website","url":"https:\/\/www.altercampagne.net\/","name":"AlterTour","description":"Reliez les Alternatives \u00e0 v\u00e9lo","potentialAction":[{"@type":"SearchAction","target":{"@type":"EntryPoint","urlTemplate":"https:\/\/www.altercampagne.net\/?s={search_term_string}"},"query-input":{"@type":"PropertyValueSpecification","valueRequired":true,"valueName":"search_term_string"}}],"inLanguage":"fr-FR"},{"@type":"Person","@id":"https:\/\/www.altercampagne.net\/#\/schema\/person\/0f261460c09e430caa0f9bcffa319109","name":"Mathieu","image":{"@type":"ImageObject","inLanguage":"fr-FR","@id":"https:\/\/secure.gravatar.com\/avatar\/aa9d3d24c83f2141e5e2709d0f63d09a99f6be6bb7a50abc4915838d9f54501a?s=96&d=mm&r=g","url":"https:\/\/secure.gravatar.com\/avatar\/aa9d3d24c83f2141e5e2709d0f63d09a99f6be6bb7a50abc4915838d9f54501a?s=96&d=mm&r=g","contentUrl":"https:\/\/secure.gravatar.com\/avatar\/aa9d3d24c83f2141e5e2709d0f63d09a99f6be6bb7a50abc4915838d9f54501a?s=96&d=mm&r=g","caption":"Mathieu"},"url":"https:\/\/www.altercampagne.net\/?author=214"}]}},"_links":{"self":[{"href":"https:\/\/www.altercampagne.net\/index.php?rest_route=\/wp\/v2\/posts\/4232","targetHints":{"allow":["GET"]}}],"collection":[{"href":"https:\/\/www.altercampagne.net\/index.php?rest_route=\/wp\/v2\/posts"}],"about":[{"href":"https:\/\/www.altercampagne.net\/index.php?rest_route=\/wp\/v2\/types\/post"}],"author":[{"embeddable":true,"href":"https:\/\/www.altercampagne.net\/index.php?rest_route=\/wp\/v2\/users\/214"}],"replies":[{"embeddable":true,"href":"https:\/\/www.altercampagne.net\/index.php?rest_route=%2Fwp%2Fv2%2Fcomments&post=4232"}],"version-history":[{"count":0,"href":"https:\/\/www.altercampagne.net\/index.php?rest_route=\/wp\/v2\/posts\/4232\/revisions"}],"wp:attachment":[{"href":"https:\/\/www.altercampagne.net\/index.php?rest_route=%2Fwp%2Fv2%2Fmedia&parent=4232"}],"wp:term":[{"taxonomy":"category","embeddable":true,"href":"https:\/\/www.altercampagne.net\/index.php?rest_route=%2Fwp%2Fv2%2Fcategories&post=4232"},{"taxonomy":"post_tag","embeddable":true,"href":"https:\/\/www.altercampagne.net\/index.php?rest_route=%2Fwp%2Fv2%2Ftags&post=4232"}],"curies":[{"name":"wp","href":"https:\/\/api.w.org\/{rel}","templated":true}]}}