{"id":4234,"date":"2012-08-11T14:46:11","date_gmt":"2012-08-11T12:46:11","guid":{"rendered":"http:\/\/www.altercampagne.net\/?p=4234"},"modified":"2024-08-27T17:16:19","modified_gmt":"2024-08-27T15:16:19","slug":"laltertour-fait-etape-a-ramonville-ce-soir","status":"publish","type":"post","link":"https:\/\/www.altercampagne.net\/?p=4234","title":{"rendered":"L&rsquo;AlterTour fait \u00e9tape \u00e0 Ramonville ce soir"},"content":{"rendered":"<p class=\"Style153\" align=\"justify\">Une soixantaine de cyclistes arriveront ce soir \u00e0 la Maison de l&rsquo;\u00e9conomie solidaire \u00e0 Ramonville. Chaque ann\u00e9e, ce Tour de France alternatif traverse diff\u00e9rentes r\u00e9gions. Cette ann\u00e9e, la r\u00e9gion Midi-Pyr\u00e9n\u00e9es en fait partie. Cet \u00e9v\u00e9nement se veut un relais et non une course. Sous le slogan \u00abpour une plan\u00e8te non dop\u00e9e\u00bb, les participants rejoignent des initiatives locales.<\/p>\n<p class=\"Style153\" align=\"justify\">\u00abIl y a le dopage \u00e9nerg\u00e9tique avec le nucl\u00e9aire et les gaz de schiste, celui sur l&rsquo;agriculture avec les OGM et les engrais chimiques, et \u00e9conomique contre la sp\u00e9culation\u00bb, \u00e9num\u00e8re Mathieu Fromont, l&rsquo;un des coordinateurs.<\/p>\n<p class=\"Style142\"><strong>VISIBILIT\u00c9<\/strong><\/p>\n<p class=\"Style153\" align=\"justify\">Dans la matin\u00e9e, le groupe s&rsquo;arr\u00eatera \u00e0 Villemur-sur-Tarn o\u00f9 Eric Cabanis, photographe \u00e0 l&rsquo;AFP, pr\u00e9sentera son album-photo sur le mouvement des Molex. Puis dans la soir\u00e9e, ils se rendront au hameau de Mange-pommes \u00e0 Ramonville. Ils y visiteront la construction des habitats \u00e9colos dans laquelle s&rsquo;investit notamment l&rsquo;association Caracole.<\/p>\n<p class=\"Style153\" align=\"justify\">Dominique, un des membres actifs, s&rsquo;enthousiasme de ce passage : \u00abCette initiative donne de la visibilit\u00e9 aux op\u00e9rations qui se r\u00e9alisent.\u00bb Les maisons construites et isol\u00e9es au bois, avec des panneaux solaires int\u00e8grent le principe de cet \u00e9v\u00e9nement organis\u00e9 par des associations altermondialistes.<br \/>\nLa soir\u00e9e est ouverte \u00e0 tous avec un repas et l&rsquo;animation assur\u00e9e par le groupe Red Jack. \u00abPartout o\u00f9 nous sommes pass\u00e9s les populations locales se sont mobilis\u00e9es pour participer aux d\u00e9bats et conf\u00e9rences organis\u00e9es\u00bb, invite Mathieu Fromont.<\/p>\n<p class=\"Style153\" align=\"justify\">Demain, les coureurs rencontreront le Crea qui est expulsable d\u00e8s aujourd&rsquo;hui et la Scop Imprimerie 34 en compagnie d&rsquo;Utopons, sp\u00e9cialis\u00e9 dans les toilettes s\u00e8ches.<\/p>\n<p class=\"Style153\" align=\"right\">\n<em>Antonin Vabre<\/em><\/p>\n<p class=\"Style153\" style=\"text-align: left;\" align=\"right\">Source : <a href=\"http:\/\/www.ladepeche.fr\/article\/2012\/08\/11\/1417296-l-alter-tour-fait-etape-a-ramonville-ce-soir.html#xtor=RSS-6\" target=\"_blank\" rel=\"noopener\">http:\/\/www.ladepeche.fr\/article\/2012\/08\/11\/1417296-l-alter-tour-fait-etape-a-ramonville-ce-soir.html#xtor=RSS-6<\/a><\/p>\n","protected":false},"excerpt":{"rendered":"<p>Une soixantaine de cyclistes arriveront ce soir \u00e0 la Maison de l&rsquo;\u00e9conomie solidaire \u00e0 Ramonville. Chaque ann\u00e9e, ce Tour de France alternatif traverse diff\u00e9rentes r\u00e9gions. Cette ann\u00e9e, la r\u00e9gion Midi-Pyr\u00e9n\u00e9es en fait partie. Cet \u00e9v\u00e9nement se veut un relais et non une course. Sous le slogan \u00abpour une plan\u00e8te non &#8230; <\/p>\n<div><a href=\"https:\/\/www.altercampagne.net\/?p=4234\" class=\"more-link\">Read More<\/a><\/div>\n","protected":false},"author":214,"featured_media":0,"comment_status":"closed","ping_status":"closed","sticky":false,"template":"","format":"standard","meta":{"footnotes":""},"categories":[239],"tags":[86,852,1173,1814,1838,1839,1842,1844,1850,1851,1861,1870,1871,1872],"class_list":["post-4234","post","type-post","status-publish","format-standard","hentry","category-revue-de-presse","tag-utopons","tag-altertour-2012","tag-crea","tag-1814","tag-molex","tag-villemur-sur-tarn","tag-eric-cabanis","tag-midi-pyrenees","tag-ramonville","tag-maison-de-leconomie-solidaire","tag-hameau-de-mange-pommes","tag-association-caracole","tag-red-jack","tag-imprimerie-34","no-post-thumbnail"],"yoast_head":"<!-- This site is optimized with the Yoast SEO plugin v27.3 - https:\/\/yoast.com\/product\/yoast-seo-wordpress\/ -->\n<title>L&#039;AlterTour fait \u00e9tape \u00e0 Ramonville ce soir - AlterTour<\/title>\n<meta name=\"robots\" content=\"index, follow, max-snippet:-1, max-image-preview:large, max-video-preview:-1\" \/>\n<link rel=\"canonical\" href=\"https:\/\/www.altercampagne.net\/?p=4234\" \/>\n<meta property=\"og:locale\" content=\"fr_FR\" \/>\n<meta property=\"og:type\" content=\"article\" \/>\n<meta property=\"og:title\" content=\"L&#039;AlterTour fait \u00e9tape \u00e0 Ramonville ce soir - AlterTour\" \/>\n<meta property=\"og:description\" content=\"Une soixantaine de cyclistes arriveront ce soir \u00e0 la Maison de l&rsquo;\u00e9conomie solidaire \u00e0 Ramonville. Chaque ann\u00e9e, ce Tour de France alternatif traverse diff\u00e9rentes r\u00e9gions. Cette ann\u00e9e, la r\u00e9gion Midi-Pyr\u00e9n\u00e9es en fait partie. Cet \u00e9v\u00e9nement se veut un relais et non une course. Sous le slogan \u00abpour une plan\u00e8te non ... Read More\" \/>\n<meta property=\"og:url\" content=\"https:\/\/www.altercampagne.net\/?p=4234\" \/>\n<meta property=\"og:site_name\" content=\"AlterTour\" \/>\n<meta property=\"article:published_time\" content=\"2012-08-11T12:46:11+00:00\" \/>\n<meta property=\"article:modified_time\" content=\"2024-08-27T15:16:19+00:00\" \/>\n<meta name=\"author\" content=\"Mathieu\" \/>\n<meta name=\"twitter:card\" content=\"summary_large_image\" \/>\n<meta name=\"twitter:label1\" content=\"\u00c9crit par\" \/>\n\t<meta name=\"twitter:data1\" content=\"Mathieu\" \/>\n\t<meta name=\"twitter:label2\" content=\"Dur\u00e9e de lecture estim\u00e9e\" \/>\n\t<meta name=\"twitter:data2\" content=\"2 minutes\" \/>\n<script type=\"application\/ld+json\" class=\"yoast-schema-graph\">{\"@context\":\"https:\\\/\\\/schema.org\",\"@graph\":[{\"@type\":\"Article\",\"@id\":\"https:\\\/\\\/www.altercampagne.net\\\/?p=4234#article\",\"isPartOf\":{\"@id\":\"https:\\\/\\\/www.altercampagne.net\\\/?p=4234\"},\"author\":{\"name\":\"Mathieu\",\"@id\":\"https:\\\/\\\/www.altercampagne.net\\\/#\\\/schema\\\/person\\\/0f261460c09e430caa0f9bcffa319109\"},\"headline\":\"L&rsquo;AlterTour fait \u00e9tape \u00e0 Ramonville ce soir\",\"datePublished\":\"2012-08-11T12:46:11+00:00\",\"dateModified\":\"2024-08-27T15:16:19+00:00\",\"mainEntityOfPage\":{\"@id\":\"https:\\\/\\\/www.altercampagne.net\\\/?p=4234\"},\"wordCount\":302,\"keywords\":[\"Utopons\",\"AlterTour 2012\",\"CREA\",\"2012\",\"Molex\",\"Villemur-sur-Tarn\",\"Eric Cabanis\",\"Midi-Pyr\u00e9n\u00e9es\",\"Ramonville\",\"Maison de l\u2019Economie Solidaire\",\"Hameau de Mange Pommes\",\"association Caracole\",\"Red Jack\",\"Imprimerie 34\"],\"articleSection\":[\"Revue de presse\"],\"inLanguage\":\"fr-FR\"},{\"@type\":\"WebPage\",\"@id\":\"https:\\\/\\\/www.altercampagne.net\\\/?p=4234\",\"url\":\"https:\\\/\\\/www.altercampagne.net\\\/?p=4234\",\"name\":\"L'AlterTour fait \u00e9tape \u00e0 Ramonville ce soir - AlterTour\",\"isPartOf\":{\"@id\":\"https:\\\/\\\/www.altercampagne.net\\\/#website\"},\"datePublished\":\"2012-08-11T12:46:11+00:00\",\"dateModified\":\"2024-08-27T15:16:19+00:00\",\"author\":{\"@id\":\"https:\\\/\\\/www.altercampagne.net\\\/#\\\/schema\\\/person\\\/0f261460c09e430caa0f9bcffa319109\"},\"breadcrumb\":{\"@id\":\"https:\\\/\\\/www.altercampagne.net\\\/?p=4234#breadcrumb\"},\"inLanguage\":\"fr-FR\",\"potentialAction\":[{\"@type\":\"ReadAction\",\"target\":[\"https:\\\/\\\/www.altercampagne.net\\\/?p=4234\"]}]},{\"@type\":\"BreadcrumbList\",\"@id\":\"https:\\\/\\\/www.altercampagne.net\\\/?p=4234#breadcrumb\",\"itemListElement\":[{\"@type\":\"ListItem\",\"position\":1,\"name\":\"Accueil\",\"item\":\"https:\\\/\\\/www.altercampagne.net\\\/\"},{\"@type\":\"ListItem\",\"position\":2,\"name\":\"L&rsquo;AlterTour fait \u00e9tape \u00e0 Ramonville ce soir\"}]},{\"@type\":\"WebSite\",\"@id\":\"https:\\\/\\\/www.altercampagne.net\\\/#website\",\"url\":\"https:\\\/\\\/www.altercampagne.net\\\/\",\"name\":\"AlterTour\",\"description\":\"Reliez les Alternatives \u00e0 v\u00e9lo\",\"potentialAction\":[{\"@type\":\"SearchAction\",\"target\":{\"@type\":\"EntryPoint\",\"urlTemplate\":\"https:\\\/\\\/www.altercampagne.net\\\/?s={search_term_string}\"},\"query-input\":{\"@type\":\"PropertyValueSpecification\",\"valueRequired\":true,\"valueName\":\"search_term_string\"}}],\"inLanguage\":\"fr-FR\"},{\"@type\":\"Person\",\"@id\":\"https:\\\/\\\/www.altercampagne.net\\\/#\\\/schema\\\/person\\\/0f261460c09e430caa0f9bcffa319109\",\"name\":\"Mathieu\",\"image\":{\"@type\":\"ImageObject\",\"inLanguage\":\"fr-FR\",\"@id\":\"https:\\\/\\\/secure.gravatar.com\\\/avatar\\\/aa9d3d24c83f2141e5e2709d0f63d09a99f6be6bb7a50abc4915838d9f54501a?s=96&d=mm&r=g\",\"url\":\"https:\\\/\\\/secure.gravatar.com\\\/avatar\\\/aa9d3d24c83f2141e5e2709d0f63d09a99f6be6bb7a50abc4915838d9f54501a?s=96&d=mm&r=g\",\"contentUrl\":\"https:\\\/\\\/secure.gravatar.com\\\/avatar\\\/aa9d3d24c83f2141e5e2709d0f63d09a99f6be6bb7a50abc4915838d9f54501a?s=96&d=mm&r=g\",\"caption\":\"Mathieu\"},\"url\":\"https:\\\/\\\/www.altercampagne.net\\\/?author=214\"}]}<\/script>\n<!-- \/ Yoast SEO plugin. -->","yoast_head_json":{"title":"L'AlterTour fait \u00e9tape \u00e0 Ramonville ce soir - AlterTour","robots":{"index":"index","follow":"follow","max-snippet":"max-snippet:-1","max-image-preview":"max-image-preview:large","max-video-preview":"max-video-preview:-1"},"canonical":"https:\/\/www.altercampagne.net\/?p=4234","og_locale":"fr_FR","og_type":"article","og_title":"L'AlterTour fait \u00e9tape \u00e0 Ramonville ce soir - AlterTour","og_description":"Une soixantaine de cyclistes arriveront ce soir \u00e0 la Maison de l&rsquo;\u00e9conomie solidaire \u00e0 Ramonville. Chaque ann\u00e9e, ce Tour de France alternatif traverse diff\u00e9rentes r\u00e9gions. Cette ann\u00e9e, la r\u00e9gion Midi-Pyr\u00e9n\u00e9es en fait partie. Cet \u00e9v\u00e9nement se veut un relais et non une course. Sous le slogan \u00abpour une plan\u00e8te non ... Read More","og_url":"https:\/\/www.altercampagne.net\/?p=4234","og_site_name":"AlterTour","article_published_time":"2012-08-11T12:46:11+00:00","article_modified_time":"2024-08-27T15:16:19+00:00","author":"Mathieu","twitter_card":"summary_large_image","twitter_misc":{"\u00c9crit par":"Mathieu","Dur\u00e9e de lecture estim\u00e9e":"2 minutes"},"schema":{"@context":"https:\/\/schema.org","@graph":[{"@type":"Article","@id":"https:\/\/www.altercampagne.net\/?p=4234#article","isPartOf":{"@id":"https:\/\/www.altercampagne.net\/?p=4234"},"author":{"name":"Mathieu","@id":"https:\/\/www.altercampagne.net\/#\/schema\/person\/0f261460c09e430caa0f9bcffa319109"},"headline":"L&rsquo;AlterTour fait \u00e9tape \u00e0 Ramonville ce soir","datePublished":"2012-08-11T12:46:11+00:00","dateModified":"2024-08-27T15:16:19+00:00","mainEntityOfPage":{"@id":"https:\/\/www.altercampagne.net\/?p=4234"},"wordCount":302,"keywords":["Utopons","AlterTour 2012","CREA","2012","Molex","Villemur-sur-Tarn","Eric Cabanis","Midi-Pyr\u00e9n\u00e9es","Ramonville","Maison de l\u2019Economie Solidaire","Hameau de Mange Pommes","association Caracole","Red Jack","Imprimerie 34"],"articleSection":["Revue de presse"],"inLanguage":"fr-FR"},{"@type":"WebPage","@id":"https:\/\/www.altercampagne.net\/?p=4234","url":"https:\/\/www.altercampagne.net\/?p=4234","name":"L'AlterTour fait \u00e9tape \u00e0 Ramonville ce soir - AlterTour","isPartOf":{"@id":"https:\/\/www.altercampagne.net\/#website"},"datePublished":"2012-08-11T12:46:11+00:00","dateModified":"2024-08-27T15:16:19+00:00","author":{"@id":"https:\/\/www.altercampagne.net\/#\/schema\/person\/0f261460c09e430caa0f9bcffa319109"},"breadcrumb":{"@id":"https:\/\/www.altercampagne.net\/?p=4234#breadcrumb"},"inLanguage":"fr-FR","potentialAction":[{"@type":"ReadAction","target":["https:\/\/www.altercampagne.net\/?p=4234"]}]},{"@type":"BreadcrumbList","@id":"https:\/\/www.altercampagne.net\/?p=4234#breadcrumb","itemListElement":[{"@type":"ListItem","position":1,"name":"Accueil","item":"https:\/\/www.altercampagne.net\/"},{"@type":"ListItem","position":2,"name":"L&rsquo;AlterTour fait \u00e9tape \u00e0 Ramonville ce soir"}]},{"@type":"WebSite","@id":"https:\/\/www.altercampagne.net\/#website","url":"https:\/\/www.altercampagne.net\/","name":"AlterTour","description":"Reliez les Alternatives \u00e0 v\u00e9lo","potentialAction":[{"@type":"SearchAction","target":{"@type":"EntryPoint","urlTemplate":"https:\/\/www.altercampagne.net\/?s={search_term_string}"},"query-input":{"@type":"PropertyValueSpecification","valueRequired":true,"valueName":"search_term_string"}}],"inLanguage":"fr-FR"},{"@type":"Person","@id":"https:\/\/www.altercampagne.net\/#\/schema\/person\/0f261460c09e430caa0f9bcffa319109","name":"Mathieu","image":{"@type":"ImageObject","inLanguage":"fr-FR","@id":"https:\/\/secure.gravatar.com\/avatar\/aa9d3d24c83f2141e5e2709d0f63d09a99f6be6bb7a50abc4915838d9f54501a?s=96&d=mm&r=g","url":"https:\/\/secure.gravatar.com\/avatar\/aa9d3d24c83f2141e5e2709d0f63d09a99f6be6bb7a50abc4915838d9f54501a?s=96&d=mm&r=g","contentUrl":"https:\/\/secure.gravatar.com\/avatar\/aa9d3d24c83f2141e5e2709d0f63d09a99f6be6bb7a50abc4915838d9f54501a?s=96&d=mm&r=g","caption":"Mathieu"},"url":"https:\/\/www.altercampagne.net\/?author=214"}]}},"_links":{"self":[{"href":"https:\/\/www.altercampagne.net\/index.php?rest_route=\/wp\/v2\/posts\/4234","targetHints":{"allow":["GET"]}}],"collection":[{"href":"https:\/\/www.altercampagne.net\/index.php?rest_route=\/wp\/v2\/posts"}],"about":[{"href":"https:\/\/www.altercampagne.net\/index.php?rest_route=\/wp\/v2\/types\/post"}],"author":[{"embeddable":true,"href":"https:\/\/www.altercampagne.net\/index.php?rest_route=\/wp\/v2\/users\/214"}],"replies":[{"embeddable":true,"href":"https:\/\/www.altercampagne.net\/index.php?rest_route=%2Fwp%2Fv2%2Fcomments&post=4234"}],"version-history":[{"count":1,"href":"https:\/\/www.altercampagne.net\/index.php?rest_route=\/wp\/v2\/posts\/4234\/revisions"}],"predecessor-version":[{"id":28649,"href":"https:\/\/www.altercampagne.net\/index.php?rest_route=\/wp\/v2\/posts\/4234\/revisions\/28649"}],"wp:attachment":[{"href":"https:\/\/www.altercampagne.net\/index.php?rest_route=%2Fwp%2Fv2%2Fmedia&parent=4234"}],"wp:term":[{"taxonomy":"category","embeddable":true,"href":"https:\/\/www.altercampagne.net\/index.php?rest_route=%2Fwp%2Fv2%2Fcategories&post=4234"},{"taxonomy":"post_tag","embeddable":true,"href":"https:\/\/www.altercampagne.net\/index.php?rest_route=%2Fwp%2Fv2%2Ftags&post=4234"}],"curies":[{"name":"wp","href":"https:\/\/api.w.org\/{rel}","templated":true}]}}