{"id":4242,"date":"2012-08-08T16:31:09","date_gmt":"2012-08-08T14:31:09","guid":{"rendered":"http:\/\/www.altercampagne.net\/?p=4242"},"modified":"2016-04-15T17:48:16","modified_gmt":"2016-04-15T15:48:16","slug":"letape-finale-de-laltertour-en-haut-bearn","status":"publish","type":"post","link":"https:\/\/www.altercampagne.net\/?p=4242","title":{"rendered":"L&rsquo;\u00e9tape finale de l&rsquo;AlterTour en Haut B\u00e9arn"},"content":{"rendered":"<p><img loading=\"lazy\" decoding=\"async\" class=\" alignleft\" src=\"http:\/\/91.68.209.8\/bmi\/www.sudouest.fr\/images\/2012\/08\/08\/789358_20983813_460x306.jpg\" alt=\"\" width=\"460\" height=\"306\" \/>Cet autre Tour vise \u00e0 relier ceux qui exp\u00e9rimentent d&rsquo;autres modes de vie ; il s&rsquo;\u00e9lancera entre Pr\u00e9cilhon et Bedous, le samedi 18 ao\u00fbt.<\/p>\n<p>Il s&rsquo;est \u00e9lanc\u00e9 de Foix le 11 juillet et il terminera sa course \u00e0 Bedous le samedi 18 ao\u00fbt, apr\u00e8s avoir sillonn\u00e9 les routes d&rsquo;Ari\u00e8ge, d&rsquo;Aude, du Tarn, de l&rsquo;Aveyron, du Lot, de la Dordogne, de la Gironde, du Lot-et-Garonne, du Tarn-et-Garonne, de la Haute-Garonne, du Gers et du B\u00e9arn. Il propose, pour la cinqui\u00e8me ann\u00e9e cons\u00e9cutive, de relier \u00e0 v\u00e9lo des associations, des collectifs, des individus exp\u00e9rimentant d&rsquo;autres modes de vie et de production : les circuits courts, les \u00e9nergies alternatives, le recyclage, l&rsquo;\u00e9co-habitat, l&rsquo;\u00e9ducation \u00e0 l&rsquo;environnement et \u00e0 la d\u00e9croissance.<\/p>\n<p>En 2008, l&rsquo;AlterTour est pass\u00e9 par Pau. Il revient donc dans notre d\u00e9partement. Plusieurs associations locales et la mairie de Pr\u00e9cilhon se mobilisent pour accueillir les alter cyclistes pour leur passage en B\u00e9arn, du jeudi 16 au dimanche 19 ao\u00fbt. Ces cyclistes d&rsquo;un autre genre arriveront le jeudi 16 ao\u00fbt \u00e0 la Maison de la nature et de l&rsquo;environnement au domaine de Sers, \u00e0 Pau. L&rsquo;\u00e9tape du vendredi 17 les conduira de Pau-Lescar \u00e0 Pr\u00e9cilhon. L&rsquo;\u00e9tape finale se d\u00e9roulera le samedi 18 ao\u00fbt, entre Pr\u00e9cilhon et Bedous. Les B\u00e9arnais sont invit\u00e9s \u00e0 venir rencontrer les alter cyclistes, en p\u00e9dalant avec eux sur tout ou partie de l&rsquo;\u00e9tape du vendredi 17 ou lors du pique-nique et des soir\u00e9es.<\/p>\n<p>Rendez-vous \u00e0 11h30 \u00e0 la communaut\u00e9 d&rsquo;Emma\u00fcs pour d\u00e9part vers Arbus. \u00c0 12h30, pique-nique au stade d&rsquo;Arbus. \u00c0 14h30, accueil \u00e0 la ferme Priou. \u00c0 15h30, d\u00e9part vers Lacommande et Lasseube.<br \/>\n\u00c0 18 heures, arriv\u00e9e pr\u00e9vue au foyer de Pr\u00e9cilhon, suivie \u00e0 partir de 20 heures d&rsquo;une soir\u00e9e film et discussions. Il est recommand\u00e9 de porter un gilet fluo, d&rsquo;apporter son pique-nique et son ravitaillement.<\/p>\n<p>Source : http:\/\/www.sudouest.fr\/2012\/08\/08\/l-etape-finale-de-l-alter-tour-en-haut-bearn-789358-4020.php<\/p>\n","protected":false},"excerpt":{"rendered":"<p>Cet autre Tour vise \u00e0 relier ceux qui exp\u00e9rimentent d&rsquo;autres modes de vie ; il s&rsquo;\u00e9lancera entre Pr\u00e9cilhon et Bedous, le samedi 18 ao\u00fbt. Il s&rsquo;est \u00e9lanc\u00e9 de Foix le 11 juillet et il terminera sa course \u00e0 Bedous le samedi 18 ao\u00fbt, apr\u00e8s avoir sillonn\u00e9 les routes d&rsquo;Ari\u00e8ge, d&rsquo;Aude, &#8230; <\/p>\n<div><a href=\"https:\/\/www.altercampagne.net\/?p=4242\" class=\"more-link\">Read More<\/a><\/div>\n","protected":false},"author":214,"featured_media":0,"comment_status":"closed","ping_status":"closed","sticky":false,"template":"","format":"standard","meta":{"footnotes":""},"categories":[239],"tags":[852,1152,1158,1159,1814,1815,1822,1823,1824,1876,1893],"class_list":["post-4242","post","type-post","status-publish","format-standard","hentry","category-revue-de-presse","tag-altertour-2012","tag-emmaus-lescar-pau","tag-maison-de-la-nature-et-de-lenvironnement","tag-pau","tag-1814","tag-pyrenees-atlantiques","tag-arbus","tag-bearn","tag-ferme-priou","tag-gironde","tag-domaine-de-sers","no-post-thumbnail"],"yoast_head":"<!-- This site is optimized with the Yoast SEO plugin v27.3 - https:\/\/yoast.com\/product\/yoast-seo-wordpress\/ -->\n<title>L&#039;\u00e9tape finale de l&#039;AlterTour en Haut B\u00e9arn - AlterTour<\/title>\n<meta name=\"robots\" content=\"index, follow, max-snippet:-1, max-image-preview:large, max-video-preview:-1\" \/>\n<link rel=\"canonical\" href=\"https:\/\/www.altercampagne.net\/?p=4242\" \/>\n<meta property=\"og:locale\" content=\"fr_FR\" \/>\n<meta property=\"og:type\" content=\"article\" \/>\n<meta property=\"og:title\" content=\"L&#039;\u00e9tape finale de l&#039;AlterTour en Haut B\u00e9arn - AlterTour\" \/>\n<meta property=\"og:description\" content=\"Cet autre Tour vise \u00e0 relier ceux qui exp\u00e9rimentent d&rsquo;autres modes de vie ; il s&rsquo;\u00e9lancera entre Pr\u00e9cilhon et Bedous, le samedi 18 ao\u00fbt. Il s&rsquo;est \u00e9lanc\u00e9 de Foix le 11 juillet et il terminera sa course \u00e0 Bedous le samedi 18 ao\u00fbt, apr\u00e8s avoir sillonn\u00e9 les routes d&rsquo;Ari\u00e8ge, d&rsquo;Aude, ... Read More\" \/>\n<meta property=\"og:url\" content=\"https:\/\/www.altercampagne.net\/?p=4242\" \/>\n<meta property=\"og:site_name\" content=\"AlterTour\" \/>\n<meta property=\"article:published_time\" content=\"2012-08-08T14:31:09+00:00\" \/>\n<meta property=\"article:modified_time\" content=\"2016-04-15T15:48:16+00:00\" \/>\n<meta property=\"og:image\" content=\"http:\/\/91.68.209.8\/bmi\/www.sudouest.fr\/images\/2012\/08\/08\/789358_20983813_460x306.jpg\" \/>\n<meta name=\"author\" content=\"Mathieu\" \/>\n<meta name=\"twitter:card\" content=\"summary_large_image\" \/>\n<meta name=\"twitter:label1\" content=\"\u00c9crit par\" \/>\n\t<meta name=\"twitter:data1\" content=\"Mathieu\" \/>\n\t<meta name=\"twitter:label2\" content=\"Dur\u00e9e de lecture estim\u00e9e\" \/>\n\t<meta name=\"twitter:data2\" content=\"2 minutes\" \/>\n<script type=\"application\/ld+json\" class=\"yoast-schema-graph\">{\"@context\":\"https:\\\/\\\/schema.org\",\"@graph\":[{\"@type\":\"Article\",\"@id\":\"https:\\\/\\\/www.altercampagne.net\\\/?p=4242#article\",\"isPartOf\":{\"@id\":\"https:\\\/\\\/www.altercampagne.net\\\/?p=4242\"},\"author\":{\"name\":\"Mathieu\",\"@id\":\"https:\\\/\\\/www.altercampagne.net\\\/#\\\/schema\\\/person\\\/0f261460c09e430caa0f9bcffa319109\"},\"headline\":\"L&rsquo;\u00e9tape finale de l&rsquo;AlterTour en Haut B\u00e9arn\",\"datePublished\":\"2012-08-08T14:31:09+00:00\",\"dateModified\":\"2016-04-15T15:48:16+00:00\",\"mainEntityOfPage\":{\"@id\":\"https:\\\/\\\/www.altercampagne.net\\\/?p=4242\"},\"wordCount\":338,\"image\":{\"@id\":\"https:\\\/\\\/www.altercampagne.net\\\/?p=4242#primaryimage\"},\"thumbnailUrl\":\"http:\\\/\\\/91.68.209.8\\\/bmi\\\/www.sudouest.fr\\\/images\\\/2012\\\/08\\\/08\\\/789358_20983813_460x306.jpg\",\"keywords\":[\"AlterTour 2012\",\"Emma\u00fcs Lescar Pau\",\"Maison de la Nature et de l\u2019Environnement\",\"pau\",\"2012\",\"Pyr\u00e9n\u00e9es-Atlantiques\",\"Arbus\",\"B\u00e9arn\",\"ferme Priou\",\"Gironde\",\"domaine de Sers\"],\"articleSection\":[\"Revue de presse\"],\"inLanguage\":\"fr-FR\"},{\"@type\":\"WebPage\",\"@id\":\"https:\\\/\\\/www.altercampagne.net\\\/?p=4242\",\"url\":\"https:\\\/\\\/www.altercampagne.net\\\/?p=4242\",\"name\":\"L'\u00e9tape finale de l'AlterTour en Haut B\u00e9arn - AlterTour\",\"isPartOf\":{\"@id\":\"https:\\\/\\\/www.altercampagne.net\\\/#website\"},\"primaryImageOfPage\":{\"@id\":\"https:\\\/\\\/www.altercampagne.net\\\/?p=4242#primaryimage\"},\"image\":{\"@id\":\"https:\\\/\\\/www.altercampagne.net\\\/?p=4242#primaryimage\"},\"thumbnailUrl\":\"http:\\\/\\\/91.68.209.8\\\/bmi\\\/www.sudouest.fr\\\/images\\\/2012\\\/08\\\/08\\\/789358_20983813_460x306.jpg\",\"datePublished\":\"2012-08-08T14:31:09+00:00\",\"dateModified\":\"2016-04-15T15:48:16+00:00\",\"author\":{\"@id\":\"https:\\\/\\\/www.altercampagne.net\\\/#\\\/schema\\\/person\\\/0f261460c09e430caa0f9bcffa319109\"},\"breadcrumb\":{\"@id\":\"https:\\\/\\\/www.altercampagne.net\\\/?p=4242#breadcrumb\"},\"inLanguage\":\"fr-FR\",\"potentialAction\":[{\"@type\":\"ReadAction\",\"target\":[\"https:\\\/\\\/www.altercampagne.net\\\/?p=4242\"]}]},{\"@type\":\"ImageObject\",\"inLanguage\":\"fr-FR\",\"@id\":\"https:\\\/\\\/www.altercampagne.net\\\/?p=4242#primaryimage\",\"url\":\"http:\\\/\\\/91.68.209.8\\\/bmi\\\/www.sudouest.fr\\\/images\\\/2012\\\/08\\\/08\\\/789358_20983813_460x306.jpg\",\"contentUrl\":\"http:\\\/\\\/91.68.209.8\\\/bmi\\\/www.sudouest.fr\\\/images\\\/2012\\\/08\\\/08\\\/789358_20983813_460x306.jpg\"},{\"@type\":\"BreadcrumbList\",\"@id\":\"https:\\\/\\\/www.altercampagne.net\\\/?p=4242#breadcrumb\",\"itemListElement\":[{\"@type\":\"ListItem\",\"position\":1,\"name\":\"Accueil\",\"item\":\"https:\\\/\\\/www.altercampagne.net\\\/\"},{\"@type\":\"ListItem\",\"position\":2,\"name\":\"L&rsquo;\u00e9tape finale de l&rsquo;AlterTour en Haut B\u00e9arn\"}]},{\"@type\":\"WebSite\",\"@id\":\"https:\\\/\\\/www.altercampagne.net\\\/#website\",\"url\":\"https:\\\/\\\/www.altercampagne.net\\\/\",\"name\":\"AlterTour\",\"description\":\"Reliez les Alternatives \u00e0 v\u00e9lo\",\"potentialAction\":[{\"@type\":\"SearchAction\",\"target\":{\"@type\":\"EntryPoint\",\"urlTemplate\":\"https:\\\/\\\/www.altercampagne.net\\\/?s={search_term_string}\"},\"query-input\":{\"@type\":\"PropertyValueSpecification\",\"valueRequired\":true,\"valueName\":\"search_term_string\"}}],\"inLanguage\":\"fr-FR\"},{\"@type\":\"Person\",\"@id\":\"https:\\\/\\\/www.altercampagne.net\\\/#\\\/schema\\\/person\\\/0f261460c09e430caa0f9bcffa319109\",\"name\":\"Mathieu\",\"image\":{\"@type\":\"ImageObject\",\"inLanguage\":\"fr-FR\",\"@id\":\"https:\\\/\\\/secure.gravatar.com\\\/avatar\\\/aa9d3d24c83f2141e5e2709d0f63d09a99f6be6bb7a50abc4915838d9f54501a?s=96&d=mm&r=g\",\"url\":\"https:\\\/\\\/secure.gravatar.com\\\/avatar\\\/aa9d3d24c83f2141e5e2709d0f63d09a99f6be6bb7a50abc4915838d9f54501a?s=96&d=mm&r=g\",\"contentUrl\":\"https:\\\/\\\/secure.gravatar.com\\\/avatar\\\/aa9d3d24c83f2141e5e2709d0f63d09a99f6be6bb7a50abc4915838d9f54501a?s=96&d=mm&r=g\",\"caption\":\"Mathieu\"},\"url\":\"https:\\\/\\\/www.altercampagne.net\\\/?author=214\"}]}<\/script>\n<!-- \/ Yoast SEO plugin. -->","yoast_head_json":{"title":"L'\u00e9tape finale de l'AlterTour en Haut B\u00e9arn - AlterTour","robots":{"index":"index","follow":"follow","max-snippet":"max-snippet:-1","max-image-preview":"max-image-preview:large","max-video-preview":"max-video-preview:-1"},"canonical":"https:\/\/www.altercampagne.net\/?p=4242","og_locale":"fr_FR","og_type":"article","og_title":"L'\u00e9tape finale de l'AlterTour en Haut B\u00e9arn - AlterTour","og_description":"Cet autre Tour vise \u00e0 relier ceux qui exp\u00e9rimentent d&rsquo;autres modes de vie ; il s&rsquo;\u00e9lancera entre Pr\u00e9cilhon et Bedous, le samedi 18 ao\u00fbt. Il s&rsquo;est \u00e9lanc\u00e9 de Foix le 11 juillet et il terminera sa course \u00e0 Bedous le samedi 18 ao\u00fbt, apr\u00e8s avoir sillonn\u00e9 les routes d&rsquo;Ari\u00e8ge, d&rsquo;Aude, ... Read More","og_url":"https:\/\/www.altercampagne.net\/?p=4242","og_site_name":"AlterTour","article_published_time":"2012-08-08T14:31:09+00:00","article_modified_time":"2016-04-15T15:48:16+00:00","og_image":[{"url":"http:\/\/91.68.209.8\/bmi\/www.sudouest.fr\/images\/2012\/08\/08\/789358_20983813_460x306.jpg","type":"","width":"","height":""}],"author":"Mathieu","twitter_card":"summary_large_image","twitter_misc":{"\u00c9crit par":"Mathieu","Dur\u00e9e de lecture estim\u00e9e":"2 minutes"},"schema":{"@context":"https:\/\/schema.org","@graph":[{"@type":"Article","@id":"https:\/\/www.altercampagne.net\/?p=4242#article","isPartOf":{"@id":"https:\/\/www.altercampagne.net\/?p=4242"},"author":{"name":"Mathieu","@id":"https:\/\/www.altercampagne.net\/#\/schema\/person\/0f261460c09e430caa0f9bcffa319109"},"headline":"L&rsquo;\u00e9tape finale de l&rsquo;AlterTour en Haut B\u00e9arn","datePublished":"2012-08-08T14:31:09+00:00","dateModified":"2016-04-15T15:48:16+00:00","mainEntityOfPage":{"@id":"https:\/\/www.altercampagne.net\/?p=4242"},"wordCount":338,"image":{"@id":"https:\/\/www.altercampagne.net\/?p=4242#primaryimage"},"thumbnailUrl":"http:\/\/91.68.209.8\/bmi\/www.sudouest.fr\/images\/2012\/08\/08\/789358_20983813_460x306.jpg","keywords":["AlterTour 2012","Emma\u00fcs Lescar Pau","Maison de la Nature et de l\u2019Environnement","pau","2012","Pyr\u00e9n\u00e9es-Atlantiques","Arbus","B\u00e9arn","ferme Priou","Gironde","domaine de Sers"],"articleSection":["Revue de presse"],"inLanguage":"fr-FR"},{"@type":"WebPage","@id":"https:\/\/www.altercampagne.net\/?p=4242","url":"https:\/\/www.altercampagne.net\/?p=4242","name":"L'\u00e9tape finale de l'AlterTour en Haut B\u00e9arn - AlterTour","isPartOf":{"@id":"https:\/\/www.altercampagne.net\/#website"},"primaryImageOfPage":{"@id":"https:\/\/www.altercampagne.net\/?p=4242#primaryimage"},"image":{"@id":"https:\/\/www.altercampagne.net\/?p=4242#primaryimage"},"thumbnailUrl":"http:\/\/91.68.209.8\/bmi\/www.sudouest.fr\/images\/2012\/08\/08\/789358_20983813_460x306.jpg","datePublished":"2012-08-08T14:31:09+00:00","dateModified":"2016-04-15T15:48:16+00:00","author":{"@id":"https:\/\/www.altercampagne.net\/#\/schema\/person\/0f261460c09e430caa0f9bcffa319109"},"breadcrumb":{"@id":"https:\/\/www.altercampagne.net\/?p=4242#breadcrumb"},"inLanguage":"fr-FR","potentialAction":[{"@type":"ReadAction","target":["https:\/\/www.altercampagne.net\/?p=4242"]}]},{"@type":"ImageObject","inLanguage":"fr-FR","@id":"https:\/\/www.altercampagne.net\/?p=4242#primaryimage","url":"http:\/\/91.68.209.8\/bmi\/www.sudouest.fr\/images\/2012\/08\/08\/789358_20983813_460x306.jpg","contentUrl":"http:\/\/91.68.209.8\/bmi\/www.sudouest.fr\/images\/2012\/08\/08\/789358_20983813_460x306.jpg"},{"@type":"BreadcrumbList","@id":"https:\/\/www.altercampagne.net\/?p=4242#breadcrumb","itemListElement":[{"@type":"ListItem","position":1,"name":"Accueil","item":"https:\/\/www.altercampagne.net\/"},{"@type":"ListItem","position":2,"name":"L&rsquo;\u00e9tape finale de l&rsquo;AlterTour en Haut B\u00e9arn"}]},{"@type":"WebSite","@id":"https:\/\/www.altercampagne.net\/#website","url":"https:\/\/www.altercampagne.net\/","name":"AlterTour","description":"Reliez les Alternatives \u00e0 v\u00e9lo","potentialAction":[{"@type":"SearchAction","target":{"@type":"EntryPoint","urlTemplate":"https:\/\/www.altercampagne.net\/?s={search_term_string}"},"query-input":{"@type":"PropertyValueSpecification","valueRequired":true,"valueName":"search_term_string"}}],"inLanguage":"fr-FR"},{"@type":"Person","@id":"https:\/\/www.altercampagne.net\/#\/schema\/person\/0f261460c09e430caa0f9bcffa319109","name":"Mathieu","image":{"@type":"ImageObject","inLanguage":"fr-FR","@id":"https:\/\/secure.gravatar.com\/avatar\/aa9d3d24c83f2141e5e2709d0f63d09a99f6be6bb7a50abc4915838d9f54501a?s=96&d=mm&r=g","url":"https:\/\/secure.gravatar.com\/avatar\/aa9d3d24c83f2141e5e2709d0f63d09a99f6be6bb7a50abc4915838d9f54501a?s=96&d=mm&r=g","contentUrl":"https:\/\/secure.gravatar.com\/avatar\/aa9d3d24c83f2141e5e2709d0f63d09a99f6be6bb7a50abc4915838d9f54501a?s=96&d=mm&r=g","caption":"Mathieu"},"url":"https:\/\/www.altercampagne.net\/?author=214"}]}},"_links":{"self":[{"href":"https:\/\/www.altercampagne.net\/index.php?rest_route=\/wp\/v2\/posts\/4242","targetHints":{"allow":["GET"]}}],"collection":[{"href":"https:\/\/www.altercampagne.net\/index.php?rest_route=\/wp\/v2\/posts"}],"about":[{"href":"https:\/\/www.altercampagne.net\/index.php?rest_route=\/wp\/v2\/types\/post"}],"author":[{"embeddable":true,"href":"https:\/\/www.altercampagne.net\/index.php?rest_route=\/wp\/v2\/users\/214"}],"replies":[{"embeddable":true,"href":"https:\/\/www.altercampagne.net\/index.php?rest_route=%2Fwp%2Fv2%2Fcomments&post=4242"}],"version-history":[{"count":0,"href":"https:\/\/www.altercampagne.net\/index.php?rest_route=\/wp\/v2\/posts\/4242\/revisions"}],"wp:attachment":[{"href":"https:\/\/www.altercampagne.net\/index.php?rest_route=%2Fwp%2Fv2%2Fmedia&parent=4242"}],"wp:term":[{"taxonomy":"category","embeddable":true,"href":"https:\/\/www.altercampagne.net\/index.php?rest_route=%2Fwp%2Fv2%2Fcategories&post=4242"},{"taxonomy":"post_tag","embeddable":true,"href":"https:\/\/www.altercampagne.net\/index.php?rest_route=%2Fwp%2Fv2%2Ftags&post=4242"}],"curies":[{"name":"wp","href":"https:\/\/api.w.org\/{rel}","templated":true}]}}