{"id":4248,"date":"2012-08-08T08:59:58","date_gmt":"2012-08-08T06:59:58","guid":{"rendered":"http:\/\/www.altercampagne.net\/?p=4248"},"modified":"2016-04-19T09:03:29","modified_gmt":"2016-04-19T07:03:29","slug":"laltertour-en-bearn-du-16-au-19-aout","status":"publish","type":"post","link":"https:\/\/www.altercampagne.net\/?p=4248","title":{"rendered":"L&rsquo;AlterTour en B\u00e9arn du 16 au 19 ao\u00fbt"},"content":{"rendered":"<p class=\"Style153\" align=\"justify\">Alternatifs L&rsquo;AlterTour est un parcours cycliste en relais, qui traverse cette ann\u00e9e les R\u00e9gions Languedoc-Roussillon, Midi-Pyr\u00e9n\u00e9es et Aquitaine. Tout au long de son p\u00e9riple, l&rsquo;AlterTour va \u00e0 la rencontre des Alternatives, d\u00e9fend des valeurs de solidarit\u00e9, de paix, d&rsquo;\u00e9quit\u00e9, de sobri\u00e9t\u00e9 et tisse des liens en sillonnant les territoires entre les nombreuses alternatives et r\u00e9sistances pour une Terre humaine.<\/p>\n<p class=\"Style153\" align=\"justify\">Une journ\u00e9e de bilan le 18 ao\u00fbt \u00e0 Bedous<\/p>\n<p class=\"Style153\" align=\"justify\">Plusieurs associations locales et la Mairie de Pr\u00e9cilhon se mobilisent pour accueillir les alter-cyclistes partis de Foix le 11 juillet, pour leur passage en B\u00e9arn du jeudi 16 au dimanche 19 ao\u00fbt, date de fin de l&rsquo;AlterTour. Ils arrivent le 16 ao\u00fbt \u00e0 la Maison de la nature et de l&rsquo;environnement au domaine de Sers de Pau. Le lendemain, ils p\u00e9dalent entre Pau, Lescar et Pr\u00e9cilhon. Le 18 ao\u00fbt, ils rejoignent Bedous pour une journ\u00e9e bilan.<\/p>\n<p class=\"Style153\" align=\"justify\">Les b\u00e9arnais sont invit\u00e9s \u00e0 venir rencontrer les alter-cyclistes, en p\u00e9dalant avec eux sur tout ou partie de l&rsquo;\u00e9tape du vendredi 17 ao\u00fbt ou lors du pique-nique et des soir\u00e9es. (Il est recommand\u00e9 de porter un gilet fluo pour \u00eatre en s\u00e9curit\u00e9, d&rsquo;apporter son pique-nique et son ravitaillement).<\/p>\n<p class=\"Style153\" align=\"justify\">Source : http:\/\/www.larepubliquedespyrenees.fr\/2012\/08\/08\/l-alter-tour-en-bearn-du-16-au-19-aout,1093615.php<\/p>\n","protected":false},"excerpt":{"rendered":"<p>Alternatifs L&rsquo;AlterTour est un parcours cycliste en relais, qui traverse cette ann\u00e9e les R\u00e9gions Languedoc-Roussillon, Midi-Pyr\u00e9n\u00e9es et Aquitaine. Tout au long de son p\u00e9riple, l&rsquo;AlterTour va \u00e0 la rencontre des Alternatives, d\u00e9fend des valeurs de solidarit\u00e9, de paix, d&rsquo;\u00e9quit\u00e9, de sobri\u00e9t\u00e9 et tisse des liens en sillonnant les territoires entre &#8230; <\/p>\n<div><a href=\"https:\/\/www.altercampagne.net\/?p=4248\" class=\"more-link\">Read More<\/a><\/div>\n","protected":false},"author":214,"featured_media":0,"comment_status":"closed","ping_status":"closed","sticky":false,"template":"","format":"standard","meta":{"footnotes":""},"categories":[239],"tags":[852,892,1148,1158,1159,1814,1815,1823,1825,1893],"class_list":["post-4248","post","type-post","status-publish","format-standard","hentry","category-revue-de-presse","tag-altertour-2012","tag-aquitaine","tag-bedous","tag-maison-de-la-nature-et-de-lenvironnement","tag-pau","tag-1814","tag-pyrenees-atlantiques","tag-bearn","tag-precilhon","tag-domaine-de-sers","no-post-thumbnail"],"yoast_head":"<!-- This site is optimized with the Yoast SEO plugin v27.3 - https:\/\/yoast.com\/product\/yoast-seo-wordpress\/ -->\n<title>L&#039;AlterTour en B\u00e9arn du 16 au 19 ao\u00fbt - AlterTour<\/title>\n<meta name=\"robots\" content=\"index, follow, max-snippet:-1, max-image-preview:large, max-video-preview:-1\" \/>\n<link rel=\"canonical\" href=\"https:\/\/www.altercampagne.net\/?p=4248\" \/>\n<meta property=\"og:locale\" content=\"fr_FR\" \/>\n<meta property=\"og:type\" content=\"article\" \/>\n<meta property=\"og:title\" content=\"L&#039;AlterTour en B\u00e9arn du 16 au 19 ao\u00fbt - AlterTour\" \/>\n<meta property=\"og:description\" content=\"Alternatifs L&rsquo;AlterTour est un parcours cycliste en relais, qui traverse cette ann\u00e9e les R\u00e9gions Languedoc-Roussillon, Midi-Pyr\u00e9n\u00e9es et Aquitaine. Tout au long de son p\u00e9riple, l&rsquo;AlterTour va \u00e0 la rencontre des Alternatives, d\u00e9fend des valeurs de solidarit\u00e9, de paix, d&rsquo;\u00e9quit\u00e9, de sobri\u00e9t\u00e9 et tisse des liens en sillonnant les territoires entre ... Read More\" \/>\n<meta property=\"og:url\" content=\"https:\/\/www.altercampagne.net\/?p=4248\" \/>\n<meta property=\"og:site_name\" content=\"AlterTour\" \/>\n<meta property=\"article:published_time\" content=\"2012-08-08T06:59:58+00:00\" \/>\n<meta property=\"article:modified_time\" content=\"2016-04-19T07:03:29+00:00\" \/>\n<meta name=\"author\" content=\"Mathieu\" \/>\n<meta name=\"twitter:card\" content=\"summary_large_image\" \/>\n<meta name=\"twitter:label1\" content=\"\u00c9crit par\" \/>\n\t<meta name=\"twitter:data1\" content=\"Mathieu\" \/>\n\t<meta name=\"twitter:label2\" content=\"Dur\u00e9e de lecture estim\u00e9e\" \/>\n\t<meta name=\"twitter:data2\" content=\"1 minute\" \/>\n<script type=\"application\/ld+json\" class=\"yoast-schema-graph\">{\"@context\":\"https:\\\/\\\/schema.org\",\"@graph\":[{\"@type\":\"Article\",\"@id\":\"https:\\\/\\\/www.altercampagne.net\\\/?p=4248#article\",\"isPartOf\":{\"@id\":\"https:\\\/\\\/www.altercampagne.net\\\/?p=4248\"},\"author\":{\"name\":\"Mathieu\",\"@id\":\"https:\\\/\\\/www.altercampagne.net\\\/#\\\/schema\\\/person\\\/0f261460c09e430caa0f9bcffa319109\"},\"headline\":\"L&rsquo;AlterTour en B\u00e9arn du 16 au 19 ao\u00fbt\",\"datePublished\":\"2012-08-08T06:59:58+00:00\",\"dateModified\":\"2016-04-19T07:03:29+00:00\",\"mainEntityOfPage\":{\"@id\":\"https:\\\/\\\/www.altercampagne.net\\\/?p=4248\"},\"wordCount\":230,\"keywords\":[\"AlterTour 2012\",\"Aquitaine\",\"Bedous\",\"Maison de la Nature et de l\u2019Environnement\",\"pau\",\"2012\",\"Pyr\u00e9n\u00e9es-Atlantiques\",\"B\u00e9arn\",\"Pr\u00e9cilhon\",\"domaine de Sers\"],\"articleSection\":[\"Revue de presse\"],\"inLanguage\":\"fr-FR\"},{\"@type\":\"WebPage\",\"@id\":\"https:\\\/\\\/www.altercampagne.net\\\/?p=4248\",\"url\":\"https:\\\/\\\/www.altercampagne.net\\\/?p=4248\",\"name\":\"L'AlterTour en B\u00e9arn du 16 au 19 ao\u00fbt - AlterTour\",\"isPartOf\":{\"@id\":\"https:\\\/\\\/www.altercampagne.net\\\/#website\"},\"datePublished\":\"2012-08-08T06:59:58+00:00\",\"dateModified\":\"2016-04-19T07:03:29+00:00\",\"author\":{\"@id\":\"https:\\\/\\\/www.altercampagne.net\\\/#\\\/schema\\\/person\\\/0f261460c09e430caa0f9bcffa319109\"},\"breadcrumb\":{\"@id\":\"https:\\\/\\\/www.altercampagne.net\\\/?p=4248#breadcrumb\"},\"inLanguage\":\"fr-FR\",\"potentialAction\":[{\"@type\":\"ReadAction\",\"target\":[\"https:\\\/\\\/www.altercampagne.net\\\/?p=4248\"]}]},{\"@type\":\"BreadcrumbList\",\"@id\":\"https:\\\/\\\/www.altercampagne.net\\\/?p=4248#breadcrumb\",\"itemListElement\":[{\"@type\":\"ListItem\",\"position\":1,\"name\":\"Accueil\",\"item\":\"https:\\\/\\\/www.altercampagne.net\\\/\"},{\"@type\":\"ListItem\",\"position\":2,\"name\":\"L&rsquo;AlterTour en B\u00e9arn du 16 au 19 ao\u00fbt\"}]},{\"@type\":\"WebSite\",\"@id\":\"https:\\\/\\\/www.altercampagne.net\\\/#website\",\"url\":\"https:\\\/\\\/www.altercampagne.net\\\/\",\"name\":\"AlterTour\",\"description\":\"Reliez les Alternatives \u00e0 v\u00e9lo\",\"potentialAction\":[{\"@type\":\"SearchAction\",\"target\":{\"@type\":\"EntryPoint\",\"urlTemplate\":\"https:\\\/\\\/www.altercampagne.net\\\/?s={search_term_string}\"},\"query-input\":{\"@type\":\"PropertyValueSpecification\",\"valueRequired\":true,\"valueName\":\"search_term_string\"}}],\"inLanguage\":\"fr-FR\"},{\"@type\":\"Person\",\"@id\":\"https:\\\/\\\/www.altercampagne.net\\\/#\\\/schema\\\/person\\\/0f261460c09e430caa0f9bcffa319109\",\"name\":\"Mathieu\",\"image\":{\"@type\":\"ImageObject\",\"inLanguage\":\"fr-FR\",\"@id\":\"https:\\\/\\\/secure.gravatar.com\\\/avatar\\\/aa9d3d24c83f2141e5e2709d0f63d09a99f6be6bb7a50abc4915838d9f54501a?s=96&d=mm&r=g\",\"url\":\"https:\\\/\\\/secure.gravatar.com\\\/avatar\\\/aa9d3d24c83f2141e5e2709d0f63d09a99f6be6bb7a50abc4915838d9f54501a?s=96&d=mm&r=g\",\"contentUrl\":\"https:\\\/\\\/secure.gravatar.com\\\/avatar\\\/aa9d3d24c83f2141e5e2709d0f63d09a99f6be6bb7a50abc4915838d9f54501a?s=96&d=mm&r=g\",\"caption\":\"Mathieu\"},\"url\":\"https:\\\/\\\/www.altercampagne.net\\\/?author=214\"}]}<\/script>\n<!-- \/ Yoast SEO plugin. -->","yoast_head_json":{"title":"L'AlterTour en B\u00e9arn du 16 au 19 ao\u00fbt - AlterTour","robots":{"index":"index","follow":"follow","max-snippet":"max-snippet:-1","max-image-preview":"max-image-preview:large","max-video-preview":"max-video-preview:-1"},"canonical":"https:\/\/www.altercampagne.net\/?p=4248","og_locale":"fr_FR","og_type":"article","og_title":"L'AlterTour en B\u00e9arn du 16 au 19 ao\u00fbt - AlterTour","og_description":"Alternatifs L&rsquo;AlterTour est un parcours cycliste en relais, qui traverse cette ann\u00e9e les R\u00e9gions Languedoc-Roussillon, Midi-Pyr\u00e9n\u00e9es et Aquitaine. Tout au long de son p\u00e9riple, l&rsquo;AlterTour va \u00e0 la rencontre des Alternatives, d\u00e9fend des valeurs de solidarit\u00e9, de paix, d&rsquo;\u00e9quit\u00e9, de sobri\u00e9t\u00e9 et tisse des liens en sillonnant les territoires entre ... Read More","og_url":"https:\/\/www.altercampagne.net\/?p=4248","og_site_name":"AlterTour","article_published_time":"2012-08-08T06:59:58+00:00","article_modified_time":"2016-04-19T07:03:29+00:00","author":"Mathieu","twitter_card":"summary_large_image","twitter_misc":{"\u00c9crit par":"Mathieu","Dur\u00e9e de lecture estim\u00e9e":"1 minute"},"schema":{"@context":"https:\/\/schema.org","@graph":[{"@type":"Article","@id":"https:\/\/www.altercampagne.net\/?p=4248#article","isPartOf":{"@id":"https:\/\/www.altercampagne.net\/?p=4248"},"author":{"name":"Mathieu","@id":"https:\/\/www.altercampagne.net\/#\/schema\/person\/0f261460c09e430caa0f9bcffa319109"},"headline":"L&rsquo;AlterTour en B\u00e9arn du 16 au 19 ao\u00fbt","datePublished":"2012-08-08T06:59:58+00:00","dateModified":"2016-04-19T07:03:29+00:00","mainEntityOfPage":{"@id":"https:\/\/www.altercampagne.net\/?p=4248"},"wordCount":230,"keywords":["AlterTour 2012","Aquitaine","Bedous","Maison de la Nature et de l\u2019Environnement","pau","2012","Pyr\u00e9n\u00e9es-Atlantiques","B\u00e9arn","Pr\u00e9cilhon","domaine de Sers"],"articleSection":["Revue de presse"],"inLanguage":"fr-FR"},{"@type":"WebPage","@id":"https:\/\/www.altercampagne.net\/?p=4248","url":"https:\/\/www.altercampagne.net\/?p=4248","name":"L'AlterTour en B\u00e9arn du 16 au 19 ao\u00fbt - AlterTour","isPartOf":{"@id":"https:\/\/www.altercampagne.net\/#website"},"datePublished":"2012-08-08T06:59:58+00:00","dateModified":"2016-04-19T07:03:29+00:00","author":{"@id":"https:\/\/www.altercampagne.net\/#\/schema\/person\/0f261460c09e430caa0f9bcffa319109"},"breadcrumb":{"@id":"https:\/\/www.altercampagne.net\/?p=4248#breadcrumb"},"inLanguage":"fr-FR","potentialAction":[{"@type":"ReadAction","target":["https:\/\/www.altercampagne.net\/?p=4248"]}]},{"@type":"BreadcrumbList","@id":"https:\/\/www.altercampagne.net\/?p=4248#breadcrumb","itemListElement":[{"@type":"ListItem","position":1,"name":"Accueil","item":"https:\/\/www.altercampagne.net\/"},{"@type":"ListItem","position":2,"name":"L&rsquo;AlterTour en B\u00e9arn du 16 au 19 ao\u00fbt"}]},{"@type":"WebSite","@id":"https:\/\/www.altercampagne.net\/#website","url":"https:\/\/www.altercampagne.net\/","name":"AlterTour","description":"Reliez les Alternatives \u00e0 v\u00e9lo","potentialAction":[{"@type":"SearchAction","target":{"@type":"EntryPoint","urlTemplate":"https:\/\/www.altercampagne.net\/?s={search_term_string}"},"query-input":{"@type":"PropertyValueSpecification","valueRequired":true,"valueName":"search_term_string"}}],"inLanguage":"fr-FR"},{"@type":"Person","@id":"https:\/\/www.altercampagne.net\/#\/schema\/person\/0f261460c09e430caa0f9bcffa319109","name":"Mathieu","image":{"@type":"ImageObject","inLanguage":"fr-FR","@id":"https:\/\/secure.gravatar.com\/avatar\/aa9d3d24c83f2141e5e2709d0f63d09a99f6be6bb7a50abc4915838d9f54501a?s=96&d=mm&r=g","url":"https:\/\/secure.gravatar.com\/avatar\/aa9d3d24c83f2141e5e2709d0f63d09a99f6be6bb7a50abc4915838d9f54501a?s=96&d=mm&r=g","contentUrl":"https:\/\/secure.gravatar.com\/avatar\/aa9d3d24c83f2141e5e2709d0f63d09a99f6be6bb7a50abc4915838d9f54501a?s=96&d=mm&r=g","caption":"Mathieu"},"url":"https:\/\/www.altercampagne.net\/?author=214"}]}},"_links":{"self":[{"href":"https:\/\/www.altercampagne.net\/index.php?rest_route=\/wp\/v2\/posts\/4248","targetHints":{"allow":["GET"]}}],"collection":[{"href":"https:\/\/www.altercampagne.net\/index.php?rest_route=\/wp\/v2\/posts"}],"about":[{"href":"https:\/\/www.altercampagne.net\/index.php?rest_route=\/wp\/v2\/types\/post"}],"author":[{"embeddable":true,"href":"https:\/\/www.altercampagne.net\/index.php?rest_route=\/wp\/v2\/users\/214"}],"replies":[{"embeddable":true,"href":"https:\/\/www.altercampagne.net\/index.php?rest_route=%2Fwp%2Fv2%2Fcomments&post=4248"}],"version-history":[{"count":0,"href":"https:\/\/www.altercampagne.net\/index.php?rest_route=\/wp\/v2\/posts\/4248\/revisions"}],"wp:attachment":[{"href":"https:\/\/www.altercampagne.net\/index.php?rest_route=%2Fwp%2Fv2%2Fmedia&parent=4248"}],"wp:term":[{"taxonomy":"category","embeddable":true,"href":"https:\/\/www.altercampagne.net\/index.php?rest_route=%2Fwp%2Fv2%2Fcategories&post=4248"},{"taxonomy":"post_tag","embeddable":true,"href":"https:\/\/www.altercampagne.net\/index.php?rest_route=%2Fwp%2Fv2%2Ftags&post=4248"}],"curies":[{"name":"wp","href":"https:\/\/api.w.org\/{rel}","templated":true}]}}