{"id":4253,"date":"2012-08-08T08:09:40","date_gmt":"2012-08-08T06:09:40","guid":{"rendered":"http:\/\/www.altercampagne.net\/?p=4253"},"modified":"2016-04-19T09:18:07","modified_gmt":"2016-04-19T07:18:07","slug":"saint-romain-le-noble-derniere-etape-de-laltertour","status":"publish","type":"post","link":"https:\/\/www.altercampagne.net\/?p=4253","title":{"rendered":"Saint-Romain-le-Noble. Derni\u00e8re \u00e9tape de l&rsquo;AlterTour"},"content":{"rendered":"<p class=\"Style153\" align=\"justify\">Pas de podium ou de m\u00e9daille pour ce tour cycliste d&rsquo;un mois environ qui se d\u00e9roule chaque ann\u00e9e dans des r\u00e9gions diff\u00e9rentes. L&rsquo;AlterTour relie associations, collectifs et individus travaillant ou int\u00e9ress\u00e9s par d&rsquo;autres mod\u00e8les de vie ou de production (circuits courts, \u00e9nergies alternatives, recyclage, \u00e9co-habitat\u2026). Un tour familial et \u00e0 la carte, o\u00f9 chacun choisit le nombre d&rsquo;\u00e9tapes de sa participation.<\/p>\n<p class=\"Style153\" align=\"justify\">Cette ann\u00e9e, pour sa 5e \u00e9dition, l&rsquo;AlterTour a quitt\u00e9 Foix le 12 juillet et a, depuis, travers\u00e9 l&rsquo;Ari\u00e8ge, l&rsquo;Aude, le Tarn\u2026 Dans le Lot-et-Garonne, du 7 au 9 ao\u00fbt, les cyclistes arriveront ce jeudi 9 \u00e0 Saint-Romain pour leur derni\u00e8re \u00e9tape dans le d\u00e9partement. \u00c0 cette occasion, une soir\u00e9e ouverte \u00e0 tous, organis\u00e9e par la municipalit\u00e9 et l&rsquo;association Au fil des S\u00e9ounes, est propos\u00e9e \u00e0 la salle des f\u00eates. Au programme, un ap\u00e9ritif bio (19 heures) qui sera suivi d&rsquo;une auberge espagnole avant un cin\u00e9-d\u00e9bat (projection du film \u00abEnergie, le futur \u00e0 contre-courant \u00e0 21 heures).<\/p>\n<p class=\"Style153\" align=\"right\">La D\u00e9p\u00eache du Midi<\/p>\n<p class=\"Style153\" style=\"text-align: left;\" align=\"right\">Source : <a href=\"http:\/\/www.ladepeche.fr\/article\/2012\/08\/08\/1415028-saint-romain-le-noble-derniere-etape-de-l-altertour.html\" target=\"_blank\">http:\/\/www.ladepeche.fr\/article\/2012\/08\/08\/1415028-saint-romain-le-noble-derniere-etape-de-l-altertour.html<\/a><\/p>\n","protected":false},"excerpt":{"rendered":"<p>Pas de podium ou de m\u00e9daille pour ce tour cycliste d&rsquo;un mois environ qui se d\u00e9roule chaque ann\u00e9e dans des r\u00e9gions diff\u00e9rentes. L&rsquo;AlterTour relie associations, collectifs et individus travaillant ou int\u00e9ress\u00e9s par d&rsquo;autres mod\u00e8les de vie ou de production (circuits courts, \u00e9nergies alternatives, recyclage, \u00e9co-habitat\u2026). Un tour familial et \u00e0 &#8230; <\/p>\n<div><a href=\"https:\/\/www.altercampagne.net\/?p=4253\" class=\"more-link\">Read More<\/a><\/div>\n","protected":false},"author":214,"featured_media":0,"comment_status":"closed","ping_status":"closed","sticky":false,"template":"","format":"standard","meta":{"footnotes":""},"categories":[239],"tags":[852,892,1814,1873,1886,1892],"class_list":["post-4253","post","type-post","status-publish","format-standard","hentry","category-revue-de-presse","tag-altertour-2012","tag-aquitaine","tag-1814","tag-lot-et-garonne","tag-au-fil-des-seounes","tag-saint-romain-le-noble","no-post-thumbnail"],"yoast_head":"<!-- This site is optimized with the Yoast SEO plugin v27.3 - https:\/\/yoast.com\/product\/yoast-seo-wordpress\/ -->\n<title>Saint-Romain-le-Noble. Derni\u00e8re \u00e9tape de l&#039;AlterTour - AlterTour<\/title>\n<meta name=\"robots\" content=\"index, follow, max-snippet:-1, max-image-preview:large, max-video-preview:-1\" \/>\n<link rel=\"canonical\" href=\"https:\/\/www.altercampagne.net\/?p=4253\" \/>\n<meta property=\"og:locale\" content=\"fr_FR\" \/>\n<meta property=\"og:type\" content=\"article\" \/>\n<meta property=\"og:title\" content=\"Saint-Romain-le-Noble. Derni\u00e8re \u00e9tape de l&#039;AlterTour - AlterTour\" \/>\n<meta property=\"og:description\" content=\"Pas de podium ou de m\u00e9daille pour ce tour cycliste d&rsquo;un mois environ qui se d\u00e9roule chaque ann\u00e9e dans des r\u00e9gions diff\u00e9rentes. L&rsquo;AlterTour relie associations, collectifs et individus travaillant ou int\u00e9ress\u00e9s par d&rsquo;autres mod\u00e8les de vie ou de production (circuits courts, \u00e9nergies alternatives, recyclage, \u00e9co-habitat\u2026). Un tour familial et \u00e0 ... Read More\" \/>\n<meta property=\"og:url\" content=\"https:\/\/www.altercampagne.net\/?p=4253\" \/>\n<meta property=\"og:site_name\" content=\"AlterTour\" \/>\n<meta property=\"article:published_time\" content=\"2012-08-08T06:09:40+00:00\" \/>\n<meta property=\"article:modified_time\" content=\"2016-04-19T07:18:07+00:00\" \/>\n<meta name=\"author\" content=\"Mathieu\" \/>\n<meta name=\"twitter:card\" content=\"summary_large_image\" \/>\n<meta name=\"twitter:label1\" content=\"\u00c9crit par\" \/>\n\t<meta name=\"twitter:data1\" content=\"Mathieu\" \/>\n\t<meta name=\"twitter:label2\" content=\"Dur\u00e9e de lecture estim\u00e9e\" \/>\n\t<meta name=\"twitter:data2\" content=\"1 minute\" \/>\n<script type=\"application\/ld+json\" class=\"yoast-schema-graph\">{\"@context\":\"https:\\\/\\\/schema.org\",\"@graph\":[{\"@type\":\"Article\",\"@id\":\"https:\\\/\\\/www.altercampagne.net\\\/?p=4253#article\",\"isPartOf\":{\"@id\":\"https:\\\/\\\/www.altercampagne.net\\\/?p=4253\"},\"author\":{\"name\":\"Mathieu\",\"@id\":\"https:\\\/\\\/www.altercampagne.net\\\/#\\\/schema\\\/person\\\/0f261460c09e430caa0f9bcffa319109\"},\"headline\":\"Saint-Romain-le-Noble. Derni\u00e8re \u00e9tape de l&rsquo;AlterTour\",\"datePublished\":\"2012-08-08T06:09:40+00:00\",\"dateModified\":\"2016-04-19T07:18:07+00:00\",\"mainEntityOfPage\":{\"@id\":\"https:\\\/\\\/www.altercampagne.net\\\/?p=4253\"},\"wordCount\":195,\"keywords\":[\"AlterTour 2012\",\"Aquitaine\",\"2012\",\"Lot-et-Garonne\",\"Au fil des S\u00e9ounes\",\"Saint-Romain-le-Noble\"],\"articleSection\":[\"Revue de presse\"],\"inLanguage\":\"fr-FR\"},{\"@type\":\"WebPage\",\"@id\":\"https:\\\/\\\/www.altercampagne.net\\\/?p=4253\",\"url\":\"https:\\\/\\\/www.altercampagne.net\\\/?p=4253\",\"name\":\"Saint-Romain-le-Noble. Derni\u00e8re \u00e9tape de l'AlterTour - AlterTour\",\"isPartOf\":{\"@id\":\"https:\\\/\\\/www.altercampagne.net\\\/#website\"},\"datePublished\":\"2012-08-08T06:09:40+00:00\",\"dateModified\":\"2016-04-19T07:18:07+00:00\",\"author\":{\"@id\":\"https:\\\/\\\/www.altercampagne.net\\\/#\\\/schema\\\/person\\\/0f261460c09e430caa0f9bcffa319109\"},\"breadcrumb\":{\"@id\":\"https:\\\/\\\/www.altercampagne.net\\\/?p=4253#breadcrumb\"},\"inLanguage\":\"fr-FR\",\"potentialAction\":[{\"@type\":\"ReadAction\",\"target\":[\"https:\\\/\\\/www.altercampagne.net\\\/?p=4253\"]}]},{\"@type\":\"BreadcrumbList\",\"@id\":\"https:\\\/\\\/www.altercampagne.net\\\/?p=4253#breadcrumb\",\"itemListElement\":[{\"@type\":\"ListItem\",\"position\":1,\"name\":\"Accueil\",\"item\":\"https:\\\/\\\/www.altercampagne.net\\\/\"},{\"@type\":\"ListItem\",\"position\":2,\"name\":\"Saint-Romain-le-Noble. Derni\u00e8re \u00e9tape de l&rsquo;AlterTour\"}]},{\"@type\":\"WebSite\",\"@id\":\"https:\\\/\\\/www.altercampagne.net\\\/#website\",\"url\":\"https:\\\/\\\/www.altercampagne.net\\\/\",\"name\":\"AlterTour\",\"description\":\"Reliez les Alternatives \u00e0 v\u00e9lo\",\"potentialAction\":[{\"@type\":\"SearchAction\",\"target\":{\"@type\":\"EntryPoint\",\"urlTemplate\":\"https:\\\/\\\/www.altercampagne.net\\\/?s={search_term_string}\"},\"query-input\":{\"@type\":\"PropertyValueSpecification\",\"valueRequired\":true,\"valueName\":\"search_term_string\"}}],\"inLanguage\":\"fr-FR\"},{\"@type\":\"Person\",\"@id\":\"https:\\\/\\\/www.altercampagne.net\\\/#\\\/schema\\\/person\\\/0f261460c09e430caa0f9bcffa319109\",\"name\":\"Mathieu\",\"image\":{\"@type\":\"ImageObject\",\"inLanguage\":\"fr-FR\",\"@id\":\"https:\\\/\\\/secure.gravatar.com\\\/avatar\\\/aa9d3d24c83f2141e5e2709d0f63d09a99f6be6bb7a50abc4915838d9f54501a?s=96&d=mm&r=g\",\"url\":\"https:\\\/\\\/secure.gravatar.com\\\/avatar\\\/aa9d3d24c83f2141e5e2709d0f63d09a99f6be6bb7a50abc4915838d9f54501a?s=96&d=mm&r=g\",\"contentUrl\":\"https:\\\/\\\/secure.gravatar.com\\\/avatar\\\/aa9d3d24c83f2141e5e2709d0f63d09a99f6be6bb7a50abc4915838d9f54501a?s=96&d=mm&r=g\",\"caption\":\"Mathieu\"},\"url\":\"https:\\\/\\\/www.altercampagne.net\\\/?author=214\"}]}<\/script>\n<!-- \/ Yoast SEO plugin. -->","yoast_head_json":{"title":"Saint-Romain-le-Noble. Derni\u00e8re \u00e9tape de l'AlterTour - AlterTour","robots":{"index":"index","follow":"follow","max-snippet":"max-snippet:-1","max-image-preview":"max-image-preview:large","max-video-preview":"max-video-preview:-1"},"canonical":"https:\/\/www.altercampagne.net\/?p=4253","og_locale":"fr_FR","og_type":"article","og_title":"Saint-Romain-le-Noble. Derni\u00e8re \u00e9tape de l'AlterTour - AlterTour","og_description":"Pas de podium ou de m\u00e9daille pour ce tour cycliste d&rsquo;un mois environ qui se d\u00e9roule chaque ann\u00e9e dans des r\u00e9gions diff\u00e9rentes. L&rsquo;AlterTour relie associations, collectifs et individus travaillant ou int\u00e9ress\u00e9s par d&rsquo;autres mod\u00e8les de vie ou de production (circuits courts, \u00e9nergies alternatives, recyclage, \u00e9co-habitat\u2026). Un tour familial et \u00e0 ... Read More","og_url":"https:\/\/www.altercampagne.net\/?p=4253","og_site_name":"AlterTour","article_published_time":"2012-08-08T06:09:40+00:00","article_modified_time":"2016-04-19T07:18:07+00:00","author":"Mathieu","twitter_card":"summary_large_image","twitter_misc":{"\u00c9crit par":"Mathieu","Dur\u00e9e de lecture estim\u00e9e":"1 minute"},"schema":{"@context":"https:\/\/schema.org","@graph":[{"@type":"Article","@id":"https:\/\/www.altercampagne.net\/?p=4253#article","isPartOf":{"@id":"https:\/\/www.altercampagne.net\/?p=4253"},"author":{"name":"Mathieu","@id":"https:\/\/www.altercampagne.net\/#\/schema\/person\/0f261460c09e430caa0f9bcffa319109"},"headline":"Saint-Romain-le-Noble. Derni\u00e8re \u00e9tape de l&rsquo;AlterTour","datePublished":"2012-08-08T06:09:40+00:00","dateModified":"2016-04-19T07:18:07+00:00","mainEntityOfPage":{"@id":"https:\/\/www.altercampagne.net\/?p=4253"},"wordCount":195,"keywords":["AlterTour 2012","Aquitaine","2012","Lot-et-Garonne","Au fil des S\u00e9ounes","Saint-Romain-le-Noble"],"articleSection":["Revue de presse"],"inLanguage":"fr-FR"},{"@type":"WebPage","@id":"https:\/\/www.altercampagne.net\/?p=4253","url":"https:\/\/www.altercampagne.net\/?p=4253","name":"Saint-Romain-le-Noble. Derni\u00e8re \u00e9tape de l'AlterTour - AlterTour","isPartOf":{"@id":"https:\/\/www.altercampagne.net\/#website"},"datePublished":"2012-08-08T06:09:40+00:00","dateModified":"2016-04-19T07:18:07+00:00","author":{"@id":"https:\/\/www.altercampagne.net\/#\/schema\/person\/0f261460c09e430caa0f9bcffa319109"},"breadcrumb":{"@id":"https:\/\/www.altercampagne.net\/?p=4253#breadcrumb"},"inLanguage":"fr-FR","potentialAction":[{"@type":"ReadAction","target":["https:\/\/www.altercampagne.net\/?p=4253"]}]},{"@type":"BreadcrumbList","@id":"https:\/\/www.altercampagne.net\/?p=4253#breadcrumb","itemListElement":[{"@type":"ListItem","position":1,"name":"Accueil","item":"https:\/\/www.altercampagne.net\/"},{"@type":"ListItem","position":2,"name":"Saint-Romain-le-Noble. Derni\u00e8re \u00e9tape de l&rsquo;AlterTour"}]},{"@type":"WebSite","@id":"https:\/\/www.altercampagne.net\/#website","url":"https:\/\/www.altercampagne.net\/","name":"AlterTour","description":"Reliez les Alternatives \u00e0 v\u00e9lo","potentialAction":[{"@type":"SearchAction","target":{"@type":"EntryPoint","urlTemplate":"https:\/\/www.altercampagne.net\/?s={search_term_string}"},"query-input":{"@type":"PropertyValueSpecification","valueRequired":true,"valueName":"search_term_string"}}],"inLanguage":"fr-FR"},{"@type":"Person","@id":"https:\/\/www.altercampagne.net\/#\/schema\/person\/0f261460c09e430caa0f9bcffa319109","name":"Mathieu","image":{"@type":"ImageObject","inLanguage":"fr-FR","@id":"https:\/\/secure.gravatar.com\/avatar\/aa9d3d24c83f2141e5e2709d0f63d09a99f6be6bb7a50abc4915838d9f54501a?s=96&d=mm&r=g","url":"https:\/\/secure.gravatar.com\/avatar\/aa9d3d24c83f2141e5e2709d0f63d09a99f6be6bb7a50abc4915838d9f54501a?s=96&d=mm&r=g","contentUrl":"https:\/\/secure.gravatar.com\/avatar\/aa9d3d24c83f2141e5e2709d0f63d09a99f6be6bb7a50abc4915838d9f54501a?s=96&d=mm&r=g","caption":"Mathieu"},"url":"https:\/\/www.altercampagne.net\/?author=214"}]}},"_links":{"self":[{"href":"https:\/\/www.altercampagne.net\/index.php?rest_route=\/wp\/v2\/posts\/4253","targetHints":{"allow":["GET"]}}],"collection":[{"href":"https:\/\/www.altercampagne.net\/index.php?rest_route=\/wp\/v2\/posts"}],"about":[{"href":"https:\/\/www.altercampagne.net\/index.php?rest_route=\/wp\/v2\/types\/post"}],"author":[{"embeddable":true,"href":"https:\/\/www.altercampagne.net\/index.php?rest_route=\/wp\/v2\/users\/214"}],"replies":[{"embeddable":true,"href":"https:\/\/www.altercampagne.net\/index.php?rest_route=%2Fwp%2Fv2%2Fcomments&post=4253"}],"version-history":[{"count":0,"href":"https:\/\/www.altercampagne.net\/index.php?rest_route=\/wp\/v2\/posts\/4253\/revisions"}],"wp:attachment":[{"href":"https:\/\/www.altercampagne.net\/index.php?rest_route=%2Fwp%2Fv2%2Fmedia&parent=4253"}],"wp:term":[{"taxonomy":"category","embeddable":true,"href":"https:\/\/www.altercampagne.net\/index.php?rest_route=%2Fwp%2Fv2%2Fcategories&post=4253"},{"taxonomy":"post_tag","embeddable":true,"href":"https:\/\/www.altercampagne.net\/index.php?rest_route=%2Fwp%2Fv2%2Ftags&post=4253"}],"curies":[{"name":"wp","href":"https:\/\/api.w.org\/{rel}","templated":true}]}}