{"id":4257,"date":"2012-08-06T09:23:05","date_gmt":"2012-08-06T07:23:05","guid":{"rendered":"http:\/\/www.altercampagne.net\/?p=4257"},"modified":"2016-04-19T09:51:55","modified_gmt":"2016-04-19T07:51:55","slug":"les-altercyclistes-font-leur-tour","status":"publish","type":"post","link":"https:\/\/www.altercampagne.net\/?p=4257","title":{"rendered":"Les Altercyclistes font leur Tour"},"content":{"rendered":"<p><img loading=\"lazy\" decoding=\"async\" class=\" alignleft\" src=\"http:\/\/www.sudouest.fr\/images\/2012\/08\/06\/787804_20972253_460x306.jpg\" alt=\"\" width=\"460\" height=\"306\" \/>LA BASTIDE\u00a0L&rsquo;anti-Tour de France a fait \u00e9tape hier soir \u00e0 Bordeaux. L&rsquo;AlterTour refuse l&rsquo;esprit de comp\u00e9tition et s\u00e8me sur son parcours \u00ab les valeurs d&rsquo;un monde alternatif et non dop\u00e9 \u00bb<\/p>\n<p class=\"Style153\" align=\"justify\">Partis de Saint-Christophe-des-Bardes en d\u00e9but d&rsquo;apr\u00e8s-midi sous la pluie, les \u00ab altercyclistes \u00bb ont fait \u00e9tape hier soir \u00e0 la caserne Niel \u00e0 Bordeaux-Bastide. En ajoutant des sympathisants locaux, ils \u00e9taient ainsi une cinquantaine \u00e0 monter la tente, pr\u00e9parer le repas avant de d\u00e9battre du \u00ab d\u00e9veloppement culturel et cultural en milieu urbain \u00bb dans l&rsquo;un des b\u00e2timents du projet Darwin.<\/p>\n<p class=\"Style153\" align=\"justify\">Monique vient de Saint-\u00c9milion. Elle accompagne cette cinqui\u00e8me \u00e9dition de l&rsquo;AlterTour jusqu&rsquo;au 12 ao\u00fbt. Ce qui la motive ? \u00ab Faire du v\u00e9lo dans la nature, vivre avec d&rsquo;autres personnes, d\u00e9couvrir d&rsquo;autres fa\u00e7ons de vivre. \u00bb L&rsquo;AlterTour, \u00ab c&rsquo;est un pied de nez au Tour de France et \u00e0 tous les dopages \u00bb, r\u00e9sume un participant. \u00c0 l&rsquo;image de ce slogan \u00e9crit sur une des trois fourgonnettes de la caravane : \u00ab De la biodiversit\u00e9 cultiv\u00e9e pour une plan\u00e8te non dop\u00e9e \u00bb.<\/p>\n<h2 class=\"Style142\">Une autre \u00ab faim du monde \u00bb<\/h2>\n<p class=\"Style153\" align=\"justify\">Les \u00ab altercyclistes \u00bb cultivent des valeurs d&rsquo;entraide et de solidarit\u00e9, d\u00e9fendent l&rsquo;agriculture bio et le respect de l&rsquo;environnement. D&rsquo;\u00e9tape en \u00e9tape, chacun roule \u00e0 son rythme. Il n&rsquo;est pas obligatoire de faire l&rsquo;ensemble du parcours. Des escales sont pr\u00e9vues chez des agriculteurs bio (samedi soir sur l&rsquo;exploitation viticole du moulin de Lagnet), des apiculteurs, des agriculteurs de la Conf\u00e9d\u00e9ration paysanne. Les courses pour les repas sont faites chez les producteurs rencontr\u00e9s ou dans les magasins bio.<\/p>\n<p class=\"Style153\" align=\"justify\">Une trentaine d&rsquo;associations et d&rsquo;organisations \u00e9paulent les \u00ab altercyclistes \u00bb dans leur d\u00e9placement et dans les villes \u00e9tapes. Pour la soir\u00e9e de samedi par exemple, des militants de SUD Rail du Libournais avaient organis\u00e9 le repas. Des visites et rencontres faites en 2011 est n\u00e9 un \u00ab Guide des alternatives \u00bb.<\/p>\n<p class=\"Style153\" align=\"justify\">L&rsquo;AlterTour de cette ann\u00e9e est parti le 12 juillet de Foix. Il traverse actuellement la Gironde et se poursuivra sur les routes rurales du Lot-et-Garonne et du Gers avant l&rsquo;arriv\u00e9e le 19 ao\u00fbt \u00e0 Bedous dans les Pyr\u00e9n\u00e9es. Le th\u00e8me retenu est celui d&rsquo;une \u00ab autre faim du monde est possible \u00bb. Il est au c\u0153ur des projections de films et des d\u00e9bats organis\u00e9s chaque soir.<\/p>\n<p class=\"Style153\" align=\"justify\">Source : <a href=\"http:\/\/www.sudouest.fr\/2012\/08\/06\/les-altercyclistes-font-leur-tour-787804-4720.php\" target=\"_blank\">http:\/\/www.sudouest.fr\/2012\/08\/06\/les-altercyclistes-font-leur-tour-787804-4720.php<\/a><\/p>\n","protected":false},"excerpt":{"rendered":"<p>LA BASTIDE\u00a0L&rsquo;anti-Tour de France a fait \u00e9tape hier soir \u00e0 Bordeaux. L&rsquo;AlterTour refuse l&rsquo;esprit de comp\u00e9tition et s\u00e8me sur son parcours \u00ab les valeurs d&rsquo;un monde alternatif et non dop\u00e9 \u00bb Partis de Saint-Christophe-des-Bardes en d\u00e9but d&rsquo;apr\u00e8s-midi sous la pluie, les \u00ab altercyclistes \u00bb ont fait \u00e9tape hier soir \u00e0 &#8230; <\/p>\n<div><a href=\"https:\/\/www.altercampagne.net\/?p=4257\" class=\"more-link\">Read More<\/a><\/div>\n","protected":false},"author":214,"featured_media":0,"comment_status":"closed","ping_status":"closed","sticky":false,"template":"","format":"standard","meta":{"footnotes":""},"categories":[239],"tags":[449,852,892,1181,1186,1814,1876,1897,1898,1899,1900,1901,1902],"class_list":["post-4257","post","type-post","status-publish","format-standard","hentry","category-revue-de-presse","tag-confederation-paysanne","tag-altertour-2012","tag-aquitaine","tag-bordeaux","tag-moulin-de-lagnet","tag-1814","tag-gironde","tag-saint-christophe-des-bardes","tag-caserne-niel","tag-bordeaux-bastide","tag-projet-darwin","tag-saint-emilion","tag-sud-rail","no-post-thumbnail"],"yoast_head":"<!-- This site is optimized with the Yoast SEO plugin v27.3 - https:\/\/yoast.com\/product\/yoast-seo-wordpress\/ -->\n<title>Les Altercyclistes font leur Tour - AlterTour<\/title>\n<meta name=\"robots\" content=\"index, follow, max-snippet:-1, max-image-preview:large, max-video-preview:-1\" \/>\n<link rel=\"canonical\" href=\"https:\/\/www.altercampagne.net\/?p=4257\" \/>\n<meta property=\"og:locale\" content=\"fr_FR\" \/>\n<meta property=\"og:type\" content=\"article\" \/>\n<meta property=\"og:title\" content=\"Les Altercyclistes font leur Tour - AlterTour\" \/>\n<meta property=\"og:description\" content=\"LA BASTIDE\u00a0L&rsquo;anti-Tour de France a fait \u00e9tape hier soir \u00e0 Bordeaux. L&rsquo;AlterTour refuse l&rsquo;esprit de comp\u00e9tition et s\u00e8me sur son parcours \u00ab les valeurs d&rsquo;un monde alternatif et non dop\u00e9 \u00bb Partis de Saint-Christophe-des-Bardes en d\u00e9but d&rsquo;apr\u00e8s-midi sous la pluie, les \u00ab altercyclistes \u00bb ont fait \u00e9tape hier soir \u00e0 ... Read More\" \/>\n<meta property=\"og:url\" content=\"https:\/\/www.altercampagne.net\/?p=4257\" \/>\n<meta property=\"og:site_name\" content=\"AlterTour\" \/>\n<meta property=\"article:published_time\" content=\"2012-08-06T07:23:05+00:00\" \/>\n<meta property=\"article:modified_time\" content=\"2016-04-19T07:51:55+00:00\" \/>\n<meta property=\"og:image\" content=\"http:\/\/www.sudouest.fr\/images\/2012\/08\/06\/787804_20972253_460x306.jpg\" \/>\n<meta name=\"author\" content=\"Mathieu\" \/>\n<meta name=\"twitter:card\" content=\"summary_large_image\" \/>\n<meta name=\"twitter:label1\" content=\"\u00c9crit par\" \/>\n\t<meta name=\"twitter:data1\" content=\"Mathieu\" \/>\n\t<meta name=\"twitter:label2\" content=\"Dur\u00e9e de lecture estim\u00e9e\" \/>\n\t<meta name=\"twitter:data2\" content=\"2 minutes\" \/>\n<script type=\"application\/ld+json\" class=\"yoast-schema-graph\">{\"@context\":\"https:\\\/\\\/schema.org\",\"@graph\":[{\"@type\":\"Article\",\"@id\":\"https:\\\/\\\/www.altercampagne.net\\\/?p=4257#article\",\"isPartOf\":{\"@id\":\"https:\\\/\\\/www.altercampagne.net\\\/?p=4257\"},\"author\":{\"name\":\"Mathieu\",\"@id\":\"https:\\\/\\\/www.altercampagne.net\\\/#\\\/schema\\\/person\\\/0f261460c09e430caa0f9bcffa319109\"},\"headline\":\"Les Altercyclistes font leur Tour\",\"datePublished\":\"2012-08-06T07:23:05+00:00\",\"dateModified\":\"2016-04-19T07:51:55+00:00\",\"mainEntityOfPage\":{\"@id\":\"https:\\\/\\\/www.altercampagne.net\\\/?p=4257\"},\"wordCount\":412,\"image\":{\"@id\":\"https:\\\/\\\/www.altercampagne.net\\\/?p=4257#primaryimage\"},\"thumbnailUrl\":\"http:\\\/\\\/www.sudouest.fr\\\/images\\\/2012\\\/08\\\/06\\\/787804_20972253_460x306.jpg\",\"keywords\":[\"conf\u00e9d\u00e9ration paysanne\",\"AlterTour 2012\",\"Aquitaine\",\"bordeaux\",\"Moulin de Lagnet\",\"2012\",\"Gironde\",\"Saint-Christophe-des-Bardes\",\"caserne Niel\",\"Bordeaux-Bastide\",\"projet Darwin\",\"Saint-\u00c9milion\",\"SUD Rail\"],\"articleSection\":[\"Revue de presse\"],\"inLanguage\":\"fr-FR\"},{\"@type\":\"WebPage\",\"@id\":\"https:\\\/\\\/www.altercampagne.net\\\/?p=4257\",\"url\":\"https:\\\/\\\/www.altercampagne.net\\\/?p=4257\",\"name\":\"Les Altercyclistes font leur Tour - AlterTour\",\"isPartOf\":{\"@id\":\"https:\\\/\\\/www.altercampagne.net\\\/#website\"},\"primaryImageOfPage\":{\"@id\":\"https:\\\/\\\/www.altercampagne.net\\\/?p=4257#primaryimage\"},\"image\":{\"@id\":\"https:\\\/\\\/www.altercampagne.net\\\/?p=4257#primaryimage\"},\"thumbnailUrl\":\"http:\\\/\\\/www.sudouest.fr\\\/images\\\/2012\\\/08\\\/06\\\/787804_20972253_460x306.jpg\",\"datePublished\":\"2012-08-06T07:23:05+00:00\",\"dateModified\":\"2016-04-19T07:51:55+00:00\",\"author\":{\"@id\":\"https:\\\/\\\/www.altercampagne.net\\\/#\\\/schema\\\/person\\\/0f261460c09e430caa0f9bcffa319109\"},\"breadcrumb\":{\"@id\":\"https:\\\/\\\/www.altercampagne.net\\\/?p=4257#breadcrumb\"},\"inLanguage\":\"fr-FR\",\"potentialAction\":[{\"@type\":\"ReadAction\",\"target\":[\"https:\\\/\\\/www.altercampagne.net\\\/?p=4257\"]}]},{\"@type\":\"ImageObject\",\"inLanguage\":\"fr-FR\",\"@id\":\"https:\\\/\\\/www.altercampagne.net\\\/?p=4257#primaryimage\",\"url\":\"http:\\\/\\\/www.sudouest.fr\\\/images\\\/2012\\\/08\\\/06\\\/787804_20972253_460x306.jpg\",\"contentUrl\":\"http:\\\/\\\/www.sudouest.fr\\\/images\\\/2012\\\/08\\\/06\\\/787804_20972253_460x306.jpg\"},{\"@type\":\"BreadcrumbList\",\"@id\":\"https:\\\/\\\/www.altercampagne.net\\\/?p=4257#breadcrumb\",\"itemListElement\":[{\"@type\":\"ListItem\",\"position\":1,\"name\":\"Accueil\",\"item\":\"https:\\\/\\\/www.altercampagne.net\\\/\"},{\"@type\":\"ListItem\",\"position\":2,\"name\":\"Les Altercyclistes font leur Tour\"}]},{\"@type\":\"WebSite\",\"@id\":\"https:\\\/\\\/www.altercampagne.net\\\/#website\",\"url\":\"https:\\\/\\\/www.altercampagne.net\\\/\",\"name\":\"AlterTour\",\"description\":\"Reliez les Alternatives \u00e0 v\u00e9lo\",\"potentialAction\":[{\"@type\":\"SearchAction\",\"target\":{\"@type\":\"EntryPoint\",\"urlTemplate\":\"https:\\\/\\\/www.altercampagne.net\\\/?s={search_term_string}\"},\"query-input\":{\"@type\":\"PropertyValueSpecification\",\"valueRequired\":true,\"valueName\":\"search_term_string\"}}],\"inLanguage\":\"fr-FR\"},{\"@type\":\"Person\",\"@id\":\"https:\\\/\\\/www.altercampagne.net\\\/#\\\/schema\\\/person\\\/0f261460c09e430caa0f9bcffa319109\",\"name\":\"Mathieu\",\"image\":{\"@type\":\"ImageObject\",\"inLanguage\":\"fr-FR\",\"@id\":\"https:\\\/\\\/secure.gravatar.com\\\/avatar\\\/aa9d3d24c83f2141e5e2709d0f63d09a99f6be6bb7a50abc4915838d9f54501a?s=96&d=mm&r=g\",\"url\":\"https:\\\/\\\/secure.gravatar.com\\\/avatar\\\/aa9d3d24c83f2141e5e2709d0f63d09a99f6be6bb7a50abc4915838d9f54501a?s=96&d=mm&r=g\",\"contentUrl\":\"https:\\\/\\\/secure.gravatar.com\\\/avatar\\\/aa9d3d24c83f2141e5e2709d0f63d09a99f6be6bb7a50abc4915838d9f54501a?s=96&d=mm&r=g\",\"caption\":\"Mathieu\"},\"url\":\"https:\\\/\\\/www.altercampagne.net\\\/?author=214\"}]}<\/script>\n<!-- \/ Yoast SEO plugin. -->","yoast_head_json":{"title":"Les Altercyclistes font leur Tour - AlterTour","robots":{"index":"index","follow":"follow","max-snippet":"max-snippet:-1","max-image-preview":"max-image-preview:large","max-video-preview":"max-video-preview:-1"},"canonical":"https:\/\/www.altercampagne.net\/?p=4257","og_locale":"fr_FR","og_type":"article","og_title":"Les Altercyclistes font leur Tour - AlterTour","og_description":"LA BASTIDE\u00a0L&rsquo;anti-Tour de France a fait \u00e9tape hier soir \u00e0 Bordeaux. L&rsquo;AlterTour refuse l&rsquo;esprit de comp\u00e9tition et s\u00e8me sur son parcours \u00ab les valeurs d&rsquo;un monde alternatif et non dop\u00e9 \u00bb Partis de Saint-Christophe-des-Bardes en d\u00e9but d&rsquo;apr\u00e8s-midi sous la pluie, les \u00ab altercyclistes \u00bb ont fait \u00e9tape hier soir \u00e0 ... Read More","og_url":"https:\/\/www.altercampagne.net\/?p=4257","og_site_name":"AlterTour","article_published_time":"2012-08-06T07:23:05+00:00","article_modified_time":"2016-04-19T07:51:55+00:00","og_image":[{"url":"http:\/\/www.sudouest.fr\/images\/2012\/08\/06\/787804_20972253_460x306.jpg","type":"","width":"","height":""}],"author":"Mathieu","twitter_card":"summary_large_image","twitter_misc":{"\u00c9crit par":"Mathieu","Dur\u00e9e de lecture estim\u00e9e":"2 minutes"},"schema":{"@context":"https:\/\/schema.org","@graph":[{"@type":"Article","@id":"https:\/\/www.altercampagne.net\/?p=4257#article","isPartOf":{"@id":"https:\/\/www.altercampagne.net\/?p=4257"},"author":{"name":"Mathieu","@id":"https:\/\/www.altercampagne.net\/#\/schema\/person\/0f261460c09e430caa0f9bcffa319109"},"headline":"Les Altercyclistes font leur Tour","datePublished":"2012-08-06T07:23:05+00:00","dateModified":"2016-04-19T07:51:55+00:00","mainEntityOfPage":{"@id":"https:\/\/www.altercampagne.net\/?p=4257"},"wordCount":412,"image":{"@id":"https:\/\/www.altercampagne.net\/?p=4257#primaryimage"},"thumbnailUrl":"http:\/\/www.sudouest.fr\/images\/2012\/08\/06\/787804_20972253_460x306.jpg","keywords":["conf\u00e9d\u00e9ration paysanne","AlterTour 2012","Aquitaine","bordeaux","Moulin de Lagnet","2012","Gironde","Saint-Christophe-des-Bardes","caserne Niel","Bordeaux-Bastide","projet Darwin","Saint-\u00c9milion","SUD Rail"],"articleSection":["Revue de presse"],"inLanguage":"fr-FR"},{"@type":"WebPage","@id":"https:\/\/www.altercampagne.net\/?p=4257","url":"https:\/\/www.altercampagne.net\/?p=4257","name":"Les Altercyclistes font leur Tour - AlterTour","isPartOf":{"@id":"https:\/\/www.altercampagne.net\/#website"},"primaryImageOfPage":{"@id":"https:\/\/www.altercampagne.net\/?p=4257#primaryimage"},"image":{"@id":"https:\/\/www.altercampagne.net\/?p=4257#primaryimage"},"thumbnailUrl":"http:\/\/www.sudouest.fr\/images\/2012\/08\/06\/787804_20972253_460x306.jpg","datePublished":"2012-08-06T07:23:05+00:00","dateModified":"2016-04-19T07:51:55+00:00","author":{"@id":"https:\/\/www.altercampagne.net\/#\/schema\/person\/0f261460c09e430caa0f9bcffa319109"},"breadcrumb":{"@id":"https:\/\/www.altercampagne.net\/?p=4257#breadcrumb"},"inLanguage":"fr-FR","potentialAction":[{"@type":"ReadAction","target":["https:\/\/www.altercampagne.net\/?p=4257"]}]},{"@type":"ImageObject","inLanguage":"fr-FR","@id":"https:\/\/www.altercampagne.net\/?p=4257#primaryimage","url":"http:\/\/www.sudouest.fr\/images\/2012\/08\/06\/787804_20972253_460x306.jpg","contentUrl":"http:\/\/www.sudouest.fr\/images\/2012\/08\/06\/787804_20972253_460x306.jpg"},{"@type":"BreadcrumbList","@id":"https:\/\/www.altercampagne.net\/?p=4257#breadcrumb","itemListElement":[{"@type":"ListItem","position":1,"name":"Accueil","item":"https:\/\/www.altercampagne.net\/"},{"@type":"ListItem","position":2,"name":"Les Altercyclistes font leur Tour"}]},{"@type":"WebSite","@id":"https:\/\/www.altercampagne.net\/#website","url":"https:\/\/www.altercampagne.net\/","name":"AlterTour","description":"Reliez les Alternatives \u00e0 v\u00e9lo","potentialAction":[{"@type":"SearchAction","target":{"@type":"EntryPoint","urlTemplate":"https:\/\/www.altercampagne.net\/?s={search_term_string}"},"query-input":{"@type":"PropertyValueSpecification","valueRequired":true,"valueName":"search_term_string"}}],"inLanguage":"fr-FR"},{"@type":"Person","@id":"https:\/\/www.altercampagne.net\/#\/schema\/person\/0f261460c09e430caa0f9bcffa319109","name":"Mathieu","image":{"@type":"ImageObject","inLanguage":"fr-FR","@id":"https:\/\/secure.gravatar.com\/avatar\/aa9d3d24c83f2141e5e2709d0f63d09a99f6be6bb7a50abc4915838d9f54501a?s=96&d=mm&r=g","url":"https:\/\/secure.gravatar.com\/avatar\/aa9d3d24c83f2141e5e2709d0f63d09a99f6be6bb7a50abc4915838d9f54501a?s=96&d=mm&r=g","contentUrl":"https:\/\/secure.gravatar.com\/avatar\/aa9d3d24c83f2141e5e2709d0f63d09a99f6be6bb7a50abc4915838d9f54501a?s=96&d=mm&r=g","caption":"Mathieu"},"url":"https:\/\/www.altercampagne.net\/?author=214"}]}},"_links":{"self":[{"href":"https:\/\/www.altercampagne.net\/index.php?rest_route=\/wp\/v2\/posts\/4257","targetHints":{"allow":["GET"]}}],"collection":[{"href":"https:\/\/www.altercampagne.net\/index.php?rest_route=\/wp\/v2\/posts"}],"about":[{"href":"https:\/\/www.altercampagne.net\/index.php?rest_route=\/wp\/v2\/types\/post"}],"author":[{"embeddable":true,"href":"https:\/\/www.altercampagne.net\/index.php?rest_route=\/wp\/v2\/users\/214"}],"replies":[{"embeddable":true,"href":"https:\/\/www.altercampagne.net\/index.php?rest_route=%2Fwp%2Fv2%2Fcomments&post=4257"}],"version-history":[{"count":0,"href":"https:\/\/www.altercampagne.net\/index.php?rest_route=\/wp\/v2\/posts\/4257\/revisions"}],"wp:attachment":[{"href":"https:\/\/www.altercampagne.net\/index.php?rest_route=%2Fwp%2Fv2%2Fmedia&parent=4257"}],"wp:term":[{"taxonomy":"category","embeddable":true,"href":"https:\/\/www.altercampagne.net\/index.php?rest_route=%2Fwp%2Fv2%2Fcategories&post=4257"},{"taxonomy":"post_tag","embeddable":true,"href":"https:\/\/www.altercampagne.net\/index.php?rest_route=%2Fwp%2Fv2%2Ftags&post=4257"}],"curies":[{"name":"wp","href":"https:\/\/api.w.org\/{rel}","templated":true}]}}