{"id":4261,"date":"2012-08-04T09:53:12","date_gmt":"2012-08-04T07:53:12","guid":{"rendered":"http:\/\/www.altercampagne.net\/?p=4261"},"modified":"2016-04-19T09:58:14","modified_gmt":"2016-04-19T07:58:14","slug":"langon-laltertour-fait-etape","status":"publish","type":"post","link":"https:\/\/www.altercampagne.net\/?p=4261","title":{"rendered":"Langon. L&rsquo;AlterTour fait \u00e9tape"},"content":{"rendered":"<p class=\"Style153\"><img loading=\"lazy\" decoding=\"async\" class=\" alignleft\" src=\"http:\/\/www.sudouest.fr\/images\/2012\/08\/04\/786829_20961793_460x306.jpg\" alt=\"\" width=\"460\" height=\"306\" \/>Le 12 juillet, l&rsquo;AlterTour s&rsquo;est \u00e9lanc\u00e9 de Foix \u00e0 la rencontre des Alternatives traversant l&rsquo;Ari\u00e8ge, l&rsquo;Aude, le Tarn, l&rsquo;Aveyron, le Lot, la Dordogne, la Gironde, le Lot-et-Garonne, le Tarn-et-Garonne, la Haute-Garonne, le Gers; il terminera son parcours le 19 ao\u00fbt \u00e0 Bedous dans les Pyr\u00e9n\u00e9es-Atlantiques.<\/p>\n<p class=\"Style153\" align=\"justify\">Cet autre tour de France familial et non-comp\u00e9titif propose, pour la cinqui\u00e8me ann\u00e9e cons\u00e9cutive, de relier en v\u00e9lo des associations, des collectifs, des individus exp\u00e9rimentant d&rsquo;autres modes de vie et de production : les circuits courts, les \u00e9nergies alternatives, le recyclage, l&rsquo;\u00e9co-habitat, l&rsquo;\u00e9ducation \u00e0 l&rsquo;environnement et \u00e0 la d\u00e9croissance&#8230;<\/p>\n<p class=\"Style153\" align=\"justify\"><strong>Rendez-vous lundi<\/strong><\/p>\n<p class=\"Style153\" align=\"justify\">Les \u00ab altercyclistes \u00bb ont faim d&rsquo;un autre monde et d&rsquo;une humanit\u00e9 plus solidaire, respectueuse de l&rsquo;environnement, coop\u00e9rative et sociale&#8230;<br \/>\nLa vision du monde de ces citoyens se distingue des choix des d\u00e9cideurs politiques r\u00e9unis au sommet \u00ab Rio + 20 \u00bb.<\/p>\n<p class=\"Style153\" align=\"justify\">L&rsquo;AlterTour passera par Landiras ce lundi 6 ao\u00fbt en suivant ce programme : 9 h-13 h, trajet Bordeaux- Landiras ; 13 heures, pique-nique des altercyclistes \u00e0 Bel Air ; 15 heures, d\u00e9couverte des initiatives locales ; 18 h 30, accueil en fanfare et ap\u00e9ro musical sur la place du village ; 19 h 30, conf\u00e9rence \u00ab LGV = Dopage \u00e0 grande vitesse \u00bb ; 20 h 30, repas \u00ab auberge espagnole \u00bb et soir\u00e9e festive.<\/p>\n<p class=\"Style153\" align=\"justify\">Source : <a href=\"http:\/\/www.sudouest.fr\/2012\/08\/04\/l-alter-tour-fait-etape-786829-731.php\" target=\"_blank\">http:\/\/www.sudouest.fr\/2012\/08\/04\/l-alter-tour-fait-etape-786829-731.php<\/a><\/p>\n","protected":false},"excerpt":{"rendered":"<p>Le 12 juillet, l&rsquo;AlterTour s&rsquo;est \u00e9lanc\u00e9 de Foix \u00e0 la rencontre des Alternatives traversant l&rsquo;Ari\u00e8ge, l&rsquo;Aude, le Tarn, l&rsquo;Aveyron, le Lot, la Dordogne, la Gironde, le Lot-et-Garonne, le Tarn-et-Garonne, la Haute-Garonne, le Gers; il terminera son parcours le 19 ao\u00fbt \u00e0 Bedous dans les Pyr\u00e9n\u00e9es-Atlantiques. Cet autre tour de France &#8230; <\/p>\n<div><a href=\"https:\/\/www.altercampagne.net\/?p=4261\" class=\"more-link\">Read More<\/a><\/div>\n","protected":false},"author":214,"featured_media":0,"comment_status":"closed","ping_status":"closed","sticky":false,"template":"","format":"standard","meta":{"footnotes":""},"categories":[239],"tags":[852,892,1181,1814,1876,1903,1904,1905],"class_list":["post-4261","post","type-post","status-publish","format-standard","hentry","category-revue-de-presse","tag-altertour-2012","tag-aquitaine","tag-bordeaux","tag-1814","tag-gironde","tag-landiras","tag-bel-air","tag-langon","no-post-thumbnail"],"yoast_head":"<!-- This site is optimized with the Yoast SEO plugin v27.3 - https:\/\/yoast.com\/product\/yoast-seo-wordpress\/ -->\n<title>Langon. L&#039;AlterTour fait \u00e9tape - AlterTour<\/title>\n<meta name=\"robots\" content=\"index, follow, max-snippet:-1, max-image-preview:large, max-video-preview:-1\" \/>\n<link rel=\"canonical\" href=\"https:\/\/www.altercampagne.net\/?p=4261\" \/>\n<meta property=\"og:locale\" content=\"fr_FR\" \/>\n<meta property=\"og:type\" content=\"article\" \/>\n<meta property=\"og:title\" content=\"Langon. L&#039;AlterTour fait \u00e9tape - AlterTour\" \/>\n<meta property=\"og:description\" content=\"Le 12 juillet, l&rsquo;AlterTour s&rsquo;est \u00e9lanc\u00e9 de Foix \u00e0 la rencontre des Alternatives traversant l&rsquo;Ari\u00e8ge, l&rsquo;Aude, le Tarn, l&rsquo;Aveyron, le Lot, la Dordogne, la Gironde, le Lot-et-Garonne, le Tarn-et-Garonne, la Haute-Garonne, le Gers; il terminera son parcours le 19 ao\u00fbt \u00e0 Bedous dans les Pyr\u00e9n\u00e9es-Atlantiques. Cet autre tour de France ... Read More\" \/>\n<meta property=\"og:url\" content=\"https:\/\/www.altercampagne.net\/?p=4261\" \/>\n<meta property=\"og:site_name\" content=\"AlterTour\" \/>\n<meta property=\"article:published_time\" content=\"2012-08-04T07:53:12+00:00\" \/>\n<meta property=\"article:modified_time\" content=\"2016-04-19T07:58:14+00:00\" \/>\n<meta property=\"og:image\" content=\"http:\/\/www.sudouest.fr\/images\/2012\/08\/04\/786829_20961793_460x306.jpg\" \/>\n<meta name=\"author\" content=\"Mathieu\" \/>\n<meta name=\"twitter:card\" content=\"summary_large_image\" \/>\n<meta name=\"twitter:label1\" content=\"\u00c9crit par\" \/>\n\t<meta name=\"twitter:data1\" content=\"Mathieu\" \/>\n\t<meta name=\"twitter:label2\" content=\"Dur\u00e9e de lecture estim\u00e9e\" \/>\n\t<meta name=\"twitter:data2\" content=\"1 minute\" \/>\n<script type=\"application\/ld+json\" class=\"yoast-schema-graph\">{\"@context\":\"https:\\\/\\\/schema.org\",\"@graph\":[{\"@type\":\"Article\",\"@id\":\"https:\\\/\\\/www.altercampagne.net\\\/?p=4261#article\",\"isPartOf\":{\"@id\":\"https:\\\/\\\/www.altercampagne.net\\\/?p=4261\"},\"author\":{\"name\":\"Mathieu\",\"@id\":\"https:\\\/\\\/www.altercampagne.net\\\/#\\\/schema\\\/person\\\/0f261460c09e430caa0f9bcffa319109\"},\"headline\":\"Langon. L&rsquo;AlterTour fait \u00e9tape\",\"datePublished\":\"2012-08-04T07:53:12+00:00\",\"dateModified\":\"2016-04-19T07:58:14+00:00\",\"mainEntityOfPage\":{\"@id\":\"https:\\\/\\\/www.altercampagne.net\\\/?p=4261\"},\"wordCount\":222,\"image\":{\"@id\":\"https:\\\/\\\/www.altercampagne.net\\\/?p=4261#primaryimage\"},\"thumbnailUrl\":\"http:\\\/\\\/www.sudouest.fr\\\/images\\\/2012\\\/08\\\/04\\\/786829_20961793_460x306.jpg\",\"keywords\":[\"AlterTour 2012\",\"Aquitaine\",\"bordeaux\",\"2012\",\"Gironde\",\"Landiras\",\"Bel Air\",\"Langon\"],\"articleSection\":[\"Revue de presse\"],\"inLanguage\":\"fr-FR\"},{\"@type\":\"WebPage\",\"@id\":\"https:\\\/\\\/www.altercampagne.net\\\/?p=4261\",\"url\":\"https:\\\/\\\/www.altercampagne.net\\\/?p=4261\",\"name\":\"Langon. L'AlterTour fait \u00e9tape - AlterTour\",\"isPartOf\":{\"@id\":\"https:\\\/\\\/www.altercampagne.net\\\/#website\"},\"primaryImageOfPage\":{\"@id\":\"https:\\\/\\\/www.altercampagne.net\\\/?p=4261#primaryimage\"},\"image\":{\"@id\":\"https:\\\/\\\/www.altercampagne.net\\\/?p=4261#primaryimage\"},\"thumbnailUrl\":\"http:\\\/\\\/www.sudouest.fr\\\/images\\\/2012\\\/08\\\/04\\\/786829_20961793_460x306.jpg\",\"datePublished\":\"2012-08-04T07:53:12+00:00\",\"dateModified\":\"2016-04-19T07:58:14+00:00\",\"author\":{\"@id\":\"https:\\\/\\\/www.altercampagne.net\\\/#\\\/schema\\\/person\\\/0f261460c09e430caa0f9bcffa319109\"},\"breadcrumb\":{\"@id\":\"https:\\\/\\\/www.altercampagne.net\\\/?p=4261#breadcrumb\"},\"inLanguage\":\"fr-FR\",\"potentialAction\":[{\"@type\":\"ReadAction\",\"target\":[\"https:\\\/\\\/www.altercampagne.net\\\/?p=4261\"]}]},{\"@type\":\"ImageObject\",\"inLanguage\":\"fr-FR\",\"@id\":\"https:\\\/\\\/www.altercampagne.net\\\/?p=4261#primaryimage\",\"url\":\"http:\\\/\\\/www.sudouest.fr\\\/images\\\/2012\\\/08\\\/04\\\/786829_20961793_460x306.jpg\",\"contentUrl\":\"http:\\\/\\\/www.sudouest.fr\\\/images\\\/2012\\\/08\\\/04\\\/786829_20961793_460x306.jpg\"},{\"@type\":\"BreadcrumbList\",\"@id\":\"https:\\\/\\\/www.altercampagne.net\\\/?p=4261#breadcrumb\",\"itemListElement\":[{\"@type\":\"ListItem\",\"position\":1,\"name\":\"Accueil\",\"item\":\"https:\\\/\\\/www.altercampagne.net\\\/\"},{\"@type\":\"ListItem\",\"position\":2,\"name\":\"Langon. L&rsquo;AlterTour fait \u00e9tape\"}]},{\"@type\":\"WebSite\",\"@id\":\"https:\\\/\\\/www.altercampagne.net\\\/#website\",\"url\":\"https:\\\/\\\/www.altercampagne.net\\\/\",\"name\":\"AlterTour\",\"description\":\"Reliez les Alternatives \u00e0 v\u00e9lo\",\"potentialAction\":[{\"@type\":\"SearchAction\",\"target\":{\"@type\":\"EntryPoint\",\"urlTemplate\":\"https:\\\/\\\/www.altercampagne.net\\\/?s={search_term_string}\"},\"query-input\":{\"@type\":\"PropertyValueSpecification\",\"valueRequired\":true,\"valueName\":\"search_term_string\"}}],\"inLanguage\":\"fr-FR\"},{\"@type\":\"Person\",\"@id\":\"https:\\\/\\\/www.altercampagne.net\\\/#\\\/schema\\\/person\\\/0f261460c09e430caa0f9bcffa319109\",\"name\":\"Mathieu\",\"image\":{\"@type\":\"ImageObject\",\"inLanguage\":\"fr-FR\",\"@id\":\"https:\\\/\\\/secure.gravatar.com\\\/avatar\\\/aa9d3d24c83f2141e5e2709d0f63d09a99f6be6bb7a50abc4915838d9f54501a?s=96&d=mm&r=g\",\"url\":\"https:\\\/\\\/secure.gravatar.com\\\/avatar\\\/aa9d3d24c83f2141e5e2709d0f63d09a99f6be6bb7a50abc4915838d9f54501a?s=96&d=mm&r=g\",\"contentUrl\":\"https:\\\/\\\/secure.gravatar.com\\\/avatar\\\/aa9d3d24c83f2141e5e2709d0f63d09a99f6be6bb7a50abc4915838d9f54501a?s=96&d=mm&r=g\",\"caption\":\"Mathieu\"},\"url\":\"https:\\\/\\\/www.altercampagne.net\\\/?author=214\"}]}<\/script>\n<!-- \/ Yoast SEO plugin. -->","yoast_head_json":{"title":"Langon. L'AlterTour fait \u00e9tape - AlterTour","robots":{"index":"index","follow":"follow","max-snippet":"max-snippet:-1","max-image-preview":"max-image-preview:large","max-video-preview":"max-video-preview:-1"},"canonical":"https:\/\/www.altercampagne.net\/?p=4261","og_locale":"fr_FR","og_type":"article","og_title":"Langon. L'AlterTour fait \u00e9tape - AlterTour","og_description":"Le 12 juillet, l&rsquo;AlterTour s&rsquo;est \u00e9lanc\u00e9 de Foix \u00e0 la rencontre des Alternatives traversant l&rsquo;Ari\u00e8ge, l&rsquo;Aude, le Tarn, l&rsquo;Aveyron, le Lot, la Dordogne, la Gironde, le Lot-et-Garonne, le Tarn-et-Garonne, la Haute-Garonne, le Gers; il terminera son parcours le 19 ao\u00fbt \u00e0 Bedous dans les Pyr\u00e9n\u00e9es-Atlantiques. Cet autre tour de France ... Read More","og_url":"https:\/\/www.altercampagne.net\/?p=4261","og_site_name":"AlterTour","article_published_time":"2012-08-04T07:53:12+00:00","article_modified_time":"2016-04-19T07:58:14+00:00","og_image":[{"url":"http:\/\/www.sudouest.fr\/images\/2012\/08\/04\/786829_20961793_460x306.jpg","type":"","width":"","height":""}],"author":"Mathieu","twitter_card":"summary_large_image","twitter_misc":{"\u00c9crit par":"Mathieu","Dur\u00e9e de lecture estim\u00e9e":"1 minute"},"schema":{"@context":"https:\/\/schema.org","@graph":[{"@type":"Article","@id":"https:\/\/www.altercampagne.net\/?p=4261#article","isPartOf":{"@id":"https:\/\/www.altercampagne.net\/?p=4261"},"author":{"name":"Mathieu","@id":"https:\/\/www.altercampagne.net\/#\/schema\/person\/0f261460c09e430caa0f9bcffa319109"},"headline":"Langon. L&rsquo;AlterTour fait \u00e9tape","datePublished":"2012-08-04T07:53:12+00:00","dateModified":"2016-04-19T07:58:14+00:00","mainEntityOfPage":{"@id":"https:\/\/www.altercampagne.net\/?p=4261"},"wordCount":222,"image":{"@id":"https:\/\/www.altercampagne.net\/?p=4261#primaryimage"},"thumbnailUrl":"http:\/\/www.sudouest.fr\/images\/2012\/08\/04\/786829_20961793_460x306.jpg","keywords":["AlterTour 2012","Aquitaine","bordeaux","2012","Gironde","Landiras","Bel Air","Langon"],"articleSection":["Revue de presse"],"inLanguage":"fr-FR"},{"@type":"WebPage","@id":"https:\/\/www.altercampagne.net\/?p=4261","url":"https:\/\/www.altercampagne.net\/?p=4261","name":"Langon. L'AlterTour fait \u00e9tape - AlterTour","isPartOf":{"@id":"https:\/\/www.altercampagne.net\/#website"},"primaryImageOfPage":{"@id":"https:\/\/www.altercampagne.net\/?p=4261#primaryimage"},"image":{"@id":"https:\/\/www.altercampagne.net\/?p=4261#primaryimage"},"thumbnailUrl":"http:\/\/www.sudouest.fr\/images\/2012\/08\/04\/786829_20961793_460x306.jpg","datePublished":"2012-08-04T07:53:12+00:00","dateModified":"2016-04-19T07:58:14+00:00","author":{"@id":"https:\/\/www.altercampagne.net\/#\/schema\/person\/0f261460c09e430caa0f9bcffa319109"},"breadcrumb":{"@id":"https:\/\/www.altercampagne.net\/?p=4261#breadcrumb"},"inLanguage":"fr-FR","potentialAction":[{"@type":"ReadAction","target":["https:\/\/www.altercampagne.net\/?p=4261"]}]},{"@type":"ImageObject","inLanguage":"fr-FR","@id":"https:\/\/www.altercampagne.net\/?p=4261#primaryimage","url":"http:\/\/www.sudouest.fr\/images\/2012\/08\/04\/786829_20961793_460x306.jpg","contentUrl":"http:\/\/www.sudouest.fr\/images\/2012\/08\/04\/786829_20961793_460x306.jpg"},{"@type":"BreadcrumbList","@id":"https:\/\/www.altercampagne.net\/?p=4261#breadcrumb","itemListElement":[{"@type":"ListItem","position":1,"name":"Accueil","item":"https:\/\/www.altercampagne.net\/"},{"@type":"ListItem","position":2,"name":"Langon. L&rsquo;AlterTour fait \u00e9tape"}]},{"@type":"WebSite","@id":"https:\/\/www.altercampagne.net\/#website","url":"https:\/\/www.altercampagne.net\/","name":"AlterTour","description":"Reliez les Alternatives \u00e0 v\u00e9lo","potentialAction":[{"@type":"SearchAction","target":{"@type":"EntryPoint","urlTemplate":"https:\/\/www.altercampagne.net\/?s={search_term_string}"},"query-input":{"@type":"PropertyValueSpecification","valueRequired":true,"valueName":"search_term_string"}}],"inLanguage":"fr-FR"},{"@type":"Person","@id":"https:\/\/www.altercampagne.net\/#\/schema\/person\/0f261460c09e430caa0f9bcffa319109","name":"Mathieu","image":{"@type":"ImageObject","inLanguage":"fr-FR","@id":"https:\/\/secure.gravatar.com\/avatar\/aa9d3d24c83f2141e5e2709d0f63d09a99f6be6bb7a50abc4915838d9f54501a?s=96&d=mm&r=g","url":"https:\/\/secure.gravatar.com\/avatar\/aa9d3d24c83f2141e5e2709d0f63d09a99f6be6bb7a50abc4915838d9f54501a?s=96&d=mm&r=g","contentUrl":"https:\/\/secure.gravatar.com\/avatar\/aa9d3d24c83f2141e5e2709d0f63d09a99f6be6bb7a50abc4915838d9f54501a?s=96&d=mm&r=g","caption":"Mathieu"},"url":"https:\/\/www.altercampagne.net\/?author=214"}]}},"_links":{"self":[{"href":"https:\/\/www.altercampagne.net\/index.php?rest_route=\/wp\/v2\/posts\/4261","targetHints":{"allow":["GET"]}}],"collection":[{"href":"https:\/\/www.altercampagne.net\/index.php?rest_route=\/wp\/v2\/posts"}],"about":[{"href":"https:\/\/www.altercampagne.net\/index.php?rest_route=\/wp\/v2\/types\/post"}],"author":[{"embeddable":true,"href":"https:\/\/www.altercampagne.net\/index.php?rest_route=\/wp\/v2\/users\/214"}],"replies":[{"embeddable":true,"href":"https:\/\/www.altercampagne.net\/index.php?rest_route=%2Fwp%2Fv2%2Fcomments&post=4261"}],"version-history":[{"count":0,"href":"https:\/\/www.altercampagne.net\/index.php?rest_route=\/wp\/v2\/posts\/4261\/revisions"}],"wp:attachment":[{"href":"https:\/\/www.altercampagne.net\/index.php?rest_route=%2Fwp%2Fv2%2Fmedia&parent=4261"}],"wp:term":[{"taxonomy":"category","embeddable":true,"href":"https:\/\/www.altercampagne.net\/index.php?rest_route=%2Fwp%2Fv2%2Fcategories&post=4261"},{"taxonomy":"post_tag","embeddable":true,"href":"https:\/\/www.altercampagne.net\/index.php?rest_route=%2Fwp%2Fv2%2Ftags&post=4261"}],"curies":[{"name":"wp","href":"https:\/\/api.w.org\/{rel}","templated":true}]}}