{"id":4263,"date":"2012-08-03T09:58:35","date_gmt":"2012-08-03T07:58:35","guid":{"rendered":"http:\/\/www.altercampagne.net\/?p=4263"},"modified":"2019-09-16T16:18:51","modified_gmt":"2019-09-16T14:18:51","slug":"vacances-vertes-laltertour-2012-fait-etape-a-bordeaux-le-5-aout","status":"publish","type":"post","link":"https:\/\/www.altercampagne.net\/?p=4263","title":{"rendered":"Vacances vertes : l&rsquo;AlterTour 2012 fait \u00e9tape \u00e0 Bordeaux le 5 ao\u00fbt"},"content":{"rendered":"<p class=\"Style153\" align=\"justify\"><strong>\u201cUne autre FAIM du monde est possible !\u201d<\/strong>\u00a0Tel est le slogan \u00e0 double sens de\u00a0 \u00ab\u00a0l&rsquo;Alter-Tour\u00a0\u00bb qui n&rsquo;a d\u00e9cid\u00e9ment rien \u00e0 voir avec l&rsquo;autre Tour de France cycliste, qui a sillonn\u00e9 en juillet dernier, lui aussi \u00e0 deux roues, les routes de France.<\/p>\n<p><strong>Ici, les maillots ne sont pas jaunes ou \u00e0 pois rouge, mais verts.<\/strong>\u00a0Cet autre tour de France familial et non-comp\u00e9titif propose, pour la 5\u00e8me ann\u00e9e cons\u00e9cutive, de relier en v\u00e9lo des associations, des collectifs, des individus exp\u00e9rimentant d\u2019autres modes de vie et de production\u00a0 dans diff\u00e9rents lieux : les circuits courts, les \u00e9nergies alternatives, le recyclage, l\u2019\u00e9co-habitat, l&rsquo;\u00e9ducation \u00e0 l&rsquo;environnement et \u00e0 la d\u00e9croissance.\u00a0<strong>Les \u201caltercyclistes\u201d ont faim d\u2019un autre monde et d\u2019une humanit\u00e9 plus solidaire, respectueuse de l\u2019environnement, coop\u00e9rative et sociale&#8230;<\/strong><\/p>\n<p class=\"Style153\" align=\"justify\"><strong>Du 12 juillet au 19 ao\u00fbt, la route des alternatives va de Foix \u00e0 Bedous<\/strong><br \/>\nL&rsquo;AlterTour s&rsquo;est \u00e9lanc\u00e9 le\u00a0 12 juillet 2012, de Foix (Ari\u00e8ge) pour aller \u00e0 la rencontre des pratiques alternatives. Il traverse l\u2019Ari\u00e8ge, l\u2019Aude, le Tarn, l\u2019Aveyron, le Lot, la Dordogne, la Gironde, le Lot-et-Garonne, le Tarn-et-Garonne, la Haute-Garonne, le Gers pour terminer son parcours le 19 ao\u00fbt, \u00e0 Bedous dans les Pyr\u00e9n\u00e9es-Altantiques.<br \/>\nQuelques dizaines de b\u00e9n\u00e9voles ont assur\u00e9 le relais entre l&rsquo;\u00e9dition 2011 et l&rsquo;\u00e9dition 2012, incluant la r\u00e9daction d\u2019un Guide des Alternatives rencontr\u00e9es cet \u00e9t\u00e9, disponible sur le tour. Pr\u00e8s d\u2019une trentaine d\u2019organisations, la R\u00e9gion Midi-Pyr\u00e9n\u00e9es, et la Fondation Un Monde Par Tous, ont apport\u00e9 leur concours \u00e0 cette 5\u00e8me \u00e9dition de l\u2019AlterTour.<br \/>\n<strong>Le 5 ao\u00fbt, \u00e0 Bordeaux, nos vacances seront plus vertes, gr\u00e2ce \u00e0\u00a0 l&rsquo;Alter-Tour<\/strong><br \/>\n<strong>Vous cherchiez d\u00e9sesp\u00e9r\u00e9ment \u00e0 verdir vos vacances, histoire de ne pas alourdir votre bilan carbone, tout en vous cultivant et en prenant du bon temps ?<\/strong>\u00a0Avec l&rsquo;Alter-Tour, ce r\u00eave devient r\u00e9alit\u00e9. Et chance, le 5 ao\u00fbt, il\u00a0 passera par Bordeaux ! Bordelaises et Bordelais, natifs et touristes, enfourchez vos v\u00e9los et suivez le guide :<\/p>\n<p class=\"Style153\" align=\"justify\">14h00-15h00 : Trajet Saint Christophe des Bardes-Daignac<br \/>\n15h30-16h30 : Trajet Daignac-Latresne<br \/>\n17h00-18h00 : Trajet Latresne-Bordeaux<br \/>\n19h30-21h00 : Repas<br \/>\n20h30-23h00 : Visite, \u00e9changes sur le th\u00e8me \u201cd\u00e9veloppement culturel et cultural en milieu urbain +<br \/>\nressourcerie\/r\u00e9cup\u00e9ration\u201d.<br \/>\nEt roulez petits v\u00e9los !<\/p>\n<p class=\"Style153\" align=\"right\"><a href=\"mailto:c.lafon@sudouest.fr\"><strong>Cathy Lafon<\/strong><\/a><\/p>\n<p class=\"Style153\" style=\"text-align: left;\" align=\"right\">Source : <a href=\"http:\/\/maplanete.blogs.sudouest.fr\/archive\/2012\/08\/03\/l-alter-tour-2012-fait-etape-a-bordeaux-le-5-aout.html\" target=\"_blank\" rel=\"noopener noreferrer\">http:\/\/maplanete.blogs.sudouest.fr\/archive\/2012\/08\/03\/l-alter-tour-2012-fait-etape-a-bordeaux-le-5-aout.html<\/a><\/p>\n","protected":false},"excerpt":{"rendered":"<p>\u201cUne autre FAIM du monde est possible !\u201d\u00a0Tel est le slogan \u00e0 double sens de\u00a0 \u00ab\u00a0l&rsquo;Alter-Tour\u00a0\u00bb qui n&rsquo;a d\u00e9cid\u00e9ment rien \u00e0 voir avec l&rsquo;autre Tour de France cycliste, qui a sillonn\u00e9 en juillet dernier, lui aussi \u00e0 deux roues, les routes de France. Ici, les maillots ne sont pas jaunes &#8230; <\/p>\n<div><a href=\"https:\/\/www.altercampagne.net\/?p=4263\" class=\"more-link\">Read More<\/a><\/div>\n","protected":false},"author":214,"featured_media":15779,"comment_status":"closed","ping_status":"closed","sticky":false,"template":"","format":"standard","meta":{"footnotes":""},"categories":[239,3479,3463],"tags":[852,892,1181,1814,1876,1897,1906,1907],"class_list":["post-4263","post","type-post","status-publish","format-standard","has-post-thumbnail","hentry","category-revue-de-presse","category-nouvelle-aquitaine","category-edition-2012","tag-altertour-2012","tag-aquitaine","tag-bordeaux","tag-1814","tag-gironde","tag-saint-christophe-des-bardes","tag-daignac","tag-latresne"],"yoast_head":"<!-- This site is optimized with the Yoast SEO plugin v27.3 - https:\/\/yoast.com\/product\/yoast-seo-wordpress\/ -->\n<title>Vacances vertes : l&#039;AlterTour 2012 fait \u00e9tape \u00e0 Bordeaux le 5 ao\u00fbt - AlterTour<\/title>\n<meta name=\"robots\" content=\"index, follow, max-snippet:-1, max-image-preview:large, max-video-preview:-1\" \/>\n<link rel=\"canonical\" href=\"https:\/\/www.altercampagne.net\/?p=4263\" \/>\n<meta property=\"og:locale\" content=\"fr_FR\" \/>\n<meta property=\"og:type\" content=\"article\" \/>\n<meta property=\"og:title\" content=\"Vacances vertes : l&#039;AlterTour 2012 fait \u00e9tape \u00e0 Bordeaux le 5 ao\u00fbt - AlterTour\" \/>\n<meta property=\"og:description\" content=\"\u201cUne autre FAIM du monde est possible !\u201d\u00a0Tel est le slogan \u00e0 double sens de\u00a0 \u00ab\u00a0l&rsquo;Alter-Tour\u00a0\u00bb qui n&rsquo;a d\u00e9cid\u00e9ment rien \u00e0 voir avec l&rsquo;autre Tour de France cycliste, qui a sillonn\u00e9 en juillet dernier, lui aussi \u00e0 deux roues, les routes de France. Ici, les maillots ne sont pas jaunes ... Read More\" \/>\n<meta property=\"og:url\" content=\"https:\/\/www.altercampagne.net\/?p=4263\" \/>\n<meta property=\"og:site_name\" content=\"AlterTour\" \/>\n<meta property=\"article:published_time\" content=\"2012-08-03T07:58:35+00:00\" \/>\n<meta property=\"article:modified_time\" content=\"2019-09-16T14:18:51+00:00\" \/>\n<meta property=\"og:image\" content=\"https:\/\/www.altercampagne.net\/wp-content\/uploads\/2012\/08\/26211664871.jpg\" \/>\n\t<meta property=\"og:image:width\" content=\"500\" \/>\n\t<meta property=\"og:image:height\" content=\"171\" \/>\n\t<meta property=\"og:image:type\" content=\"image\/jpeg\" \/>\n<meta name=\"author\" content=\"Mathieu\" \/>\n<meta name=\"twitter:card\" content=\"summary_large_image\" \/>\n<meta name=\"twitter:label1\" content=\"\u00c9crit par\" \/>\n\t<meta name=\"twitter:data1\" content=\"Mathieu\" \/>\n\t<meta name=\"twitter:label2\" content=\"Dur\u00e9e de lecture estim\u00e9e\" \/>\n\t<meta name=\"twitter:data2\" content=\"2 minutes\" \/>\n<script type=\"application\/ld+json\" class=\"yoast-schema-graph\">{\"@context\":\"https:\\\/\\\/schema.org\",\"@graph\":[{\"@type\":\"Article\",\"@id\":\"https:\\\/\\\/www.altercampagne.net\\\/?p=4263#article\",\"isPartOf\":{\"@id\":\"https:\\\/\\\/www.altercampagne.net\\\/?p=4263\"},\"author\":{\"name\":\"Mathieu\",\"@id\":\"https:\\\/\\\/www.altercampagne.net\\\/#\\\/schema\\\/person\\\/0f261460c09e430caa0f9bcffa319109\"},\"headline\":\"Vacances vertes : l&rsquo;AlterTour 2012 fait \u00e9tape \u00e0 Bordeaux le 5 ao\u00fbt\",\"datePublished\":\"2012-08-03T07:58:35+00:00\",\"dateModified\":\"2019-09-16T14:18:51+00:00\",\"mainEntityOfPage\":{\"@id\":\"https:\\\/\\\/www.altercampagne.net\\\/?p=4263\"},\"wordCount\":414,\"image\":{\"@id\":\"https:\\\/\\\/www.altercampagne.net\\\/?p=4263#primaryimage\"},\"thumbnailUrl\":\"https:\\\/\\\/www.altercampagne.net\\\/wp-content\\\/uploads\\\/2012\\\/08\\\/26211664871.jpg\",\"keywords\":[\"AlterTour 2012\",\"Aquitaine\",\"bordeaux\",\"2012\",\"Gironde\",\"Saint-Christophe-des-Bardes\",\"Daignac\",\"Latresne\"],\"articleSection\":[\"Revue de presse\",\"Nouvelle-Aquitaine\",\"\u00c9dition 2012\"],\"inLanguage\":\"fr-FR\"},{\"@type\":\"WebPage\",\"@id\":\"https:\\\/\\\/www.altercampagne.net\\\/?p=4263\",\"url\":\"https:\\\/\\\/www.altercampagne.net\\\/?p=4263\",\"name\":\"Vacances vertes : l'AlterTour 2012 fait \u00e9tape \u00e0 Bordeaux le 5 ao\u00fbt - AlterTour\",\"isPartOf\":{\"@id\":\"https:\\\/\\\/www.altercampagne.net\\\/#website\"},\"primaryImageOfPage\":{\"@id\":\"https:\\\/\\\/www.altercampagne.net\\\/?p=4263#primaryimage\"},\"image\":{\"@id\":\"https:\\\/\\\/www.altercampagne.net\\\/?p=4263#primaryimage\"},\"thumbnailUrl\":\"https:\\\/\\\/www.altercampagne.net\\\/wp-content\\\/uploads\\\/2012\\\/08\\\/26211664871.jpg\",\"datePublished\":\"2012-08-03T07:58:35+00:00\",\"dateModified\":\"2019-09-16T14:18:51+00:00\",\"author\":{\"@id\":\"https:\\\/\\\/www.altercampagne.net\\\/#\\\/schema\\\/person\\\/0f261460c09e430caa0f9bcffa319109\"},\"breadcrumb\":{\"@id\":\"https:\\\/\\\/www.altercampagne.net\\\/?p=4263#breadcrumb\"},\"inLanguage\":\"fr-FR\",\"potentialAction\":[{\"@type\":\"ReadAction\",\"target\":[\"https:\\\/\\\/www.altercampagne.net\\\/?p=4263\"]}]},{\"@type\":\"ImageObject\",\"inLanguage\":\"fr-FR\",\"@id\":\"https:\\\/\\\/www.altercampagne.net\\\/?p=4263#primaryimage\",\"url\":\"https:\\\/\\\/www.altercampagne.net\\\/wp-content\\\/uploads\\\/2012\\\/08\\\/26211664871.jpg\",\"contentUrl\":\"https:\\\/\\\/www.altercampagne.net\\\/wp-content\\\/uploads\\\/2012\\\/08\\\/26211664871.jpg\",\"width\":500,\"height\":171},{\"@type\":\"BreadcrumbList\",\"@id\":\"https:\\\/\\\/www.altercampagne.net\\\/?p=4263#breadcrumb\",\"itemListElement\":[{\"@type\":\"ListItem\",\"position\":1,\"name\":\"Accueil\",\"item\":\"https:\\\/\\\/www.altercampagne.net\\\/\"},{\"@type\":\"ListItem\",\"position\":2,\"name\":\"Vacances vertes : l&rsquo;AlterTour 2012 fait \u00e9tape \u00e0 Bordeaux le 5 ao\u00fbt\"}]},{\"@type\":\"WebSite\",\"@id\":\"https:\\\/\\\/www.altercampagne.net\\\/#website\",\"url\":\"https:\\\/\\\/www.altercampagne.net\\\/\",\"name\":\"AlterTour\",\"description\":\"Reliez les Alternatives \u00e0 v\u00e9lo\",\"potentialAction\":[{\"@type\":\"SearchAction\",\"target\":{\"@type\":\"EntryPoint\",\"urlTemplate\":\"https:\\\/\\\/www.altercampagne.net\\\/?s={search_term_string}\"},\"query-input\":{\"@type\":\"PropertyValueSpecification\",\"valueRequired\":true,\"valueName\":\"search_term_string\"}}],\"inLanguage\":\"fr-FR\"},{\"@type\":\"Person\",\"@id\":\"https:\\\/\\\/www.altercampagne.net\\\/#\\\/schema\\\/person\\\/0f261460c09e430caa0f9bcffa319109\",\"name\":\"Mathieu\",\"image\":{\"@type\":\"ImageObject\",\"inLanguage\":\"fr-FR\",\"@id\":\"https:\\\/\\\/secure.gravatar.com\\\/avatar\\\/aa9d3d24c83f2141e5e2709d0f63d09a99f6be6bb7a50abc4915838d9f54501a?s=96&d=mm&r=g\",\"url\":\"https:\\\/\\\/secure.gravatar.com\\\/avatar\\\/aa9d3d24c83f2141e5e2709d0f63d09a99f6be6bb7a50abc4915838d9f54501a?s=96&d=mm&r=g\",\"contentUrl\":\"https:\\\/\\\/secure.gravatar.com\\\/avatar\\\/aa9d3d24c83f2141e5e2709d0f63d09a99f6be6bb7a50abc4915838d9f54501a?s=96&d=mm&r=g\",\"caption\":\"Mathieu\"},\"url\":\"https:\\\/\\\/www.altercampagne.net\\\/?author=214\"}]}<\/script>\n<!-- \/ Yoast SEO plugin. -->","yoast_head_json":{"title":"Vacances vertes : l'AlterTour 2012 fait \u00e9tape \u00e0 Bordeaux le 5 ao\u00fbt - AlterTour","robots":{"index":"index","follow":"follow","max-snippet":"max-snippet:-1","max-image-preview":"max-image-preview:large","max-video-preview":"max-video-preview:-1"},"canonical":"https:\/\/www.altercampagne.net\/?p=4263","og_locale":"fr_FR","og_type":"article","og_title":"Vacances vertes : l'AlterTour 2012 fait \u00e9tape \u00e0 Bordeaux le 5 ao\u00fbt - AlterTour","og_description":"\u201cUne autre FAIM du monde est possible !\u201d\u00a0Tel est le slogan \u00e0 double sens de\u00a0 \u00ab\u00a0l&rsquo;Alter-Tour\u00a0\u00bb qui n&rsquo;a d\u00e9cid\u00e9ment rien \u00e0 voir avec l&rsquo;autre Tour de France cycliste, qui a sillonn\u00e9 en juillet dernier, lui aussi \u00e0 deux roues, les routes de France. Ici, les maillots ne sont pas jaunes ... Read More","og_url":"https:\/\/www.altercampagne.net\/?p=4263","og_site_name":"AlterTour","article_published_time":"2012-08-03T07:58:35+00:00","article_modified_time":"2019-09-16T14:18:51+00:00","og_image":[{"width":500,"height":171,"url":"https:\/\/www.altercampagne.net\/wp-content\/uploads\/2012\/08\/26211664871.jpg","type":"image\/jpeg"}],"author":"Mathieu","twitter_card":"summary_large_image","twitter_misc":{"\u00c9crit par":"Mathieu","Dur\u00e9e de lecture estim\u00e9e":"2 minutes"},"schema":{"@context":"https:\/\/schema.org","@graph":[{"@type":"Article","@id":"https:\/\/www.altercampagne.net\/?p=4263#article","isPartOf":{"@id":"https:\/\/www.altercampagne.net\/?p=4263"},"author":{"name":"Mathieu","@id":"https:\/\/www.altercampagne.net\/#\/schema\/person\/0f261460c09e430caa0f9bcffa319109"},"headline":"Vacances vertes : l&rsquo;AlterTour 2012 fait \u00e9tape \u00e0 Bordeaux le 5 ao\u00fbt","datePublished":"2012-08-03T07:58:35+00:00","dateModified":"2019-09-16T14:18:51+00:00","mainEntityOfPage":{"@id":"https:\/\/www.altercampagne.net\/?p=4263"},"wordCount":414,"image":{"@id":"https:\/\/www.altercampagne.net\/?p=4263#primaryimage"},"thumbnailUrl":"https:\/\/www.altercampagne.net\/wp-content\/uploads\/2012\/08\/26211664871.jpg","keywords":["AlterTour 2012","Aquitaine","bordeaux","2012","Gironde","Saint-Christophe-des-Bardes","Daignac","Latresne"],"articleSection":["Revue de presse","Nouvelle-Aquitaine","\u00c9dition 2012"],"inLanguage":"fr-FR"},{"@type":"WebPage","@id":"https:\/\/www.altercampagne.net\/?p=4263","url":"https:\/\/www.altercampagne.net\/?p=4263","name":"Vacances vertes : l'AlterTour 2012 fait \u00e9tape \u00e0 Bordeaux le 5 ao\u00fbt - AlterTour","isPartOf":{"@id":"https:\/\/www.altercampagne.net\/#website"},"primaryImageOfPage":{"@id":"https:\/\/www.altercampagne.net\/?p=4263#primaryimage"},"image":{"@id":"https:\/\/www.altercampagne.net\/?p=4263#primaryimage"},"thumbnailUrl":"https:\/\/www.altercampagne.net\/wp-content\/uploads\/2012\/08\/26211664871.jpg","datePublished":"2012-08-03T07:58:35+00:00","dateModified":"2019-09-16T14:18:51+00:00","author":{"@id":"https:\/\/www.altercampagne.net\/#\/schema\/person\/0f261460c09e430caa0f9bcffa319109"},"breadcrumb":{"@id":"https:\/\/www.altercampagne.net\/?p=4263#breadcrumb"},"inLanguage":"fr-FR","potentialAction":[{"@type":"ReadAction","target":["https:\/\/www.altercampagne.net\/?p=4263"]}]},{"@type":"ImageObject","inLanguage":"fr-FR","@id":"https:\/\/www.altercampagne.net\/?p=4263#primaryimage","url":"https:\/\/www.altercampagne.net\/wp-content\/uploads\/2012\/08\/26211664871.jpg","contentUrl":"https:\/\/www.altercampagne.net\/wp-content\/uploads\/2012\/08\/26211664871.jpg","width":500,"height":171},{"@type":"BreadcrumbList","@id":"https:\/\/www.altercampagne.net\/?p=4263#breadcrumb","itemListElement":[{"@type":"ListItem","position":1,"name":"Accueil","item":"https:\/\/www.altercampagne.net\/"},{"@type":"ListItem","position":2,"name":"Vacances vertes : l&rsquo;AlterTour 2012 fait \u00e9tape \u00e0 Bordeaux le 5 ao\u00fbt"}]},{"@type":"WebSite","@id":"https:\/\/www.altercampagne.net\/#website","url":"https:\/\/www.altercampagne.net\/","name":"AlterTour","description":"Reliez les Alternatives \u00e0 v\u00e9lo","potentialAction":[{"@type":"SearchAction","target":{"@type":"EntryPoint","urlTemplate":"https:\/\/www.altercampagne.net\/?s={search_term_string}"},"query-input":{"@type":"PropertyValueSpecification","valueRequired":true,"valueName":"search_term_string"}}],"inLanguage":"fr-FR"},{"@type":"Person","@id":"https:\/\/www.altercampagne.net\/#\/schema\/person\/0f261460c09e430caa0f9bcffa319109","name":"Mathieu","image":{"@type":"ImageObject","inLanguage":"fr-FR","@id":"https:\/\/secure.gravatar.com\/avatar\/aa9d3d24c83f2141e5e2709d0f63d09a99f6be6bb7a50abc4915838d9f54501a?s=96&d=mm&r=g","url":"https:\/\/secure.gravatar.com\/avatar\/aa9d3d24c83f2141e5e2709d0f63d09a99f6be6bb7a50abc4915838d9f54501a?s=96&d=mm&r=g","contentUrl":"https:\/\/secure.gravatar.com\/avatar\/aa9d3d24c83f2141e5e2709d0f63d09a99f6be6bb7a50abc4915838d9f54501a?s=96&d=mm&r=g","caption":"Mathieu"},"url":"https:\/\/www.altercampagne.net\/?author=214"}]}},"_links":{"self":[{"href":"https:\/\/www.altercampagne.net\/index.php?rest_route=\/wp\/v2\/posts\/4263","targetHints":{"allow":["GET"]}}],"collection":[{"href":"https:\/\/www.altercampagne.net\/index.php?rest_route=\/wp\/v2\/posts"}],"about":[{"href":"https:\/\/www.altercampagne.net\/index.php?rest_route=\/wp\/v2\/types\/post"}],"author":[{"embeddable":true,"href":"https:\/\/www.altercampagne.net\/index.php?rest_route=\/wp\/v2\/users\/214"}],"replies":[{"embeddable":true,"href":"https:\/\/www.altercampagne.net\/index.php?rest_route=%2Fwp%2Fv2%2Fcomments&post=4263"}],"version-history":[{"count":0,"href":"https:\/\/www.altercampagne.net\/index.php?rest_route=\/wp\/v2\/posts\/4263\/revisions"}],"wp:featuredmedia":[{"embeddable":true,"href":"https:\/\/www.altercampagne.net\/index.php?rest_route=\/wp\/v2\/media\/15779"}],"wp:attachment":[{"href":"https:\/\/www.altercampagne.net\/index.php?rest_route=%2Fwp%2Fv2%2Fmedia&parent=4263"}],"wp:term":[{"taxonomy":"category","embeddable":true,"href":"https:\/\/www.altercampagne.net\/index.php?rest_route=%2Fwp%2Fv2%2Fcategories&post=4263"},{"taxonomy":"post_tag","embeddable":true,"href":"https:\/\/www.altercampagne.net\/index.php?rest_route=%2Fwp%2Fv2%2Ftags&post=4263"}],"curies":[{"name":"wp","href":"https:\/\/api.w.org\/{rel}","templated":true}]}}