{"id":4266,"date":"2012-08-02T10:03:47","date_gmt":"2012-08-02T08:03:47","guid":{"rendered":"http:\/\/www.altercampagne.net\/?p=4266"},"modified":"2016-04-19T10:06:35","modified_gmt":"2016-04-19T08:06:35","slug":"alternatives-locales-l-altertour-2012-se-poursuit","status":"publish","type":"post","link":"https:\/\/www.altercampagne.net\/?p=4266","title":{"rendered":"Alternatives locales : l&rsquo; \u00ab AlterTour 2012 \u00bb se poursuit"},"content":{"rendered":"<p>Jusqu&rsquo;au 19 ao\u00fbt, l&rsquo;\u00ab\u00a0<a href=\"http:\/\/www.altertour.net\/\"><strong>AlterTour 2012<\/strong><strong>\u00a0<\/strong><\/a>\u00a0\u00bb se poursuit \u00e0 travers le Sud-Ouest. La manifestation, qui en est \u00e0 sa cinqui\u00e8me \u00e9dition, se pr\u00e9sente comme\u00a0<em>\u00ab un parcours cycliste autog\u00e9r\u00e9 en relais partant \u00e0 la d\u00e9couverte des alternatives r\u00e9gionales\u00a0\u00bb.\u00a0<\/em><\/p>\n<p>C\u2019est\u00a0<em>\u00ab\u00a0un espace de rencontre, de d\u00e9bats, ouvert \u00e0 tous, visant \u00e0 promouvoir la r\u00e9flexion, les \u00e9changes de connaissances et d&rsquo;exp\u00e9riences militantes, les t\u00e9moignages de r\u00e9sistance non-violente. \u00a0Il f\u00e9d\u00e8re les personnes et les mouvements qui s&rsquo;opposent \u00e0 l&rsquo;esprit de comp\u00e9tition, et d\u00e9noncent le dopage sous toutes ses formes, notamment dans l\u2019agriculture et l\u2019\u00e9conomie concurrentielle.\u00a0\u00bb<\/em><\/p>\n<p>Les \u00ab\u00a0non-concurrents\u00a0\u00bb \u00e0 v\u00e9lo ont commenc\u00e9 par le Festival R\u00e9sistances de Foix, sont pass\u00e9s par exemple au Pot \u00e9thique de Burlat, \u00a0au Jardin des funambules de Milhars, ont visit\u00e9 Aria \u00c9nergies \u00e0 Castanet, puis des \u00e9leveurs bio, des \u00e9co-hameaux, le \u00ab tri-cycle enchant\u00e9\u00a0\u00bb de Bourdeilles&#8230; L&rsquo;\u00e9pop\u00e9e s&rsquo;ach\u00e8vera par les Phonies Berg\u00e8res de Bedous, pr\u00e8s d&rsquo;Oloron-Sainte-Marie, dans les Pyr\u00e9n\u00e9es.<\/p>\n<p>Source : <a href=\"http:\/\/www.histoiresordinaires.fr\/Alternatives-locales-l-Alter-Tour-2012-se-poursuit_a770.html\" target=\"_blank\">http:\/\/www.histoiresordinaires.fr\/Alternatives-locales-l-Alter-Tour-2012-se-poursuit_a770.html<\/a><\/p>\n","protected":false},"excerpt":{"rendered":"<p>Jusqu&rsquo;au 19 ao\u00fbt, l&rsquo;\u00ab\u00a0AlterTour 2012\u00a0\u00a0\u00bb se poursuit \u00e0 travers le Sud-Ouest. La manifestation, qui en est \u00e0 sa cinqui\u00e8me \u00e9dition, se pr\u00e9sente comme\u00a0\u00ab un parcours cycliste autog\u00e9r\u00e9 en relais partant \u00e0 la d\u00e9couverte des alternatives r\u00e9gionales\u00a0\u00bb.\u00a0 C\u2019est\u00a0\u00ab\u00a0un espace de rencontre, de d\u00e9bats, ouvert \u00e0 tous, visant \u00e0 promouvoir la r\u00e9flexion, &#8230; <\/p>\n<div><a href=\"https:\/\/www.altercampagne.net\/?p=4266\" class=\"more-link\">Read More<\/a><\/div>\n","protected":false},"author":214,"featured_media":0,"comment_status":"closed","ping_status":"closed","sticky":false,"template":"","format":"standard","meta":{"footnotes":""},"categories":[239],"tags":[852,1022,1023,1148,1150,1215,1226,1257,1261,1814,1908,1909,1910,1911],"class_list":["post-4266","post","type-post","status-publish","format-standard","hentry","category-revue-de-presse","tag-altertour-2012","tag-foix","tag-festival-resistances","tag-bedous","tag-phonies-bergeres","tag-milhars","tag-pot-ethique","tag-jardin-des-funambules","tag-tri-cycle-enchante","tag-1814","tag-burlat","tag-aria-energies","tag-castanet","tag-bourdeilles","no-post-thumbnail"],"yoast_head":"<!-- This site is optimized with the Yoast SEO plugin v27.3 - https:\/\/yoast.com\/product\/yoast-seo-wordpress\/ -->\n<title>Alternatives locales : l&#039; \u00ab AlterTour 2012 \u00bb se poursuit - AlterTour<\/title>\n<meta name=\"robots\" content=\"index, follow, max-snippet:-1, max-image-preview:large, max-video-preview:-1\" \/>\n<link rel=\"canonical\" href=\"https:\/\/www.altercampagne.net\/?p=4266\" \/>\n<meta property=\"og:locale\" content=\"fr_FR\" \/>\n<meta property=\"og:type\" content=\"article\" \/>\n<meta property=\"og:title\" content=\"Alternatives locales : l&#039; \u00ab AlterTour 2012 \u00bb se poursuit - AlterTour\" \/>\n<meta property=\"og:description\" content=\"Jusqu&rsquo;au 19 ao\u00fbt, l&rsquo;\u00ab\u00a0AlterTour 2012\u00a0\u00a0\u00bb se poursuit \u00e0 travers le Sud-Ouest. La manifestation, qui en est \u00e0 sa cinqui\u00e8me \u00e9dition, se pr\u00e9sente comme\u00a0\u00ab un parcours cycliste autog\u00e9r\u00e9 en relais partant \u00e0 la d\u00e9couverte des alternatives r\u00e9gionales\u00a0\u00bb.\u00a0 C\u2019est\u00a0\u00ab\u00a0un espace de rencontre, de d\u00e9bats, ouvert \u00e0 tous, visant \u00e0 promouvoir la r\u00e9flexion, ... Read More\" \/>\n<meta property=\"og:url\" content=\"https:\/\/www.altercampagne.net\/?p=4266\" \/>\n<meta property=\"og:site_name\" content=\"AlterTour\" \/>\n<meta property=\"article:published_time\" content=\"2012-08-02T08:03:47+00:00\" \/>\n<meta property=\"article:modified_time\" content=\"2016-04-19T08:06:35+00:00\" \/>\n<meta name=\"author\" content=\"Mathieu\" \/>\n<meta name=\"twitter:card\" content=\"summary_large_image\" \/>\n<meta name=\"twitter:label1\" content=\"\u00c9crit par\" \/>\n\t<meta name=\"twitter:data1\" content=\"Mathieu\" \/>\n\t<meta name=\"twitter:label2\" content=\"Dur\u00e9e de lecture estim\u00e9e\" \/>\n\t<meta name=\"twitter:data2\" content=\"1 minute\" \/>\n<script type=\"application\/ld+json\" class=\"yoast-schema-graph\">{\"@context\":\"https:\\\/\\\/schema.org\",\"@graph\":[{\"@type\":\"Article\",\"@id\":\"https:\\\/\\\/www.altercampagne.net\\\/?p=4266#article\",\"isPartOf\":{\"@id\":\"https:\\\/\\\/www.altercampagne.net\\\/?p=4266\"},\"author\":{\"name\":\"Mathieu\",\"@id\":\"https:\\\/\\\/www.altercampagne.net\\\/#\\\/schema\\\/person\\\/0f261460c09e430caa0f9bcffa319109\"},\"headline\":\"Alternatives locales : l&rsquo; \u00ab AlterTour 2012 \u00bb se poursuit\",\"datePublished\":\"2012-08-02T08:03:47+00:00\",\"dateModified\":\"2016-04-19T08:06:35+00:00\",\"mainEntityOfPage\":{\"@id\":\"https:\\\/\\\/www.altercampagne.net\\\/?p=4266\"},\"wordCount\":187,\"keywords\":[\"AlterTour 2012\",\"Foix\",\"Festival R\u00e9sistances\",\"Bedous\",\"Phonies Berg\u00e8res\",\"Milhars\",\"Pot Ethique\",\"Jardin des Funambules\",\"Tri-cycle enchant\u00e9\",\"2012\",\"Burlat\",\"Aria \u00c9nergies\",\"Castanet\",\"Bourdeilles\"],\"articleSection\":[\"Revue de presse\"],\"inLanguage\":\"fr-FR\"},{\"@type\":\"WebPage\",\"@id\":\"https:\\\/\\\/www.altercampagne.net\\\/?p=4266\",\"url\":\"https:\\\/\\\/www.altercampagne.net\\\/?p=4266\",\"name\":\"Alternatives locales : l' \u00ab AlterTour 2012 \u00bb se poursuit - AlterTour\",\"isPartOf\":{\"@id\":\"https:\\\/\\\/www.altercampagne.net\\\/#website\"},\"datePublished\":\"2012-08-02T08:03:47+00:00\",\"dateModified\":\"2016-04-19T08:06:35+00:00\",\"author\":{\"@id\":\"https:\\\/\\\/www.altercampagne.net\\\/#\\\/schema\\\/person\\\/0f261460c09e430caa0f9bcffa319109\"},\"breadcrumb\":{\"@id\":\"https:\\\/\\\/www.altercampagne.net\\\/?p=4266#breadcrumb\"},\"inLanguage\":\"fr-FR\",\"potentialAction\":[{\"@type\":\"ReadAction\",\"target\":[\"https:\\\/\\\/www.altercampagne.net\\\/?p=4266\"]}]},{\"@type\":\"BreadcrumbList\",\"@id\":\"https:\\\/\\\/www.altercampagne.net\\\/?p=4266#breadcrumb\",\"itemListElement\":[{\"@type\":\"ListItem\",\"position\":1,\"name\":\"Accueil\",\"item\":\"https:\\\/\\\/www.altercampagne.net\\\/\"},{\"@type\":\"ListItem\",\"position\":2,\"name\":\"Alternatives locales : l&rsquo; \u00ab AlterTour 2012 \u00bb se poursuit\"}]},{\"@type\":\"WebSite\",\"@id\":\"https:\\\/\\\/www.altercampagne.net\\\/#website\",\"url\":\"https:\\\/\\\/www.altercampagne.net\\\/\",\"name\":\"AlterTour\",\"description\":\"Reliez les Alternatives \u00e0 v\u00e9lo\",\"potentialAction\":[{\"@type\":\"SearchAction\",\"target\":{\"@type\":\"EntryPoint\",\"urlTemplate\":\"https:\\\/\\\/www.altercampagne.net\\\/?s={search_term_string}\"},\"query-input\":{\"@type\":\"PropertyValueSpecification\",\"valueRequired\":true,\"valueName\":\"search_term_string\"}}],\"inLanguage\":\"fr-FR\"},{\"@type\":\"Person\",\"@id\":\"https:\\\/\\\/www.altercampagne.net\\\/#\\\/schema\\\/person\\\/0f261460c09e430caa0f9bcffa319109\",\"name\":\"Mathieu\",\"image\":{\"@type\":\"ImageObject\",\"inLanguage\":\"fr-FR\",\"@id\":\"https:\\\/\\\/secure.gravatar.com\\\/avatar\\\/aa9d3d24c83f2141e5e2709d0f63d09a99f6be6bb7a50abc4915838d9f54501a?s=96&d=mm&r=g\",\"url\":\"https:\\\/\\\/secure.gravatar.com\\\/avatar\\\/aa9d3d24c83f2141e5e2709d0f63d09a99f6be6bb7a50abc4915838d9f54501a?s=96&d=mm&r=g\",\"contentUrl\":\"https:\\\/\\\/secure.gravatar.com\\\/avatar\\\/aa9d3d24c83f2141e5e2709d0f63d09a99f6be6bb7a50abc4915838d9f54501a?s=96&d=mm&r=g\",\"caption\":\"Mathieu\"},\"url\":\"https:\\\/\\\/www.altercampagne.net\\\/?author=214\"}]}<\/script>\n<!-- \/ Yoast SEO plugin. -->","yoast_head_json":{"title":"Alternatives locales : l' \u00ab AlterTour 2012 \u00bb se poursuit - AlterTour","robots":{"index":"index","follow":"follow","max-snippet":"max-snippet:-1","max-image-preview":"max-image-preview:large","max-video-preview":"max-video-preview:-1"},"canonical":"https:\/\/www.altercampagne.net\/?p=4266","og_locale":"fr_FR","og_type":"article","og_title":"Alternatives locales : l' \u00ab AlterTour 2012 \u00bb se poursuit - AlterTour","og_description":"Jusqu&rsquo;au 19 ao\u00fbt, l&rsquo;\u00ab\u00a0AlterTour 2012\u00a0\u00a0\u00bb se poursuit \u00e0 travers le Sud-Ouest. La manifestation, qui en est \u00e0 sa cinqui\u00e8me \u00e9dition, se pr\u00e9sente comme\u00a0\u00ab un parcours cycliste autog\u00e9r\u00e9 en relais partant \u00e0 la d\u00e9couverte des alternatives r\u00e9gionales\u00a0\u00bb.\u00a0 C\u2019est\u00a0\u00ab\u00a0un espace de rencontre, de d\u00e9bats, ouvert \u00e0 tous, visant \u00e0 promouvoir la r\u00e9flexion, ... Read More","og_url":"https:\/\/www.altercampagne.net\/?p=4266","og_site_name":"AlterTour","article_published_time":"2012-08-02T08:03:47+00:00","article_modified_time":"2016-04-19T08:06:35+00:00","author":"Mathieu","twitter_card":"summary_large_image","twitter_misc":{"\u00c9crit par":"Mathieu","Dur\u00e9e de lecture estim\u00e9e":"1 minute"},"schema":{"@context":"https:\/\/schema.org","@graph":[{"@type":"Article","@id":"https:\/\/www.altercampagne.net\/?p=4266#article","isPartOf":{"@id":"https:\/\/www.altercampagne.net\/?p=4266"},"author":{"name":"Mathieu","@id":"https:\/\/www.altercampagne.net\/#\/schema\/person\/0f261460c09e430caa0f9bcffa319109"},"headline":"Alternatives locales : l&rsquo; \u00ab AlterTour 2012 \u00bb se poursuit","datePublished":"2012-08-02T08:03:47+00:00","dateModified":"2016-04-19T08:06:35+00:00","mainEntityOfPage":{"@id":"https:\/\/www.altercampagne.net\/?p=4266"},"wordCount":187,"keywords":["AlterTour 2012","Foix","Festival R\u00e9sistances","Bedous","Phonies Berg\u00e8res","Milhars","Pot Ethique","Jardin des Funambules","Tri-cycle enchant\u00e9","2012","Burlat","Aria \u00c9nergies","Castanet","Bourdeilles"],"articleSection":["Revue de presse"],"inLanguage":"fr-FR"},{"@type":"WebPage","@id":"https:\/\/www.altercampagne.net\/?p=4266","url":"https:\/\/www.altercampagne.net\/?p=4266","name":"Alternatives locales : l' \u00ab AlterTour 2012 \u00bb se poursuit - AlterTour","isPartOf":{"@id":"https:\/\/www.altercampagne.net\/#website"},"datePublished":"2012-08-02T08:03:47+00:00","dateModified":"2016-04-19T08:06:35+00:00","author":{"@id":"https:\/\/www.altercampagne.net\/#\/schema\/person\/0f261460c09e430caa0f9bcffa319109"},"breadcrumb":{"@id":"https:\/\/www.altercampagne.net\/?p=4266#breadcrumb"},"inLanguage":"fr-FR","potentialAction":[{"@type":"ReadAction","target":["https:\/\/www.altercampagne.net\/?p=4266"]}]},{"@type":"BreadcrumbList","@id":"https:\/\/www.altercampagne.net\/?p=4266#breadcrumb","itemListElement":[{"@type":"ListItem","position":1,"name":"Accueil","item":"https:\/\/www.altercampagne.net\/"},{"@type":"ListItem","position":2,"name":"Alternatives locales : l&rsquo; \u00ab AlterTour 2012 \u00bb se poursuit"}]},{"@type":"WebSite","@id":"https:\/\/www.altercampagne.net\/#website","url":"https:\/\/www.altercampagne.net\/","name":"AlterTour","description":"Reliez les Alternatives \u00e0 v\u00e9lo","potentialAction":[{"@type":"SearchAction","target":{"@type":"EntryPoint","urlTemplate":"https:\/\/www.altercampagne.net\/?s={search_term_string}"},"query-input":{"@type":"PropertyValueSpecification","valueRequired":true,"valueName":"search_term_string"}}],"inLanguage":"fr-FR"},{"@type":"Person","@id":"https:\/\/www.altercampagne.net\/#\/schema\/person\/0f261460c09e430caa0f9bcffa319109","name":"Mathieu","image":{"@type":"ImageObject","inLanguage":"fr-FR","@id":"https:\/\/secure.gravatar.com\/avatar\/aa9d3d24c83f2141e5e2709d0f63d09a99f6be6bb7a50abc4915838d9f54501a?s=96&d=mm&r=g","url":"https:\/\/secure.gravatar.com\/avatar\/aa9d3d24c83f2141e5e2709d0f63d09a99f6be6bb7a50abc4915838d9f54501a?s=96&d=mm&r=g","contentUrl":"https:\/\/secure.gravatar.com\/avatar\/aa9d3d24c83f2141e5e2709d0f63d09a99f6be6bb7a50abc4915838d9f54501a?s=96&d=mm&r=g","caption":"Mathieu"},"url":"https:\/\/www.altercampagne.net\/?author=214"}]}},"_links":{"self":[{"href":"https:\/\/www.altercampagne.net\/index.php?rest_route=\/wp\/v2\/posts\/4266","targetHints":{"allow":["GET"]}}],"collection":[{"href":"https:\/\/www.altercampagne.net\/index.php?rest_route=\/wp\/v2\/posts"}],"about":[{"href":"https:\/\/www.altercampagne.net\/index.php?rest_route=\/wp\/v2\/types\/post"}],"author":[{"embeddable":true,"href":"https:\/\/www.altercampagne.net\/index.php?rest_route=\/wp\/v2\/users\/214"}],"replies":[{"embeddable":true,"href":"https:\/\/www.altercampagne.net\/index.php?rest_route=%2Fwp%2Fv2%2Fcomments&post=4266"}],"version-history":[{"count":0,"href":"https:\/\/www.altercampagne.net\/index.php?rest_route=\/wp\/v2\/posts\/4266\/revisions"}],"wp:attachment":[{"href":"https:\/\/www.altercampagne.net\/index.php?rest_route=%2Fwp%2Fv2%2Fmedia&parent=4266"}],"wp:term":[{"taxonomy":"category","embeddable":true,"href":"https:\/\/www.altercampagne.net\/index.php?rest_route=%2Fwp%2Fv2%2Fcategories&post=4266"},{"taxonomy":"post_tag","embeddable":true,"href":"https:\/\/www.altercampagne.net\/index.php?rest_route=%2Fwp%2Fv2%2Ftags&post=4266"}],"curies":[{"name":"wp","href":"https:\/\/api.w.org\/{rel}","templated":true}]}}