{"id":4268,"date":"2012-08-02T09:30:55","date_gmt":"2012-08-02T07:30:55","guid":{"rendered":"http:\/\/www.altercampagne.net\/?p=4268"},"modified":"2016-04-19T10:15:22","modified_gmt":"2016-04-19T08:15:22","slug":"plazac-altertour-prone-un-autre-mode-de-vie","status":"publish","type":"post","link":"https:\/\/www.altercampagne.net\/?p=4268","title":{"rendered":"Plazac. AlterTour pr\u00f4ne un autre mode de vie"},"content":{"rendered":"<p class=\"Style153\" align=\"justify\"><img loading=\"lazy\" decoding=\"async\" class=\" alignleft\" src=\"http:\/\/www.sudouest.fr\/images\/2012\/08\/02\/785438_20941084_460x306.jpg\" alt=\"\" width=\"460\" height=\"306\" \/>Parti le 11 juillet de Foix (Ari\u00e8ge) pour un p\u00e9riple de 2 000 km \u00e0 v\u00e9lo \u00e0 travers trois r\u00e9gions du sud de la France, AlterTour devrait arriver \u00e0 Pau le 19 ao\u00fbt. Et l&rsquo;association a fait une halte \u00e0 Plazac, mardi.<\/p>\n<p class=\"Style153\" align=\"justify\">AlterTour, cr\u00e9\u00e9e en 2008, rassemble toutes les personnes (\u00e0 sensibilit\u00e9 \u00e9cologiste) militantes pour un autre mode de vie (1). Elle d\u00e9nonce le d\u00e9veloppement exag\u00e9r\u00e9 de technologie brevet\u00e9e, la \u00ab b\u00e9tonisation \u00bb de l&rsquo;environnement, les disparit\u00e9s sociales et l&rsquo;appauvrissement grandissant.<\/p>\n<p class=\"Style153\" align=\"justify\">Elle milite pour le retour de l&rsquo;agriculture \u00e0 l&rsquo;ancienne, les semences paysannes, les \u00e9piceries \u00e9quitables, la construction d&rsquo;habitats \u00e9cologiques, la r\u00e9cup\u00e9ration et le recyclage des mat\u00e9riaux. Elle d\u00e9nonce le dopage par la vitesse des grands projets d\u00e9t\u00e9riorant la nature, les forages de gaz de schiste, les OGM ou l&rsquo;\u00e9nergie nucl\u00e9aire. Bref, tout ce qui d\u00e9truit la plan\u00e8te.<\/p>\n<p class=\"Style153\" align=\"justify\">Elle d\u00e9fend les valeurs de solidarit\u00e9, de paix, d&rsquo;\u00e9quit\u00e9 et de sobri\u00e9t\u00e9 en sillonnant le territoire \u00e0 v\u00e9lo afin de tisser des liens pour des alternatives redonnant une terre plus humaine. AlterTour d\u00e9nonce les sports de comp\u00e9tition illustr\u00e9s par les Jeux olympiques et le Tour de France, \u00ab victime du profit de l&rsquo;argent qui souvent n\u00e9cessite le recours au dopage \u00bb. Pour cela, en 2008, l&rsquo;association avait propos\u00e9 de d\u00e9couvrir un autre monde \u00e0 bicyclette o\u00f9, \u00e0 travers les \u00e9tapes (d&rsquo;une cinquantaine de kilom\u00e8tres), des visites de sites, de fermes et de champs, sont propos\u00e9es ainsi que des conf\u00e9rences, des expositions ou des films.<\/p>\n<p class=\"Style153\" align=\"justify\"><strong>Un groupe d&rsquo;une quarantaine<\/strong><\/p>\n<p class=\"Style153\" align=\"justify\">Ainsi, mardi soir, par petits groupes, ces cyclotouristes (une quarantaine) escort\u00e9s par trois v\u00e9hicules sont arriv\u00e9s sur le stade de foot pour faire \u00e9tape. Plus tard, autour du fourgon am\u00e9nag\u00e9, les v\u00e9los \u00e9taient rang\u00e9s, les toiles de tentes multicolores mont\u00e9es et la bi\u00e8re servie dans les verres en plastique. Chacun attendait le repas compos\u00e9 de l\u00e9gumes cuisant sur un feu de campagne. Une soir\u00e9e festive autour de d\u00e9bats o\u00f9 tous pouvaient s&rsquo;exprimer. Les diverses t\u00e2ches &#8211; r\u00e9veil, cuisine, distribution et entretien de v\u00e9los, nettoyage, etc. &#8211; \u00e9taient inscrites sur un tableau noir pos\u00e9 au sol.<\/p>\n<p class=\"Style153\" align=\"justify\">Hier matin, le cort\u00e8ge devait repartir en direction du Change avec une visite \u00e0 la ferme de Ribeyrolles (agri-bio) puis au camp militaire de Hache.<\/p>\n<p class=\"Style153\" align=\"justify\">AlterTour doit quitter la Dordogne en fin de semaine pour la Gironde, puis se rapprochera peu \u00e0 peu de Pau.<\/p>\n<p class=\"Style153\" align=\"justify\">Source : <a href=\"http:\/\/www.sudouest.fr\/2012\/08\/02\/altertour-prone-un-autre-mode-de-vie-785438-4720.php\" target=\"_blank\">http:\/\/www.sudouest.fr\/2012\/08\/02\/altertour-prone-un-autre-mode-de-vie-785438-4720.php<\/a><\/p>\n","protected":false},"excerpt":{"rendered":"<p>Parti le 11 juillet de Foix (Ari\u00e8ge) pour un p\u00e9riple de 2 000 km \u00e0 v\u00e9lo \u00e0 travers trois r\u00e9gions du sud de la France, AlterTour devrait arriver \u00e0 Pau le 19 ao\u00fbt. Et l&rsquo;association a fait une halte \u00e0 Plazac, mardi. AlterTour, cr\u00e9\u00e9e en 2008, rassemble toutes les personnes &#8230; <\/p>\n<div><a href=\"https:\/\/www.altercampagne.net\/?p=4268\" class=\"more-link\">Read More<\/a><\/div>\n","protected":false},"author":214,"featured_media":0,"comment_status":"closed","ping_status":"closed","sticky":false,"template":"","format":"standard","meta":{"footnotes":""},"categories":[239],"tags":[852,892,1706,1814,1912,1913],"class_list":["post-4268","post","type-post","status-publish","format-standard","hentry","category-revue-de-presse","tag-altertour-2012","tag-aquitaine","tag-dordogne","tag-1814","tag-plazac","tag-ferme-de-ribeyrolles","no-post-thumbnail"],"yoast_head":"<!-- This site is optimized with the Yoast SEO plugin v27.3 - https:\/\/yoast.com\/product\/yoast-seo-wordpress\/ -->\n<title>Plazac. AlterTour pr\u00f4ne un autre mode de vie - AlterTour<\/title>\n<meta name=\"robots\" content=\"index, follow, max-snippet:-1, max-image-preview:large, max-video-preview:-1\" \/>\n<link rel=\"canonical\" href=\"https:\/\/www.altercampagne.net\/?p=4268\" \/>\n<meta property=\"og:locale\" content=\"fr_FR\" \/>\n<meta property=\"og:type\" content=\"article\" \/>\n<meta property=\"og:title\" content=\"Plazac. AlterTour pr\u00f4ne un autre mode de vie - AlterTour\" \/>\n<meta property=\"og:description\" content=\"Parti le 11 juillet de Foix (Ari\u00e8ge) pour un p\u00e9riple de 2 000 km \u00e0 v\u00e9lo \u00e0 travers trois r\u00e9gions du sud de la France, AlterTour devrait arriver \u00e0 Pau le 19 ao\u00fbt. Et l&rsquo;association a fait une halte \u00e0 Plazac, mardi. AlterTour, cr\u00e9\u00e9e en 2008, rassemble toutes les personnes ... Read More\" \/>\n<meta property=\"og:url\" content=\"https:\/\/www.altercampagne.net\/?p=4268\" \/>\n<meta property=\"og:site_name\" content=\"AlterTour\" \/>\n<meta property=\"article:published_time\" content=\"2012-08-02T07:30:55+00:00\" \/>\n<meta property=\"article:modified_time\" content=\"2016-04-19T08:15:22+00:00\" \/>\n<meta property=\"og:image\" content=\"http:\/\/www.sudouest.fr\/images\/2012\/08\/02\/785438_20941084_460x306.jpg\" \/>\n<meta name=\"author\" content=\"Mathieu\" \/>\n<meta name=\"twitter:card\" content=\"summary_large_image\" \/>\n<meta name=\"twitter:label1\" content=\"\u00c9crit par\" \/>\n\t<meta name=\"twitter:data1\" content=\"Mathieu\" \/>\n\t<meta name=\"twitter:label2\" content=\"Dur\u00e9e de lecture estim\u00e9e\" \/>\n\t<meta name=\"twitter:data2\" content=\"2 minutes\" \/>\n<script type=\"application\/ld+json\" class=\"yoast-schema-graph\">{\"@context\":\"https:\\\/\\\/schema.org\",\"@graph\":[{\"@type\":\"Article\",\"@id\":\"https:\\\/\\\/www.altercampagne.net\\\/?p=4268#article\",\"isPartOf\":{\"@id\":\"https:\\\/\\\/www.altercampagne.net\\\/?p=4268\"},\"author\":{\"name\":\"Mathieu\",\"@id\":\"https:\\\/\\\/www.altercampagne.net\\\/#\\\/schema\\\/person\\\/0f261460c09e430caa0f9bcffa319109\"},\"headline\":\"Plazac. AlterTour pr\u00f4ne un autre mode de vie\",\"datePublished\":\"2012-08-02T07:30:55+00:00\",\"dateModified\":\"2016-04-19T08:15:22+00:00\",\"mainEntityOfPage\":{\"@id\":\"https:\\\/\\\/www.altercampagne.net\\\/?p=4268\"},\"wordCount\":441,\"image\":{\"@id\":\"https:\\\/\\\/www.altercampagne.net\\\/?p=4268#primaryimage\"},\"thumbnailUrl\":\"http:\\\/\\\/www.sudouest.fr\\\/images\\\/2012\\\/08\\\/02\\\/785438_20941084_460x306.jpg\",\"keywords\":[\"AlterTour 2012\",\"Aquitaine\",\"Dordogne\",\"2012\",\"Plazac\",\"ferme de Ribeyrolles\"],\"articleSection\":[\"Revue de presse\"],\"inLanguage\":\"fr-FR\"},{\"@type\":\"WebPage\",\"@id\":\"https:\\\/\\\/www.altercampagne.net\\\/?p=4268\",\"url\":\"https:\\\/\\\/www.altercampagne.net\\\/?p=4268\",\"name\":\"Plazac. AlterTour pr\u00f4ne un autre mode de vie - AlterTour\",\"isPartOf\":{\"@id\":\"https:\\\/\\\/www.altercampagne.net\\\/#website\"},\"primaryImageOfPage\":{\"@id\":\"https:\\\/\\\/www.altercampagne.net\\\/?p=4268#primaryimage\"},\"image\":{\"@id\":\"https:\\\/\\\/www.altercampagne.net\\\/?p=4268#primaryimage\"},\"thumbnailUrl\":\"http:\\\/\\\/www.sudouest.fr\\\/images\\\/2012\\\/08\\\/02\\\/785438_20941084_460x306.jpg\",\"datePublished\":\"2012-08-02T07:30:55+00:00\",\"dateModified\":\"2016-04-19T08:15:22+00:00\",\"author\":{\"@id\":\"https:\\\/\\\/www.altercampagne.net\\\/#\\\/schema\\\/person\\\/0f261460c09e430caa0f9bcffa319109\"},\"breadcrumb\":{\"@id\":\"https:\\\/\\\/www.altercampagne.net\\\/?p=4268#breadcrumb\"},\"inLanguage\":\"fr-FR\",\"potentialAction\":[{\"@type\":\"ReadAction\",\"target\":[\"https:\\\/\\\/www.altercampagne.net\\\/?p=4268\"]}]},{\"@type\":\"ImageObject\",\"inLanguage\":\"fr-FR\",\"@id\":\"https:\\\/\\\/www.altercampagne.net\\\/?p=4268#primaryimage\",\"url\":\"http:\\\/\\\/www.sudouest.fr\\\/images\\\/2012\\\/08\\\/02\\\/785438_20941084_460x306.jpg\",\"contentUrl\":\"http:\\\/\\\/www.sudouest.fr\\\/images\\\/2012\\\/08\\\/02\\\/785438_20941084_460x306.jpg\"},{\"@type\":\"BreadcrumbList\",\"@id\":\"https:\\\/\\\/www.altercampagne.net\\\/?p=4268#breadcrumb\",\"itemListElement\":[{\"@type\":\"ListItem\",\"position\":1,\"name\":\"Accueil\",\"item\":\"https:\\\/\\\/www.altercampagne.net\\\/\"},{\"@type\":\"ListItem\",\"position\":2,\"name\":\"Plazac. AlterTour pr\u00f4ne un autre mode de vie\"}]},{\"@type\":\"WebSite\",\"@id\":\"https:\\\/\\\/www.altercampagne.net\\\/#website\",\"url\":\"https:\\\/\\\/www.altercampagne.net\\\/\",\"name\":\"AlterTour\",\"description\":\"Reliez les Alternatives \u00e0 v\u00e9lo\",\"potentialAction\":[{\"@type\":\"SearchAction\",\"target\":{\"@type\":\"EntryPoint\",\"urlTemplate\":\"https:\\\/\\\/www.altercampagne.net\\\/?s={search_term_string}\"},\"query-input\":{\"@type\":\"PropertyValueSpecification\",\"valueRequired\":true,\"valueName\":\"search_term_string\"}}],\"inLanguage\":\"fr-FR\"},{\"@type\":\"Person\",\"@id\":\"https:\\\/\\\/www.altercampagne.net\\\/#\\\/schema\\\/person\\\/0f261460c09e430caa0f9bcffa319109\",\"name\":\"Mathieu\",\"image\":{\"@type\":\"ImageObject\",\"inLanguage\":\"fr-FR\",\"@id\":\"https:\\\/\\\/secure.gravatar.com\\\/avatar\\\/aa9d3d24c83f2141e5e2709d0f63d09a99f6be6bb7a50abc4915838d9f54501a?s=96&d=mm&r=g\",\"url\":\"https:\\\/\\\/secure.gravatar.com\\\/avatar\\\/aa9d3d24c83f2141e5e2709d0f63d09a99f6be6bb7a50abc4915838d9f54501a?s=96&d=mm&r=g\",\"contentUrl\":\"https:\\\/\\\/secure.gravatar.com\\\/avatar\\\/aa9d3d24c83f2141e5e2709d0f63d09a99f6be6bb7a50abc4915838d9f54501a?s=96&d=mm&r=g\",\"caption\":\"Mathieu\"},\"url\":\"https:\\\/\\\/www.altercampagne.net\\\/?author=214\"}]}<\/script>\n<!-- \/ Yoast SEO plugin. -->","yoast_head_json":{"title":"Plazac. AlterTour pr\u00f4ne un autre mode de vie - AlterTour","robots":{"index":"index","follow":"follow","max-snippet":"max-snippet:-1","max-image-preview":"max-image-preview:large","max-video-preview":"max-video-preview:-1"},"canonical":"https:\/\/www.altercampagne.net\/?p=4268","og_locale":"fr_FR","og_type":"article","og_title":"Plazac. AlterTour pr\u00f4ne un autre mode de vie - AlterTour","og_description":"Parti le 11 juillet de Foix (Ari\u00e8ge) pour un p\u00e9riple de 2 000 km \u00e0 v\u00e9lo \u00e0 travers trois r\u00e9gions du sud de la France, AlterTour devrait arriver \u00e0 Pau le 19 ao\u00fbt. Et l&rsquo;association a fait une halte \u00e0 Plazac, mardi. AlterTour, cr\u00e9\u00e9e en 2008, rassemble toutes les personnes ... Read More","og_url":"https:\/\/www.altercampagne.net\/?p=4268","og_site_name":"AlterTour","article_published_time":"2012-08-02T07:30:55+00:00","article_modified_time":"2016-04-19T08:15:22+00:00","og_image":[{"url":"http:\/\/www.sudouest.fr\/images\/2012\/08\/02\/785438_20941084_460x306.jpg","type":"","width":"","height":""}],"author":"Mathieu","twitter_card":"summary_large_image","twitter_misc":{"\u00c9crit par":"Mathieu","Dur\u00e9e de lecture estim\u00e9e":"2 minutes"},"schema":{"@context":"https:\/\/schema.org","@graph":[{"@type":"Article","@id":"https:\/\/www.altercampagne.net\/?p=4268#article","isPartOf":{"@id":"https:\/\/www.altercampagne.net\/?p=4268"},"author":{"name":"Mathieu","@id":"https:\/\/www.altercampagne.net\/#\/schema\/person\/0f261460c09e430caa0f9bcffa319109"},"headline":"Plazac. AlterTour pr\u00f4ne un autre mode de vie","datePublished":"2012-08-02T07:30:55+00:00","dateModified":"2016-04-19T08:15:22+00:00","mainEntityOfPage":{"@id":"https:\/\/www.altercampagne.net\/?p=4268"},"wordCount":441,"image":{"@id":"https:\/\/www.altercampagne.net\/?p=4268#primaryimage"},"thumbnailUrl":"http:\/\/www.sudouest.fr\/images\/2012\/08\/02\/785438_20941084_460x306.jpg","keywords":["AlterTour 2012","Aquitaine","Dordogne","2012","Plazac","ferme de Ribeyrolles"],"articleSection":["Revue de presse"],"inLanguage":"fr-FR"},{"@type":"WebPage","@id":"https:\/\/www.altercampagne.net\/?p=4268","url":"https:\/\/www.altercampagne.net\/?p=4268","name":"Plazac. AlterTour pr\u00f4ne un autre mode de vie - AlterTour","isPartOf":{"@id":"https:\/\/www.altercampagne.net\/#website"},"primaryImageOfPage":{"@id":"https:\/\/www.altercampagne.net\/?p=4268#primaryimage"},"image":{"@id":"https:\/\/www.altercampagne.net\/?p=4268#primaryimage"},"thumbnailUrl":"http:\/\/www.sudouest.fr\/images\/2012\/08\/02\/785438_20941084_460x306.jpg","datePublished":"2012-08-02T07:30:55+00:00","dateModified":"2016-04-19T08:15:22+00:00","author":{"@id":"https:\/\/www.altercampagne.net\/#\/schema\/person\/0f261460c09e430caa0f9bcffa319109"},"breadcrumb":{"@id":"https:\/\/www.altercampagne.net\/?p=4268#breadcrumb"},"inLanguage":"fr-FR","potentialAction":[{"@type":"ReadAction","target":["https:\/\/www.altercampagne.net\/?p=4268"]}]},{"@type":"ImageObject","inLanguage":"fr-FR","@id":"https:\/\/www.altercampagne.net\/?p=4268#primaryimage","url":"http:\/\/www.sudouest.fr\/images\/2012\/08\/02\/785438_20941084_460x306.jpg","contentUrl":"http:\/\/www.sudouest.fr\/images\/2012\/08\/02\/785438_20941084_460x306.jpg"},{"@type":"BreadcrumbList","@id":"https:\/\/www.altercampagne.net\/?p=4268#breadcrumb","itemListElement":[{"@type":"ListItem","position":1,"name":"Accueil","item":"https:\/\/www.altercampagne.net\/"},{"@type":"ListItem","position":2,"name":"Plazac. AlterTour pr\u00f4ne un autre mode de vie"}]},{"@type":"WebSite","@id":"https:\/\/www.altercampagne.net\/#website","url":"https:\/\/www.altercampagne.net\/","name":"AlterTour","description":"Reliez les Alternatives \u00e0 v\u00e9lo","potentialAction":[{"@type":"SearchAction","target":{"@type":"EntryPoint","urlTemplate":"https:\/\/www.altercampagne.net\/?s={search_term_string}"},"query-input":{"@type":"PropertyValueSpecification","valueRequired":true,"valueName":"search_term_string"}}],"inLanguage":"fr-FR"},{"@type":"Person","@id":"https:\/\/www.altercampagne.net\/#\/schema\/person\/0f261460c09e430caa0f9bcffa319109","name":"Mathieu","image":{"@type":"ImageObject","inLanguage":"fr-FR","@id":"https:\/\/secure.gravatar.com\/avatar\/aa9d3d24c83f2141e5e2709d0f63d09a99f6be6bb7a50abc4915838d9f54501a?s=96&d=mm&r=g","url":"https:\/\/secure.gravatar.com\/avatar\/aa9d3d24c83f2141e5e2709d0f63d09a99f6be6bb7a50abc4915838d9f54501a?s=96&d=mm&r=g","contentUrl":"https:\/\/secure.gravatar.com\/avatar\/aa9d3d24c83f2141e5e2709d0f63d09a99f6be6bb7a50abc4915838d9f54501a?s=96&d=mm&r=g","caption":"Mathieu"},"url":"https:\/\/www.altercampagne.net\/?author=214"}]}},"_links":{"self":[{"href":"https:\/\/www.altercampagne.net\/index.php?rest_route=\/wp\/v2\/posts\/4268","targetHints":{"allow":["GET"]}}],"collection":[{"href":"https:\/\/www.altercampagne.net\/index.php?rest_route=\/wp\/v2\/posts"}],"about":[{"href":"https:\/\/www.altercampagne.net\/index.php?rest_route=\/wp\/v2\/types\/post"}],"author":[{"embeddable":true,"href":"https:\/\/www.altercampagne.net\/index.php?rest_route=\/wp\/v2\/users\/214"}],"replies":[{"embeddable":true,"href":"https:\/\/www.altercampagne.net\/index.php?rest_route=%2Fwp%2Fv2%2Fcomments&post=4268"}],"version-history":[{"count":0,"href":"https:\/\/www.altercampagne.net\/index.php?rest_route=\/wp\/v2\/posts\/4268\/revisions"}],"wp:attachment":[{"href":"https:\/\/www.altercampagne.net\/index.php?rest_route=%2Fwp%2Fv2%2Fmedia&parent=4268"}],"wp:term":[{"taxonomy":"category","embeddable":true,"href":"https:\/\/www.altercampagne.net\/index.php?rest_route=%2Fwp%2Fv2%2Fcategories&post=4268"},{"taxonomy":"post_tag","embeddable":true,"href":"https:\/\/www.altercampagne.net\/index.php?rest_route=%2Fwp%2Fv2%2Ftags&post=4268"}],"curies":[{"name":"wp","href":"https:\/\/api.w.org\/{rel}","templated":true}]}}