{"id":4270,"date":"2012-08-01T10:18:31","date_gmt":"2012-08-01T08:18:31","guid":{"rendered":"http:\/\/www.altercampagne.net\/?p=4270"},"modified":"2016-04-19T10:24:37","modified_gmt":"2016-04-19T08:24:37","slug":"limogne-en-quercy-laltertour-de-passage","status":"publish","type":"post","link":"https:\/\/www.altercampagne.net\/?p=4270","title":{"rendered":"Limogne-en-Quercy. L&rsquo;AlterTour de passage"},"content":{"rendered":"<p class=\"Style153\" align=\"justify\"><img loading=\"lazy\" decoding=\"async\" class=\" alignleft\" src=\"http:\/\/static.ladepeche.fr\/content\/photo\/biz\/2012\/08\/01\/201208011354_w350.jpg\" alt=\"\" width=\"350\" height=\"203\" \/>Vendredi 27 juillet en fin d&rsquo;apr\u00e8s-midi, l&rsquo;AlterTour faisait une \u00e9tape \u00e0 Limogne o\u00f9 une foule nombreuse attendait celui-ci. Le bivouac \u00e9tait install\u00e9 au stade, mais les diff\u00e9rents rassemblements avaient lieu sur la grande place du village tout \u00e0 c\u00f4t\u00e9 de la salle des f\u00eates.<\/p>\n<p class=\"Style153\" align=\"justify\">Cet autre tour de France familial et non comp\u00e9titif propose pour la 5e ann\u00e9e cons\u00e9cutive de relier en v\u00e9lo des associations, des collectifs, des individus exp\u00e9rimentant d&rsquo;autres modes de vie et de production : les circuits courts, les \u00e9nergies alternatives, le recyclage, l&rsquo;\u00e9cohabitat, l&rsquo;\u00e9ducation \u00e0 l&rsquo;environnement et \u00e0 la d\u00e9croissance&#8230;<\/p>\n<p class=\"Style153\" align=\"justify\">La municipalit\u00e9 de Limogne, Artaem et l&rsquo;association Coqueli&rsquo;causse \u00e9taient les partenaires de l&rsquo;AlterTour pour sa venue.<\/p>\n<p class=\"Style153\" align=\"justify\">La soir\u00e9e a d\u00e9but\u00e9 avec un forum, \u00e9change avec des associations du territoire lotois et au-del\u00e0 de 18 heures \u00e0 19h30. Elle s&rsquo;est poursuivie avec un repas aupr\u00e8s de producteurs locaux, puis par une discussion sur les gaz de schiste (o\u00f9 en sont les permis ?). Elle s&rsquo;est termin\u00e9e en musique avec le groupe A\u00eftal (danse traditionnelle quercynoise en couple).<\/p>\n<p class=\"Style153\" style=\"text-align: right;\" align=\"right\">La D\u00e9p\u00eache du Midi<\/p>\n<p class=\"Style153\" style=\"text-align: left;\" align=\"right\">Source : <a href=\"http:\/\/www.ladepeche.fr\/article\/2012\/08\/01\/1410866-limogne-en-quercy-l-alter-tour-de-passage.html\" target=\"_blank\">http:\/\/www.ladepeche.fr\/article\/2012\/08\/01\/1410866-limogne-en-quercy-l-alter-tour-de-passage.html<\/a><\/p>\n","protected":false},"excerpt":{"rendered":"<p>Vendredi 27 juillet en fin d&rsquo;apr\u00e8s-midi, l&rsquo;AlterTour faisait une \u00e9tape \u00e0 Limogne o\u00f9 une foule nombreuse attendait celui-ci. Le bivouac \u00e9tait install\u00e9 au stade, mais les diff\u00e9rents rassemblements avaient lieu sur la grande place du village tout \u00e0 c\u00f4t\u00e9 de la salle des f\u00eates. Cet autre tour de France familial &#8230; <\/p>\n<div><a href=\"https:\/\/www.altercampagne.net\/?p=4270\" class=\"more-link\">Read More<\/a><\/div>\n","protected":false},"author":214,"featured_media":0,"comment_status":"closed","ping_status":"closed","sticky":false,"template":"","format":"standard","meta":{"footnotes":""},"categories":[239],"tags":[287,852,1814,1844,1914,1915,1916,1917,1918],"class_list":["post-4270","post","type-post","status-publish","format-standard","hentry","category-revue-de-presse","tag-gaz-de-schiste","tag-altertour-2012","tag-1814","tag-midi-pyrenees","tag-limogne-en-quercy","tag-lot","tag-artaem","tag-coquelicausse","tag-aital","no-post-thumbnail"],"yoast_head":"<!-- This site is optimized with the Yoast SEO plugin v27.3 - https:\/\/yoast.com\/product\/yoast-seo-wordpress\/ -->\n<title>Limogne-en-Quercy. L&#039;AlterTour de passage - AlterTour<\/title>\n<meta name=\"robots\" content=\"index, follow, max-snippet:-1, max-image-preview:large, max-video-preview:-1\" \/>\n<link rel=\"canonical\" href=\"https:\/\/www.altercampagne.net\/?p=4270\" \/>\n<meta property=\"og:locale\" content=\"fr_FR\" \/>\n<meta property=\"og:type\" content=\"article\" \/>\n<meta property=\"og:title\" content=\"Limogne-en-Quercy. L&#039;AlterTour de passage - AlterTour\" \/>\n<meta property=\"og:description\" content=\"Vendredi 27 juillet en fin d&rsquo;apr\u00e8s-midi, l&rsquo;AlterTour faisait une \u00e9tape \u00e0 Limogne o\u00f9 une foule nombreuse attendait celui-ci. Le bivouac \u00e9tait install\u00e9 au stade, mais les diff\u00e9rents rassemblements avaient lieu sur la grande place du village tout \u00e0 c\u00f4t\u00e9 de la salle des f\u00eates. Cet autre tour de France familial ... Read More\" \/>\n<meta property=\"og:url\" content=\"https:\/\/www.altercampagne.net\/?p=4270\" \/>\n<meta property=\"og:site_name\" content=\"AlterTour\" \/>\n<meta property=\"article:published_time\" content=\"2012-08-01T08:18:31+00:00\" \/>\n<meta property=\"article:modified_time\" content=\"2016-04-19T08:24:37+00:00\" \/>\n<meta property=\"og:image\" content=\"http:\/\/static.ladepeche.fr\/content\/photo\/biz\/2012\/08\/01\/201208011354_w350.jpg\" \/>\n<meta name=\"author\" content=\"Mathieu\" \/>\n<meta name=\"twitter:card\" content=\"summary_large_image\" \/>\n<meta name=\"twitter:label1\" content=\"\u00c9crit par\" \/>\n\t<meta name=\"twitter:data1\" content=\"Mathieu\" \/>\n\t<meta name=\"twitter:label2\" content=\"Dur\u00e9e de lecture estim\u00e9e\" \/>\n\t<meta name=\"twitter:data2\" content=\"1 minute\" \/>\n<script type=\"application\/ld+json\" class=\"yoast-schema-graph\">{\"@context\":\"https:\\\/\\\/schema.org\",\"@graph\":[{\"@type\":\"Article\",\"@id\":\"https:\\\/\\\/www.altercampagne.net\\\/?p=4270#article\",\"isPartOf\":{\"@id\":\"https:\\\/\\\/www.altercampagne.net\\\/?p=4270\"},\"author\":{\"name\":\"Mathieu\",\"@id\":\"https:\\\/\\\/www.altercampagne.net\\\/#\\\/schema\\\/person\\\/0f261460c09e430caa0f9bcffa319109\"},\"headline\":\"Limogne-en-Quercy. L&rsquo;AlterTour de passage\",\"datePublished\":\"2012-08-01T08:18:31+00:00\",\"dateModified\":\"2016-04-19T08:24:37+00:00\",\"mainEntityOfPage\":{\"@id\":\"https:\\\/\\\/www.altercampagne.net\\\/?p=4270\"},\"wordCount\":206,\"image\":{\"@id\":\"https:\\\/\\\/www.altercampagne.net\\\/?p=4270#primaryimage\"},\"thumbnailUrl\":\"http:\\\/\\\/static.ladepeche.fr\\\/content\\\/photo\\\/biz\\\/2012\\\/08\\\/01\\\/201208011354_w350.jpg\",\"keywords\":[\"gaz de schiste\",\"AlterTour 2012\",\"2012\",\"Midi-Pyr\u00e9n\u00e9es\",\"Limogne-en-Quercy\",\"Lot\",\"Artaem\",\"Coqueli'causse\",\"A\u00eftal\"],\"articleSection\":[\"Revue de presse\"],\"inLanguage\":\"fr-FR\"},{\"@type\":\"WebPage\",\"@id\":\"https:\\\/\\\/www.altercampagne.net\\\/?p=4270\",\"url\":\"https:\\\/\\\/www.altercampagne.net\\\/?p=4270\",\"name\":\"Limogne-en-Quercy. L'AlterTour de passage - AlterTour\",\"isPartOf\":{\"@id\":\"https:\\\/\\\/www.altercampagne.net\\\/#website\"},\"primaryImageOfPage\":{\"@id\":\"https:\\\/\\\/www.altercampagne.net\\\/?p=4270#primaryimage\"},\"image\":{\"@id\":\"https:\\\/\\\/www.altercampagne.net\\\/?p=4270#primaryimage\"},\"thumbnailUrl\":\"http:\\\/\\\/static.ladepeche.fr\\\/content\\\/photo\\\/biz\\\/2012\\\/08\\\/01\\\/201208011354_w350.jpg\",\"datePublished\":\"2012-08-01T08:18:31+00:00\",\"dateModified\":\"2016-04-19T08:24:37+00:00\",\"author\":{\"@id\":\"https:\\\/\\\/www.altercampagne.net\\\/#\\\/schema\\\/person\\\/0f261460c09e430caa0f9bcffa319109\"},\"breadcrumb\":{\"@id\":\"https:\\\/\\\/www.altercampagne.net\\\/?p=4270#breadcrumb\"},\"inLanguage\":\"fr-FR\",\"potentialAction\":[{\"@type\":\"ReadAction\",\"target\":[\"https:\\\/\\\/www.altercampagne.net\\\/?p=4270\"]}]},{\"@type\":\"ImageObject\",\"inLanguage\":\"fr-FR\",\"@id\":\"https:\\\/\\\/www.altercampagne.net\\\/?p=4270#primaryimage\",\"url\":\"http:\\\/\\\/static.ladepeche.fr\\\/content\\\/photo\\\/biz\\\/2012\\\/08\\\/01\\\/201208011354_w350.jpg\",\"contentUrl\":\"http:\\\/\\\/static.ladepeche.fr\\\/content\\\/photo\\\/biz\\\/2012\\\/08\\\/01\\\/201208011354_w350.jpg\"},{\"@type\":\"BreadcrumbList\",\"@id\":\"https:\\\/\\\/www.altercampagne.net\\\/?p=4270#breadcrumb\",\"itemListElement\":[{\"@type\":\"ListItem\",\"position\":1,\"name\":\"Accueil\",\"item\":\"https:\\\/\\\/www.altercampagne.net\\\/\"},{\"@type\":\"ListItem\",\"position\":2,\"name\":\"Limogne-en-Quercy. L&rsquo;AlterTour de passage\"}]},{\"@type\":\"WebSite\",\"@id\":\"https:\\\/\\\/www.altercampagne.net\\\/#website\",\"url\":\"https:\\\/\\\/www.altercampagne.net\\\/\",\"name\":\"AlterTour\",\"description\":\"Reliez les Alternatives \u00e0 v\u00e9lo\",\"potentialAction\":[{\"@type\":\"SearchAction\",\"target\":{\"@type\":\"EntryPoint\",\"urlTemplate\":\"https:\\\/\\\/www.altercampagne.net\\\/?s={search_term_string}\"},\"query-input\":{\"@type\":\"PropertyValueSpecification\",\"valueRequired\":true,\"valueName\":\"search_term_string\"}}],\"inLanguage\":\"fr-FR\"},{\"@type\":\"Person\",\"@id\":\"https:\\\/\\\/www.altercampagne.net\\\/#\\\/schema\\\/person\\\/0f261460c09e430caa0f9bcffa319109\",\"name\":\"Mathieu\",\"image\":{\"@type\":\"ImageObject\",\"inLanguage\":\"fr-FR\",\"@id\":\"https:\\\/\\\/secure.gravatar.com\\\/avatar\\\/aa9d3d24c83f2141e5e2709d0f63d09a99f6be6bb7a50abc4915838d9f54501a?s=96&d=mm&r=g\",\"url\":\"https:\\\/\\\/secure.gravatar.com\\\/avatar\\\/aa9d3d24c83f2141e5e2709d0f63d09a99f6be6bb7a50abc4915838d9f54501a?s=96&d=mm&r=g\",\"contentUrl\":\"https:\\\/\\\/secure.gravatar.com\\\/avatar\\\/aa9d3d24c83f2141e5e2709d0f63d09a99f6be6bb7a50abc4915838d9f54501a?s=96&d=mm&r=g\",\"caption\":\"Mathieu\"},\"url\":\"https:\\\/\\\/www.altercampagne.net\\\/?author=214\"}]}<\/script>\n<!-- \/ Yoast SEO plugin. -->","yoast_head_json":{"title":"Limogne-en-Quercy. L'AlterTour de passage - AlterTour","robots":{"index":"index","follow":"follow","max-snippet":"max-snippet:-1","max-image-preview":"max-image-preview:large","max-video-preview":"max-video-preview:-1"},"canonical":"https:\/\/www.altercampagne.net\/?p=4270","og_locale":"fr_FR","og_type":"article","og_title":"Limogne-en-Quercy. L'AlterTour de passage - AlterTour","og_description":"Vendredi 27 juillet en fin d&rsquo;apr\u00e8s-midi, l&rsquo;AlterTour faisait une \u00e9tape \u00e0 Limogne o\u00f9 une foule nombreuse attendait celui-ci. Le bivouac \u00e9tait install\u00e9 au stade, mais les diff\u00e9rents rassemblements avaient lieu sur la grande place du village tout \u00e0 c\u00f4t\u00e9 de la salle des f\u00eates. Cet autre tour de France familial ... Read More","og_url":"https:\/\/www.altercampagne.net\/?p=4270","og_site_name":"AlterTour","article_published_time":"2012-08-01T08:18:31+00:00","article_modified_time":"2016-04-19T08:24:37+00:00","og_image":[{"url":"http:\/\/static.ladepeche.fr\/content\/photo\/biz\/2012\/08\/01\/201208011354_w350.jpg","type":"","width":"","height":""}],"author":"Mathieu","twitter_card":"summary_large_image","twitter_misc":{"\u00c9crit par":"Mathieu","Dur\u00e9e de lecture estim\u00e9e":"1 minute"},"schema":{"@context":"https:\/\/schema.org","@graph":[{"@type":"Article","@id":"https:\/\/www.altercampagne.net\/?p=4270#article","isPartOf":{"@id":"https:\/\/www.altercampagne.net\/?p=4270"},"author":{"name":"Mathieu","@id":"https:\/\/www.altercampagne.net\/#\/schema\/person\/0f261460c09e430caa0f9bcffa319109"},"headline":"Limogne-en-Quercy. L&rsquo;AlterTour de passage","datePublished":"2012-08-01T08:18:31+00:00","dateModified":"2016-04-19T08:24:37+00:00","mainEntityOfPage":{"@id":"https:\/\/www.altercampagne.net\/?p=4270"},"wordCount":206,"image":{"@id":"https:\/\/www.altercampagne.net\/?p=4270#primaryimage"},"thumbnailUrl":"http:\/\/static.ladepeche.fr\/content\/photo\/biz\/2012\/08\/01\/201208011354_w350.jpg","keywords":["gaz de schiste","AlterTour 2012","2012","Midi-Pyr\u00e9n\u00e9es","Limogne-en-Quercy","Lot","Artaem","Coqueli'causse","A\u00eftal"],"articleSection":["Revue de presse"],"inLanguage":"fr-FR"},{"@type":"WebPage","@id":"https:\/\/www.altercampagne.net\/?p=4270","url":"https:\/\/www.altercampagne.net\/?p=4270","name":"Limogne-en-Quercy. L'AlterTour de passage - AlterTour","isPartOf":{"@id":"https:\/\/www.altercampagne.net\/#website"},"primaryImageOfPage":{"@id":"https:\/\/www.altercampagne.net\/?p=4270#primaryimage"},"image":{"@id":"https:\/\/www.altercampagne.net\/?p=4270#primaryimage"},"thumbnailUrl":"http:\/\/static.ladepeche.fr\/content\/photo\/biz\/2012\/08\/01\/201208011354_w350.jpg","datePublished":"2012-08-01T08:18:31+00:00","dateModified":"2016-04-19T08:24:37+00:00","author":{"@id":"https:\/\/www.altercampagne.net\/#\/schema\/person\/0f261460c09e430caa0f9bcffa319109"},"breadcrumb":{"@id":"https:\/\/www.altercampagne.net\/?p=4270#breadcrumb"},"inLanguage":"fr-FR","potentialAction":[{"@type":"ReadAction","target":["https:\/\/www.altercampagne.net\/?p=4270"]}]},{"@type":"ImageObject","inLanguage":"fr-FR","@id":"https:\/\/www.altercampagne.net\/?p=4270#primaryimage","url":"http:\/\/static.ladepeche.fr\/content\/photo\/biz\/2012\/08\/01\/201208011354_w350.jpg","contentUrl":"http:\/\/static.ladepeche.fr\/content\/photo\/biz\/2012\/08\/01\/201208011354_w350.jpg"},{"@type":"BreadcrumbList","@id":"https:\/\/www.altercampagne.net\/?p=4270#breadcrumb","itemListElement":[{"@type":"ListItem","position":1,"name":"Accueil","item":"https:\/\/www.altercampagne.net\/"},{"@type":"ListItem","position":2,"name":"Limogne-en-Quercy. L&rsquo;AlterTour de passage"}]},{"@type":"WebSite","@id":"https:\/\/www.altercampagne.net\/#website","url":"https:\/\/www.altercampagne.net\/","name":"AlterTour","description":"Reliez les Alternatives \u00e0 v\u00e9lo","potentialAction":[{"@type":"SearchAction","target":{"@type":"EntryPoint","urlTemplate":"https:\/\/www.altercampagne.net\/?s={search_term_string}"},"query-input":{"@type":"PropertyValueSpecification","valueRequired":true,"valueName":"search_term_string"}}],"inLanguage":"fr-FR"},{"@type":"Person","@id":"https:\/\/www.altercampagne.net\/#\/schema\/person\/0f261460c09e430caa0f9bcffa319109","name":"Mathieu","image":{"@type":"ImageObject","inLanguage":"fr-FR","@id":"https:\/\/secure.gravatar.com\/avatar\/aa9d3d24c83f2141e5e2709d0f63d09a99f6be6bb7a50abc4915838d9f54501a?s=96&d=mm&r=g","url":"https:\/\/secure.gravatar.com\/avatar\/aa9d3d24c83f2141e5e2709d0f63d09a99f6be6bb7a50abc4915838d9f54501a?s=96&d=mm&r=g","contentUrl":"https:\/\/secure.gravatar.com\/avatar\/aa9d3d24c83f2141e5e2709d0f63d09a99f6be6bb7a50abc4915838d9f54501a?s=96&d=mm&r=g","caption":"Mathieu"},"url":"https:\/\/www.altercampagne.net\/?author=214"}]}},"_links":{"self":[{"href":"https:\/\/www.altercampagne.net\/index.php?rest_route=\/wp\/v2\/posts\/4270","targetHints":{"allow":["GET"]}}],"collection":[{"href":"https:\/\/www.altercampagne.net\/index.php?rest_route=\/wp\/v2\/posts"}],"about":[{"href":"https:\/\/www.altercampagne.net\/index.php?rest_route=\/wp\/v2\/types\/post"}],"author":[{"embeddable":true,"href":"https:\/\/www.altercampagne.net\/index.php?rest_route=\/wp\/v2\/users\/214"}],"replies":[{"embeddable":true,"href":"https:\/\/www.altercampagne.net\/index.php?rest_route=%2Fwp%2Fv2%2Fcomments&post=4270"}],"version-history":[{"count":0,"href":"https:\/\/www.altercampagne.net\/index.php?rest_route=\/wp\/v2\/posts\/4270\/revisions"}],"wp:attachment":[{"href":"https:\/\/www.altercampagne.net\/index.php?rest_route=%2Fwp%2Fv2%2Fmedia&parent=4270"}],"wp:term":[{"taxonomy":"category","embeddable":true,"href":"https:\/\/www.altercampagne.net\/index.php?rest_route=%2Fwp%2Fv2%2Fcategories&post=4270"},{"taxonomy":"post_tag","embeddable":true,"href":"https:\/\/www.altercampagne.net\/index.php?rest_route=%2Fwp%2Fv2%2Ftags&post=4270"}],"curies":[{"name":"wp","href":"https:\/\/api.w.org\/{rel}","templated":true}]}}