{"id":4273,"date":"2012-07-28T12:09:30","date_gmt":"2012-07-28T10:09:30","guid":{"rendered":"http:\/\/www.altercampagne.net\/?p=4273"},"modified":"2024-08-27T17:15:34","modified_gmt":"2024-08-27T15:15:34","slug":"calmont-laltertour-sur-la-commune","status":"publish","type":"post","link":"https:\/\/www.altercampagne.net\/?p=4273","title":{"rendered":"Calmont. L&rsquo;AlterTour sur la commune"},"content":{"rendered":"<p class=\"Style153\"><img loading=\"lazy\" decoding=\"async\" class=\" alignleft\" src=\"http:\/\/static.ladepeche.fr\/content\/photo\/biz\/2012\/07\/28\/201207281269_w350.jpg\" alt=\"\" width=\"350\" height=\"221\" \/>Le 24 juillet, \u00e0 l&rsquo;AMAP de Bel-Rosier, nous avons crois\u00e9 l&rsquo;AlterTour. Mathieu Fromont, coordinateur, explique :<\/p>\n<p class=\"Style153\">\u00abLa 5e \u00e9dition de l&rsquo;Alter Tour se d\u00e9roulera du 11 juillet au 19 ao\u00fbt dans le grand Sud-Ouest sur 2 000 km avec 195 altercyclistes inscrits.<\/p>\n<p class=\"Style153\">Il est parti de Foix et reliera Castres, Rodez, P\u00e9rigueux, Bordeaux, Toulouse, Auch et Pau. L&rsquo;AlterTour est ouvert aux personnes qui aiment le v\u00e9lo, sans exigence de performance.<\/p>\n<p class=\"Style142\" align=\"justify\"><span class=\"Style153\">En relais solidaire, les alter cyclistes voyagent ensemble \u00e0 la rencontre d&rsquo;Alternatives dont celle d&rsquo;aujourd&rsquo;hui, la visite de Beno\u00eet Veyrac, mara\u00eecher bio, lors d&rsquo;une pause rafra\u00eechissement qui nous permettra d&rsquo;\u00e9changer et de comprendre ce qui l&rsquo;a pouss\u00e9 \u00e0 aller vers le bio, comment il en vit (quelques paniers de l\u00e9gumes \u00e0 nouveau disponibles, <a href=\"mailto:amap12.rodezbelrosier@yahoo.fr\">amap12.rodezbelrosier@yahoo.fr<\/a>) tout en pr\u00e9servant la terre qui nous nourrit.<\/span><\/p>\n<p class=\"Style153\" align=\"right\">\n<em>La D\u00e9p\u00eache du Midi<\/em><\/p>\n<p class=\"Style153\" style=\"text-align: left;\" align=\"right\">Source : <a href=\"http:\/\/www.ladepeche.fr\/article\/2012\/07\/28\/1408996-calmont-l-alter-tour-sur-la-commune.html\" target=\"_blank\" rel=\"noopener\">http:\/\/www.ladepeche.fr\/article\/2012\/07\/28\/1408996-calmont-l-alter-tour-sur-la-commune.html<\/a><\/p>\n","protected":false},"excerpt":{"rendered":"<p>Le 24 juillet, \u00e0 l&rsquo;AMAP de Bel-Rosier, nous avons crois\u00e9 l&rsquo;AlterTour. Mathieu Fromont, coordinateur, explique : \u00abLa 5e \u00e9dition de l&rsquo;Alter Tour se d\u00e9roulera du 11 juillet au 19 ao\u00fbt dans le grand Sud-Ouest sur 2 000 km avec 195 altercyclistes inscrits. Il est parti de Foix et reliera Castres, &#8230; <\/p>\n<div><a href=\"https:\/\/www.altercampagne.net\/?p=4273\" class=\"more-link\">Read More<\/a><\/div>\n","protected":false},"author":214,"featured_media":0,"comment_status":"closed","ping_status":"closed","sticky":false,"template":"","format":"standard","meta":{"footnotes":""},"categories":[239],"tags":[85,852,1814,1844,1919,1920,1921],"class_list":["post-4273","post","type-post","status-publish","format-standard","hentry","category-revue-de-presse","tag-haute-garonne","tag-altertour-2012","tag-1814","tag-midi-pyrenees","tag-calmont","tag-amap-de-bel-rosier","tag-benoit-veyrac","no-post-thumbnail"],"yoast_head":"<!-- This site is optimized with the Yoast SEO plugin v27.3 - https:\/\/yoast.com\/product\/yoast-seo-wordpress\/ -->\n<title>Calmont. L&#039;AlterTour sur la commune - AlterTour<\/title>\n<meta name=\"robots\" content=\"index, follow, max-snippet:-1, max-image-preview:large, max-video-preview:-1\" \/>\n<link rel=\"canonical\" href=\"https:\/\/www.altercampagne.net\/?p=4273\" \/>\n<meta property=\"og:locale\" content=\"fr_FR\" \/>\n<meta property=\"og:type\" content=\"article\" \/>\n<meta property=\"og:title\" content=\"Calmont. L&#039;AlterTour sur la commune - AlterTour\" \/>\n<meta property=\"og:description\" content=\"Le 24 juillet, \u00e0 l&rsquo;AMAP de Bel-Rosier, nous avons crois\u00e9 l&rsquo;AlterTour. Mathieu Fromont, coordinateur, explique : \u00abLa 5e \u00e9dition de l&rsquo;Alter Tour se d\u00e9roulera du 11 juillet au 19 ao\u00fbt dans le grand Sud-Ouest sur 2 000 km avec 195 altercyclistes inscrits. Il est parti de Foix et reliera Castres, ... Read More\" \/>\n<meta property=\"og:url\" content=\"https:\/\/www.altercampagne.net\/?p=4273\" \/>\n<meta property=\"og:site_name\" content=\"AlterTour\" \/>\n<meta property=\"article:published_time\" content=\"2012-07-28T10:09:30+00:00\" \/>\n<meta property=\"article:modified_time\" content=\"2024-08-27T15:15:34+00:00\" \/>\n<meta property=\"og:image\" content=\"http:\/\/static.ladepeche.fr\/content\/photo\/biz\/2012\/07\/28\/201207281269_w350.jpg\" \/>\n<meta name=\"author\" content=\"Mathieu\" \/>\n<meta name=\"twitter:card\" content=\"summary_large_image\" \/>\n<meta name=\"twitter:label1\" content=\"\u00c9crit par\" \/>\n\t<meta name=\"twitter:data1\" content=\"Mathieu\" \/>\n\t<meta name=\"twitter:label2\" content=\"Dur\u00e9e de lecture estim\u00e9e\" \/>\n\t<meta name=\"twitter:data2\" content=\"1 minute\" \/>\n<script type=\"application\/ld+json\" class=\"yoast-schema-graph\">{\"@context\":\"https:\\\/\\\/schema.org\",\"@graph\":[{\"@type\":\"Article\",\"@id\":\"https:\\\/\\\/www.altercampagne.net\\\/?p=4273#article\",\"isPartOf\":{\"@id\":\"https:\\\/\\\/www.altercampagne.net\\\/?p=4273\"},\"author\":{\"name\":\"Mathieu\",\"@id\":\"https:\\\/\\\/www.altercampagne.net\\\/#\\\/schema\\\/person\\\/0f261460c09e430caa0f9bcffa319109\"},\"headline\":\"Calmont. L&rsquo;AlterTour sur la commune\",\"datePublished\":\"2012-07-28T10:09:30+00:00\",\"dateModified\":\"2024-08-27T15:15:34+00:00\",\"mainEntityOfPage\":{\"@id\":\"https:\\\/\\\/www.altercampagne.net\\\/?p=4273\"},\"wordCount\":163,\"image\":{\"@id\":\"https:\\\/\\\/www.altercampagne.net\\\/?p=4273#primaryimage\"},\"thumbnailUrl\":\"http:\\\/\\\/static.ladepeche.fr\\\/content\\\/photo\\\/biz\\\/2012\\\/07\\\/28\\\/201207281269_w350.jpg\",\"keywords\":[\"Haute-Garonne\",\"AlterTour 2012\",\"2012\",\"Midi-Pyr\u00e9n\u00e9es\",\"Calmont\",\"AMAP de Bel-Rosier\",\"Beno\u00eet Veyrac\"],\"articleSection\":[\"Revue de presse\"],\"inLanguage\":\"fr-FR\"},{\"@type\":\"WebPage\",\"@id\":\"https:\\\/\\\/www.altercampagne.net\\\/?p=4273\",\"url\":\"https:\\\/\\\/www.altercampagne.net\\\/?p=4273\",\"name\":\"Calmont. L'AlterTour sur la commune - AlterTour\",\"isPartOf\":{\"@id\":\"https:\\\/\\\/www.altercampagne.net\\\/#website\"},\"primaryImageOfPage\":{\"@id\":\"https:\\\/\\\/www.altercampagne.net\\\/?p=4273#primaryimage\"},\"image\":{\"@id\":\"https:\\\/\\\/www.altercampagne.net\\\/?p=4273#primaryimage\"},\"thumbnailUrl\":\"http:\\\/\\\/static.ladepeche.fr\\\/content\\\/photo\\\/biz\\\/2012\\\/07\\\/28\\\/201207281269_w350.jpg\",\"datePublished\":\"2012-07-28T10:09:30+00:00\",\"dateModified\":\"2024-08-27T15:15:34+00:00\",\"author\":{\"@id\":\"https:\\\/\\\/www.altercampagne.net\\\/#\\\/schema\\\/person\\\/0f261460c09e430caa0f9bcffa319109\"},\"breadcrumb\":{\"@id\":\"https:\\\/\\\/www.altercampagne.net\\\/?p=4273#breadcrumb\"},\"inLanguage\":\"fr-FR\",\"potentialAction\":[{\"@type\":\"ReadAction\",\"target\":[\"https:\\\/\\\/www.altercampagne.net\\\/?p=4273\"]}]},{\"@type\":\"ImageObject\",\"inLanguage\":\"fr-FR\",\"@id\":\"https:\\\/\\\/www.altercampagne.net\\\/?p=4273#primaryimage\",\"url\":\"http:\\\/\\\/static.ladepeche.fr\\\/content\\\/photo\\\/biz\\\/2012\\\/07\\\/28\\\/201207281269_w350.jpg\",\"contentUrl\":\"http:\\\/\\\/static.ladepeche.fr\\\/content\\\/photo\\\/biz\\\/2012\\\/07\\\/28\\\/201207281269_w350.jpg\"},{\"@type\":\"BreadcrumbList\",\"@id\":\"https:\\\/\\\/www.altercampagne.net\\\/?p=4273#breadcrumb\",\"itemListElement\":[{\"@type\":\"ListItem\",\"position\":1,\"name\":\"Accueil\",\"item\":\"https:\\\/\\\/www.altercampagne.net\\\/\"},{\"@type\":\"ListItem\",\"position\":2,\"name\":\"Calmont. L&rsquo;AlterTour sur la commune\"}]},{\"@type\":\"WebSite\",\"@id\":\"https:\\\/\\\/www.altercampagne.net\\\/#website\",\"url\":\"https:\\\/\\\/www.altercampagne.net\\\/\",\"name\":\"AlterTour\",\"description\":\"Reliez les Alternatives \u00e0 v\u00e9lo\",\"potentialAction\":[{\"@type\":\"SearchAction\",\"target\":{\"@type\":\"EntryPoint\",\"urlTemplate\":\"https:\\\/\\\/www.altercampagne.net\\\/?s={search_term_string}\"},\"query-input\":{\"@type\":\"PropertyValueSpecification\",\"valueRequired\":true,\"valueName\":\"search_term_string\"}}],\"inLanguage\":\"fr-FR\"},{\"@type\":\"Person\",\"@id\":\"https:\\\/\\\/www.altercampagne.net\\\/#\\\/schema\\\/person\\\/0f261460c09e430caa0f9bcffa319109\",\"name\":\"Mathieu\",\"image\":{\"@type\":\"ImageObject\",\"inLanguage\":\"fr-FR\",\"@id\":\"https:\\\/\\\/secure.gravatar.com\\\/avatar\\\/aa9d3d24c83f2141e5e2709d0f63d09a99f6be6bb7a50abc4915838d9f54501a?s=96&d=mm&r=g\",\"url\":\"https:\\\/\\\/secure.gravatar.com\\\/avatar\\\/aa9d3d24c83f2141e5e2709d0f63d09a99f6be6bb7a50abc4915838d9f54501a?s=96&d=mm&r=g\",\"contentUrl\":\"https:\\\/\\\/secure.gravatar.com\\\/avatar\\\/aa9d3d24c83f2141e5e2709d0f63d09a99f6be6bb7a50abc4915838d9f54501a?s=96&d=mm&r=g\",\"caption\":\"Mathieu\"},\"url\":\"https:\\\/\\\/www.altercampagne.net\\\/?author=214\"}]}<\/script>\n<!-- \/ Yoast SEO plugin. -->","yoast_head_json":{"title":"Calmont. L'AlterTour sur la commune - AlterTour","robots":{"index":"index","follow":"follow","max-snippet":"max-snippet:-1","max-image-preview":"max-image-preview:large","max-video-preview":"max-video-preview:-1"},"canonical":"https:\/\/www.altercampagne.net\/?p=4273","og_locale":"fr_FR","og_type":"article","og_title":"Calmont. L'AlterTour sur la commune - AlterTour","og_description":"Le 24 juillet, \u00e0 l&rsquo;AMAP de Bel-Rosier, nous avons crois\u00e9 l&rsquo;AlterTour. Mathieu Fromont, coordinateur, explique : \u00abLa 5e \u00e9dition de l&rsquo;Alter Tour se d\u00e9roulera du 11 juillet au 19 ao\u00fbt dans le grand Sud-Ouest sur 2 000 km avec 195 altercyclistes inscrits. Il est parti de Foix et reliera Castres, ... Read More","og_url":"https:\/\/www.altercampagne.net\/?p=4273","og_site_name":"AlterTour","article_published_time":"2012-07-28T10:09:30+00:00","article_modified_time":"2024-08-27T15:15:34+00:00","og_image":[{"url":"http:\/\/static.ladepeche.fr\/content\/photo\/biz\/2012\/07\/28\/201207281269_w350.jpg","type":"","width":"","height":""}],"author":"Mathieu","twitter_card":"summary_large_image","twitter_misc":{"\u00c9crit par":"Mathieu","Dur\u00e9e de lecture estim\u00e9e":"1 minute"},"schema":{"@context":"https:\/\/schema.org","@graph":[{"@type":"Article","@id":"https:\/\/www.altercampagne.net\/?p=4273#article","isPartOf":{"@id":"https:\/\/www.altercampagne.net\/?p=4273"},"author":{"name":"Mathieu","@id":"https:\/\/www.altercampagne.net\/#\/schema\/person\/0f261460c09e430caa0f9bcffa319109"},"headline":"Calmont. L&rsquo;AlterTour sur la commune","datePublished":"2012-07-28T10:09:30+00:00","dateModified":"2024-08-27T15:15:34+00:00","mainEntityOfPage":{"@id":"https:\/\/www.altercampagne.net\/?p=4273"},"wordCount":163,"image":{"@id":"https:\/\/www.altercampagne.net\/?p=4273#primaryimage"},"thumbnailUrl":"http:\/\/static.ladepeche.fr\/content\/photo\/biz\/2012\/07\/28\/201207281269_w350.jpg","keywords":["Haute-Garonne","AlterTour 2012","2012","Midi-Pyr\u00e9n\u00e9es","Calmont","AMAP de Bel-Rosier","Beno\u00eet Veyrac"],"articleSection":["Revue de presse"],"inLanguage":"fr-FR"},{"@type":"WebPage","@id":"https:\/\/www.altercampagne.net\/?p=4273","url":"https:\/\/www.altercampagne.net\/?p=4273","name":"Calmont. L'AlterTour sur la commune - AlterTour","isPartOf":{"@id":"https:\/\/www.altercampagne.net\/#website"},"primaryImageOfPage":{"@id":"https:\/\/www.altercampagne.net\/?p=4273#primaryimage"},"image":{"@id":"https:\/\/www.altercampagne.net\/?p=4273#primaryimage"},"thumbnailUrl":"http:\/\/static.ladepeche.fr\/content\/photo\/biz\/2012\/07\/28\/201207281269_w350.jpg","datePublished":"2012-07-28T10:09:30+00:00","dateModified":"2024-08-27T15:15:34+00:00","author":{"@id":"https:\/\/www.altercampagne.net\/#\/schema\/person\/0f261460c09e430caa0f9bcffa319109"},"breadcrumb":{"@id":"https:\/\/www.altercampagne.net\/?p=4273#breadcrumb"},"inLanguage":"fr-FR","potentialAction":[{"@type":"ReadAction","target":["https:\/\/www.altercampagne.net\/?p=4273"]}]},{"@type":"ImageObject","inLanguage":"fr-FR","@id":"https:\/\/www.altercampagne.net\/?p=4273#primaryimage","url":"http:\/\/static.ladepeche.fr\/content\/photo\/biz\/2012\/07\/28\/201207281269_w350.jpg","contentUrl":"http:\/\/static.ladepeche.fr\/content\/photo\/biz\/2012\/07\/28\/201207281269_w350.jpg"},{"@type":"BreadcrumbList","@id":"https:\/\/www.altercampagne.net\/?p=4273#breadcrumb","itemListElement":[{"@type":"ListItem","position":1,"name":"Accueil","item":"https:\/\/www.altercampagne.net\/"},{"@type":"ListItem","position":2,"name":"Calmont. L&rsquo;AlterTour sur la commune"}]},{"@type":"WebSite","@id":"https:\/\/www.altercampagne.net\/#website","url":"https:\/\/www.altercampagne.net\/","name":"AlterTour","description":"Reliez les Alternatives \u00e0 v\u00e9lo","potentialAction":[{"@type":"SearchAction","target":{"@type":"EntryPoint","urlTemplate":"https:\/\/www.altercampagne.net\/?s={search_term_string}"},"query-input":{"@type":"PropertyValueSpecification","valueRequired":true,"valueName":"search_term_string"}}],"inLanguage":"fr-FR"},{"@type":"Person","@id":"https:\/\/www.altercampagne.net\/#\/schema\/person\/0f261460c09e430caa0f9bcffa319109","name":"Mathieu","image":{"@type":"ImageObject","inLanguage":"fr-FR","@id":"https:\/\/secure.gravatar.com\/avatar\/aa9d3d24c83f2141e5e2709d0f63d09a99f6be6bb7a50abc4915838d9f54501a?s=96&d=mm&r=g","url":"https:\/\/secure.gravatar.com\/avatar\/aa9d3d24c83f2141e5e2709d0f63d09a99f6be6bb7a50abc4915838d9f54501a?s=96&d=mm&r=g","contentUrl":"https:\/\/secure.gravatar.com\/avatar\/aa9d3d24c83f2141e5e2709d0f63d09a99f6be6bb7a50abc4915838d9f54501a?s=96&d=mm&r=g","caption":"Mathieu"},"url":"https:\/\/www.altercampagne.net\/?author=214"}]}},"_links":{"self":[{"href":"https:\/\/www.altercampagne.net\/index.php?rest_route=\/wp\/v2\/posts\/4273","targetHints":{"allow":["GET"]}}],"collection":[{"href":"https:\/\/www.altercampagne.net\/index.php?rest_route=\/wp\/v2\/posts"}],"about":[{"href":"https:\/\/www.altercampagne.net\/index.php?rest_route=\/wp\/v2\/types\/post"}],"author":[{"embeddable":true,"href":"https:\/\/www.altercampagne.net\/index.php?rest_route=\/wp\/v2\/users\/214"}],"replies":[{"embeddable":true,"href":"https:\/\/www.altercampagne.net\/index.php?rest_route=%2Fwp%2Fv2%2Fcomments&post=4273"}],"version-history":[{"count":1,"href":"https:\/\/www.altercampagne.net\/index.php?rest_route=\/wp\/v2\/posts\/4273\/revisions"}],"predecessor-version":[{"id":28648,"href":"https:\/\/www.altercampagne.net\/index.php?rest_route=\/wp\/v2\/posts\/4273\/revisions\/28648"}],"wp:attachment":[{"href":"https:\/\/www.altercampagne.net\/index.php?rest_route=%2Fwp%2Fv2%2Fmedia&parent=4273"}],"wp:term":[{"taxonomy":"category","embeddable":true,"href":"https:\/\/www.altercampagne.net\/index.php?rest_route=%2Fwp%2Fv2%2Fcategories&post=4273"},{"taxonomy":"post_tag","embeddable":true,"href":"https:\/\/www.altercampagne.net\/index.php?rest_route=%2Fwp%2Fv2%2Ftags&post=4273"}],"curies":[{"name":"wp","href":"https:\/\/api.w.org\/{rel}","templated":true}]}}