{"id":4275,"date":"2012-07-27T12:13:56","date_gmt":"2012-07-27T10:13:56","guid":{"rendered":"http:\/\/www.altercampagne.net\/?p=4275"},"modified":"2016-04-19T12:16:26","modified_gmt":"2016-04-19T10:16:26","slug":"laltertour-le-tour-de-france-des-ecolos","status":"publish","type":"post","link":"https:\/\/www.altercampagne.net\/?p=4275","title":{"rendered":"L\u2019AlterTour : le Tour de France des \u00e9colos"},"content":{"rendered":"<p>Un Tour de France sans \u00e9chapp\u00e9e, sans maillot \u00e0 pois et surtout sans&#8230; dopage. Anny Poursinoff, ancienne d\u00e9put\u00e9e EELV des Yvelines y participait pour la 5e fois. Elle nous raconte ce dr\u00f4le de p\u00e9riple.<br \/>\nImaginez : un Tour de France sans \u00e9chapp\u00e9e, sans maillot \u00e0 pois et surtout sans&#8230; dopage. Pour assister \u00e0 tel \u00e9v\u00e9nement, il faut se rendre cet \u00e9t\u00e9 dans le Sud-Ouest de la France, plus exactement du c\u00f4t\u00e9 de l\u2019Ari\u00e8ge ou encore du Gers. Les villes de Foix, Limoux et Carcassonne ont eu la surprise de voir passer d\u00e9but juillet un peloton bien particulier, celui de l\u2019Alter Tour ou encore Tour de France alternatif.\u00a0<a href=\"http:\/\/www.annypoursinoff.fr\/\" target=\"_blank\">Anny Poursinoff<\/a>, ancienne d\u00e9put\u00e9e Europe Ecologie Les Verts de la 10e circonscription des Yvelines y participait pour la cinqui\u00e8me fois. Elle nous raconte ce dr\u00f4le de p\u00e9riple de l\u2019int\u00e9rieur.<\/p>\n<p>Kiagi.org : Pr\u00e9sentez-nous l\u2019Alter Tour.<\/p>\n<p>Anny Poursinoff :\u00a0<a href=\"http:\/\/www.altertour.net\/\" target=\"_blank\">L\u2019AlterTour\u00a0<\/a>est un \u00e9v\u00e9nement de cinq semaines, interg\u00e9n\u00e9rationnel et alternatif \u00e9videmment, qui se d\u00e9roule du 11 juillet au 19 ao\u00fbt. Pas de course de v\u00e9lo chez nous, il s\u2019agit avant tout d\u2019une rencontre en deux roues pour d\u00e9noncer la soci\u00e9t\u00e9 du productivisme, de la comp\u00e9titivit\u00e9 et du dopage. Nous relions cette ann\u00e9e la ville de\u00a0<a href=\"http:\/\/fr.wikipedia.org\/wiki\/Foix\" target=\"_blank\">Foix<\/a>\u00a0\u00e0 celle de\u00a0<a href=\"http:\/\/fr.wikipedia.org\/wiki\/Bedous\" target=\"_blank\">Bedous<\/a>, soit pr\u00e8s de 40 \u00e9tapes. Mais \u00e0 notre rythme. Personnellement, j\u2019ai particip\u00e9 \u00e0 la premi\u00e8re semaine d\u2019\u00e9tapes, reliant Foix \u00e0 Carcassonne.<\/p>\n<p>Kiagi.org : Derri\u00e8re le c\u00f4t\u00e9 sympathique de l\u2019\u00e9v\u00e9nement, il y a un vrai message militant.<\/p>\n<p>Anny Poursinoff : A l\u2019origine de l\u2019Alter Tour se trouve l\u2019association\u00a0<a href=\"http:\/\/altercampagne.free.fr\/\" target=\"_blank\">Alter Campagne\u00a0<\/a>qui milite, entre autres, contre les OGM. Donc oui, nous d\u00e9fendons\u00a0<a href=\"http:\/\/cdurable.info\/Vers-la-sobriete-heureuse-Pierre-Rabhi,2478.html\" target=\"_blank\">\u00ab la sobri\u00e9t\u00e9 heureuse \u00bb<\/a>\u00a0face \u00e0 l\u2019esprit de comp\u00e9tition et nous d\u00e9non\u00e7ons le dopage sous toutes ses formes, aussi bien dans l\u2019agriculture que dans l\u2019\u00e9conomie concurrentielle. Pour nous le dopage, cela signifie augmenter artificiellement des performances \u00e0 court terme, ce qui entra\u00eenera in\u00e9vitablement des cons\u00e9quences n\u00e9gatives sur l\u2019environnement, la sant\u00e9 et la soci\u00e9t\u00e9. Chacune des \u00e9ditions de l\u2019Alter Tour a une th\u00e9matique. Cette ann\u00e9e, le titre est \u00ab Une autre FAIM du monde est possible \u00bb. Nous d\u00e9fendons l\u2019id\u00e9e de Gandhi qui dit que nous devons \u00ab vivre simplement pour que d&rsquo;autres puissent simplement vivre \u00bb. Au programme donc : rencontre avec des producteurs bio, focus sur les circuits courts, les monnaies locales&#8230;<\/p>\n<p>Kiagi.org : Comment se d\u00e9roule une journ\u00e9e sur l\u2019Alter Tour ?<\/p>\n<p>Anny Poursinoff : Alors d\u00e9j\u00e0 le lever, apr\u00e8s une nuit sous la tente ou dans une salle communale, est un peu particulier. Chaque soir, deux personnes sont d\u00e9sign\u00e9es pour tenir le r\u00f4le de r\u00e9veil matin et elles doivent innover. Certaines choisissent une chanson, d\u2019autres d\u00e9clament un po\u00e8me&#8230; Petit d\u00e9jeuner collectif et hop d\u00e9part pour la premi\u00e8re partie de la journ\u00e9e. En milieu de matin\u00e9e, une petite pause pour reprendre des forces, puis on red\u00e9marre jusqu\u2019au d\u00e9jeuner. Ensuite on fait parfois la sieste, lors des grosses chaleur avant de reprendre l\u2019apr\u00e8s-midi. Le tout entrecoup\u00e9 de visites et de rencontres avec des porteurs d\u2019alternatives locales. Mais attention, on n\u2019est pas oblig\u00e9 de tout faire. Si l\u2019on est trop fatigu\u00e9, on peut monter dans la voiture-balaie, notre mini-bus qui suit les cyclistes et transporte les toilettes s\u00e8ches. C\u2019est un peu \u00e0 la carte.<\/p>\n<p>Kiagi.org : Point de vue sportif, on est quand m\u00eame loin du Tour de France ?<\/p>\n<p>Anny Poursinoff : Attention, c\u2019est quand m\u00eame physique. Moi qui faisait habituellement une heure de v\u00e9lo par jour dans Paris pour me rendre \u00e0 l\u2019Assembl\u00e9e nationale, j\u2019ai senti passer les d\u00e9nivel\u00e9s. Mais il y a une vraie solidarit\u00e9 entre nous. Les plus sportifs aident ceux qui ont des difficult\u00e9s. Cette ann\u00e9e, nous avions une personne handicap\u00e9e qui avan\u00e7ait uniquement \u00e0 la force des bras. Alors on se relaie pour l\u2019aider dans les mont\u00e9es. Il y a aussi des enfants, mon petit-fils notamment a particip\u00e9 \u00e0 plusieurs \u00e9ditions avec moi. Mais l\u2019essentiel est d\u2019\u00eatre honn\u00eate avec soi-m\u00eame et savoir dire stop quand c\u2019est trop dur par rapport \u00e0 ses capacit\u00e9s physiques. Il n\u2019y a aucune honte \u00e0 poser le pied \u00e0 terre.<\/p>\n<p>Kiagi.org : Des souvenirs marquants de cette \u00e9tape 2012 ?<\/p>\n<p>Anny Poursinoff : Ce qui \u00e9tait assez dr\u00f4le cette ann\u00e9e, c\u2019est que nous nous sommes trouv\u00e9s exactement sur le trajet du Tour de France, par pur hasard. Nous avons quitt\u00e9 la ville de Foix juste avant l\u2019arriv\u00e9e des coureurs. Il a donc fallu expliquer \u00e0 tout le monde que, non nous n\u2019\u00e9tions pas le Tour officiel. On ne se place pas frontalement contre le Tour mais lorsque l\u2019on dit \u00ab nous nous ne sommes pas dop\u00e9s \u00bb, forc\u00e9ment cela suscite la r\u00e9action et nous permet d\u2019engager la discussion. On explique alors nos valeurs, pourquoi il est n\u00e9cessaire d\u2019aller vers une soci\u00e9t\u00e9 plus respectueuse de l\u2019homme et de l\u2019environnement&#8230; J\u2019ai \u00e9galement un tr\u00e8s bon souvenir de notre arriv\u00e9e dans le petit village de\u00a0<a href=\"http:\/\/fr.wikipedia.org\/wiki\/Montagagne\" target=\"_blank\">Montagagne<\/a>\u00a0lors d\u2019une \u00e9tape. Tout le village \u00e9tait mobilis\u00e9 pour nous accueillir, les habitants nous ont accueilli chez eux pour prendre des douches. C\u2019\u00e9tait super.<\/p>\n<p>Kiagi.org : Et l\u2019an prochain, on vous retrouve sur la ligne de d\u00e9part ?<\/p>\n<p>Anny Poursinoff : Bien s\u00fbr. L\u2019Alter Tour c\u2019est ma cure de d\u00e9sintoxication du quotidien, d\u2019autant plus cette ann\u00e9e, apr\u00e8s une longue campagne de l\u00e9gislatives. Pour ceux qui voudraient participer, c\u2019est tr\u00e8s simple. On l\u2019a vu, pas besoin d\u2019\u00eatre un grand sportif mais il faut tout de m\u00eame s\u2019inscrire et pr\u00e9senter un certificat m\u00e9dical. Et il y a des frais \u00e9galement pour la nourriture, les voitures&#8230; Mais c\u2019est d\u00e9gressif en fonction de ses revenus. Les plus fortun\u00e9s payent 32 euros par jour et les moins riches 16 euros. Et n\u2019oubliez pas, \u00e0 l\u2019Alter Tour, ce sont les derniers arriv\u00e9s qui sont le plus applaudis.<\/p>\n<p>Source : <a href=\"http:\/\/www.kiagi.org\/kiagi_le_mag\/fiche\/lalter-tour-le-tour-de-france-des-ecolos\/147\" target=\"_blank\">http:\/\/www.kiagi.org\/kiagi_le_mag\/fiche\/lalter-tour-le-tour-de-france-des-ecolos\/147<\/a><\/p>\n","protected":false},"excerpt":{"rendered":"<p>Un Tour de France sans \u00e9chapp\u00e9e, sans maillot \u00e0 pois et surtout sans&#8230; dopage. Anny Poursinoff, ancienne d\u00e9put\u00e9e EELV des Yvelines y participait pour la 5e fois. Elle nous raconte ce dr\u00f4le de p\u00e9riple. Imaginez : un Tour de France sans \u00e9chapp\u00e9e, sans maillot \u00e0 pois et surtout sans&#8230; dopage. &#8230; <\/p>\n<div><a href=\"https:\/\/www.altercampagne.net\/?p=4275\" class=\"more-link\">Read More<\/a><\/div>\n","protected":false},"author":214,"featured_media":0,"comment_status":"closed","ping_status":"closed","sticky":false,"template":"","format":"standard","meta":{"footnotes":""},"categories":[239],"tags":[852,898,1814],"class_list":["post-4275","post","type-post","status-publish","format-standard","hentry","category-revue-de-presse","tag-altertour-2012","tag-anny-poursinoff","tag-1814","no-post-thumbnail"],"yoast_head":"<!-- This site is optimized with the Yoast SEO plugin v27.3 - https:\/\/yoast.com\/product\/yoast-seo-wordpress\/ -->\n<title>L\u2019AlterTour : le Tour de France des \u00e9colos - AlterTour<\/title>\n<meta name=\"robots\" content=\"index, follow, max-snippet:-1, max-image-preview:large, max-video-preview:-1\" \/>\n<link rel=\"canonical\" href=\"https:\/\/www.altercampagne.net\/?p=4275\" \/>\n<meta property=\"og:locale\" content=\"fr_FR\" \/>\n<meta property=\"og:type\" content=\"article\" \/>\n<meta property=\"og:title\" content=\"L\u2019AlterTour : le Tour de France des \u00e9colos - AlterTour\" \/>\n<meta property=\"og:description\" content=\"Un Tour de France sans \u00e9chapp\u00e9e, sans maillot \u00e0 pois et surtout sans&#8230; dopage. Anny Poursinoff, ancienne d\u00e9put\u00e9e EELV des Yvelines y participait pour la 5e fois. Elle nous raconte ce dr\u00f4le de p\u00e9riple. Imaginez : un Tour de France sans \u00e9chapp\u00e9e, sans maillot \u00e0 pois et surtout sans&#8230; dopage. ... Read More\" \/>\n<meta property=\"og:url\" content=\"https:\/\/www.altercampagne.net\/?p=4275\" \/>\n<meta property=\"og:site_name\" content=\"AlterTour\" \/>\n<meta property=\"article:published_time\" content=\"2012-07-27T10:13:56+00:00\" \/>\n<meta property=\"article:modified_time\" content=\"2016-04-19T10:16:26+00:00\" \/>\n<meta name=\"author\" content=\"Mathieu\" \/>\n<meta name=\"twitter:card\" content=\"summary_large_image\" \/>\n<meta name=\"twitter:label1\" content=\"\u00c9crit par\" \/>\n\t<meta name=\"twitter:data1\" content=\"Mathieu\" \/>\n\t<meta name=\"twitter:label2\" content=\"Dur\u00e9e de lecture estim\u00e9e\" \/>\n\t<meta name=\"twitter:data2\" content=\"5 minutes\" \/>\n<script type=\"application\/ld+json\" class=\"yoast-schema-graph\">{\"@context\":\"https:\\\/\\\/schema.org\",\"@graph\":[{\"@type\":\"Article\",\"@id\":\"https:\\\/\\\/www.altercampagne.net\\\/?p=4275#article\",\"isPartOf\":{\"@id\":\"https:\\\/\\\/www.altercampagne.net\\\/?p=4275\"},\"author\":{\"name\":\"Mathieu\",\"@id\":\"https:\\\/\\\/www.altercampagne.net\\\/#\\\/schema\\\/person\\\/0f261460c09e430caa0f9bcffa319109\"},\"headline\":\"L\u2019AlterTour : le Tour de France des \u00e9colos\",\"datePublished\":\"2012-07-27T10:13:56+00:00\",\"dateModified\":\"2016-04-19T10:16:26+00:00\",\"mainEntityOfPage\":{\"@id\":\"https:\\\/\\\/www.altercampagne.net\\\/?p=4275\"},\"wordCount\":1075,\"keywords\":[\"AlterTour 2012\",\"Anny Poursinoff\",\"2012\"],\"articleSection\":[\"Revue de presse\"],\"inLanguage\":\"fr-FR\"},{\"@type\":\"WebPage\",\"@id\":\"https:\\\/\\\/www.altercampagne.net\\\/?p=4275\",\"url\":\"https:\\\/\\\/www.altercampagne.net\\\/?p=4275\",\"name\":\"L\u2019AlterTour : le Tour de France des \u00e9colos - AlterTour\",\"isPartOf\":{\"@id\":\"https:\\\/\\\/www.altercampagne.net\\\/#website\"},\"datePublished\":\"2012-07-27T10:13:56+00:00\",\"dateModified\":\"2016-04-19T10:16:26+00:00\",\"author\":{\"@id\":\"https:\\\/\\\/www.altercampagne.net\\\/#\\\/schema\\\/person\\\/0f261460c09e430caa0f9bcffa319109\"},\"breadcrumb\":{\"@id\":\"https:\\\/\\\/www.altercampagne.net\\\/?p=4275#breadcrumb\"},\"inLanguage\":\"fr-FR\",\"potentialAction\":[{\"@type\":\"ReadAction\",\"target\":[\"https:\\\/\\\/www.altercampagne.net\\\/?p=4275\"]}]},{\"@type\":\"BreadcrumbList\",\"@id\":\"https:\\\/\\\/www.altercampagne.net\\\/?p=4275#breadcrumb\",\"itemListElement\":[{\"@type\":\"ListItem\",\"position\":1,\"name\":\"Accueil\",\"item\":\"https:\\\/\\\/www.altercampagne.net\\\/\"},{\"@type\":\"ListItem\",\"position\":2,\"name\":\"L\u2019AlterTour : le Tour de France des \u00e9colos\"}]},{\"@type\":\"WebSite\",\"@id\":\"https:\\\/\\\/www.altercampagne.net\\\/#website\",\"url\":\"https:\\\/\\\/www.altercampagne.net\\\/\",\"name\":\"AlterTour\",\"description\":\"Reliez les Alternatives \u00e0 v\u00e9lo\",\"potentialAction\":[{\"@type\":\"SearchAction\",\"target\":{\"@type\":\"EntryPoint\",\"urlTemplate\":\"https:\\\/\\\/www.altercampagne.net\\\/?s={search_term_string}\"},\"query-input\":{\"@type\":\"PropertyValueSpecification\",\"valueRequired\":true,\"valueName\":\"search_term_string\"}}],\"inLanguage\":\"fr-FR\"},{\"@type\":\"Person\",\"@id\":\"https:\\\/\\\/www.altercampagne.net\\\/#\\\/schema\\\/person\\\/0f261460c09e430caa0f9bcffa319109\",\"name\":\"Mathieu\",\"image\":{\"@type\":\"ImageObject\",\"inLanguage\":\"fr-FR\",\"@id\":\"https:\\\/\\\/secure.gravatar.com\\\/avatar\\\/aa9d3d24c83f2141e5e2709d0f63d09a99f6be6bb7a50abc4915838d9f54501a?s=96&d=mm&r=g\",\"url\":\"https:\\\/\\\/secure.gravatar.com\\\/avatar\\\/aa9d3d24c83f2141e5e2709d0f63d09a99f6be6bb7a50abc4915838d9f54501a?s=96&d=mm&r=g\",\"contentUrl\":\"https:\\\/\\\/secure.gravatar.com\\\/avatar\\\/aa9d3d24c83f2141e5e2709d0f63d09a99f6be6bb7a50abc4915838d9f54501a?s=96&d=mm&r=g\",\"caption\":\"Mathieu\"},\"url\":\"https:\\\/\\\/www.altercampagne.net\\\/?author=214\"}]}<\/script>\n<!-- \/ Yoast SEO plugin. -->","yoast_head_json":{"title":"L\u2019AlterTour : le Tour de France des \u00e9colos - AlterTour","robots":{"index":"index","follow":"follow","max-snippet":"max-snippet:-1","max-image-preview":"max-image-preview:large","max-video-preview":"max-video-preview:-1"},"canonical":"https:\/\/www.altercampagne.net\/?p=4275","og_locale":"fr_FR","og_type":"article","og_title":"L\u2019AlterTour : le Tour de France des \u00e9colos - AlterTour","og_description":"Un Tour de France sans \u00e9chapp\u00e9e, sans maillot \u00e0 pois et surtout sans&#8230; dopage. Anny Poursinoff, ancienne d\u00e9put\u00e9e EELV des Yvelines y participait pour la 5e fois. Elle nous raconte ce dr\u00f4le de p\u00e9riple. Imaginez : un Tour de France sans \u00e9chapp\u00e9e, sans maillot \u00e0 pois et surtout sans&#8230; dopage. ... Read More","og_url":"https:\/\/www.altercampagne.net\/?p=4275","og_site_name":"AlterTour","article_published_time":"2012-07-27T10:13:56+00:00","article_modified_time":"2016-04-19T10:16:26+00:00","author":"Mathieu","twitter_card":"summary_large_image","twitter_misc":{"\u00c9crit par":"Mathieu","Dur\u00e9e de lecture estim\u00e9e":"5 minutes"},"schema":{"@context":"https:\/\/schema.org","@graph":[{"@type":"Article","@id":"https:\/\/www.altercampagne.net\/?p=4275#article","isPartOf":{"@id":"https:\/\/www.altercampagne.net\/?p=4275"},"author":{"name":"Mathieu","@id":"https:\/\/www.altercampagne.net\/#\/schema\/person\/0f261460c09e430caa0f9bcffa319109"},"headline":"L\u2019AlterTour : le Tour de France des \u00e9colos","datePublished":"2012-07-27T10:13:56+00:00","dateModified":"2016-04-19T10:16:26+00:00","mainEntityOfPage":{"@id":"https:\/\/www.altercampagne.net\/?p=4275"},"wordCount":1075,"keywords":["AlterTour 2012","Anny Poursinoff","2012"],"articleSection":["Revue de presse"],"inLanguage":"fr-FR"},{"@type":"WebPage","@id":"https:\/\/www.altercampagne.net\/?p=4275","url":"https:\/\/www.altercampagne.net\/?p=4275","name":"L\u2019AlterTour : le Tour de France des \u00e9colos - AlterTour","isPartOf":{"@id":"https:\/\/www.altercampagne.net\/#website"},"datePublished":"2012-07-27T10:13:56+00:00","dateModified":"2016-04-19T10:16:26+00:00","author":{"@id":"https:\/\/www.altercampagne.net\/#\/schema\/person\/0f261460c09e430caa0f9bcffa319109"},"breadcrumb":{"@id":"https:\/\/www.altercampagne.net\/?p=4275#breadcrumb"},"inLanguage":"fr-FR","potentialAction":[{"@type":"ReadAction","target":["https:\/\/www.altercampagne.net\/?p=4275"]}]},{"@type":"BreadcrumbList","@id":"https:\/\/www.altercampagne.net\/?p=4275#breadcrumb","itemListElement":[{"@type":"ListItem","position":1,"name":"Accueil","item":"https:\/\/www.altercampagne.net\/"},{"@type":"ListItem","position":2,"name":"L\u2019AlterTour : le Tour de France des \u00e9colos"}]},{"@type":"WebSite","@id":"https:\/\/www.altercampagne.net\/#website","url":"https:\/\/www.altercampagne.net\/","name":"AlterTour","description":"Reliez les Alternatives \u00e0 v\u00e9lo","potentialAction":[{"@type":"SearchAction","target":{"@type":"EntryPoint","urlTemplate":"https:\/\/www.altercampagne.net\/?s={search_term_string}"},"query-input":{"@type":"PropertyValueSpecification","valueRequired":true,"valueName":"search_term_string"}}],"inLanguage":"fr-FR"},{"@type":"Person","@id":"https:\/\/www.altercampagne.net\/#\/schema\/person\/0f261460c09e430caa0f9bcffa319109","name":"Mathieu","image":{"@type":"ImageObject","inLanguage":"fr-FR","@id":"https:\/\/secure.gravatar.com\/avatar\/aa9d3d24c83f2141e5e2709d0f63d09a99f6be6bb7a50abc4915838d9f54501a?s=96&d=mm&r=g","url":"https:\/\/secure.gravatar.com\/avatar\/aa9d3d24c83f2141e5e2709d0f63d09a99f6be6bb7a50abc4915838d9f54501a?s=96&d=mm&r=g","contentUrl":"https:\/\/secure.gravatar.com\/avatar\/aa9d3d24c83f2141e5e2709d0f63d09a99f6be6bb7a50abc4915838d9f54501a?s=96&d=mm&r=g","caption":"Mathieu"},"url":"https:\/\/www.altercampagne.net\/?author=214"}]}},"_links":{"self":[{"href":"https:\/\/www.altercampagne.net\/index.php?rest_route=\/wp\/v2\/posts\/4275","targetHints":{"allow":["GET"]}}],"collection":[{"href":"https:\/\/www.altercampagne.net\/index.php?rest_route=\/wp\/v2\/posts"}],"about":[{"href":"https:\/\/www.altercampagne.net\/index.php?rest_route=\/wp\/v2\/types\/post"}],"author":[{"embeddable":true,"href":"https:\/\/www.altercampagne.net\/index.php?rest_route=\/wp\/v2\/users\/214"}],"replies":[{"embeddable":true,"href":"https:\/\/www.altercampagne.net\/index.php?rest_route=%2Fwp%2Fv2%2Fcomments&post=4275"}],"version-history":[{"count":0,"href":"https:\/\/www.altercampagne.net\/index.php?rest_route=\/wp\/v2\/posts\/4275\/revisions"}],"wp:attachment":[{"href":"https:\/\/www.altercampagne.net\/index.php?rest_route=%2Fwp%2Fv2%2Fmedia&parent=4275"}],"wp:term":[{"taxonomy":"category","embeddable":true,"href":"https:\/\/www.altercampagne.net\/index.php?rest_route=%2Fwp%2Fv2%2Fcategories&post=4275"},{"taxonomy":"post_tag","embeddable":true,"href":"https:\/\/www.altercampagne.net\/index.php?rest_route=%2Fwp%2Fv2%2Ftags&post=4275"}],"curies":[{"name":"wp","href":"https:\/\/api.w.org\/{rel}","templated":true}]}}