{"id":4279,"date":"2012-07-27T11:20:03","date_gmt":"2012-07-27T09:20:03","guid":{"rendered":"http:\/\/www.altercampagne.net\/?p=4279"},"modified":"2016-04-19T12:23:30","modified_gmt":"2016-04-19T10:23:30","slug":"olemps-lalter-tour-a-fait-etape","status":"publish","type":"post","link":"https:\/\/www.altercampagne.net\/?p=4279","title":{"rendered":"Olemps. L&rsquo;Alter Tour a fait \u00e9tape"},"content":{"rendered":"<p class=\"Style153\" align=\"justify\"><img loading=\"lazy\" decoding=\"async\" class=\" alignleft\" src=\"http:\/\/static.ladepeche.fr\/content\/photo\/biz\/2012\/07\/27\/201207271310_w350.jpg\" alt=\"\" width=\"350\" height=\"219\" \/>La 5e \u00e9dition de l&rsquo;AlterTour cycliste, a fait \u00e9tape mardi soir \u00e0 Olemps. Les cyclos ont pass\u00e9 la nuit dans un campement \u00e9tabli aux abords du stade.<\/p>\n<p class=\"Style153\" align=\"justify\">L&rsquo;AlterTour cycliste se d\u00e9roule chaque ann\u00e9e dans une r\u00e9gion de France ; l&rsquo;an dernier, c&rsquo;\u00e9tait le Sud-Est avec arriv\u00e9e sur le Larzac ; cette ann\u00e9e, c&rsquo;est le Sud-Ouest qui a \u00e9t\u00e9 choisi. Parti de Foix le 11 juillet, il est pass\u00e9 par Minerve et Castres avant de poursuivre sur Rodez, P\u00e9rigueux, Bordeaux, Toulouse, Auch et Pau.<\/p>\n<p class=\"Style153\" align=\"justify\">Il doit prendre fin le 19 ao\u00fbt. Le p\u00e9riple aveyronnais (lire La D\u00e9p\u00eache du jeudi 26 juillet) concernait Sever de Castanet (23 juillet), Olemps, Rodez, Sainte-Radegonde, Calmont, S\u00e9gur et Rignac.<\/p>\n<p class=\"Style153\" align=\"justify\">Le th\u00e8me retenu pour 2012 est \u00abUne Autre Faim du monde est possible\u00bb. Et dans ce cadre, les participants, qui sont libres de la dur\u00e9e de leur participation et de leur rythme, ont \u00e9t\u00e9 re\u00e7us par des associations ou petites entreprises (AMAP, agriculteurs bio) qui, comme eux, recherchent d&rsquo;autres alternatives \u00e0 la soci\u00e9t\u00e9 lib\u00e9rale et \u00e0 ses m\u00e9faits. Tous ont dit appr\u00e9cier l&rsquo;accueil aveyronnais et les magnifiques paysages de notre d\u00e9partement.<\/p>\n<p class=\"Style153\" align=\"right\"><em>La D\u00e9p\u00eache du Midi<\/em><\/p>\n<p class=\"Style153\" style=\"text-align: left;\" align=\"right\">Source : <a href=\"http:\/\/www.ladepeche.fr\/article\/2012\/07\/27\/1408340-olemps-l-alter-tour-a-fait-etape.html\" target=\"_blank\">http:\/\/www.ladepeche.fr\/article\/2012\/07\/27\/1408340-olemps-l-alter-tour-a-fait-etape.html<\/a><\/p>\n","protected":false},"excerpt":{"rendered":"<p>La 5e \u00e9dition de l&rsquo;AlterTour cycliste, a fait \u00e9tape mardi soir \u00e0 Olemps. Les cyclos ont pass\u00e9 la nuit dans un campement \u00e9tabli aux abords du stade. L&rsquo;AlterTour cycliste se d\u00e9roule chaque ann\u00e9e dans une r\u00e9gion de France ; l&rsquo;an dernier, c&rsquo;\u00e9tait le Sud-Est avec arriv\u00e9e sur le Larzac ; &#8230; <\/p>\n<div><a href=\"https:\/\/www.altercampagne.net\/?p=4279\" class=\"more-link\">Read More<\/a><\/div>\n","protected":false},"author":214,"featured_media":0,"comment_status":"closed","ping_status":"closed","sticky":false,"template":"","format":"standard","meta":{"footnotes":""},"categories":[239],"tags":[852,1239,1814,1844,1919,1923,1925,1926,1927,1928,1929,1930],"class_list":["post-4279","post","type-post","status-publish","format-standard","hentry","category-revue-de-presse","tag-altertour-2012","tag-minerve","tag-1814","tag-midi-pyrenees","tag-calmont","tag-aveyron","tag-olemps","tag-castres","tag-rodez","tag-sever-de-castanet","tag-sainte-radegonde","tag-segur","no-post-thumbnail"],"yoast_head":"<!-- This site is optimized with the Yoast SEO plugin v27.3 - https:\/\/yoast.com\/product\/yoast-seo-wordpress\/ -->\n<title>Olemps. L&#039;Alter Tour a fait \u00e9tape - AlterTour<\/title>\n<meta name=\"robots\" content=\"index, follow, max-snippet:-1, max-image-preview:large, max-video-preview:-1\" \/>\n<link rel=\"canonical\" href=\"https:\/\/www.altercampagne.net\/?p=4279\" \/>\n<meta property=\"og:locale\" content=\"fr_FR\" \/>\n<meta property=\"og:type\" content=\"article\" \/>\n<meta property=\"og:title\" content=\"Olemps. L&#039;Alter Tour a fait \u00e9tape - AlterTour\" \/>\n<meta property=\"og:description\" content=\"La 5e \u00e9dition de l&rsquo;AlterTour cycliste, a fait \u00e9tape mardi soir \u00e0 Olemps. Les cyclos ont pass\u00e9 la nuit dans un campement \u00e9tabli aux abords du stade. L&rsquo;AlterTour cycliste se d\u00e9roule chaque ann\u00e9e dans une r\u00e9gion de France ; l&rsquo;an dernier, c&rsquo;\u00e9tait le Sud-Est avec arriv\u00e9e sur le Larzac ; ... Read More\" \/>\n<meta property=\"og:url\" content=\"https:\/\/www.altercampagne.net\/?p=4279\" \/>\n<meta property=\"og:site_name\" content=\"AlterTour\" \/>\n<meta property=\"article:published_time\" content=\"2012-07-27T09:20:03+00:00\" \/>\n<meta property=\"article:modified_time\" content=\"2016-04-19T10:23:30+00:00\" \/>\n<meta property=\"og:image\" content=\"http:\/\/static.ladepeche.fr\/content\/photo\/biz\/2012\/07\/27\/201207271310_w350.jpg\" \/>\n<meta name=\"author\" content=\"Mathieu\" \/>\n<meta name=\"twitter:card\" content=\"summary_large_image\" \/>\n<meta name=\"twitter:label1\" content=\"\u00c9crit par\" \/>\n\t<meta name=\"twitter:data1\" content=\"Mathieu\" \/>\n\t<meta name=\"twitter:label2\" content=\"Dur\u00e9e de lecture estim\u00e9e\" \/>\n\t<meta name=\"twitter:data2\" content=\"1 minute\" \/>\n<script type=\"application\/ld+json\" class=\"yoast-schema-graph\">{\"@context\":\"https:\\\/\\\/schema.org\",\"@graph\":[{\"@type\":\"Article\",\"@id\":\"https:\\\/\\\/www.altercampagne.net\\\/?p=4279#article\",\"isPartOf\":{\"@id\":\"https:\\\/\\\/www.altercampagne.net\\\/?p=4279\"},\"author\":{\"name\":\"Mathieu\",\"@id\":\"https:\\\/\\\/www.altercampagne.net\\\/#\\\/schema\\\/person\\\/0f261460c09e430caa0f9bcffa319109\"},\"headline\":\"Olemps. L&rsquo;Alter Tour a fait \u00e9tape\",\"datePublished\":\"2012-07-27T09:20:03+00:00\",\"dateModified\":\"2016-04-19T10:23:30+00:00\",\"mainEntityOfPage\":{\"@id\":\"https:\\\/\\\/www.altercampagne.net\\\/?p=4279\"},\"wordCount\":221,\"image\":{\"@id\":\"https:\\\/\\\/www.altercampagne.net\\\/?p=4279#primaryimage\"},\"thumbnailUrl\":\"http:\\\/\\\/static.ladepeche.fr\\\/content\\\/photo\\\/biz\\\/2012\\\/07\\\/27\\\/201207271310_w350.jpg\",\"keywords\":[\"AlterTour 2012\",\"Minerve\",\"2012\",\"Midi-Pyr\u00e9n\u00e9es\",\"Calmont\",\"Aveyron\",\"Olemps\",\"Castres\",\"Rodez\",\"Sever de Castanet\",\"Sainte-Radegonde\",\"S\u00e9gur\"],\"articleSection\":[\"Revue de presse\"],\"inLanguage\":\"fr-FR\"},{\"@type\":\"WebPage\",\"@id\":\"https:\\\/\\\/www.altercampagne.net\\\/?p=4279\",\"url\":\"https:\\\/\\\/www.altercampagne.net\\\/?p=4279\",\"name\":\"Olemps. L'Alter Tour a fait \u00e9tape - AlterTour\",\"isPartOf\":{\"@id\":\"https:\\\/\\\/www.altercampagne.net\\\/#website\"},\"primaryImageOfPage\":{\"@id\":\"https:\\\/\\\/www.altercampagne.net\\\/?p=4279#primaryimage\"},\"image\":{\"@id\":\"https:\\\/\\\/www.altercampagne.net\\\/?p=4279#primaryimage\"},\"thumbnailUrl\":\"http:\\\/\\\/static.ladepeche.fr\\\/content\\\/photo\\\/biz\\\/2012\\\/07\\\/27\\\/201207271310_w350.jpg\",\"datePublished\":\"2012-07-27T09:20:03+00:00\",\"dateModified\":\"2016-04-19T10:23:30+00:00\",\"author\":{\"@id\":\"https:\\\/\\\/www.altercampagne.net\\\/#\\\/schema\\\/person\\\/0f261460c09e430caa0f9bcffa319109\"},\"breadcrumb\":{\"@id\":\"https:\\\/\\\/www.altercampagne.net\\\/?p=4279#breadcrumb\"},\"inLanguage\":\"fr-FR\",\"potentialAction\":[{\"@type\":\"ReadAction\",\"target\":[\"https:\\\/\\\/www.altercampagne.net\\\/?p=4279\"]}]},{\"@type\":\"ImageObject\",\"inLanguage\":\"fr-FR\",\"@id\":\"https:\\\/\\\/www.altercampagne.net\\\/?p=4279#primaryimage\",\"url\":\"http:\\\/\\\/static.ladepeche.fr\\\/content\\\/photo\\\/biz\\\/2012\\\/07\\\/27\\\/201207271310_w350.jpg\",\"contentUrl\":\"http:\\\/\\\/static.ladepeche.fr\\\/content\\\/photo\\\/biz\\\/2012\\\/07\\\/27\\\/201207271310_w350.jpg\"},{\"@type\":\"BreadcrumbList\",\"@id\":\"https:\\\/\\\/www.altercampagne.net\\\/?p=4279#breadcrumb\",\"itemListElement\":[{\"@type\":\"ListItem\",\"position\":1,\"name\":\"Accueil\",\"item\":\"https:\\\/\\\/www.altercampagne.net\\\/\"},{\"@type\":\"ListItem\",\"position\":2,\"name\":\"Olemps. L&rsquo;Alter Tour a fait \u00e9tape\"}]},{\"@type\":\"WebSite\",\"@id\":\"https:\\\/\\\/www.altercampagne.net\\\/#website\",\"url\":\"https:\\\/\\\/www.altercampagne.net\\\/\",\"name\":\"AlterTour\",\"description\":\"Reliez les Alternatives \u00e0 v\u00e9lo\",\"potentialAction\":[{\"@type\":\"SearchAction\",\"target\":{\"@type\":\"EntryPoint\",\"urlTemplate\":\"https:\\\/\\\/www.altercampagne.net\\\/?s={search_term_string}\"},\"query-input\":{\"@type\":\"PropertyValueSpecification\",\"valueRequired\":true,\"valueName\":\"search_term_string\"}}],\"inLanguage\":\"fr-FR\"},{\"@type\":\"Person\",\"@id\":\"https:\\\/\\\/www.altercampagne.net\\\/#\\\/schema\\\/person\\\/0f261460c09e430caa0f9bcffa319109\",\"name\":\"Mathieu\",\"image\":{\"@type\":\"ImageObject\",\"inLanguage\":\"fr-FR\",\"@id\":\"https:\\\/\\\/secure.gravatar.com\\\/avatar\\\/aa9d3d24c83f2141e5e2709d0f63d09a99f6be6bb7a50abc4915838d9f54501a?s=96&d=mm&r=g\",\"url\":\"https:\\\/\\\/secure.gravatar.com\\\/avatar\\\/aa9d3d24c83f2141e5e2709d0f63d09a99f6be6bb7a50abc4915838d9f54501a?s=96&d=mm&r=g\",\"contentUrl\":\"https:\\\/\\\/secure.gravatar.com\\\/avatar\\\/aa9d3d24c83f2141e5e2709d0f63d09a99f6be6bb7a50abc4915838d9f54501a?s=96&d=mm&r=g\",\"caption\":\"Mathieu\"},\"url\":\"https:\\\/\\\/www.altercampagne.net\\\/?author=214\"}]}<\/script>\n<!-- \/ Yoast SEO plugin. -->","yoast_head_json":{"title":"Olemps. L'Alter Tour a fait \u00e9tape - AlterTour","robots":{"index":"index","follow":"follow","max-snippet":"max-snippet:-1","max-image-preview":"max-image-preview:large","max-video-preview":"max-video-preview:-1"},"canonical":"https:\/\/www.altercampagne.net\/?p=4279","og_locale":"fr_FR","og_type":"article","og_title":"Olemps. L'Alter Tour a fait \u00e9tape - AlterTour","og_description":"La 5e \u00e9dition de l&rsquo;AlterTour cycliste, a fait \u00e9tape mardi soir \u00e0 Olemps. Les cyclos ont pass\u00e9 la nuit dans un campement \u00e9tabli aux abords du stade. L&rsquo;AlterTour cycliste se d\u00e9roule chaque ann\u00e9e dans une r\u00e9gion de France ; l&rsquo;an dernier, c&rsquo;\u00e9tait le Sud-Est avec arriv\u00e9e sur le Larzac ; ... Read More","og_url":"https:\/\/www.altercampagne.net\/?p=4279","og_site_name":"AlterTour","article_published_time":"2012-07-27T09:20:03+00:00","article_modified_time":"2016-04-19T10:23:30+00:00","og_image":[{"url":"http:\/\/static.ladepeche.fr\/content\/photo\/biz\/2012\/07\/27\/201207271310_w350.jpg","type":"","width":"","height":""}],"author":"Mathieu","twitter_card":"summary_large_image","twitter_misc":{"\u00c9crit par":"Mathieu","Dur\u00e9e de lecture estim\u00e9e":"1 minute"},"schema":{"@context":"https:\/\/schema.org","@graph":[{"@type":"Article","@id":"https:\/\/www.altercampagne.net\/?p=4279#article","isPartOf":{"@id":"https:\/\/www.altercampagne.net\/?p=4279"},"author":{"name":"Mathieu","@id":"https:\/\/www.altercampagne.net\/#\/schema\/person\/0f261460c09e430caa0f9bcffa319109"},"headline":"Olemps. L&rsquo;Alter Tour a fait \u00e9tape","datePublished":"2012-07-27T09:20:03+00:00","dateModified":"2016-04-19T10:23:30+00:00","mainEntityOfPage":{"@id":"https:\/\/www.altercampagne.net\/?p=4279"},"wordCount":221,"image":{"@id":"https:\/\/www.altercampagne.net\/?p=4279#primaryimage"},"thumbnailUrl":"http:\/\/static.ladepeche.fr\/content\/photo\/biz\/2012\/07\/27\/201207271310_w350.jpg","keywords":["AlterTour 2012","Minerve","2012","Midi-Pyr\u00e9n\u00e9es","Calmont","Aveyron","Olemps","Castres","Rodez","Sever de Castanet","Sainte-Radegonde","S\u00e9gur"],"articleSection":["Revue de presse"],"inLanguage":"fr-FR"},{"@type":"WebPage","@id":"https:\/\/www.altercampagne.net\/?p=4279","url":"https:\/\/www.altercampagne.net\/?p=4279","name":"Olemps. L'Alter Tour a fait \u00e9tape - AlterTour","isPartOf":{"@id":"https:\/\/www.altercampagne.net\/#website"},"primaryImageOfPage":{"@id":"https:\/\/www.altercampagne.net\/?p=4279#primaryimage"},"image":{"@id":"https:\/\/www.altercampagne.net\/?p=4279#primaryimage"},"thumbnailUrl":"http:\/\/static.ladepeche.fr\/content\/photo\/biz\/2012\/07\/27\/201207271310_w350.jpg","datePublished":"2012-07-27T09:20:03+00:00","dateModified":"2016-04-19T10:23:30+00:00","author":{"@id":"https:\/\/www.altercampagne.net\/#\/schema\/person\/0f261460c09e430caa0f9bcffa319109"},"breadcrumb":{"@id":"https:\/\/www.altercampagne.net\/?p=4279#breadcrumb"},"inLanguage":"fr-FR","potentialAction":[{"@type":"ReadAction","target":["https:\/\/www.altercampagne.net\/?p=4279"]}]},{"@type":"ImageObject","inLanguage":"fr-FR","@id":"https:\/\/www.altercampagne.net\/?p=4279#primaryimage","url":"http:\/\/static.ladepeche.fr\/content\/photo\/biz\/2012\/07\/27\/201207271310_w350.jpg","contentUrl":"http:\/\/static.ladepeche.fr\/content\/photo\/biz\/2012\/07\/27\/201207271310_w350.jpg"},{"@type":"BreadcrumbList","@id":"https:\/\/www.altercampagne.net\/?p=4279#breadcrumb","itemListElement":[{"@type":"ListItem","position":1,"name":"Accueil","item":"https:\/\/www.altercampagne.net\/"},{"@type":"ListItem","position":2,"name":"Olemps. L&rsquo;Alter Tour a fait \u00e9tape"}]},{"@type":"WebSite","@id":"https:\/\/www.altercampagne.net\/#website","url":"https:\/\/www.altercampagne.net\/","name":"AlterTour","description":"Reliez les Alternatives \u00e0 v\u00e9lo","potentialAction":[{"@type":"SearchAction","target":{"@type":"EntryPoint","urlTemplate":"https:\/\/www.altercampagne.net\/?s={search_term_string}"},"query-input":{"@type":"PropertyValueSpecification","valueRequired":true,"valueName":"search_term_string"}}],"inLanguage":"fr-FR"},{"@type":"Person","@id":"https:\/\/www.altercampagne.net\/#\/schema\/person\/0f261460c09e430caa0f9bcffa319109","name":"Mathieu","image":{"@type":"ImageObject","inLanguage":"fr-FR","@id":"https:\/\/secure.gravatar.com\/avatar\/aa9d3d24c83f2141e5e2709d0f63d09a99f6be6bb7a50abc4915838d9f54501a?s=96&d=mm&r=g","url":"https:\/\/secure.gravatar.com\/avatar\/aa9d3d24c83f2141e5e2709d0f63d09a99f6be6bb7a50abc4915838d9f54501a?s=96&d=mm&r=g","contentUrl":"https:\/\/secure.gravatar.com\/avatar\/aa9d3d24c83f2141e5e2709d0f63d09a99f6be6bb7a50abc4915838d9f54501a?s=96&d=mm&r=g","caption":"Mathieu"},"url":"https:\/\/www.altercampagne.net\/?author=214"}]}},"_links":{"self":[{"href":"https:\/\/www.altercampagne.net\/index.php?rest_route=\/wp\/v2\/posts\/4279","targetHints":{"allow":["GET"]}}],"collection":[{"href":"https:\/\/www.altercampagne.net\/index.php?rest_route=\/wp\/v2\/posts"}],"about":[{"href":"https:\/\/www.altercampagne.net\/index.php?rest_route=\/wp\/v2\/types\/post"}],"author":[{"embeddable":true,"href":"https:\/\/www.altercampagne.net\/index.php?rest_route=\/wp\/v2\/users\/214"}],"replies":[{"embeddable":true,"href":"https:\/\/www.altercampagne.net\/index.php?rest_route=%2Fwp%2Fv2%2Fcomments&post=4279"}],"version-history":[{"count":0,"href":"https:\/\/www.altercampagne.net\/index.php?rest_route=\/wp\/v2\/posts\/4279\/revisions"}],"wp:attachment":[{"href":"https:\/\/www.altercampagne.net\/index.php?rest_route=%2Fwp%2Fv2%2Fmedia&parent=4279"}],"wp:term":[{"taxonomy":"category","embeddable":true,"href":"https:\/\/www.altercampagne.net\/index.php?rest_route=%2Fwp%2Fv2%2Fcategories&post=4279"},{"taxonomy":"post_tag","embeddable":true,"href":"https:\/\/www.altercampagne.net\/index.php?rest_route=%2Fwp%2Fv2%2Ftags&post=4279"}],"curies":[{"name":"wp","href":"https:\/\/api.w.org\/{rel}","templated":true}]}}