{"id":4283,"date":"2012-07-26T12:00:30","date_gmt":"2012-07-26T10:00:30","guid":{"rendered":"http:\/\/www.altercampagne.net\/?p=4283"},"modified":"2016-04-24T21:34:34","modified_gmt":"2016-04-24T19:34:34","slug":"assier-passage-de-laltertour-cycliste","status":"publish","type":"post","link":"https:\/\/www.altercampagne.net\/?p=4283","title":{"rendered":"Assier. Passage de l&rsquo;AlterTour cycliste"},"content":{"rendered":"<p class=\"Style153\" align=\"justify\"><img loading=\"lazy\" decoding=\"async\" class=\" alignleft\" src=\"http:\/\/static.ladepeche.fr\/content\/media\/image\/zoom\/2012\/07\/26\/201207261459.jpg\" alt=\"\" width=\"200\" height=\"265\" \/>Samedi 28 juillet l&rsquo;alterTour fera \u00e9tape sous la halle \u00e0 17 heures.<\/p>\n<p class=\"Style153\" align=\"justify\">\u00c0 cette occasion un go\u00fbter sera servi par le centre social et culturel. Rappelons que ce jour-l\u00e0 l&rsquo;AlterTour cycliste partira de Limogne en Quercy \u00e0 10 heures pour une premi\u00e8re \u00e9tape \u00e0 Marcilhac sur C\u00e9l\u00e9 o\u00f9 un repas sera pris vers 13 heures.<\/p>\n<p class=\"Style153\" align=\"justify\">L&rsquo;\u00e9tape suivante conduira les participants \u00e0 Assier pour une arriv\u00e9e vers 17 heures, puis arriv\u00e9e de la derni\u00e8re \u00e9tape \u00e0 18h30 \u00e0 Th\u00e9minette o\u00f9 aura lieu un repas suivi d&rsquo;une f\u00eate interassociative.<\/p>\n<p class=\"Style153\" align=\"justify\">Le th\u00e8me de cette journ\u00e9e sera la re-dynamisation de la vie sociale en milieu rural ou comment relier les alternatives \u00e0 v\u00e9lo ?<\/p>\n<p class=\"Style153\" align=\"right\"><em>La D\u00e9p\u00eache du Midi<\/em><\/p>\n<p class=\"Style153\" style=\"text-align: left;\" align=\"right\">Source : <a href=\"http:\/\/www.ladepeche.fr\/article\/2012\/07\/26\/1407667-assier-passage-de-l-alter-tour-cycliste.html#xtor=RSS-6\" target=\"_blank\">http:\/\/www.ladepeche.fr\/article\/2012\/07\/26\/1407667-assier-passage-de-l-alter-tour-cycliste.html#xtor=RSS-6<\/a><\/p>\n","protected":false},"excerpt":{"rendered":"<p>Samedi 28 juillet l&rsquo;alterTour fera \u00e9tape sous la halle \u00e0 17 heures. \u00c0 cette occasion un go\u00fbter sera servi par le centre social et culturel. Rappelons que ce jour-l\u00e0 l&rsquo;AlterTour cycliste partira de Limogne en Quercy \u00e0 10 heures pour une premi\u00e8re \u00e9tape \u00e0 Marcilhac sur C\u00e9l\u00e9 o\u00f9 un repas &#8230; <\/p>\n<div><a href=\"https:\/\/www.altercampagne.net\/?p=4283\" class=\"more-link\">Read More<\/a><\/div>\n","protected":false},"author":214,"featured_media":0,"comment_status":"closed","ping_status":"closed","sticky":false,"template":"","format":"standard","meta":{"footnotes":""},"categories":[239],"tags":[852,1814,1844,1914,1915,1935,1936,1937],"class_list":["post-4283","post","type-post","status-publish","format-standard","hentry","category-revue-de-presse","tag-altertour-2012","tag-1814","tag-midi-pyrenees","tag-limogne-en-quercy","tag-lot","tag-assier","tag-marcilhac-sur-cele","tag-theminette","no-post-thumbnail"],"yoast_head":"<!-- This site is optimized with the Yoast SEO plugin v27.3 - https:\/\/yoast.com\/product\/yoast-seo-wordpress\/ -->\n<title>Assier. Passage de l&#039;AlterTour cycliste - AlterTour<\/title>\n<meta name=\"robots\" content=\"index, follow, max-snippet:-1, max-image-preview:large, max-video-preview:-1\" \/>\n<link rel=\"canonical\" href=\"https:\/\/www.altercampagne.net\/?p=4283\" \/>\n<meta property=\"og:locale\" content=\"fr_FR\" \/>\n<meta property=\"og:type\" content=\"article\" \/>\n<meta property=\"og:title\" content=\"Assier. Passage de l&#039;AlterTour cycliste - AlterTour\" \/>\n<meta property=\"og:description\" content=\"Samedi 28 juillet l&rsquo;alterTour fera \u00e9tape sous la halle \u00e0 17 heures. \u00c0 cette occasion un go\u00fbter sera servi par le centre social et culturel. Rappelons que ce jour-l\u00e0 l&rsquo;AlterTour cycliste partira de Limogne en Quercy \u00e0 10 heures pour une premi\u00e8re \u00e9tape \u00e0 Marcilhac sur C\u00e9l\u00e9 o\u00f9 un repas ... Read More\" \/>\n<meta property=\"og:url\" content=\"https:\/\/www.altercampagne.net\/?p=4283\" \/>\n<meta property=\"og:site_name\" content=\"AlterTour\" \/>\n<meta property=\"article:published_time\" content=\"2012-07-26T10:00:30+00:00\" \/>\n<meta property=\"article:modified_time\" content=\"2016-04-24T19:34:34+00:00\" \/>\n<meta property=\"og:image\" content=\"http:\/\/static.ladepeche.fr\/content\/media\/image\/zoom\/2012\/07\/26\/201207261459.jpg\" \/>\n<meta name=\"author\" content=\"Mathieu\" \/>\n<meta name=\"twitter:card\" content=\"summary_large_image\" \/>\n<meta name=\"twitter:label1\" content=\"\u00c9crit par\" \/>\n\t<meta name=\"twitter:data1\" content=\"Mathieu\" \/>\n\t<meta name=\"twitter:label2\" content=\"Dur\u00e9e de lecture estim\u00e9e\" \/>\n\t<meta name=\"twitter:data2\" content=\"1 minute\" \/>\n<script type=\"application\/ld+json\" class=\"yoast-schema-graph\">{\"@context\":\"https:\\\/\\\/schema.org\",\"@graph\":[{\"@type\":\"Article\",\"@id\":\"https:\\\/\\\/www.altercampagne.net\\\/?p=4283#article\",\"isPartOf\":{\"@id\":\"https:\\\/\\\/www.altercampagne.net\\\/?p=4283\"},\"author\":{\"name\":\"Mathieu\",\"@id\":\"https:\\\/\\\/www.altercampagne.net\\\/#\\\/schema\\\/person\\\/0f261460c09e430caa0f9bcffa319109\"},\"headline\":\"Assier. Passage de l&rsquo;AlterTour cycliste\",\"datePublished\":\"2012-07-26T10:00:30+00:00\",\"dateModified\":\"2016-04-24T19:34:34+00:00\",\"mainEntityOfPage\":{\"@id\":\"https:\\\/\\\/www.altercampagne.net\\\/?p=4283\"},\"wordCount\":133,\"image\":{\"@id\":\"https:\\\/\\\/www.altercampagne.net\\\/?p=4283#primaryimage\"},\"thumbnailUrl\":\"http:\\\/\\\/static.ladepeche.fr\\\/content\\\/media\\\/image\\\/zoom\\\/2012\\\/07\\\/26\\\/201207261459.jpg\",\"keywords\":[\"AlterTour 2012\",\"2012\",\"Midi-Pyr\u00e9n\u00e9es\",\"Limogne-en-Quercy\",\"Lot\",\"Assier\",\"Marcilhac-sur-C\u00e9l\u00e9\",\"Th\u00e9minette\"],\"articleSection\":[\"Revue de presse\"],\"inLanguage\":\"fr-FR\"},{\"@type\":\"WebPage\",\"@id\":\"https:\\\/\\\/www.altercampagne.net\\\/?p=4283\",\"url\":\"https:\\\/\\\/www.altercampagne.net\\\/?p=4283\",\"name\":\"Assier. Passage de l'AlterTour cycliste - AlterTour\",\"isPartOf\":{\"@id\":\"https:\\\/\\\/www.altercampagne.net\\\/#website\"},\"primaryImageOfPage\":{\"@id\":\"https:\\\/\\\/www.altercampagne.net\\\/?p=4283#primaryimage\"},\"image\":{\"@id\":\"https:\\\/\\\/www.altercampagne.net\\\/?p=4283#primaryimage\"},\"thumbnailUrl\":\"http:\\\/\\\/static.ladepeche.fr\\\/content\\\/media\\\/image\\\/zoom\\\/2012\\\/07\\\/26\\\/201207261459.jpg\",\"datePublished\":\"2012-07-26T10:00:30+00:00\",\"dateModified\":\"2016-04-24T19:34:34+00:00\",\"author\":{\"@id\":\"https:\\\/\\\/www.altercampagne.net\\\/#\\\/schema\\\/person\\\/0f261460c09e430caa0f9bcffa319109\"},\"breadcrumb\":{\"@id\":\"https:\\\/\\\/www.altercampagne.net\\\/?p=4283#breadcrumb\"},\"inLanguage\":\"fr-FR\",\"potentialAction\":[{\"@type\":\"ReadAction\",\"target\":[\"https:\\\/\\\/www.altercampagne.net\\\/?p=4283\"]}]},{\"@type\":\"ImageObject\",\"inLanguage\":\"fr-FR\",\"@id\":\"https:\\\/\\\/www.altercampagne.net\\\/?p=4283#primaryimage\",\"url\":\"http:\\\/\\\/static.ladepeche.fr\\\/content\\\/media\\\/image\\\/zoom\\\/2012\\\/07\\\/26\\\/201207261459.jpg\",\"contentUrl\":\"http:\\\/\\\/static.ladepeche.fr\\\/content\\\/media\\\/image\\\/zoom\\\/2012\\\/07\\\/26\\\/201207261459.jpg\"},{\"@type\":\"BreadcrumbList\",\"@id\":\"https:\\\/\\\/www.altercampagne.net\\\/?p=4283#breadcrumb\",\"itemListElement\":[{\"@type\":\"ListItem\",\"position\":1,\"name\":\"Accueil\",\"item\":\"https:\\\/\\\/www.altercampagne.net\\\/\"},{\"@type\":\"ListItem\",\"position\":2,\"name\":\"Assier. Passage de l&rsquo;AlterTour cycliste\"}]},{\"@type\":\"WebSite\",\"@id\":\"https:\\\/\\\/www.altercampagne.net\\\/#website\",\"url\":\"https:\\\/\\\/www.altercampagne.net\\\/\",\"name\":\"AlterTour\",\"description\":\"Reliez les Alternatives \u00e0 v\u00e9lo\",\"potentialAction\":[{\"@type\":\"SearchAction\",\"target\":{\"@type\":\"EntryPoint\",\"urlTemplate\":\"https:\\\/\\\/www.altercampagne.net\\\/?s={search_term_string}\"},\"query-input\":{\"@type\":\"PropertyValueSpecification\",\"valueRequired\":true,\"valueName\":\"search_term_string\"}}],\"inLanguage\":\"fr-FR\"},{\"@type\":\"Person\",\"@id\":\"https:\\\/\\\/www.altercampagne.net\\\/#\\\/schema\\\/person\\\/0f261460c09e430caa0f9bcffa319109\",\"name\":\"Mathieu\",\"image\":{\"@type\":\"ImageObject\",\"inLanguage\":\"fr-FR\",\"@id\":\"https:\\\/\\\/secure.gravatar.com\\\/avatar\\\/aa9d3d24c83f2141e5e2709d0f63d09a99f6be6bb7a50abc4915838d9f54501a?s=96&d=mm&r=g\",\"url\":\"https:\\\/\\\/secure.gravatar.com\\\/avatar\\\/aa9d3d24c83f2141e5e2709d0f63d09a99f6be6bb7a50abc4915838d9f54501a?s=96&d=mm&r=g\",\"contentUrl\":\"https:\\\/\\\/secure.gravatar.com\\\/avatar\\\/aa9d3d24c83f2141e5e2709d0f63d09a99f6be6bb7a50abc4915838d9f54501a?s=96&d=mm&r=g\",\"caption\":\"Mathieu\"},\"url\":\"https:\\\/\\\/www.altercampagne.net\\\/?author=214\"}]}<\/script>\n<!-- \/ Yoast SEO plugin. -->","yoast_head_json":{"title":"Assier. Passage de l'AlterTour cycliste - AlterTour","robots":{"index":"index","follow":"follow","max-snippet":"max-snippet:-1","max-image-preview":"max-image-preview:large","max-video-preview":"max-video-preview:-1"},"canonical":"https:\/\/www.altercampagne.net\/?p=4283","og_locale":"fr_FR","og_type":"article","og_title":"Assier. Passage de l'AlterTour cycliste - AlterTour","og_description":"Samedi 28 juillet l&rsquo;alterTour fera \u00e9tape sous la halle \u00e0 17 heures. \u00c0 cette occasion un go\u00fbter sera servi par le centre social et culturel. Rappelons que ce jour-l\u00e0 l&rsquo;AlterTour cycliste partira de Limogne en Quercy \u00e0 10 heures pour une premi\u00e8re \u00e9tape \u00e0 Marcilhac sur C\u00e9l\u00e9 o\u00f9 un repas ... Read More","og_url":"https:\/\/www.altercampagne.net\/?p=4283","og_site_name":"AlterTour","article_published_time":"2012-07-26T10:00:30+00:00","article_modified_time":"2016-04-24T19:34:34+00:00","og_image":[{"url":"http:\/\/static.ladepeche.fr\/content\/media\/image\/zoom\/2012\/07\/26\/201207261459.jpg","type":"","width":"","height":""}],"author":"Mathieu","twitter_card":"summary_large_image","twitter_misc":{"\u00c9crit par":"Mathieu","Dur\u00e9e de lecture estim\u00e9e":"1 minute"},"schema":{"@context":"https:\/\/schema.org","@graph":[{"@type":"Article","@id":"https:\/\/www.altercampagne.net\/?p=4283#article","isPartOf":{"@id":"https:\/\/www.altercampagne.net\/?p=4283"},"author":{"name":"Mathieu","@id":"https:\/\/www.altercampagne.net\/#\/schema\/person\/0f261460c09e430caa0f9bcffa319109"},"headline":"Assier. Passage de l&rsquo;AlterTour cycliste","datePublished":"2012-07-26T10:00:30+00:00","dateModified":"2016-04-24T19:34:34+00:00","mainEntityOfPage":{"@id":"https:\/\/www.altercampagne.net\/?p=4283"},"wordCount":133,"image":{"@id":"https:\/\/www.altercampagne.net\/?p=4283#primaryimage"},"thumbnailUrl":"http:\/\/static.ladepeche.fr\/content\/media\/image\/zoom\/2012\/07\/26\/201207261459.jpg","keywords":["AlterTour 2012","2012","Midi-Pyr\u00e9n\u00e9es","Limogne-en-Quercy","Lot","Assier","Marcilhac-sur-C\u00e9l\u00e9","Th\u00e9minette"],"articleSection":["Revue de presse"],"inLanguage":"fr-FR"},{"@type":"WebPage","@id":"https:\/\/www.altercampagne.net\/?p=4283","url":"https:\/\/www.altercampagne.net\/?p=4283","name":"Assier. Passage de l'AlterTour cycliste - AlterTour","isPartOf":{"@id":"https:\/\/www.altercampagne.net\/#website"},"primaryImageOfPage":{"@id":"https:\/\/www.altercampagne.net\/?p=4283#primaryimage"},"image":{"@id":"https:\/\/www.altercampagne.net\/?p=4283#primaryimage"},"thumbnailUrl":"http:\/\/static.ladepeche.fr\/content\/media\/image\/zoom\/2012\/07\/26\/201207261459.jpg","datePublished":"2012-07-26T10:00:30+00:00","dateModified":"2016-04-24T19:34:34+00:00","author":{"@id":"https:\/\/www.altercampagne.net\/#\/schema\/person\/0f261460c09e430caa0f9bcffa319109"},"breadcrumb":{"@id":"https:\/\/www.altercampagne.net\/?p=4283#breadcrumb"},"inLanguage":"fr-FR","potentialAction":[{"@type":"ReadAction","target":["https:\/\/www.altercampagne.net\/?p=4283"]}]},{"@type":"ImageObject","inLanguage":"fr-FR","@id":"https:\/\/www.altercampagne.net\/?p=4283#primaryimage","url":"http:\/\/static.ladepeche.fr\/content\/media\/image\/zoom\/2012\/07\/26\/201207261459.jpg","contentUrl":"http:\/\/static.ladepeche.fr\/content\/media\/image\/zoom\/2012\/07\/26\/201207261459.jpg"},{"@type":"BreadcrumbList","@id":"https:\/\/www.altercampagne.net\/?p=4283#breadcrumb","itemListElement":[{"@type":"ListItem","position":1,"name":"Accueil","item":"https:\/\/www.altercampagne.net\/"},{"@type":"ListItem","position":2,"name":"Assier. Passage de l&rsquo;AlterTour cycliste"}]},{"@type":"WebSite","@id":"https:\/\/www.altercampagne.net\/#website","url":"https:\/\/www.altercampagne.net\/","name":"AlterTour","description":"Reliez les Alternatives \u00e0 v\u00e9lo","potentialAction":[{"@type":"SearchAction","target":{"@type":"EntryPoint","urlTemplate":"https:\/\/www.altercampagne.net\/?s={search_term_string}"},"query-input":{"@type":"PropertyValueSpecification","valueRequired":true,"valueName":"search_term_string"}}],"inLanguage":"fr-FR"},{"@type":"Person","@id":"https:\/\/www.altercampagne.net\/#\/schema\/person\/0f261460c09e430caa0f9bcffa319109","name":"Mathieu","image":{"@type":"ImageObject","inLanguage":"fr-FR","@id":"https:\/\/secure.gravatar.com\/avatar\/aa9d3d24c83f2141e5e2709d0f63d09a99f6be6bb7a50abc4915838d9f54501a?s=96&d=mm&r=g","url":"https:\/\/secure.gravatar.com\/avatar\/aa9d3d24c83f2141e5e2709d0f63d09a99f6be6bb7a50abc4915838d9f54501a?s=96&d=mm&r=g","contentUrl":"https:\/\/secure.gravatar.com\/avatar\/aa9d3d24c83f2141e5e2709d0f63d09a99f6be6bb7a50abc4915838d9f54501a?s=96&d=mm&r=g","caption":"Mathieu"},"url":"https:\/\/www.altercampagne.net\/?author=214"}]}},"_links":{"self":[{"href":"https:\/\/www.altercampagne.net\/index.php?rest_route=\/wp\/v2\/posts\/4283","targetHints":{"allow":["GET"]}}],"collection":[{"href":"https:\/\/www.altercampagne.net\/index.php?rest_route=\/wp\/v2\/posts"}],"about":[{"href":"https:\/\/www.altercampagne.net\/index.php?rest_route=\/wp\/v2\/types\/post"}],"author":[{"embeddable":true,"href":"https:\/\/www.altercampagne.net\/index.php?rest_route=\/wp\/v2\/users\/214"}],"replies":[{"embeddable":true,"href":"https:\/\/www.altercampagne.net\/index.php?rest_route=%2Fwp%2Fv2%2Fcomments&post=4283"}],"version-history":[{"count":0,"href":"https:\/\/www.altercampagne.net\/index.php?rest_route=\/wp\/v2\/posts\/4283\/revisions"}],"wp:attachment":[{"href":"https:\/\/www.altercampagne.net\/index.php?rest_route=%2Fwp%2Fv2%2Fmedia&parent=4283"}],"wp:term":[{"taxonomy":"category","embeddable":true,"href":"https:\/\/www.altercampagne.net\/index.php?rest_route=%2Fwp%2Fv2%2Fcategories&post=4283"},{"taxonomy":"post_tag","embeddable":true,"href":"https:\/\/www.altercampagne.net\/index.php?rest_route=%2Fwp%2Fv2%2Ftags&post=4283"}],"curies":[{"name":"wp","href":"https:\/\/api.w.org\/{rel}","templated":true}]}}