{"id":4285,"date":"2012-07-26T11:59:46","date_gmt":"2012-07-26T09:59:46","guid":{"rendered":"http:\/\/www.altercampagne.net\/?p=4285"},"modified":"2016-04-19T13:05:27","modified_gmt":"2016-04-19T11:05:27","slug":"rodez-lalter-tour-roule-pour-lecologie","status":"publish","type":"post","link":"https:\/\/www.altercampagne.net\/?p=4285","title":{"rendered":"Rodez. L&rsquo;Alter Tour roule pour l&rsquo;\u00e9cologie"},"content":{"rendered":"<p class=\"Style153\"><img loading=\"lazy\" decoding=\"async\" class=\" alignleft\" src=\"http:\/\/static.ladepeche.fr\/content\/photo\/biz\/2012\/07\/26\/201207261376_w350.jpg\" alt=\"\" width=\"350\" height=\"236\" \/>\u00abVive la v\u00e9lorution\u00bb, \u00abbient\u00f4t plus de p\u00e9trole, pr\u00e9parez vos guiboles\u00bb. Voil\u00e0 ce que scandait, hier matin, dans la bonne humeur la cinquantaine de cyclistes de l&rsquo;Alter tour.<\/p>\n<p class=\"Style153\">V\u00eatus de maillots verts ou rouges, ou plus surprenant, dot\u00e9s de cr\u00eate ou nappe \u00e0 carreaux surplomb\u00e9e d&rsquo;un globe en guise de chapeau, ils ont fait une halte sur la place de la mairie dans le cadre de ce pendant altermondialiste du tour de France.<\/p>\n<p class=\"Style153\">Bien loin de l&rsquo;esprit de comp\u00e9tition de la grande Boucle, le parcours, en autogestion, parti de Foix le 11 juillet, prend encore ses quartiers en Aveyron jusqu&rsquo;\u00e0 vendredi.<\/p>\n<p class=\"Style153\" align=\"justify\">\u00abNous sommes contre le dopage et pr\u00f4nons la solidarit\u00e9 entre coureurs. Notre maillot jaune, par exemple, c&rsquo;est celui qui ferme la course\u00bb, d\u00e9taille Alain Misrahi, impliqu\u00e9 dans l&rsquo;organisation de l&rsquo;AlterTour \u00e0 l&rsquo;\u00e9chelle d\u00e9partementale. Pour cette cinqui\u00e8me \u00e9dition, la th\u00e9matique d\u00e9velopp\u00e9e est \u00abUne autre faim du monde est possible\u00bb.<\/p>\n<p class=\"Style142\"><strong>NOURRIS DE BONNES INTENTIONS<\/strong><\/p>\n<p class=\"Style153\" align=\"justify\">Les cyclistes sont donc partis \u00e0 la rencontre d&rsquo;associations, producteurs ou agriculteurs qui proposent des solutions nourrici\u00e8res alternatives avec peu de moyens comme le Philistin, association solidaire du peuple palestinien \u00e0 Rodez. Ils ont ensuite pris la route de S\u00e9gur hier pour visiter la ferme du Vialaret apr\u00e8s un pique-nique \u00e0 Layoule ainsi que l&rsquo;\u00e9vocation de la probl\u00e9matique du traitement des d\u00e9chets. \u00abJ&rsquo;ai \u00e9t\u00e9 tr\u00e8s vite int\u00e9gr\u00e9e \u00e0 la r\u00e9partition des t\u00e2ches et rencontrer ces personnes qui ne r\u00e9volutionnent pas le monde mais tentent de planter une graine s&rsquo;av\u00e8re tr\u00e8s int\u00e9ressant\u00bb, raconte Fran\u00e7oise, une cycliste initi\u00e9e venue de Lyon mais membre du mouvement pour une alternative non violente. Et l&rsquo;accueil des locaux dans tout \u00e7a ? \u00abCertains nous pr\u00e9parent des petites f\u00eates de village, comme \u00e0 Castanet\u00bb, sourit celui qui a d\u00e9but\u00e9 le circuit \u00e0 Castres.<br \/>\nCar sous forme de relais, le groupe \u00e9volue chaque jour, chacun p\u00e9dale \u00e0 sa vitesse et se trouve libre, de rejoindre ou quitter la course, qui prend fin le 19 ao\u00fbt.<\/p>\n<p class=\"Style153\" align=\"justify\"><strong>SOBRI\u00c9T\u00c9 VOLONTAIRE<\/strong><\/p>\n<p class=\"Style153\" align=\"justify\">Quand ils ne sont pas re\u00e7us par des particuliers ou des collectivit\u00e9s locales, les participants pr\u00e9parent leur campement, concoctent leur nourriture. \u00abNous mangeons et dormons simplement sans d\u00e9pense \u00e9nerg\u00e9tique\u00bb, \u00e9voque Alain Misrahi. D&rsquo;autre part, seul un mini bus, appel\u00e9 \u00abAlter bus\u00bb sert de voiture-balai pour les coureurs en difficult\u00e9.<\/p>\n<p class=\"Style153\" align=\"right\"><em>Carine Caussieu<\/em><\/p>\n<p class=\"Style153\" style=\"text-align: left;\" align=\"right\">Source : <a href=\"http:\/\/www.ladepeche.fr\/article\/2012\/07\/26\/1407720-rodez-l-alter-tour-roule-pour-l-ecologie.html\" target=\"_blank\">http:\/\/www.ladepeche.fr\/article\/2012\/07\/26\/1407720-rodez-l-alter-tour-roule-pour-l-ecologie.html<\/a><\/p>\n","protected":false},"excerpt":{"rendered":"<p>\u00abVive la v\u00e9lorution\u00bb, \u00abbient\u00f4t plus de p\u00e9trole, pr\u00e9parez vos guiboles\u00bb. Voil\u00e0 ce que scandait, hier matin, dans la bonne humeur la cinquantaine de cyclistes de l&rsquo;Alter tour. V\u00eatus de maillots verts ou rouges, ou plus surprenant, dot\u00e9s de cr\u00eate ou nappe \u00e0 carreaux surplomb\u00e9e d&rsquo;un globe en guise de chapeau, &#8230; <\/p>\n<div><a href=\"https:\/\/www.altercampagne.net\/?p=4285\" class=\"more-link\">Read More<\/a><\/div>\n","protected":false},"author":214,"featured_media":0,"comment_status":"closed","ping_status":"closed","sticky":false,"template":"","format":"standard","meta":{"footnotes":""},"categories":[239],"tags":[852,1814,1844,1910,1923,1926,1927,1930,1938,1939,1940],"class_list":["post-4285","post","type-post","status-publish","format-standard","hentry","category-revue-de-presse","tag-altertour-2012","tag-1814","tag-midi-pyrenees","tag-castanet","tag-aveyron","tag-castres","tag-rodez","tag-segur","tag-alain-misrahi","tag-ferme-du-vialaret","tag-layoule","no-post-thumbnail"],"yoast_head":"<!-- This site is optimized with the Yoast SEO plugin v27.3 - https:\/\/yoast.com\/product\/yoast-seo-wordpress\/ -->\n<title>Rodez. L&#039;Alter Tour roule pour l&#039;\u00e9cologie - AlterTour<\/title>\n<meta name=\"robots\" content=\"index, follow, max-snippet:-1, max-image-preview:large, max-video-preview:-1\" \/>\n<link rel=\"canonical\" href=\"https:\/\/www.altercampagne.net\/?p=4285\" \/>\n<meta property=\"og:locale\" content=\"fr_FR\" \/>\n<meta property=\"og:type\" content=\"article\" \/>\n<meta property=\"og:title\" content=\"Rodez. L&#039;Alter Tour roule pour l&#039;\u00e9cologie - AlterTour\" \/>\n<meta property=\"og:description\" content=\"\u00abVive la v\u00e9lorution\u00bb, \u00abbient\u00f4t plus de p\u00e9trole, pr\u00e9parez vos guiboles\u00bb. Voil\u00e0 ce que scandait, hier matin, dans la bonne humeur la cinquantaine de cyclistes de l&rsquo;Alter tour. V\u00eatus de maillots verts ou rouges, ou plus surprenant, dot\u00e9s de cr\u00eate ou nappe \u00e0 carreaux surplomb\u00e9e d&rsquo;un globe en guise de chapeau, ... Read More\" \/>\n<meta property=\"og:url\" content=\"https:\/\/www.altercampagne.net\/?p=4285\" \/>\n<meta property=\"og:site_name\" content=\"AlterTour\" \/>\n<meta property=\"article:published_time\" content=\"2012-07-26T09:59:46+00:00\" \/>\n<meta property=\"article:modified_time\" content=\"2016-04-19T11:05:27+00:00\" \/>\n<meta property=\"og:image\" content=\"http:\/\/static.ladepeche.fr\/content\/photo\/biz\/2012\/07\/26\/201207261376_w350.jpg\" \/>\n<meta name=\"author\" content=\"Mathieu\" \/>\n<meta name=\"twitter:card\" content=\"summary_large_image\" \/>\n<meta name=\"twitter:label1\" content=\"\u00c9crit par\" \/>\n\t<meta name=\"twitter:data1\" content=\"Mathieu\" \/>\n\t<meta name=\"twitter:label2\" content=\"Dur\u00e9e de lecture estim\u00e9e\" \/>\n\t<meta name=\"twitter:data2\" content=\"2 minutes\" \/>\n<script type=\"application\/ld+json\" class=\"yoast-schema-graph\">{\"@context\":\"https:\\\/\\\/schema.org\",\"@graph\":[{\"@type\":\"Article\",\"@id\":\"https:\\\/\\\/www.altercampagne.net\\\/?p=4285#article\",\"isPartOf\":{\"@id\":\"https:\\\/\\\/www.altercampagne.net\\\/?p=4285\"},\"author\":{\"name\":\"Mathieu\",\"@id\":\"https:\\\/\\\/www.altercampagne.net\\\/#\\\/schema\\\/person\\\/0f261460c09e430caa0f9bcffa319109\"},\"headline\":\"Rodez. L&rsquo;Alter Tour roule pour l&rsquo;\u00e9cologie\",\"datePublished\":\"2012-07-26T09:59:46+00:00\",\"dateModified\":\"2016-04-19T11:05:27+00:00\",\"mainEntityOfPage\":{\"@id\":\"https:\\\/\\\/www.altercampagne.net\\\/?p=4285\"},\"wordCount\":432,\"image\":{\"@id\":\"https:\\\/\\\/www.altercampagne.net\\\/?p=4285#primaryimage\"},\"thumbnailUrl\":\"http:\\\/\\\/static.ladepeche.fr\\\/content\\\/photo\\\/biz\\\/2012\\\/07\\\/26\\\/201207261376_w350.jpg\",\"keywords\":[\"AlterTour 2012\",\"2012\",\"Midi-Pyr\u00e9n\u00e9es\",\"Castanet\",\"Aveyron\",\"Castres\",\"Rodez\",\"S\u00e9gur\",\"Alain Misrahi\",\"ferme du Vialaret\",\"Layoule\"],\"articleSection\":[\"Revue de presse\"],\"inLanguage\":\"fr-FR\"},{\"@type\":\"WebPage\",\"@id\":\"https:\\\/\\\/www.altercampagne.net\\\/?p=4285\",\"url\":\"https:\\\/\\\/www.altercampagne.net\\\/?p=4285\",\"name\":\"Rodez. L'Alter Tour roule pour l'\u00e9cologie - AlterTour\",\"isPartOf\":{\"@id\":\"https:\\\/\\\/www.altercampagne.net\\\/#website\"},\"primaryImageOfPage\":{\"@id\":\"https:\\\/\\\/www.altercampagne.net\\\/?p=4285#primaryimage\"},\"image\":{\"@id\":\"https:\\\/\\\/www.altercampagne.net\\\/?p=4285#primaryimage\"},\"thumbnailUrl\":\"http:\\\/\\\/static.ladepeche.fr\\\/content\\\/photo\\\/biz\\\/2012\\\/07\\\/26\\\/201207261376_w350.jpg\",\"datePublished\":\"2012-07-26T09:59:46+00:00\",\"dateModified\":\"2016-04-19T11:05:27+00:00\",\"author\":{\"@id\":\"https:\\\/\\\/www.altercampagne.net\\\/#\\\/schema\\\/person\\\/0f261460c09e430caa0f9bcffa319109\"},\"breadcrumb\":{\"@id\":\"https:\\\/\\\/www.altercampagne.net\\\/?p=4285#breadcrumb\"},\"inLanguage\":\"fr-FR\",\"potentialAction\":[{\"@type\":\"ReadAction\",\"target\":[\"https:\\\/\\\/www.altercampagne.net\\\/?p=4285\"]}]},{\"@type\":\"ImageObject\",\"inLanguage\":\"fr-FR\",\"@id\":\"https:\\\/\\\/www.altercampagne.net\\\/?p=4285#primaryimage\",\"url\":\"http:\\\/\\\/static.ladepeche.fr\\\/content\\\/photo\\\/biz\\\/2012\\\/07\\\/26\\\/201207261376_w350.jpg\",\"contentUrl\":\"http:\\\/\\\/static.ladepeche.fr\\\/content\\\/photo\\\/biz\\\/2012\\\/07\\\/26\\\/201207261376_w350.jpg\"},{\"@type\":\"BreadcrumbList\",\"@id\":\"https:\\\/\\\/www.altercampagne.net\\\/?p=4285#breadcrumb\",\"itemListElement\":[{\"@type\":\"ListItem\",\"position\":1,\"name\":\"Accueil\",\"item\":\"https:\\\/\\\/www.altercampagne.net\\\/\"},{\"@type\":\"ListItem\",\"position\":2,\"name\":\"Rodez. L&rsquo;Alter Tour roule pour l&rsquo;\u00e9cologie\"}]},{\"@type\":\"WebSite\",\"@id\":\"https:\\\/\\\/www.altercampagne.net\\\/#website\",\"url\":\"https:\\\/\\\/www.altercampagne.net\\\/\",\"name\":\"AlterTour\",\"description\":\"Reliez les Alternatives \u00e0 v\u00e9lo\",\"potentialAction\":[{\"@type\":\"SearchAction\",\"target\":{\"@type\":\"EntryPoint\",\"urlTemplate\":\"https:\\\/\\\/www.altercampagne.net\\\/?s={search_term_string}\"},\"query-input\":{\"@type\":\"PropertyValueSpecification\",\"valueRequired\":true,\"valueName\":\"search_term_string\"}}],\"inLanguage\":\"fr-FR\"},{\"@type\":\"Person\",\"@id\":\"https:\\\/\\\/www.altercampagne.net\\\/#\\\/schema\\\/person\\\/0f261460c09e430caa0f9bcffa319109\",\"name\":\"Mathieu\",\"image\":{\"@type\":\"ImageObject\",\"inLanguage\":\"fr-FR\",\"@id\":\"https:\\\/\\\/secure.gravatar.com\\\/avatar\\\/aa9d3d24c83f2141e5e2709d0f63d09a99f6be6bb7a50abc4915838d9f54501a?s=96&d=mm&r=g\",\"url\":\"https:\\\/\\\/secure.gravatar.com\\\/avatar\\\/aa9d3d24c83f2141e5e2709d0f63d09a99f6be6bb7a50abc4915838d9f54501a?s=96&d=mm&r=g\",\"contentUrl\":\"https:\\\/\\\/secure.gravatar.com\\\/avatar\\\/aa9d3d24c83f2141e5e2709d0f63d09a99f6be6bb7a50abc4915838d9f54501a?s=96&d=mm&r=g\",\"caption\":\"Mathieu\"},\"url\":\"https:\\\/\\\/www.altercampagne.net\\\/?author=214\"}]}<\/script>\n<!-- \/ Yoast SEO plugin. -->","yoast_head_json":{"title":"Rodez. L'Alter Tour roule pour l'\u00e9cologie - AlterTour","robots":{"index":"index","follow":"follow","max-snippet":"max-snippet:-1","max-image-preview":"max-image-preview:large","max-video-preview":"max-video-preview:-1"},"canonical":"https:\/\/www.altercampagne.net\/?p=4285","og_locale":"fr_FR","og_type":"article","og_title":"Rodez. L'Alter Tour roule pour l'\u00e9cologie - AlterTour","og_description":"\u00abVive la v\u00e9lorution\u00bb, \u00abbient\u00f4t plus de p\u00e9trole, pr\u00e9parez vos guiboles\u00bb. Voil\u00e0 ce que scandait, hier matin, dans la bonne humeur la cinquantaine de cyclistes de l&rsquo;Alter tour. V\u00eatus de maillots verts ou rouges, ou plus surprenant, dot\u00e9s de cr\u00eate ou nappe \u00e0 carreaux surplomb\u00e9e d&rsquo;un globe en guise de chapeau, ... Read More","og_url":"https:\/\/www.altercampagne.net\/?p=4285","og_site_name":"AlterTour","article_published_time":"2012-07-26T09:59:46+00:00","article_modified_time":"2016-04-19T11:05:27+00:00","og_image":[{"url":"http:\/\/static.ladepeche.fr\/content\/photo\/biz\/2012\/07\/26\/201207261376_w350.jpg","type":"","width":"","height":""}],"author":"Mathieu","twitter_card":"summary_large_image","twitter_misc":{"\u00c9crit par":"Mathieu","Dur\u00e9e de lecture estim\u00e9e":"2 minutes"},"schema":{"@context":"https:\/\/schema.org","@graph":[{"@type":"Article","@id":"https:\/\/www.altercampagne.net\/?p=4285#article","isPartOf":{"@id":"https:\/\/www.altercampagne.net\/?p=4285"},"author":{"name":"Mathieu","@id":"https:\/\/www.altercampagne.net\/#\/schema\/person\/0f261460c09e430caa0f9bcffa319109"},"headline":"Rodez. L&rsquo;Alter Tour roule pour l&rsquo;\u00e9cologie","datePublished":"2012-07-26T09:59:46+00:00","dateModified":"2016-04-19T11:05:27+00:00","mainEntityOfPage":{"@id":"https:\/\/www.altercampagne.net\/?p=4285"},"wordCount":432,"image":{"@id":"https:\/\/www.altercampagne.net\/?p=4285#primaryimage"},"thumbnailUrl":"http:\/\/static.ladepeche.fr\/content\/photo\/biz\/2012\/07\/26\/201207261376_w350.jpg","keywords":["AlterTour 2012","2012","Midi-Pyr\u00e9n\u00e9es","Castanet","Aveyron","Castres","Rodez","S\u00e9gur","Alain Misrahi","ferme du Vialaret","Layoule"],"articleSection":["Revue de presse"],"inLanguage":"fr-FR"},{"@type":"WebPage","@id":"https:\/\/www.altercampagne.net\/?p=4285","url":"https:\/\/www.altercampagne.net\/?p=4285","name":"Rodez. L'Alter Tour roule pour l'\u00e9cologie - AlterTour","isPartOf":{"@id":"https:\/\/www.altercampagne.net\/#website"},"primaryImageOfPage":{"@id":"https:\/\/www.altercampagne.net\/?p=4285#primaryimage"},"image":{"@id":"https:\/\/www.altercampagne.net\/?p=4285#primaryimage"},"thumbnailUrl":"http:\/\/static.ladepeche.fr\/content\/photo\/biz\/2012\/07\/26\/201207261376_w350.jpg","datePublished":"2012-07-26T09:59:46+00:00","dateModified":"2016-04-19T11:05:27+00:00","author":{"@id":"https:\/\/www.altercampagne.net\/#\/schema\/person\/0f261460c09e430caa0f9bcffa319109"},"breadcrumb":{"@id":"https:\/\/www.altercampagne.net\/?p=4285#breadcrumb"},"inLanguage":"fr-FR","potentialAction":[{"@type":"ReadAction","target":["https:\/\/www.altercampagne.net\/?p=4285"]}]},{"@type":"ImageObject","inLanguage":"fr-FR","@id":"https:\/\/www.altercampagne.net\/?p=4285#primaryimage","url":"http:\/\/static.ladepeche.fr\/content\/photo\/biz\/2012\/07\/26\/201207261376_w350.jpg","contentUrl":"http:\/\/static.ladepeche.fr\/content\/photo\/biz\/2012\/07\/26\/201207261376_w350.jpg"},{"@type":"BreadcrumbList","@id":"https:\/\/www.altercampagne.net\/?p=4285#breadcrumb","itemListElement":[{"@type":"ListItem","position":1,"name":"Accueil","item":"https:\/\/www.altercampagne.net\/"},{"@type":"ListItem","position":2,"name":"Rodez. L&rsquo;Alter Tour roule pour l&rsquo;\u00e9cologie"}]},{"@type":"WebSite","@id":"https:\/\/www.altercampagne.net\/#website","url":"https:\/\/www.altercampagne.net\/","name":"AlterTour","description":"Reliez les Alternatives \u00e0 v\u00e9lo","potentialAction":[{"@type":"SearchAction","target":{"@type":"EntryPoint","urlTemplate":"https:\/\/www.altercampagne.net\/?s={search_term_string}"},"query-input":{"@type":"PropertyValueSpecification","valueRequired":true,"valueName":"search_term_string"}}],"inLanguage":"fr-FR"},{"@type":"Person","@id":"https:\/\/www.altercampagne.net\/#\/schema\/person\/0f261460c09e430caa0f9bcffa319109","name":"Mathieu","image":{"@type":"ImageObject","inLanguage":"fr-FR","@id":"https:\/\/secure.gravatar.com\/avatar\/aa9d3d24c83f2141e5e2709d0f63d09a99f6be6bb7a50abc4915838d9f54501a?s=96&d=mm&r=g","url":"https:\/\/secure.gravatar.com\/avatar\/aa9d3d24c83f2141e5e2709d0f63d09a99f6be6bb7a50abc4915838d9f54501a?s=96&d=mm&r=g","contentUrl":"https:\/\/secure.gravatar.com\/avatar\/aa9d3d24c83f2141e5e2709d0f63d09a99f6be6bb7a50abc4915838d9f54501a?s=96&d=mm&r=g","caption":"Mathieu"},"url":"https:\/\/www.altercampagne.net\/?author=214"}]}},"_links":{"self":[{"href":"https:\/\/www.altercampagne.net\/index.php?rest_route=\/wp\/v2\/posts\/4285","targetHints":{"allow":["GET"]}}],"collection":[{"href":"https:\/\/www.altercampagne.net\/index.php?rest_route=\/wp\/v2\/posts"}],"about":[{"href":"https:\/\/www.altercampagne.net\/index.php?rest_route=\/wp\/v2\/types\/post"}],"author":[{"embeddable":true,"href":"https:\/\/www.altercampagne.net\/index.php?rest_route=\/wp\/v2\/users\/214"}],"replies":[{"embeddable":true,"href":"https:\/\/www.altercampagne.net\/index.php?rest_route=%2Fwp%2Fv2%2Fcomments&post=4285"}],"version-history":[{"count":0,"href":"https:\/\/www.altercampagne.net\/index.php?rest_route=\/wp\/v2\/posts\/4285\/revisions"}],"wp:attachment":[{"href":"https:\/\/www.altercampagne.net\/index.php?rest_route=%2Fwp%2Fv2%2Fmedia&parent=4285"}],"wp:term":[{"taxonomy":"category","embeddable":true,"href":"https:\/\/www.altercampagne.net\/index.php?rest_route=%2Fwp%2Fv2%2Fcategories&post=4285"},{"taxonomy":"post_tag","embeddable":true,"href":"https:\/\/www.altercampagne.net\/index.php?rest_route=%2Fwp%2Fv2%2Ftags&post=4285"}],"curies":[{"name":"wp","href":"https:\/\/api.w.org\/{rel}","templated":true}]}}