{"id":4287,"date":"2012-07-25T13:05:46","date_gmt":"2012-07-25T11:05:46","guid":{"rendered":"http:\/\/www.altercampagne.net\/?p=4287"},"modified":"2016-04-19T13:07:57","modified_gmt":"2016-04-19T11:07:57","slug":"rodez-apres-le-tour-voila-laltertour","status":"publish","type":"post","link":"https:\/\/www.altercampagne.net\/?p=4287","title":{"rendered":"Rodez Apr\u00e8s le Tour, voil\u00e0 l\u2019AlterTour"},"content":{"rendered":"<p class=\"Style153\" align=\"justify\">Les cyclistes de l\u2019AlterTour ont d\u00e9boul\u00e9 ce midi dans les rues de Rodez. Trois jours durant, ils vont sillonner le d\u00e9partement&#8230; \u00e0 leur rythme.<\/p>\n<p class=\"Style153\" align=\"justify\">Partis le 11\u00a0juillet de Foix, avec une arriv\u00e9e programm\u00e9e \u00e0 proximit\u00e9 de Pau le 19\u00a0ao\u00fbt, ces \u201caltercyclistes\u201d ont la particularit\u00e9 de prendre leur temps pour aller \u00e0 la rencontre de gens qui affichent une certaine philosophie de vie et de la population afin de la sensibiliser. Ils en sont l\u00e0 \u00e0 leur cinqui\u00e8me \u00e9dition.<\/p>\n<p class=\"Style153\" align=\"justify\">En Aveyron, leur programme est dense avec la rencontre de producteurs bio, de sp\u00e9cialiste de la m\u00e9thanisation, d\u2019exploitant travaillant la terre \u201c\u00e0 l\u2019ancienne\u201d,\u00a0etc. Cette ann\u00e9e, leur AlterTour se d\u00e9roule sous le th\u00e8me suivant : \u201cUne autre faim du monde est possible\u201d.<\/p>\n<p class=\"Style153\" align=\"justify\">Source : <a href=\"http:\/\/www.midilibre.fr\/2012\/07\/25\/dma-apres-le-tour-voila-l-altertour,539214.php\" target=\"_blank\">http:\/\/www.midilibre.fr\/2012\/07\/25\/dma-apres-le-tour-voila-l-altertour,539214.php<\/a><\/p>\n","protected":false},"excerpt":{"rendered":"<p>Les cyclistes de l\u2019AlterTour ont d\u00e9boul\u00e9 ce midi dans les rues de Rodez. Trois jours durant, ils vont sillonner le d\u00e9partement&#8230; \u00e0 leur rythme. Partis le 11\u00a0juillet de Foix, avec une arriv\u00e9e programm\u00e9e \u00e0 proximit\u00e9 de Pau le 19\u00a0ao\u00fbt, ces \u201caltercyclistes\u201d ont la particularit\u00e9 de prendre leur temps pour aller &#8230; <\/p>\n<div><a href=\"https:\/\/www.altercampagne.net\/?p=4287\" class=\"more-link\">Read More<\/a><\/div>\n","protected":false},"author":214,"featured_media":0,"comment_status":"closed","ping_status":"closed","sticky":false,"template":"","format":"standard","meta":{"footnotes":""},"categories":[239],"tags":[852,1814,1844,1923,1927],"class_list":["post-4287","post","type-post","status-publish","format-standard","hentry","category-revue-de-presse","tag-altertour-2012","tag-1814","tag-midi-pyrenees","tag-aveyron","tag-rodez","no-post-thumbnail"],"yoast_head":"<!-- This site is optimized with the Yoast SEO plugin v27.3 - https:\/\/yoast.com\/product\/yoast-seo-wordpress\/ -->\n<title>Rodez Apr\u00e8s le Tour, voil\u00e0 l\u2019AlterTour - AlterTour<\/title>\n<meta name=\"robots\" content=\"index, follow, max-snippet:-1, max-image-preview:large, max-video-preview:-1\" \/>\n<link rel=\"canonical\" href=\"https:\/\/www.altercampagne.net\/?p=4287\" \/>\n<meta property=\"og:locale\" content=\"fr_FR\" \/>\n<meta property=\"og:type\" content=\"article\" \/>\n<meta property=\"og:title\" content=\"Rodez Apr\u00e8s le Tour, voil\u00e0 l\u2019AlterTour - AlterTour\" \/>\n<meta property=\"og:description\" content=\"Les cyclistes de l\u2019AlterTour ont d\u00e9boul\u00e9 ce midi dans les rues de Rodez. Trois jours durant, ils vont sillonner le d\u00e9partement&#8230; \u00e0 leur rythme. Partis le 11\u00a0juillet de Foix, avec une arriv\u00e9e programm\u00e9e \u00e0 proximit\u00e9 de Pau le 19\u00a0ao\u00fbt, ces \u201caltercyclistes\u201d ont la particularit\u00e9 de prendre leur temps pour aller ... Read More\" \/>\n<meta property=\"og:url\" content=\"https:\/\/www.altercampagne.net\/?p=4287\" \/>\n<meta property=\"og:site_name\" content=\"AlterTour\" \/>\n<meta property=\"article:published_time\" content=\"2012-07-25T11:05:46+00:00\" \/>\n<meta property=\"article:modified_time\" content=\"2016-04-19T11:07:57+00:00\" \/>\n<meta name=\"author\" content=\"Mathieu\" \/>\n<meta name=\"twitter:card\" content=\"summary_large_image\" \/>\n<meta name=\"twitter:label1\" content=\"\u00c9crit par\" \/>\n\t<meta name=\"twitter:data1\" content=\"Mathieu\" \/>\n\t<meta name=\"twitter:label2\" content=\"Dur\u00e9e de lecture estim\u00e9e\" \/>\n\t<meta name=\"twitter:data2\" content=\"1 minute\" \/>\n<script type=\"application\/ld+json\" class=\"yoast-schema-graph\">{\"@context\":\"https:\\\/\\\/schema.org\",\"@graph\":[{\"@type\":\"Article\",\"@id\":\"https:\\\/\\\/www.altercampagne.net\\\/?p=4287#article\",\"isPartOf\":{\"@id\":\"https:\\\/\\\/www.altercampagne.net\\\/?p=4287\"},\"author\":{\"name\":\"Mathieu\",\"@id\":\"https:\\\/\\\/www.altercampagne.net\\\/#\\\/schema\\\/person\\\/0f261460c09e430caa0f9bcffa319109\"},\"headline\":\"Rodez Apr\u00e8s le Tour, voil\u00e0 l\u2019AlterTour\",\"datePublished\":\"2012-07-25T11:05:46+00:00\",\"dateModified\":\"2016-04-19T11:07:57+00:00\",\"mainEntityOfPage\":{\"@id\":\"https:\\\/\\\/www.altercampagne.net\\\/?p=4287\"},\"wordCount\":143,\"keywords\":[\"AlterTour 2012\",\"2012\",\"Midi-Pyr\u00e9n\u00e9es\",\"Aveyron\",\"Rodez\"],\"articleSection\":[\"Revue de presse\"],\"inLanguage\":\"fr-FR\"},{\"@type\":\"WebPage\",\"@id\":\"https:\\\/\\\/www.altercampagne.net\\\/?p=4287\",\"url\":\"https:\\\/\\\/www.altercampagne.net\\\/?p=4287\",\"name\":\"Rodez Apr\u00e8s le Tour, voil\u00e0 l\u2019AlterTour - AlterTour\",\"isPartOf\":{\"@id\":\"https:\\\/\\\/www.altercampagne.net\\\/#website\"},\"datePublished\":\"2012-07-25T11:05:46+00:00\",\"dateModified\":\"2016-04-19T11:07:57+00:00\",\"author\":{\"@id\":\"https:\\\/\\\/www.altercampagne.net\\\/#\\\/schema\\\/person\\\/0f261460c09e430caa0f9bcffa319109\"},\"breadcrumb\":{\"@id\":\"https:\\\/\\\/www.altercampagne.net\\\/?p=4287#breadcrumb\"},\"inLanguage\":\"fr-FR\",\"potentialAction\":[{\"@type\":\"ReadAction\",\"target\":[\"https:\\\/\\\/www.altercampagne.net\\\/?p=4287\"]}]},{\"@type\":\"BreadcrumbList\",\"@id\":\"https:\\\/\\\/www.altercampagne.net\\\/?p=4287#breadcrumb\",\"itemListElement\":[{\"@type\":\"ListItem\",\"position\":1,\"name\":\"Accueil\",\"item\":\"https:\\\/\\\/www.altercampagne.net\\\/\"},{\"@type\":\"ListItem\",\"position\":2,\"name\":\"Rodez Apr\u00e8s le Tour, voil\u00e0 l\u2019AlterTour\"}]},{\"@type\":\"WebSite\",\"@id\":\"https:\\\/\\\/www.altercampagne.net\\\/#website\",\"url\":\"https:\\\/\\\/www.altercampagne.net\\\/\",\"name\":\"AlterTour\",\"description\":\"Reliez les Alternatives \u00e0 v\u00e9lo\",\"potentialAction\":[{\"@type\":\"SearchAction\",\"target\":{\"@type\":\"EntryPoint\",\"urlTemplate\":\"https:\\\/\\\/www.altercampagne.net\\\/?s={search_term_string}\"},\"query-input\":{\"@type\":\"PropertyValueSpecification\",\"valueRequired\":true,\"valueName\":\"search_term_string\"}}],\"inLanguage\":\"fr-FR\"},{\"@type\":\"Person\",\"@id\":\"https:\\\/\\\/www.altercampagne.net\\\/#\\\/schema\\\/person\\\/0f261460c09e430caa0f9bcffa319109\",\"name\":\"Mathieu\",\"image\":{\"@type\":\"ImageObject\",\"inLanguage\":\"fr-FR\",\"@id\":\"https:\\\/\\\/secure.gravatar.com\\\/avatar\\\/aa9d3d24c83f2141e5e2709d0f63d09a99f6be6bb7a50abc4915838d9f54501a?s=96&d=mm&r=g\",\"url\":\"https:\\\/\\\/secure.gravatar.com\\\/avatar\\\/aa9d3d24c83f2141e5e2709d0f63d09a99f6be6bb7a50abc4915838d9f54501a?s=96&d=mm&r=g\",\"contentUrl\":\"https:\\\/\\\/secure.gravatar.com\\\/avatar\\\/aa9d3d24c83f2141e5e2709d0f63d09a99f6be6bb7a50abc4915838d9f54501a?s=96&d=mm&r=g\",\"caption\":\"Mathieu\"},\"url\":\"https:\\\/\\\/www.altercampagne.net\\\/?author=214\"}]}<\/script>\n<!-- \/ Yoast SEO plugin. -->","yoast_head_json":{"title":"Rodez Apr\u00e8s le Tour, voil\u00e0 l\u2019AlterTour - AlterTour","robots":{"index":"index","follow":"follow","max-snippet":"max-snippet:-1","max-image-preview":"max-image-preview:large","max-video-preview":"max-video-preview:-1"},"canonical":"https:\/\/www.altercampagne.net\/?p=4287","og_locale":"fr_FR","og_type":"article","og_title":"Rodez Apr\u00e8s le Tour, voil\u00e0 l\u2019AlterTour - AlterTour","og_description":"Les cyclistes de l\u2019AlterTour ont d\u00e9boul\u00e9 ce midi dans les rues de Rodez. Trois jours durant, ils vont sillonner le d\u00e9partement&#8230; \u00e0 leur rythme. Partis le 11\u00a0juillet de Foix, avec une arriv\u00e9e programm\u00e9e \u00e0 proximit\u00e9 de Pau le 19\u00a0ao\u00fbt, ces \u201caltercyclistes\u201d ont la particularit\u00e9 de prendre leur temps pour aller ... Read More","og_url":"https:\/\/www.altercampagne.net\/?p=4287","og_site_name":"AlterTour","article_published_time":"2012-07-25T11:05:46+00:00","article_modified_time":"2016-04-19T11:07:57+00:00","author":"Mathieu","twitter_card":"summary_large_image","twitter_misc":{"\u00c9crit par":"Mathieu","Dur\u00e9e de lecture estim\u00e9e":"1 minute"},"schema":{"@context":"https:\/\/schema.org","@graph":[{"@type":"Article","@id":"https:\/\/www.altercampagne.net\/?p=4287#article","isPartOf":{"@id":"https:\/\/www.altercampagne.net\/?p=4287"},"author":{"name":"Mathieu","@id":"https:\/\/www.altercampagne.net\/#\/schema\/person\/0f261460c09e430caa0f9bcffa319109"},"headline":"Rodez Apr\u00e8s le Tour, voil\u00e0 l\u2019AlterTour","datePublished":"2012-07-25T11:05:46+00:00","dateModified":"2016-04-19T11:07:57+00:00","mainEntityOfPage":{"@id":"https:\/\/www.altercampagne.net\/?p=4287"},"wordCount":143,"keywords":["AlterTour 2012","2012","Midi-Pyr\u00e9n\u00e9es","Aveyron","Rodez"],"articleSection":["Revue de presse"],"inLanguage":"fr-FR"},{"@type":"WebPage","@id":"https:\/\/www.altercampagne.net\/?p=4287","url":"https:\/\/www.altercampagne.net\/?p=4287","name":"Rodez Apr\u00e8s le Tour, voil\u00e0 l\u2019AlterTour - AlterTour","isPartOf":{"@id":"https:\/\/www.altercampagne.net\/#website"},"datePublished":"2012-07-25T11:05:46+00:00","dateModified":"2016-04-19T11:07:57+00:00","author":{"@id":"https:\/\/www.altercampagne.net\/#\/schema\/person\/0f261460c09e430caa0f9bcffa319109"},"breadcrumb":{"@id":"https:\/\/www.altercampagne.net\/?p=4287#breadcrumb"},"inLanguage":"fr-FR","potentialAction":[{"@type":"ReadAction","target":["https:\/\/www.altercampagne.net\/?p=4287"]}]},{"@type":"BreadcrumbList","@id":"https:\/\/www.altercampagne.net\/?p=4287#breadcrumb","itemListElement":[{"@type":"ListItem","position":1,"name":"Accueil","item":"https:\/\/www.altercampagne.net\/"},{"@type":"ListItem","position":2,"name":"Rodez Apr\u00e8s le Tour, voil\u00e0 l\u2019AlterTour"}]},{"@type":"WebSite","@id":"https:\/\/www.altercampagne.net\/#website","url":"https:\/\/www.altercampagne.net\/","name":"AlterTour","description":"Reliez les Alternatives \u00e0 v\u00e9lo","potentialAction":[{"@type":"SearchAction","target":{"@type":"EntryPoint","urlTemplate":"https:\/\/www.altercampagne.net\/?s={search_term_string}"},"query-input":{"@type":"PropertyValueSpecification","valueRequired":true,"valueName":"search_term_string"}}],"inLanguage":"fr-FR"},{"@type":"Person","@id":"https:\/\/www.altercampagne.net\/#\/schema\/person\/0f261460c09e430caa0f9bcffa319109","name":"Mathieu","image":{"@type":"ImageObject","inLanguage":"fr-FR","@id":"https:\/\/secure.gravatar.com\/avatar\/aa9d3d24c83f2141e5e2709d0f63d09a99f6be6bb7a50abc4915838d9f54501a?s=96&d=mm&r=g","url":"https:\/\/secure.gravatar.com\/avatar\/aa9d3d24c83f2141e5e2709d0f63d09a99f6be6bb7a50abc4915838d9f54501a?s=96&d=mm&r=g","contentUrl":"https:\/\/secure.gravatar.com\/avatar\/aa9d3d24c83f2141e5e2709d0f63d09a99f6be6bb7a50abc4915838d9f54501a?s=96&d=mm&r=g","caption":"Mathieu"},"url":"https:\/\/www.altercampagne.net\/?author=214"}]}},"_links":{"self":[{"href":"https:\/\/www.altercampagne.net\/index.php?rest_route=\/wp\/v2\/posts\/4287","targetHints":{"allow":["GET"]}}],"collection":[{"href":"https:\/\/www.altercampagne.net\/index.php?rest_route=\/wp\/v2\/posts"}],"about":[{"href":"https:\/\/www.altercampagne.net\/index.php?rest_route=\/wp\/v2\/types\/post"}],"author":[{"embeddable":true,"href":"https:\/\/www.altercampagne.net\/index.php?rest_route=\/wp\/v2\/users\/214"}],"replies":[{"embeddable":true,"href":"https:\/\/www.altercampagne.net\/index.php?rest_route=%2Fwp%2Fv2%2Fcomments&post=4287"}],"version-history":[{"count":0,"href":"https:\/\/www.altercampagne.net\/index.php?rest_route=\/wp\/v2\/posts\/4287\/revisions"}],"wp:attachment":[{"href":"https:\/\/www.altercampagne.net\/index.php?rest_route=%2Fwp%2Fv2%2Fmedia&parent=4287"}],"wp:term":[{"taxonomy":"category","embeddable":true,"href":"https:\/\/www.altercampagne.net\/index.php?rest_route=%2Fwp%2Fv2%2Fcategories&post=4287"},{"taxonomy":"post_tag","embeddable":true,"href":"https:\/\/www.altercampagne.net\/index.php?rest_route=%2Fwp%2Fv2%2Ftags&post=4287"}],"curies":[{"name":"wp","href":"https:\/\/api.w.org\/{rel}","templated":true}]}}