{"id":4289,"date":"2012-07-21T13:08:19","date_gmt":"2012-07-21T11:08:19","guid":{"rendered":"http:\/\/www.altercampagne.net\/?p=4289"},"modified":"2016-04-19T13:11:57","modified_gmt":"2016-04-19T11:11:57","slug":"milhars-laltertour-au-jardin-des-funambules","status":"publish","type":"post","link":"https:\/\/www.altercampagne.net\/?p=4289","title":{"rendered":"Milhars : L\u2019AlterTour au Jardin des Funambules"},"content":{"rendered":"<p class=\"Style153\" align=\"justify\">L\u2019AlterTour au Jardin des Funambules, du dimanche 22 juillet 2012 au lundi 23 juillet 2012 \u00e0 Milhars<\/p>\n<p class=\"Style153\" align=\"justify\"><strong>L\u2019AlterTour, c\u2019est \u00ab\u00a0l\u2019autre\u00a0\u00bb Tour de France, sans comp\u00e9tition ni dopage.\u00a0<\/strong><\/p>\n<p>Cette ann\u00e9e, l\u2019AlterTour s\u2019arr\u00eate \u00e0 Milhars autour du Jardin des Funambules. L\u2019occasion d\u2019organiser deux jours de r\u00e9flexion festive autour de la permaculture et du mouvement des territoires en transition.<\/p>\n<p><span style=\"text-decoration: underline;\">dimanche 23 juillet<\/span><\/p>\n<ul>\n<li class=\"Style153\">17h : arriv\u00e9 des altercyclistes<\/li>\n<li class=\"Style153\">visite du jardin des funambules<\/li>\n<li class=\"Style153\">ap\u00e9ro-cirque musical<\/li>\n<li class=\"Style153\">21h : soir\u00e9e\u00a0<em>baloche<\/em>\u00a0avec repas compos\u00e9 de produits locaux<\/li>\n<\/ul>\n<p class=\"Style153\" align=\"justify\"><span style=\"text-decoration: underline;\">lundi 23 juillet<\/span><\/p>\n<ul>\n<li class=\"Style153\">10h30 : d\u00e9part des altercyclistes<\/li>\n<li class=\"Style153\">11h : projection du film \u00ab\u00a0en transition 2.0\u2033\u2018, pr\u00e9sentation du mouvement des territoires en transition<\/li>\n<li class=\"Style153\">12h30 : repas \u00e0 partager (chacun am\u00e8ne \u00e0 manger et \u00e0 voire) en musique<\/li>\n<li class=\"Style153\">15h : ateliers sur la transition<\/li>\n<\/ul>\n<p class=\"Style153\" align=\"justify\"><a href=\"http:\/\/www.lesfunambules.fr\/\" target=\"_blank\">&gt; le site des Funambules<\/a><br \/>\n<a href=\"http:\/\/www.altertour.net\/\" target=\"_blank\">&gt; le site de l&rsquo;AlterTour<\/a><br \/>\n<a href=\"http:\/\/www.transitionfrance.fr\/\" target=\"_blank\">&gt; le site de Transition France\u00a0<\/a><\/p>\n<p><em>Organis\u00e9 par l\u2019Association Les Funambules &amp; le groupe Albi en Transition<\/em><\/p>\n<p><strong>Tarif<\/strong>\u00a0: gratuit<\/p>\n<p class=\"Style153\" align=\"justify\">Source : <a href=\"http:\/\/www.danstontarn.fr\/2012\/07\/21\/milhars-lalter-tour-au-jardin-des-funambules\/\" target=\"_blank\">http:\/\/www.danstontarn.fr\/2012\/07\/21\/milhars-lalter-tour-au-jardin-des-funambules\/<\/a><\/p>\n","protected":false},"excerpt":{"rendered":"<p>L\u2019AlterTour au Jardin des Funambules, du dimanche 22 juillet 2012 au lundi 23 juillet 2012 \u00e0 Milhars L\u2019AlterTour, c\u2019est \u00ab\u00a0l\u2019autre\u00a0\u00bb Tour de France, sans comp\u00e9tition ni dopage.\u00a0 Cette ann\u00e9e, l\u2019AlterTour s\u2019arr\u00eate \u00e0 Milhars autour du Jardin des Funambules. L\u2019occasion d\u2019organiser deux jours de r\u00e9flexion festive autour de la permaculture et &#8230; <\/p>\n<div><a href=\"https:\/\/www.altercampagne.net\/?p=4289\" class=\"more-link\">Read More<\/a><\/div>\n","protected":false},"author":214,"featured_media":0,"comment_status":"closed","ping_status":"closed","sticky":false,"template":"","format":"standard","meta":{"footnotes":""},"categories":[239],"tags":[73,852,1215,1257,1814,1844,1941,1942],"class_list":["post-4289","post","type-post","status-publish","format-standard","hentry","category-revue-de-presse","tag-transition","tag-altertour-2012","tag-milhars","tag-jardin-des-funambules","tag-1814","tag-midi-pyrenees","tag-tarn","tag-albi-en-transition","no-post-thumbnail"],"yoast_head":"<!-- This site is optimized with the Yoast SEO plugin v27.3 - https:\/\/yoast.com\/product\/yoast-seo-wordpress\/ -->\n<title>Milhars : L\u2019AlterTour au Jardin des Funambules - AlterTour<\/title>\n<meta name=\"robots\" content=\"index, follow, max-snippet:-1, max-image-preview:large, max-video-preview:-1\" \/>\n<link rel=\"canonical\" href=\"https:\/\/www.altercampagne.net\/?p=4289\" \/>\n<meta property=\"og:locale\" content=\"fr_FR\" \/>\n<meta property=\"og:type\" content=\"article\" \/>\n<meta property=\"og:title\" content=\"Milhars : L\u2019AlterTour au Jardin des Funambules - AlterTour\" \/>\n<meta property=\"og:description\" content=\"L\u2019AlterTour au Jardin des Funambules, du dimanche 22 juillet 2012 au lundi 23 juillet 2012 \u00e0 Milhars L\u2019AlterTour, c\u2019est \u00ab\u00a0l\u2019autre\u00a0\u00bb Tour de France, sans comp\u00e9tition ni dopage.\u00a0 Cette ann\u00e9e, l\u2019AlterTour s\u2019arr\u00eate \u00e0 Milhars autour du Jardin des Funambules. L\u2019occasion d\u2019organiser deux jours de r\u00e9flexion festive autour de la permaculture et ... Read More\" \/>\n<meta property=\"og:url\" content=\"https:\/\/www.altercampagne.net\/?p=4289\" \/>\n<meta property=\"og:site_name\" content=\"AlterTour\" \/>\n<meta property=\"article:published_time\" content=\"2012-07-21T11:08:19+00:00\" \/>\n<meta property=\"article:modified_time\" content=\"2016-04-19T11:11:57+00:00\" \/>\n<meta name=\"author\" content=\"Mathieu\" \/>\n<meta name=\"twitter:card\" content=\"summary_large_image\" \/>\n<meta name=\"twitter:label1\" content=\"\u00c9crit par\" \/>\n\t<meta name=\"twitter:data1\" content=\"Mathieu\" \/>\n\t<meta name=\"twitter:label2\" content=\"Dur\u00e9e de lecture estim\u00e9e\" \/>\n\t<meta name=\"twitter:data2\" content=\"1 minute\" \/>\n<script type=\"application\/ld+json\" class=\"yoast-schema-graph\">{\"@context\":\"https:\\\/\\\/schema.org\",\"@graph\":[{\"@type\":\"Article\",\"@id\":\"https:\\\/\\\/www.altercampagne.net\\\/?p=4289#article\",\"isPartOf\":{\"@id\":\"https:\\\/\\\/www.altercampagne.net\\\/?p=4289\"},\"author\":{\"name\":\"Mathieu\",\"@id\":\"https:\\\/\\\/www.altercampagne.net\\\/#\\\/schema\\\/person\\\/0f261460c09e430caa0f9bcffa319109\"},\"headline\":\"Milhars : L\u2019AlterTour au Jardin des Funambules\",\"datePublished\":\"2012-07-21T11:08:19+00:00\",\"dateModified\":\"2016-04-19T11:11:57+00:00\",\"mainEntityOfPage\":{\"@id\":\"https:\\\/\\\/www.altercampagne.net\\\/?p=4289\"},\"wordCount\":167,\"keywords\":[\"Transition\",\"AlterTour 2012\",\"Milhars\",\"Jardin des Funambules\",\"2012\",\"Midi-Pyr\u00e9n\u00e9es\",\"Tarn\",\"Albi en Transition\"],\"articleSection\":[\"Revue de presse\"],\"inLanguage\":\"fr-FR\"},{\"@type\":\"WebPage\",\"@id\":\"https:\\\/\\\/www.altercampagne.net\\\/?p=4289\",\"url\":\"https:\\\/\\\/www.altercampagne.net\\\/?p=4289\",\"name\":\"Milhars : L\u2019AlterTour au Jardin des Funambules - AlterTour\",\"isPartOf\":{\"@id\":\"https:\\\/\\\/www.altercampagne.net\\\/#website\"},\"datePublished\":\"2012-07-21T11:08:19+00:00\",\"dateModified\":\"2016-04-19T11:11:57+00:00\",\"author\":{\"@id\":\"https:\\\/\\\/www.altercampagne.net\\\/#\\\/schema\\\/person\\\/0f261460c09e430caa0f9bcffa319109\"},\"breadcrumb\":{\"@id\":\"https:\\\/\\\/www.altercampagne.net\\\/?p=4289#breadcrumb\"},\"inLanguage\":\"fr-FR\",\"potentialAction\":[{\"@type\":\"ReadAction\",\"target\":[\"https:\\\/\\\/www.altercampagne.net\\\/?p=4289\"]}]},{\"@type\":\"BreadcrumbList\",\"@id\":\"https:\\\/\\\/www.altercampagne.net\\\/?p=4289#breadcrumb\",\"itemListElement\":[{\"@type\":\"ListItem\",\"position\":1,\"name\":\"Accueil\",\"item\":\"https:\\\/\\\/www.altercampagne.net\\\/\"},{\"@type\":\"ListItem\",\"position\":2,\"name\":\"Milhars : L\u2019AlterTour au Jardin des Funambules\"}]},{\"@type\":\"WebSite\",\"@id\":\"https:\\\/\\\/www.altercampagne.net\\\/#website\",\"url\":\"https:\\\/\\\/www.altercampagne.net\\\/\",\"name\":\"AlterTour\",\"description\":\"Reliez les Alternatives \u00e0 v\u00e9lo\",\"potentialAction\":[{\"@type\":\"SearchAction\",\"target\":{\"@type\":\"EntryPoint\",\"urlTemplate\":\"https:\\\/\\\/www.altercampagne.net\\\/?s={search_term_string}\"},\"query-input\":{\"@type\":\"PropertyValueSpecification\",\"valueRequired\":true,\"valueName\":\"search_term_string\"}}],\"inLanguage\":\"fr-FR\"},{\"@type\":\"Person\",\"@id\":\"https:\\\/\\\/www.altercampagne.net\\\/#\\\/schema\\\/person\\\/0f261460c09e430caa0f9bcffa319109\",\"name\":\"Mathieu\",\"image\":{\"@type\":\"ImageObject\",\"inLanguage\":\"fr-FR\",\"@id\":\"https:\\\/\\\/secure.gravatar.com\\\/avatar\\\/aa9d3d24c83f2141e5e2709d0f63d09a99f6be6bb7a50abc4915838d9f54501a?s=96&d=mm&r=g\",\"url\":\"https:\\\/\\\/secure.gravatar.com\\\/avatar\\\/aa9d3d24c83f2141e5e2709d0f63d09a99f6be6bb7a50abc4915838d9f54501a?s=96&d=mm&r=g\",\"contentUrl\":\"https:\\\/\\\/secure.gravatar.com\\\/avatar\\\/aa9d3d24c83f2141e5e2709d0f63d09a99f6be6bb7a50abc4915838d9f54501a?s=96&d=mm&r=g\",\"caption\":\"Mathieu\"},\"url\":\"https:\\\/\\\/www.altercampagne.net\\\/?author=214\"}]}<\/script>\n<!-- \/ Yoast SEO plugin. -->","yoast_head_json":{"title":"Milhars : L\u2019AlterTour au Jardin des Funambules - AlterTour","robots":{"index":"index","follow":"follow","max-snippet":"max-snippet:-1","max-image-preview":"max-image-preview:large","max-video-preview":"max-video-preview:-1"},"canonical":"https:\/\/www.altercampagne.net\/?p=4289","og_locale":"fr_FR","og_type":"article","og_title":"Milhars : L\u2019AlterTour au Jardin des Funambules - AlterTour","og_description":"L\u2019AlterTour au Jardin des Funambules, du dimanche 22 juillet 2012 au lundi 23 juillet 2012 \u00e0 Milhars L\u2019AlterTour, c\u2019est \u00ab\u00a0l\u2019autre\u00a0\u00bb Tour de France, sans comp\u00e9tition ni dopage.\u00a0 Cette ann\u00e9e, l\u2019AlterTour s\u2019arr\u00eate \u00e0 Milhars autour du Jardin des Funambules. L\u2019occasion d\u2019organiser deux jours de r\u00e9flexion festive autour de la permaculture et ... Read More","og_url":"https:\/\/www.altercampagne.net\/?p=4289","og_site_name":"AlterTour","article_published_time":"2012-07-21T11:08:19+00:00","article_modified_time":"2016-04-19T11:11:57+00:00","author":"Mathieu","twitter_card":"summary_large_image","twitter_misc":{"\u00c9crit par":"Mathieu","Dur\u00e9e de lecture estim\u00e9e":"1 minute"},"schema":{"@context":"https:\/\/schema.org","@graph":[{"@type":"Article","@id":"https:\/\/www.altercampagne.net\/?p=4289#article","isPartOf":{"@id":"https:\/\/www.altercampagne.net\/?p=4289"},"author":{"name":"Mathieu","@id":"https:\/\/www.altercampagne.net\/#\/schema\/person\/0f261460c09e430caa0f9bcffa319109"},"headline":"Milhars : L\u2019AlterTour au Jardin des Funambules","datePublished":"2012-07-21T11:08:19+00:00","dateModified":"2016-04-19T11:11:57+00:00","mainEntityOfPage":{"@id":"https:\/\/www.altercampagne.net\/?p=4289"},"wordCount":167,"keywords":["Transition","AlterTour 2012","Milhars","Jardin des Funambules","2012","Midi-Pyr\u00e9n\u00e9es","Tarn","Albi en Transition"],"articleSection":["Revue de presse"],"inLanguage":"fr-FR"},{"@type":"WebPage","@id":"https:\/\/www.altercampagne.net\/?p=4289","url":"https:\/\/www.altercampagne.net\/?p=4289","name":"Milhars : L\u2019AlterTour au Jardin des Funambules - AlterTour","isPartOf":{"@id":"https:\/\/www.altercampagne.net\/#website"},"datePublished":"2012-07-21T11:08:19+00:00","dateModified":"2016-04-19T11:11:57+00:00","author":{"@id":"https:\/\/www.altercampagne.net\/#\/schema\/person\/0f261460c09e430caa0f9bcffa319109"},"breadcrumb":{"@id":"https:\/\/www.altercampagne.net\/?p=4289#breadcrumb"},"inLanguage":"fr-FR","potentialAction":[{"@type":"ReadAction","target":["https:\/\/www.altercampagne.net\/?p=4289"]}]},{"@type":"BreadcrumbList","@id":"https:\/\/www.altercampagne.net\/?p=4289#breadcrumb","itemListElement":[{"@type":"ListItem","position":1,"name":"Accueil","item":"https:\/\/www.altercampagne.net\/"},{"@type":"ListItem","position":2,"name":"Milhars : L\u2019AlterTour au Jardin des Funambules"}]},{"@type":"WebSite","@id":"https:\/\/www.altercampagne.net\/#website","url":"https:\/\/www.altercampagne.net\/","name":"AlterTour","description":"Reliez les Alternatives \u00e0 v\u00e9lo","potentialAction":[{"@type":"SearchAction","target":{"@type":"EntryPoint","urlTemplate":"https:\/\/www.altercampagne.net\/?s={search_term_string}"},"query-input":{"@type":"PropertyValueSpecification","valueRequired":true,"valueName":"search_term_string"}}],"inLanguage":"fr-FR"},{"@type":"Person","@id":"https:\/\/www.altercampagne.net\/#\/schema\/person\/0f261460c09e430caa0f9bcffa319109","name":"Mathieu","image":{"@type":"ImageObject","inLanguage":"fr-FR","@id":"https:\/\/secure.gravatar.com\/avatar\/aa9d3d24c83f2141e5e2709d0f63d09a99f6be6bb7a50abc4915838d9f54501a?s=96&d=mm&r=g","url":"https:\/\/secure.gravatar.com\/avatar\/aa9d3d24c83f2141e5e2709d0f63d09a99f6be6bb7a50abc4915838d9f54501a?s=96&d=mm&r=g","contentUrl":"https:\/\/secure.gravatar.com\/avatar\/aa9d3d24c83f2141e5e2709d0f63d09a99f6be6bb7a50abc4915838d9f54501a?s=96&d=mm&r=g","caption":"Mathieu"},"url":"https:\/\/www.altercampagne.net\/?author=214"}]}},"_links":{"self":[{"href":"https:\/\/www.altercampagne.net\/index.php?rest_route=\/wp\/v2\/posts\/4289","targetHints":{"allow":["GET"]}}],"collection":[{"href":"https:\/\/www.altercampagne.net\/index.php?rest_route=\/wp\/v2\/posts"}],"about":[{"href":"https:\/\/www.altercampagne.net\/index.php?rest_route=\/wp\/v2\/types\/post"}],"author":[{"embeddable":true,"href":"https:\/\/www.altercampagne.net\/index.php?rest_route=\/wp\/v2\/users\/214"}],"replies":[{"embeddable":true,"href":"https:\/\/www.altercampagne.net\/index.php?rest_route=%2Fwp%2Fv2%2Fcomments&post=4289"}],"version-history":[{"count":0,"href":"https:\/\/www.altercampagne.net\/index.php?rest_route=\/wp\/v2\/posts\/4289\/revisions"}],"wp:attachment":[{"href":"https:\/\/www.altercampagne.net\/index.php?rest_route=%2Fwp%2Fv2%2Fmedia&parent=4289"}],"wp:term":[{"taxonomy":"category","embeddable":true,"href":"https:\/\/www.altercampagne.net\/index.php?rest_route=%2Fwp%2Fv2%2Fcategories&post=4289"},{"taxonomy":"post_tag","embeddable":true,"href":"https:\/\/www.altercampagne.net\/index.php?rest_route=%2Fwp%2Fv2%2Ftags&post=4289"}],"curies":[{"name":"wp","href":"https:\/\/api.w.org\/{rel}","templated":true}]}}